{"id":193562,"date":"2007-09-03T16:27:36","date_gmt":"2007-09-03T08:27:36","guid":{"rendered":"https:\/\/www.um.edu.mo\/%e6%9c%aa%e5%88%86%e9%a1%9e\/2007\/09\/3392-zh_tw\/"},"modified":"2007-09-03T16:27:36","modified_gmt":"2007-09-03T08:27:36","slug":"3392","status":"publish","type":"post","link":"https:\/\/www.um.edu.mo\/zh-hant\/news-and-press-releases\/presss-release\/detail\/3392\/","title":{"rendered":"\u201cC\u00e1tedra Jean Monnet e Confer\u00eancia Uni\u00e3o Europeia \u2013 50 Anos\u201d aprovadas pela Comiss\u00e3o Europeia e atribu\u00eddas \u00e0 UM"},"content":{"rendered":"<p>No \u00e2mbito do programa de Lifelong Learning da Education, Audiovisual &#038; Culture Executive Agency, da Comiss\u00e3o Europeia (EACEA), foi aprovada recentemente por esta Comiss\u00e3o em 8 de Agosto de 2007, ap\u00f3s consulta aos Estados Membros e ao Parlamento Europeu, a lista de projectos seleccionados para financiamento comunit\u00e1rio, no quadro espec\u00edfico do programa Jean Monnet. Este programa tem como objectivos principais das suas diversas ac\u00e7\u00f5es a promo\u00e7\u00e3o da excel\u00eancia, da reflex\u00e3o e do debate no seio de programas de estudos sobre a integra\u00e7\u00e3o europeia oferecidos por institui\u00e7\u00f5es de ensino superior, existentes no espa\u00e7o comunit\u00e1rio ou no seu exterior. Os estudos sobre a integra\u00e7\u00e3o europeia dizem respeito \u00e0s quest\u00f5es relacionadas com a origem e a evolu\u00e7\u00e3o das Comunidades Europeias que deram origem \u00e0 presente Uni\u00e3o Europeia. Estes estudos sobre a integra\u00e7\u00e3o europeia compreendem a an\u00e1lise das dimens\u00f5es externa e interna dessa integra\u00e7\u00e3o, e devem incluir igualmente o papel desenvolvido pela Uni\u00e3o Europeia no di\u00e1logo entre diferentes povos e culturas.<\/p><p>Os tr\u00eas tipos de actividades centrais deste programa s\u00e3o: as C\u00e1tedras Jean Monnet, os Centros de Excel\u00eancia e os M\u00f3dulos de Ensino. Estas ac\u00e7\u00f5es t\u00eam por ambi\u00e7\u00e3o o desenvolvimento de actividades de ensino e de suporte \u00e0 associa\u00e7\u00e3o de professores e investigadores, o estabelecimento de actividades de informa\u00e7\u00e3o e de investiga\u00e7\u00e3o relativas \u00e0 integra\u00e7\u00e3o europeia, e o apoio a grupos multilaterais de investiga\u00e7\u00e3o. As C\u00e1tedras Jean Monnet, em particular, s\u00e3o atribu\u00eddas para o ensino especializado na \u00e1rea de estudos sobre integra\u00e7\u00e3o europeia. Os detentores destas C\u00e1tedras ter\u00e3o que ensinar num m\u00ednimo 120 horas por ano lectivo nesta \u00e1rea e devem possuir a categoria de Professor (Auxiliar, Associado ou Catedr\u00e1tico), n\u00e3o podendo ser professores visitantes das institui\u00e7\u00f5es de ensino superior, pois t\u00eam de residir no local. Para al\u00e9m disto, existem outras actividades no \u00e2mbito do programa que podem ser apoiadas, nomeadamente, ac\u00e7\u00f5es de informa\u00e7\u00e3o e de investiga\u00e7\u00e3o, que t\u00eam por objectivo promover discuss\u00f5es, e espa\u00e7os de reflex\u00e3o, assim como difundir conhecimentos ligados ao processo de integra\u00e7\u00e3o europeu. Normalmente, estas actividades s\u00e3o desenvolvidas em torno da realiza\u00e7\u00e3o de confer\u00eancias internacionais relacionadas com o tema referido.<\/p><p>No in\u00edcio de 2007, importante ano este em que se comemoram as Bodas de Ouro da Uni\u00e3o Europeia (UE), a Universidade de Macau (UM) submeteu duas propostas \u00e0 Comiss\u00e3o Europeia para a candidatura a uma C\u00e1tedra Jean Monnet e igualmente para a organiza\u00e7\u00e3o de uma confer\u00eancia relacionada com o 50\u00ba Anivers\u00e1rio da Uni\u00e3o. Na semana passada a referida Comiss\u00e3o comunicou oficialmente \u00e0 UM que tinham sido aprovadas ambas as propostas com classifica\u00e7\u00e3o elevada, indo a mesmas ser co-financiadas pela UE. A C\u00e1tedra Jean Monnet atribu\u00edda \u00e0 UM ir\u00e1 subordinar-se ao t\u00edtulo European Union Law &#8211; Facing the Constitutional and Governance Challenges in the Era of Globalization, e ser\u00e1 oferecida pelo Prof. Paulo Canelas de Castro, no \u00e2mbito do Mestrado em Direito Europeu, Internacional e Comparado, da Faculdade de Direito. Em informa\u00e7\u00e3o dispon\u00edvel no s\u00edtio da internet da EACEA (http:\/\/eacea.ec.europa.eu) pode constatar-se que entre as 37 C\u00e1tedras aprovadas, apenas 4 foram atribu\u00eddas a institui\u00e7\u00f5es de ensino superior fora da Europa, nomeadamente, na Coreia-do-Sul ( Seoul National University ), M\u00e9xico ( Center for Research and Teaching in Economics ), Brasil ( UNIVALI ) e China (UM). Por outro lado, a confer\u00eancia internacional proposta pela UM e sujeita ao tema The European Union at 50 : Assessing the Past, Looking Ahead, foi aprovada entre 37 propostas, das quais apenas 2 s\u00e3o de fora da Europa, uma do Canad\u00e1 ( University of Victoria ) e outra da China (UM) \u2013 Universidade de Macau, 3 de Setembro de 2007.<\/p>","protected":false},"excerpt":{"rendered":"<p>No \u00e2mbito do programa de Lifelong Learning da Educ&#8230;<\/p>\n","protected":false},"author":1,"featured_media":0,"comment_status":"open","ping_status":"open","sticky":false,"template":"","format":"standard","meta":{"_acf_changed":false,"footnotes":""},"categories":[126],"tags":[],"class_list":["post-193562","post","type-post","status-publish","format-standard","hentry","category-presss-release"],"acf":[],"yoast_head":"<!-- This site is optimized with the Yoast SEO plugin v24.5 - https:\/\/yoast.com\/wordpress\/plugins\/seo\/ -->\n<title>\u201cC\u00e1tedra Jean Monnet e Confer\u00eancia Uni\u00e3o Europeia \u2013 50 Anos\u201d aprovadas pela Comiss\u00e3o Europeia e atribu\u00eddas \u00e0 UM | \u6fb3\u9580\u5927\u5b78<\/title>\n<meta name=\"description\" content=\"\u6fb3\u9580\u5927\u5b78\u5275\u7acb\u65bc1981\u5e74\uff0c\u662f\u4e00\u6240\u570b\u969b\u5316\u7d9c\u5408\u6027\u516c\u7acb\u5927\u5b78\" \/>\n<meta name=\"robots\" content=\"index, follow, max-snippet:-1, max-image-preview:large, max-video-preview:-1\" \/>\n<link rel=\"canonical\" href=\"https:\/\/www.um.edu.mo\/zh-hant\/news-and-press-releases\/presss-release\/detail\/3392\/\" \/>\n<meta property=\"og:locale\" content=\"zh_TW\" \/>\n<meta property=\"og:type\" content=\"article\" \/>\n<meta property=\"og:title\" content=\"\u201cC\u00e1tedra Jean Monnet e Confer\u00eancia Uni\u00e3o Europeia \u2013 50 Anos\u201d aprovadas pela Comiss\u00e3o Europeia e atribu\u00eddas \u00e0 UM | \u6fb3\u9580\u5927\u5b78\" \/>\n<meta property=\"og:description\" content=\"\u6fb3\u9580\u5927\u5b78\u5275\u7acb\u65bc1981\u5e74\uff0c\u662f\u4e00\u6240\u570b\u969b\u5316\u7d9c\u5408\u6027\u516c\u7acb\u5927\u5b78\" \/>\n<meta property=\"og:url\" content=\"https:\/\/www.um.edu.mo\/zh-hant\/news-and-press-releases\/presss-release\/detail\/3392\/\" \/>\n<meta property=\"og:site_name\" content=\"\u6fb3\u9580\u5927\u5b78\" \/>\n<meta property=\"article:publisher\" content=\"https:\/\/www.facebook.com\/universityofmacau\" \/>\n<meta property=\"article:published_time\" content=\"2007-09-03T08:27:36+00:00\" \/>\n<meta name=\"author\" content=\"web_admin\" \/>\n<meta name=\"twitter:card\" content=\"summary_large_image\" \/>\n<meta name=\"twitter:creator\" content=\"@UM_1981\" \/>\n<meta name=\"twitter:site\" content=\"@UM_1981\" \/>\n<meta name=\"twitter:label1\" content=\"Written by\" \/>\n\t<meta name=\"twitter:data1\" content=\"web_admin\" \/>\n\t<meta name=\"twitter:label2\" content=\"Est. reading time\" \/>\n\t<meta name=\"twitter:data2\" content=\"3 \u5206\u9418\" \/>\n<script type=\"application\/ld+json\" class=\"yoast-schema-graph\">{\"@context\":\"https:\/\/schema.org\",\"@graph\":[{\"@type\":\"Article\",\"@id\":\"https:\/\/www.um.edu.mo\/zh-hant\/news-and-press-releases\/presss-release\/detail\/3392\/#article\",\"isPartOf\":{\"@id\":\"https:\/\/www.um.edu.mo\/zh-hant\/news-and-press-releases\/presss-release\/detail\/3392\/\"},\"author\":{\"name\":\"web_admin\",\"@id\":\"https:\/\/www.um.edu.mo\/zh-hant\/#\/schema\/person\/bfdcd3a75d1b778a93663e5dee2e33bb\"},\"headline\":\"\u201cC\u00e1tedra Jean Monnet e Confer\u00eancia Uni\u00e3o Europeia \u2013 50 Anos\u201d aprovadas pela Comiss\u00e3o Europeia e atribu\u00eddas \u00e0 UM\",\"datePublished\":\"2007-09-03T08:27:36+00:00\",\"mainEntityOfPage\":{\"@id\":\"https:\/\/www.um.edu.mo\/zh-hant\/news-and-press-releases\/presss-release\/detail\/3392\/\"},\"wordCount\":660,\"commentCount\":0,\"publisher\":{\"@id\":\"https:\/\/www.um.edu.mo\/zh-hant\/#organization\"},\"articleSection\":[\"\u65b0\u805e\u7a3f\"],\"inLanguage\":\"zh-TW\"},{\"@type\":\"WebPage\",\"@id\":\"https:\/\/www.um.edu.mo\/zh-hant\/news-and-press-releases\/presss-release\/detail\/3392\/\",\"url\":\"https:\/\/www.um.edu.mo\/zh-hant\/news-and-press-releases\/presss-release\/detail\/3392\/\",\"name\":\"\u201cC\u00e1tedra Jean Monnet e Confer\u00eancia Uni\u00e3o Europeia \u2013 50 Anos\u201d aprovadas pela Comiss\u00e3o Europeia e atribu\u00eddas \u00e0 UM | \u6fb3\u9580\u5927\u5b78\",\"isPartOf\":{\"@id\":\"https:\/\/www.um.edu.mo\/zh-hant\/#website\"},\"datePublished\":\"2007-09-03T08:27:36+00:00\",\"description\":\"\u6fb3\u9580\u5927\u5b78\u5275\u7acb\u65bc1981\u5e74\uff0c\u662f\u4e00\u6240\u570b\u969b\u5316\u7d9c\u5408\u6027\u516c\u7acb\u5927\u5b78\",\"breadcrumb\":{\"@id\":\"https:\/\/www.um.edu.mo\/zh-hant\/news-and-press-releases\/presss-release\/detail\/3392\/#breadcrumb\"},\"inLanguage\":\"zh-TW\",\"potentialAction\":[{\"@type\":\"ReadAction\",\"target\":[\"https:\/\/www.um.edu.mo\/zh-hant\/news-and-press-releases\/presss-release\/detail\/3392\/\"]}]},{\"@type\":\"BreadcrumbList\",\"@id\":\"https:\/\/www.um.edu.mo\/zh-hant\/news-and-press-releases\/presss-release\/detail\/3392\/#breadcrumb\",\"itemListElement\":[{\"@type\":\"ListItem\",\"position\":1,\"name\":\"\u9996\u9801\",\"item\":\"https:\/\/www.um.edu.mo\/zh-hant\/\"},{\"@type\":\"ListItem\",\"position\":2,\"name\":\"\u65b0\u805e\u53ca\u65b0\u805e\u7a3f\",\"item\":\"https:\/\/www.um.edu.mo\/zh-hant\/category\/news-and-press-releases\/\"},{\"@type\":\"ListItem\",\"position\":3,\"name\":\"\u65b0\u805e\u7a3f\",\"item\":\"https:\/\/www.um.edu.mo\/zh-hant\/category\/news-and-press-releases\/presss-release\/\"},{\"@type\":\"ListItem\",\"position\":4,\"name\":\"\u201cC\u00e1tedra Jean Monnet e Confer\u00eancia Uni\u00e3o Europeia \u2013 50 Anos\u201d aprovadas pela Comiss\u00e3o Europeia e atribu\u00eddas \u00e0 UM\"}]},{\"@type\":\"WebSite\",\"@id\":\"https:\/\/www.um.edu.mo\/zh-hant\/#website\",\"url\":\"https:\/\/www.um.edu.mo\/zh-hant\/\",\"name\":\"\u6fb3\u9580\u5927\u5b78\",\"description\":\"\",\"publisher\":{\"@id\":\"https:\/\/www.um.edu.mo\/zh-hant\/#organization\"},\"potentialAction\":[{\"@type\":\"SearchAction\",\"target\":{\"@type\":\"EntryPoint\",\"urlTemplate\":\"https:\/\/www.um.edu.mo\/zh-hant\/?s={search_term_string}\"},\"query-input\":{\"@type\":\"PropertyValueSpecification\",\"valueRequired\":true,\"valueName\":\"search_term_string\"}}],\"inLanguage\":\"zh-TW\"},{\"@type\":\"Organization\",\"@id\":\"https:\/\/www.um.edu.mo\/zh-hant\/#organization\",\"name\":\"University of Macau\",\"url\":\"https:\/\/www.um.edu.mo\/zh-hant\/\",\"logo\":{\"@type\":\"ImageObject\",\"inLanguage\":\"zh-TW\",\"@id\":\"https:\/\/www.um.edu.mo\/zh-hant\/#\/schema\/logo\/image\/\",\"url\":\"https:\/\/www.um.edu.mo\/wp-content\/uploads\/2020\/09\/UM-Logo_V-Black.png\",\"contentUrl\":\"https:\/\/www.um.edu.mo\/wp-content\/uploads\/2020\/09\/UM-Logo_V-Black.png\",\"width\":3508,\"height\":2785,\"caption\":\"University of Macau\"},\"image\":{\"@id\":\"https:\/\/www.um.edu.mo\/zh-hant\/#\/schema\/logo\/image\/\"},\"sameAs\":[\"https:\/\/www.facebook.com\/universityofmacau\",\"https:\/\/x.com\/UM_1981\"]},{\"@type\":\"Person\",\"@id\":\"https:\/\/www.um.edu.mo\/zh-hant\/#\/schema\/person\/bfdcd3a75d1b778a93663e5dee2e33bb\",\"name\":\"web_admin\",\"image\":{\"@type\":\"ImageObject\",\"inLanguage\":\"zh-TW\",\"@id\":\"https:\/\/www.um.edu.mo\/zh-hant\/#\/schema\/person\/image\/\",\"url\":\"https:\/\/secure.gravatar.com\/avatar\/e230ccd9ba8eb5ce94ecf306e4a35399?s=96&d=mm&r=g\",\"contentUrl\":\"https:\/\/secure.gravatar.com\/avatar\/e230ccd9ba8eb5ce94ecf306e4a35399?s=96&d=mm&r=g\",\"caption\":\"web_admin\"}}]}<\/script>\n<!-- \/ Yoast SEO plugin. -->","yoast_head_json":{"title":"\u201cC\u00e1tedra Jean Monnet e Confer\u00eancia Uni\u00e3o Europeia \u2013 50 Anos\u201d aprovadas pela Comiss\u00e3o Europeia e atribu\u00eddas \u00e0 UM | \u6fb3\u9580\u5927\u5b78","description":"\u6fb3\u9580\u5927\u5b78\u5275\u7acb\u65bc1981\u5e74\uff0c\u662f\u4e00\u6240\u570b\u969b\u5316\u7d9c\u5408\u6027\u516c\u7acb\u5927\u5b78","robots":{"index":"index","follow":"follow","max-snippet":"max-snippet:-1","max-image-preview":"max-image-preview:large","max-video-preview":"max-video-preview:-1"},"canonical":"https:\/\/www.um.edu.mo\/zh-hant\/news-and-press-releases\/presss-release\/detail\/3392\/","og_locale":"zh_TW","og_type":"article","og_title":"\u201cC\u00e1tedra Jean Monnet e Confer\u00eancia Uni\u00e3o Europeia \u2013 50 Anos\u201d aprovadas pela Comiss\u00e3o Europeia e atribu\u00eddas \u00e0 UM | \u6fb3\u9580\u5927\u5b78","og_description":"\u6fb3\u9580\u5927\u5b78\u5275\u7acb\u65bc1981\u5e74\uff0c\u662f\u4e00\u6240\u570b\u969b\u5316\u7d9c\u5408\u6027\u516c\u7acb\u5927\u5b78","og_url":"https:\/\/www.um.edu.mo\/zh-hant\/news-and-press-releases\/presss-release\/detail\/3392\/","og_site_name":"\u6fb3\u9580\u5927\u5b78","article_publisher":"https:\/\/www.facebook.com\/universityofmacau","article_published_time":"2007-09-03T08:27:36+00:00","author":"web_admin","twitter_card":"summary_large_image","twitter_creator":"@UM_1981","twitter_site":"@UM_1981","twitter_misc":{"Written by":"web_admin","Est. reading time":"3 \u5206\u9418"},"schema":{"@context":"https:\/\/schema.org","@graph":[{"@type":"Article","@id":"https:\/\/www.um.edu.mo\/zh-hant\/news-and-press-releases\/presss-release\/detail\/3392\/#article","isPartOf":{"@id":"https:\/\/www.um.edu.mo\/zh-hant\/news-and-press-releases\/presss-release\/detail\/3392\/"},"author":{"name":"web_admin","@id":"https:\/\/www.um.edu.mo\/zh-hant\/#\/schema\/person\/bfdcd3a75d1b778a93663e5dee2e33bb"},"headline":"\u201cC\u00e1tedra Jean Monnet e Confer\u00eancia Uni\u00e3o Europeia \u2013 50 Anos\u201d aprovadas pela Comiss\u00e3o Europeia e atribu\u00eddas \u00e0 UM","datePublished":"2007-09-03T08:27:36+00:00","mainEntityOfPage":{"@id":"https:\/\/www.um.edu.mo\/zh-hant\/news-and-press-releases\/presss-release\/detail\/3392\/"},"wordCount":660,"commentCount":0,"publisher":{"@id":"https:\/\/www.um.edu.mo\/zh-hant\/#organization"},"articleSection":["\u65b0\u805e\u7a3f"],"inLanguage":"zh-TW"},{"@type":"WebPage","@id":"https:\/\/www.um.edu.mo\/zh-hant\/news-and-press-releases\/presss-release\/detail\/3392\/","url":"https:\/\/www.um.edu.mo\/zh-hant\/news-and-press-releases\/presss-release\/detail\/3392\/","name":"\u201cC\u00e1tedra Jean Monnet e Confer\u00eancia Uni\u00e3o Europeia \u2013 50 Anos\u201d aprovadas pela Comiss\u00e3o Europeia e atribu\u00eddas \u00e0 UM | \u6fb3\u9580\u5927\u5b78","isPartOf":{"@id":"https:\/\/www.um.edu.mo\/zh-hant\/#website"},"datePublished":"2007-09-03T08:27:36+00:00","description":"\u6fb3\u9580\u5927\u5b78\u5275\u7acb\u65bc1981\u5e74\uff0c\u662f\u4e00\u6240\u570b\u969b\u5316\u7d9c\u5408\u6027\u516c\u7acb\u5927\u5b78","breadcrumb":{"@id":"https:\/\/www.um.edu.mo\/zh-hant\/news-and-press-releases\/presss-release\/detail\/3392\/#breadcrumb"},"inLanguage":"zh-TW","potentialAction":[{"@type":"ReadAction","target":["https:\/\/www.um.edu.mo\/zh-hant\/news-and-press-releases\/presss-release\/detail\/3392\/"]}]},{"@type":"BreadcrumbList","@id":"https:\/\/www.um.edu.mo\/zh-hant\/news-and-press-releases\/presss-release\/detail\/3392\/#breadcrumb","itemListElement":[{"@type":"ListItem","position":1,"name":"\u9996\u9801","item":"https:\/\/www.um.edu.mo\/zh-hant\/"},{"@type":"ListItem","position":2,"name":"\u65b0\u805e\u53ca\u65b0\u805e\u7a3f","item":"https:\/\/www.um.edu.mo\/zh-hant\/category\/news-and-press-releases\/"},{"@type":"ListItem","position":3,"name":"\u65b0\u805e\u7a3f","item":"https:\/\/www.um.edu.mo\/zh-hant\/category\/news-and-press-releases\/presss-release\/"},{"@type":"ListItem","position":4,"name":"\u201cC\u00e1tedra Jean Monnet e Confer\u00eancia Uni\u00e3o Europeia \u2013 50 Anos\u201d aprovadas pela Comiss\u00e3o Europeia e atribu\u00eddas \u00e0 UM"}]},{"@type":"WebSite","@id":"https:\/\/www.um.edu.mo\/zh-hant\/#website","url":"https:\/\/www.um.edu.mo\/zh-hant\/","name":"\u6fb3\u9580\u5927\u5b78","description":"","publisher":{"@id":"https:\/\/www.um.edu.mo\/zh-hant\/#organization"},"potentialAction":[{"@type":"SearchAction","target":{"@type":"EntryPoint","urlTemplate":"https:\/\/www.um.edu.mo\/zh-hant\/?s={search_term_string}"},"query-input":{"@type":"PropertyValueSpecification","valueRequired":true,"valueName":"search_term_string"}}],"inLanguage":"zh-TW"},{"@type":"Organization","@id":"https:\/\/www.um.edu.mo\/zh-hant\/#organization","name":"University of Macau","url":"https:\/\/www.um.edu.mo\/zh-hant\/","logo":{"@type":"ImageObject","inLanguage":"zh-TW","@id":"https:\/\/www.um.edu.mo\/zh-hant\/#\/schema\/logo\/image\/","url":"https:\/\/www.um.edu.mo\/wp-content\/uploads\/2020\/09\/UM-Logo_V-Black.png","contentUrl":"https:\/\/www.um.edu.mo\/wp-content\/uploads\/2020\/09\/UM-Logo_V-Black.png","width":3508,"height":2785,"caption":"University of Macau"},"image":{"@id":"https:\/\/www.um.edu.mo\/zh-hant\/#\/schema\/logo\/image\/"},"sameAs":["https:\/\/www.facebook.com\/universityofmacau","https:\/\/x.com\/UM_1981"]},{"@type":"Person","@id":"https:\/\/www.um.edu.mo\/zh-hant\/#\/schema\/person\/bfdcd3a75d1b778a93663e5dee2e33bb","name":"web_admin","image":{"@type":"ImageObject","inLanguage":"zh-TW","@id":"https:\/\/www.um.edu.mo\/zh-hant\/#\/schema\/person\/image\/","url":"https:\/\/secure.gravatar.com\/avatar\/e230ccd9ba8eb5ce94ecf306e4a35399?s=96&d=mm&r=g","contentUrl":"https:\/\/secure.gravatar.com\/avatar\/e230ccd9ba8eb5ce94ecf306e4a35399?s=96&d=mm&r=g","caption":"web_admin"}}]}},"_links":{"self":[{"href":"https:\/\/www.um.edu.mo\/zh-hant\/wp-json\/wp\/v2\/posts\/193562","targetHints":{"allow":["GET"]}}],"collection":[{"href":"https:\/\/www.um.edu.mo\/zh-hant\/wp-json\/wp\/v2\/posts"}],"about":[{"href":"https:\/\/www.um.edu.mo\/zh-hant\/wp-json\/wp\/v2\/types\/post"}],"author":[{"embeddable":true,"href":"https:\/\/www.um.edu.mo\/zh-hant\/wp-json\/wp\/v2\/users\/1"}],"replies":[{"embeddable":true,"href":"https:\/\/www.um.edu.mo\/zh-hant\/wp-json\/wp\/v2\/comments?post=193562"}],"version-history":[{"count":0,"href":"https:\/\/www.um.edu.mo\/zh-hant\/wp-json\/wp\/v2\/posts\/193562\/revisions"}],"wp:attachment":[{"href":"https:\/\/www.um.edu.mo\/zh-hant\/wp-json\/wp\/v2\/media?parent=193562"}],"wp:term":[{"taxonomy":"category","embeddable":true,"href":"https:\/\/www.um.edu.mo\/zh-hant\/wp-json\/wp\/v2\/categories?post=193562"},{"taxonomy":"post_tag","embeddable":true,"href":"https:\/\/www.um.edu.mo\/zh-hant\/wp-json\/wp\/v2\/tags?post=193562"}],"curies":[{"name":"wp","href":"https:\/\/api.w.org\/{rel}","templated":true}]}}