{"id":82139,"date":"2011-10-07T18:04:37","date_gmt":"2011-10-07T17:04:37","guid":{"rendered":"https:\/\/www.um.edu.mo\/sem-categoria\/2011\/10\/17951-pt_pt\/"},"modified":"2011-10-07T18:04:37","modified_gmt":"2011-10-07T17:04:37","slug":"17951","status":"publish","type":"post","link":"https:\/\/www.um.edu.mo\/pt-pt\/news-and-press-releases\/press-invitation\/detail\/17951\/","title":{"rendered":"Palestra: \u201cA transfer\u00eancia de Macau &#8211; um caso de retrocesso e n\u00e3o de descoloniza\u00e7\u00e3o: implica\u00e7\u00f5es para a Regi\u00e3o Administrativa Especial\u201d"},"content":{"rendered":"<h2>Convite \u00e0 Imprensa<\/h2>\n<table border=\"0\"><tbody>\n  <tr>\n\t<td width=\"120\">Nome<\/td>\n\t<td width=\"10\" align=\"center\">:<\/td>\n\t<td>Palestra: \u201cA transfer\u00eancia de Macau &#8211; um caso de retrocesso e n\u00e3o de descoloniza\u00e7\u00e3o: implica\u00e7\u00f5es para a Regi\u00e3o Administrativa Especial\u201d<\/td>\n  <\/tr>\n  <tr>\n\t<td>Organizer<\/td>\n\t<td width=\"10\" align=\"center\">:<\/td>\n\t<td>\n\t  \t  Portuguese Department and Research Centre for Luso-Asian Studies of Faculty of Social Sciences and Humanities of the University of Macau\n\t<\/td>\n  <\/tr>\n  <tr>\n\t<td>Speaker<\/td>\n\t<td width=\"10\" align=\"center\">:<\/td>\n\t<td>\n\t  \t  Prof. Carmen Mendes\n\t<\/td>\n  <\/tr>\n  <tr>\n\t<td>Data<\/td>\n\t<td width=\"10\" align=\"center\">:<\/td>\n\t<td>12 Oct 2011 (Wednesday)<\/td>\n  <\/tr>\n  <tr>\n\t<td>Hor\u00e1rio<\/td>\n\t<td width=\"10\" align=\"center\">:<\/td>\n\t<td>6:30pm<\/td>\n  <\/tr>\n  <tr>\n\t<td>Venue<\/td>\n\t<td width=\"10\" align=\"center\">:<\/td>\n\t<td>\n\t  \t  L105, Luso-Chinese Building, UM\n\t<\/td>\n  <\/tr>\n  <tr>\n\t<td valign=\"top\">Conte\u00fado<\/td>\n\t<td valign=\"top\" width=\"10\" align=\"center\">:<\/td>\n\t<td>\n\t  The Department of Portuguese, Faculty of Social Sciences and Humanities, University of Macau (UM), and the Research Centre for Luso-Asian Studies will co-organize a talk next Wednesday. Prof. Carmen Mendes, from the Department of International Relations, Faculty of Economics of the University of Coimbra, will be the speaker and she will analyze the negotiation process before the handover of the sovereignty over Macao as well as Macao\u2019s role as a bridge between China and Portuguese-speaking countries after its return to China.\n\t<\/td>\n  <\/tr>\n  <tr>\n\t<td>Language<\/td>\n\t<td width=\"10\" align=\"center\">:<\/td>\n\t<td>\n\t  \t  Portuguese\n\t<\/td>\n  <\/tr>\n<\/tbody><\/table>\n<br\/>\n<h2>Pessoa a Contactar para Detalhes<\/h2>\n<table border=\"0\"><tbody>\n  <tr>\n\t<td width=\"120\">Nome<\/td>\n\t<td width=\"10\" align=\"center\">:<\/td>\n\t<td>Information and Public Relations Office<\/td>\n  <\/tr>\n  <tr>\n\t<td width=\"120\">Tel. N\u00ba<\/td>\n\t<td width=\"10\" align=\"center\">:<\/td>\n\t<td>8397 4325<\/td>\n  <\/tr>\n  <tr>\n\t<td width=\"120\">Email<\/td>\n\t<td width=\"10\" align=\"center\">:<\/td>\n\t<td>ipr.media@umac.mo<\/td>\n  <\/tr>\n  <tr>\n\t<td width=\"120\">Remark<\/td>\n\t<td width=\"10\" align=\"center\">:<\/td>\n\t<td>For car parking reservation, please contact us at least one day in advance.<\/td>\n  <\/tr>\n<\/tbody><\/table>\n<script type=\"text\/javascript\" src=\"..\/nrsauto.jsp\"><\/script>","protected":false},"excerpt":{"rendered":"<p>Convite \u00e0 Imprensa Nome : Palestra: \u201cA transfer\u00eancia de Macau &#8211; um caso de retrocesso e n\u00e3o de descoloniza\u00e7\u00e3o: implica\u00e7\u00f5es para a Regi\u00e3o Administrativa Especial\u201d Organizer : Portuguese Department and&#8230;<\/p>\n","protected":false},"author":1,"featured_media":0,"comment_status":"open","ping_status":"open","sticky":false,"template":"","format":"standard","meta":{"_acf_changed":false,"footnotes":""},"categories":[65],"tags":[],"class_list":["post-82139","post","type-post","status-publish","format-standard","hentry","category-press-invitation"],"acf":[],"yoast_head":"<!-- This site is optimized with the Yoast SEO plugin v24.5 - https:\/\/yoast.com\/wordpress\/plugins\/seo\/ -->\n<title>Palestra: \u201cA transfer\u00eancia de Macau - um caso de retrocesso e n\u00e3o de descoloniza\u00e7\u00e3o: implica\u00e7\u00f5es para a Regi\u00e3o Administrativa Especial\u201d | Universidade de Macau<\/title>\n<meta name=\"description\" content=\"Universidade de Macau: Uma universidade abrangente p\u00fablica de n\u00edvel internacional fundada em 1981\" \/>\n<meta name=\"robots\" content=\"index, follow, max-snippet:-1, max-image-preview:large, max-video-preview:-1\" \/>\n<link rel=\"canonical\" href=\"https:\/\/www.um.edu.mo\/pt-pt\/news-and-press-releases\/press-invitation\/detail\/17951\/\" \/>\n<meta property=\"og:locale\" content=\"pt_PT\" \/>\n<meta property=\"og:type\" content=\"article\" \/>\n<meta property=\"og:title\" content=\"Palestra: \u201cA transfer\u00eancia de Macau - um caso de retrocesso e n\u00e3o de descoloniza\u00e7\u00e3o: implica\u00e7\u00f5es para a Regi\u00e3o Administrativa Especial\u201d | Universidade de Macau\" \/>\n<meta property=\"og:description\" content=\"Universidade de Macau: Uma universidade abrangente p\u00fablica de n\u00edvel internacional fundada em 1981\" \/>\n<meta property=\"og:url\" content=\"https:\/\/www.um.edu.mo\/pt-pt\/news-and-press-releases\/press-invitation\/detail\/17951\/\" \/>\n<meta property=\"og:site_name\" content=\"Universidade de Macau\" \/>\n<meta property=\"article:publisher\" content=\"https:\/\/www.facebook.com\/universityofmacau\" \/>\n<meta property=\"article:published_time\" content=\"2011-10-07T17:04:37+00:00\" \/>\n<meta name=\"author\" content=\"web_admin\" \/>\n<meta name=\"twitter:card\" content=\"summary_large_image\" \/>\n<meta name=\"twitter:creator\" content=\"@UM_1981\" \/>\n<meta name=\"twitter:site\" content=\"@UM_1981\" \/>\n<meta name=\"twitter:label1\" content=\"Escrito por\" \/>\n\t<meta name=\"twitter:data1\" content=\"web_admin\" \/>\n\t<meta name=\"twitter:label2\" content=\"Tempo estimado de leitura\" \/>\n\t<meta name=\"twitter:data2\" content=\"1 minuto\" \/>\n<script type=\"application\/ld+json\" class=\"yoast-schema-graph\">{\"@context\":\"https:\/\/schema.org\",\"@graph\":[{\"@type\":\"Article\",\"@id\":\"https:\/\/www.um.edu.mo\/pt-pt\/news-and-press-releases\/press-invitation\/detail\/17951\/#article\",\"isPartOf\":{\"@id\":\"https:\/\/www.um.edu.mo\/pt-pt\/news-and-press-releases\/press-invitation\/detail\/17951\/\"},\"author\":{\"name\":\"web_admin\",\"@id\":\"https:\/\/www.um.edu.mo\/pt-pt\/#\/schema\/person\/bfdcd3a75d1b778a93663e5dee2e33bb\"},\"headline\":\"Palestra: \u201cA transfer\u00eancia de Macau &#8211; um caso de retrocesso e n\u00e3o de descoloniza\u00e7\u00e3o: implica\u00e7\u00f5es para a Regi\u00e3o Administrativa Especial\u201d\",\"datePublished\":\"2011-10-07T17:04:37+00:00\",\"mainEntityOfPage\":{\"@id\":\"https:\/\/www.um.edu.mo\/pt-pt\/news-and-press-releases\/press-invitation\/detail\/17951\/\"},\"wordCount\":207,\"commentCount\":0,\"publisher\":{\"@id\":\"https:\/\/www.um.edu.mo\/pt-pt\/#organization\"},\"articleSection\":[\"Convites \u00e0 Imprensa\"],\"inLanguage\":\"pt-PT\"},{\"@type\":\"WebPage\",\"@id\":\"https:\/\/www.um.edu.mo\/pt-pt\/news-and-press-releases\/press-invitation\/detail\/17951\/\",\"url\":\"https:\/\/www.um.edu.mo\/pt-pt\/news-and-press-releases\/press-invitation\/detail\/17951\/\",\"name\":\"Palestra: \u201cA transfer\u00eancia de Macau - um caso de retrocesso e n\u00e3o de descoloniza\u00e7\u00e3o: implica\u00e7\u00f5es para a Regi\u00e3o Administrativa Especial\u201d | Universidade de Macau\",\"isPartOf\":{\"@id\":\"https:\/\/www.um.edu.mo\/pt-pt\/#website\"},\"datePublished\":\"2011-10-07T17:04:37+00:00\",\"description\":\"Universidade de Macau: Uma universidade abrangente p\u00fablica de n\u00edvel internacional fundada em 1981\",\"breadcrumb\":{\"@id\":\"https:\/\/www.um.edu.mo\/pt-pt\/news-and-press-releases\/press-invitation\/detail\/17951\/#breadcrumb\"},\"inLanguage\":\"pt-PT\",\"potentialAction\":[{\"@type\":\"ReadAction\",\"target\":[\"https:\/\/www.um.edu.mo\/pt-pt\/news-and-press-releases\/press-invitation\/detail\/17951\/\"]}]},{\"@type\":\"BreadcrumbList\",\"@id\":\"https:\/\/www.um.edu.mo\/pt-pt\/news-and-press-releases\/press-invitation\/detail\/17951\/#breadcrumb\",\"itemListElement\":[{\"@type\":\"ListItem\",\"position\":1,\"name\":\"P\u00e1gina inicial\",\"item\":\"https:\/\/www.um.edu.mo\/pt-pt\/\"},{\"@type\":\"ListItem\",\"position\":2,\"name\":\"Not\u00edcias e Comunicados de Imprensa\",\"item\":\"https:\/\/www.um.edu.mo\/pt-pt\/category\/news-and-press-releases\/\"},{\"@type\":\"ListItem\",\"position\":3,\"name\":\"Convites \u00e0 Imprensa\",\"item\":\"https:\/\/www.um.edu.mo\/pt-pt\/category\/news-and-press-releases\/press-invitation\/\"},{\"@type\":\"ListItem\",\"position\":4,\"name\":\"Palestra: \u201cA transfer\u00eancia de Macau &#8211; um caso de retrocesso e n\u00e3o de descoloniza\u00e7\u00e3o: implica\u00e7\u00f5es para a Regi\u00e3o Administrativa Especial\u201d\"}]},{\"@type\":\"WebSite\",\"@id\":\"https:\/\/www.um.edu.mo\/pt-pt\/#website\",\"url\":\"https:\/\/www.um.edu.mo\/pt-pt\/\",\"name\":\"Universidade de Macau\",\"description\":\"\",\"publisher\":{\"@id\":\"https:\/\/www.um.edu.mo\/pt-pt\/#organization\"},\"potentialAction\":[{\"@type\":\"SearchAction\",\"target\":{\"@type\":\"EntryPoint\",\"urlTemplate\":\"https:\/\/www.um.edu.mo\/pt-pt\/?s={search_term_string}\"},\"query-input\":{\"@type\":\"PropertyValueSpecification\",\"valueRequired\":true,\"valueName\":\"search_term_string\"}}],\"inLanguage\":\"pt-PT\"},{\"@type\":\"Organization\",\"@id\":\"https:\/\/www.um.edu.mo\/pt-pt\/#organization\",\"name\":\"University of Macau\",\"url\":\"https:\/\/www.um.edu.mo\/pt-pt\/\",\"logo\":{\"@type\":\"ImageObject\",\"inLanguage\":\"pt-PT\",\"@id\":\"https:\/\/www.um.edu.mo\/pt-pt\/#\/schema\/logo\/image\/\",\"url\":\"https:\/\/www.um.edu.mo\/wp-content\/uploads\/2020\/09\/UM-Logo_V-Black.png\",\"contentUrl\":\"https:\/\/www.um.edu.mo\/wp-content\/uploads\/2020\/09\/UM-Logo_V-Black.png\",\"width\":3508,\"height\":2785,\"caption\":\"University of Macau\"},\"image\":{\"@id\":\"https:\/\/www.um.edu.mo\/pt-pt\/#\/schema\/logo\/image\/\"},\"sameAs\":[\"https:\/\/www.facebook.com\/universityofmacau\",\"https:\/\/x.com\/UM_1981\"]},{\"@type\":\"Person\",\"@id\":\"https:\/\/www.um.edu.mo\/pt-pt\/#\/schema\/person\/bfdcd3a75d1b778a93663e5dee2e33bb\",\"name\":\"web_admin\",\"image\":{\"@type\":\"ImageObject\",\"inLanguage\":\"pt-PT\",\"@id\":\"https:\/\/www.um.edu.mo\/pt-pt\/#\/schema\/person\/image\/\",\"url\":\"https:\/\/secure.gravatar.com\/avatar\/e230ccd9ba8eb5ce94ecf306e4a35399?s=96&d=mm&r=g\",\"contentUrl\":\"https:\/\/secure.gravatar.com\/avatar\/e230ccd9ba8eb5ce94ecf306e4a35399?s=96&d=mm&r=g\",\"caption\":\"web_admin\"}}]}<\/script>\n<!-- \/ Yoast SEO plugin. -->","yoast_head_json":{"title":"Palestra: \u201cA transfer\u00eancia de Macau - um caso de retrocesso e n\u00e3o de descoloniza\u00e7\u00e3o: implica\u00e7\u00f5es para a Regi\u00e3o Administrativa Especial\u201d | Universidade de Macau","description":"Universidade de Macau: Uma universidade abrangente p\u00fablica de n\u00edvel internacional fundada em 1981","robots":{"index":"index","follow":"follow","max-snippet":"max-snippet:-1","max-image-preview":"max-image-preview:large","max-video-preview":"max-video-preview:-1"},"canonical":"https:\/\/www.um.edu.mo\/pt-pt\/news-and-press-releases\/press-invitation\/detail\/17951\/","og_locale":"pt_PT","og_type":"article","og_title":"Palestra: \u201cA transfer\u00eancia de Macau - um caso de retrocesso e n\u00e3o de descoloniza\u00e7\u00e3o: implica\u00e7\u00f5es para a Regi\u00e3o Administrativa Especial\u201d | Universidade de Macau","og_description":"Universidade de Macau: Uma universidade abrangente p\u00fablica de n\u00edvel internacional fundada em 1981","og_url":"https:\/\/www.um.edu.mo\/pt-pt\/news-and-press-releases\/press-invitation\/detail\/17951\/","og_site_name":"Universidade de Macau","article_publisher":"https:\/\/www.facebook.com\/universityofmacau","article_published_time":"2011-10-07T17:04:37+00:00","author":"web_admin","twitter_card":"summary_large_image","twitter_creator":"@UM_1981","twitter_site":"@UM_1981","twitter_misc":{"Escrito por":"web_admin","Tempo estimado de leitura":"1 minuto"},"schema":{"@context":"https:\/\/schema.org","@graph":[{"@type":"Article","@id":"https:\/\/www.um.edu.mo\/pt-pt\/news-and-press-releases\/press-invitation\/detail\/17951\/#article","isPartOf":{"@id":"https:\/\/www.um.edu.mo\/pt-pt\/news-and-press-releases\/press-invitation\/detail\/17951\/"},"author":{"name":"web_admin","@id":"https:\/\/www.um.edu.mo\/pt-pt\/#\/schema\/person\/bfdcd3a75d1b778a93663e5dee2e33bb"},"headline":"Palestra: \u201cA transfer\u00eancia de Macau &#8211; um caso de retrocesso e n\u00e3o de descoloniza\u00e7\u00e3o: implica\u00e7\u00f5es para a Regi\u00e3o Administrativa Especial\u201d","datePublished":"2011-10-07T17:04:37+00:00","mainEntityOfPage":{"@id":"https:\/\/www.um.edu.mo\/pt-pt\/news-and-press-releases\/press-invitation\/detail\/17951\/"},"wordCount":207,"commentCount":0,"publisher":{"@id":"https:\/\/www.um.edu.mo\/pt-pt\/#organization"},"articleSection":["Convites \u00e0 Imprensa"],"inLanguage":"pt-PT"},{"@type":"WebPage","@id":"https:\/\/www.um.edu.mo\/pt-pt\/news-and-press-releases\/press-invitation\/detail\/17951\/","url":"https:\/\/www.um.edu.mo\/pt-pt\/news-and-press-releases\/press-invitation\/detail\/17951\/","name":"Palestra: \u201cA transfer\u00eancia de Macau - um caso de retrocesso e n\u00e3o de descoloniza\u00e7\u00e3o: implica\u00e7\u00f5es para a Regi\u00e3o Administrativa Especial\u201d | Universidade de Macau","isPartOf":{"@id":"https:\/\/www.um.edu.mo\/pt-pt\/#website"},"datePublished":"2011-10-07T17:04:37+00:00","description":"Universidade de Macau: Uma universidade abrangente p\u00fablica de n\u00edvel internacional fundada em 1981","breadcrumb":{"@id":"https:\/\/www.um.edu.mo\/pt-pt\/news-and-press-releases\/press-invitation\/detail\/17951\/#breadcrumb"},"inLanguage":"pt-PT","potentialAction":[{"@type":"ReadAction","target":["https:\/\/www.um.edu.mo\/pt-pt\/news-and-press-releases\/press-invitation\/detail\/17951\/"]}]},{"@type":"BreadcrumbList","@id":"https:\/\/www.um.edu.mo\/pt-pt\/news-and-press-releases\/press-invitation\/detail\/17951\/#breadcrumb","itemListElement":[{"@type":"ListItem","position":1,"name":"P\u00e1gina inicial","item":"https:\/\/www.um.edu.mo\/pt-pt\/"},{"@type":"ListItem","position":2,"name":"Not\u00edcias e Comunicados de Imprensa","item":"https:\/\/www.um.edu.mo\/pt-pt\/category\/news-and-press-releases\/"},{"@type":"ListItem","position":3,"name":"Convites \u00e0 Imprensa","item":"https:\/\/www.um.edu.mo\/pt-pt\/category\/news-and-press-releases\/press-invitation\/"},{"@type":"ListItem","position":4,"name":"Palestra: \u201cA transfer\u00eancia de Macau &#8211; um caso de retrocesso e n\u00e3o de descoloniza\u00e7\u00e3o: implica\u00e7\u00f5es para a Regi\u00e3o Administrativa Especial\u201d"}]},{"@type":"WebSite","@id":"https:\/\/www.um.edu.mo\/pt-pt\/#website","url":"https:\/\/www.um.edu.mo\/pt-pt\/","name":"Universidade de Macau","description":"","publisher":{"@id":"https:\/\/www.um.edu.mo\/pt-pt\/#organization"},"potentialAction":[{"@type":"SearchAction","target":{"@type":"EntryPoint","urlTemplate":"https:\/\/www.um.edu.mo\/pt-pt\/?s={search_term_string}"},"query-input":{"@type":"PropertyValueSpecification","valueRequired":true,"valueName":"search_term_string"}}],"inLanguage":"pt-PT"},{"@type":"Organization","@id":"https:\/\/www.um.edu.mo\/pt-pt\/#organization","name":"University of Macau","url":"https:\/\/www.um.edu.mo\/pt-pt\/","logo":{"@type":"ImageObject","inLanguage":"pt-PT","@id":"https:\/\/www.um.edu.mo\/pt-pt\/#\/schema\/logo\/image\/","url":"https:\/\/www.um.edu.mo\/wp-content\/uploads\/2020\/09\/UM-Logo_V-Black.png","contentUrl":"https:\/\/www.um.edu.mo\/wp-content\/uploads\/2020\/09\/UM-Logo_V-Black.png","width":3508,"height":2785,"caption":"University of Macau"},"image":{"@id":"https:\/\/www.um.edu.mo\/pt-pt\/#\/schema\/logo\/image\/"},"sameAs":["https:\/\/www.facebook.com\/universityofmacau","https:\/\/x.com\/UM_1981"]},{"@type":"Person","@id":"https:\/\/www.um.edu.mo\/pt-pt\/#\/schema\/person\/bfdcd3a75d1b778a93663e5dee2e33bb","name":"web_admin","image":{"@type":"ImageObject","inLanguage":"pt-PT","@id":"https:\/\/www.um.edu.mo\/pt-pt\/#\/schema\/person\/image\/","url":"https:\/\/secure.gravatar.com\/avatar\/e230ccd9ba8eb5ce94ecf306e4a35399?s=96&d=mm&r=g","contentUrl":"https:\/\/secure.gravatar.com\/avatar\/e230ccd9ba8eb5ce94ecf306e4a35399?s=96&d=mm&r=g","caption":"web_admin"}}]}},"_links":{"self":[{"href":"https:\/\/www.um.edu.mo\/pt-pt\/wp-json\/wp\/v2\/posts\/82139","targetHints":{"allow":["GET"]}}],"collection":[{"href":"https:\/\/www.um.edu.mo\/pt-pt\/wp-json\/wp\/v2\/posts"}],"about":[{"href":"https:\/\/www.um.edu.mo\/pt-pt\/wp-json\/wp\/v2\/types\/post"}],"author":[{"embeddable":true,"href":"https:\/\/www.um.edu.mo\/pt-pt\/wp-json\/wp\/v2\/users\/1"}],"replies":[{"embeddable":true,"href":"https:\/\/www.um.edu.mo\/pt-pt\/wp-json\/wp\/v2\/comments?post=82139"}],"version-history":[{"count":0,"href":"https:\/\/www.um.edu.mo\/pt-pt\/wp-json\/wp\/v2\/posts\/82139\/revisions"}],"wp:attachment":[{"href":"https:\/\/www.um.edu.mo\/pt-pt\/wp-json\/wp\/v2\/media?parent=82139"}],"wp:term":[{"taxonomy":"category","embeddable":true,"href":"https:\/\/www.um.edu.mo\/pt-pt\/wp-json\/wp\/v2\/categories?post=82139"},{"taxonomy":"post_tag","embeddable":true,"href":"https:\/\/www.um.edu.mo\/pt-pt\/wp-json\/wp\/v2\/tags?post=82139"}],"curies":[{"name":"wp","href":"https:\/\/api.w.org\/{rel}","templated":true}]}}