{"id":43971,"date":"2018-06-20T17:29:00","date_gmt":"2018-06-20T16:29:00","guid":{"rendered":"https:\/\/www.um.edu.mo\/news-and-press-releases\/press-release\/2018\/06\/45291-pt_pt\/"},"modified":"2018-06-20T17:29:00","modified_gmt":"2018-06-20T16:29:00","slug":"45291","status":"publish","type":"post","link":"https:\/\/www.um.edu.mo\/pt-pt\/news-and-press-releases\/press-release\/detail\/45291\/","title":{"rendered":"UM realiza reuni\u00e3o conjunta da Assembleia e Conselho da Universidade, Chui espera que a UM redobre os seus esfor\u00e7os para treinar profissionais de alto calibre em v\u00e1rias \u00e1reas"},"content":{"rendered":"\n                        \n                        <p>The University of Macau (UM) yesterday (19 June) held\nthe Joint Meeting of the University Assembly (UA) and University Council (UC)\nfor the 2017\/2018 academic year in its Ho Yin Conference Hall. Chui Sai On,\nchief executive of the Macao SAR, chancellor of UM, and chair of the UA, presided\nover the meeting. Chui said that the Macao SAR government accords great\nimportance to education and hopes UM will redouble its effort to produce\nhigh-calibre professionals in various fields.&nbsp;<\/p><p>Chui said, \u2018We can never stress more the importance of\neducation to our nation and its role in the social and economic progress of the\nMacao community. Talent nurturing has always been at the top of our policy\nagenda and it is our conviction that it is a means to making Macao thrive and\nprosperous. To do that well, therefore, we are optimising education policies\nand we are providing more resources for education. The Hengqin campus brings in\nnew opportunities and now, a new chapter. All this is how we can describe this\nuniversity as we know it today and all this is attributable to the successful\nworkings of One Country Two Systems and no less to the steadfast support of\nhigher education by the central government, the SAR government and the local\ncommunity.\u2019&nbsp;<\/p><p>He said, \u2018I trust that under the concerted efforts of\nits staff, the university will be able to do a good job to measure up to what\nsociety expects of it. On my part, I hold the same expectations of the\nuniversity: keep exploring, make use of the integrated learning approach to\nproduce a great education in various disciplines, be innovation-spirited and be\nreactive to the socio-economic developments of our society.\u2019 He added, \u2018The\nUniversity of Macau is a public comprehensive tertiary education institution,\nwhich obliges it to carry on with the important mission of talent nurturing and\nensure that there be adequate talent to sustain the successful operation of One\nCountry Two Systems.\u2019&nbsp;<\/p><p><\/p><p>University Council Chair Lam Kam Seng delivered a report\non the UC\u2019s work over the past academic year. He said that in the past year, UM\nproduced good results in the selection of a new rector, in nurturing talent and\nleveraging the university\u2019s teaching and research forte, and in instituting a\nregime of intellectual property protection to encourage the application of\nresearch output. In conclusion, Lam said a new chapter of local higher\neducation is now open to us as the Higher Education Regime is to be operative\nsoon, and UM will position itself well for that.&nbsp;<\/p><p>Rector Yonghua Song reported the university\u2019s progress in various areas,\nincluding talent development, teaching, and scientific research. He said UM has\nproduced good results in technological innovations, and in the future the\nuniversity will redouble its effort to train multidisciplinary graduates with\ncreative thinking skills. Currently, UM is preparing for the establishment of a\nthird state key laboratory in smart cities and the Internet of Things. It will\nactively integrate into the Greater Bay Area and participate in national\nresearch projects, and establish a mechanism for research collaboration, in\norder to increase the innovativeness and impact of research output, and\ncontribute to the moderate diversification of Macao\u2019s economy and the\ndevelopment of the Greater Bay Area.&nbsp;<\/p><p>Secretary for Social Affairs and Culture Tam Chon Weng\nhosted a dinner for UA and UC members after the joint meeting to thank them for\ntheir hard work in the past year. Secretary Tam pledged continued support for\nUM and expressed hope that UM will produce more high-calibre professionals in\nscience and technology to help Macao integrate into the Greater Bay Area and\nrealise the moderate diversification of its economy.&nbsp;<\/p><p>\n\n\n\n\n\n\n\n\n\n\n\n\n\n\n\n\n\n\n\n\n\n\n\n<\/p><p>The UA and the UC consist of prominent members of the\ncommunity, UM\u2019s management, as well as representatives of faculty members, students,\nand alumni. The following individuals attended this year\u2019s UAUC Joint Meeting:\nChui Sai On, Lam Kam Seng, Lei Pui Lam, Wong Chong Fat, Lau Veng Lin, Ng Fok,\nSiu Yin Wai, Zhou Ligao, Susana Chou, Wong King Keung, Lao Ngai Leong, Cheng\nKar Shing, Fok Chun-wan, Tse Chi Wai, Anabela F\u00e1tima Xavier Sales Ritchie, Tong\nChi Kin, Kou Kam Fai, Au Chong Kit, Huen Wing Ming, Ip Peng Kin, Sou Chio Fai, Lou\nPak Sang, Iong Kong Leong, Yonghua Song, Lionel Ni, Rui Martins, Kou Mei, Jacky\nSo, Hong Gang Jin, Iu Vai Pan, Wong Pak Kin, Ao Peng Kong, Kot Man Kam, Ieong\nMan In, Ouyang Mingcong, Leung Kai Chun (secretary of UA and secretary general\nof UC ). Those who sat in on the meeting included Secretary for Social Affairs\nand Culture Tam Chon Weng, and Chief of the Office of the Chief Executive O\nLam.&nbsp;<\/p><p>For the full version, please refer to the&nbsp;<a href=\"http:\/\/www.umac.mo\/zh-hant\/news-centre\/news-and-events\/news-and-press-releases\/detail\/45291\">Chinese version<\/a>.&nbsp;<\/p><p>Source:&nbsp;Communications Office<\/p><p>Media Contact Information:\nCommunications Office, University of Macau<\/p><p>\n\n\n\n\n\n<\/p><p>Albee Lei\n&nbsp;Tel\uff1a(853) 88228004\nKelvin U &nbsp;Tel\uff1a(853) 88224322\nEmail\uff1aprs.media@um.edu.mo\nUM Website\uff1awww.umac.mo<\/p><p>\n\n\n\n\n\n\n\n\n\n\n\n\n\n\n\n\n\n<\/p><p>&nbsp;<\/p><p><\/p>\n                        \n                        ","protected":false},"excerpt":{"rendered":"<p>The University of Macau (UM) yesterday (19 June) held the Joint Meeting of the University Assembly (UA) and University Council (UC) for the 2017\/2018 academic year in its Ho Yin&#8230;<\/p>\n","protected":false},"author":1,"featured_media":43972,"comment_status":"closed","ping_status":"open","sticky":false,"template":"","format":"standard","meta":{"_acf_changed":false,"footnotes":""},"categories":[60],"tags":[],"class_list":["post-43971","post","type-post","status-publish","format-standard","has-post-thumbnail","hentry","category-press-release"],"acf":[],"yoast_head":"<!-- This site is optimized with the Yoast SEO plugin v24.5 - https:\/\/yoast.com\/wordpress\/plugins\/seo\/ -->\n<title>UM realiza reuni\u00e3o conjunta da Assembleia e Conselho da Universidade, Chui espera que a UM redobre os seus esfor\u00e7os para treinar profissionais de alto calibre em v\u00e1rias \u00e1reas | Universidade de Macau<\/title>\n<meta name=\"description\" content=\"Universidade de Macau: Uma universidade abrangente p\u00fablica de n\u00edvel internacional fundada em 1981\" \/>\n<meta name=\"robots\" content=\"index, follow, max-snippet:-1, max-image-preview:large, max-video-preview:-1\" \/>\n<link rel=\"canonical\" href=\"https:\/\/www.um.edu.mo\/pt-pt\/news-and-press-releases\/press-release\/detail\/45291\/\" \/>\n<meta property=\"og:locale\" content=\"pt_PT\" \/>\n<meta property=\"og:type\" content=\"article\" \/>\n<meta property=\"og:title\" content=\"UM realiza reuni\u00e3o conjunta da Assembleia e Conselho da Universidade, Chui espera que a UM redobre os seus esfor\u00e7os para treinar profissionais de alto calibre em v\u00e1rias \u00e1reas | Universidade de Macau\" \/>\n<meta property=\"og:description\" content=\"Universidade de Macau: Uma universidade abrangente p\u00fablica de n\u00edvel internacional fundada em 1981\" \/>\n<meta property=\"og:url\" content=\"https:\/\/www.um.edu.mo\/pt-pt\/news-and-press-releases\/press-release\/detail\/45291\/\" \/>\n<meta property=\"og:site_name\" content=\"Universidade de Macau\" \/>\n<meta property=\"article:publisher\" content=\"https:\/\/www.facebook.com\/universityofmacau\" \/>\n<meta property=\"article:published_time\" content=\"2018-06-20T16:29:00+00:00\" \/>\n<meta property=\"og:image\" content=\"https:\/\/www.um.edu.mo\/wp-content\/uploads\/2020\/10\/43971-1_resized.jpg\" \/>\n\t<meta property=\"og:image:width\" content=\"2052\" \/>\n\t<meta property=\"og:image:height\" content=\"1138\" \/>\n\t<meta property=\"og:image:type\" content=\"image\/jpeg\" \/>\n<meta name=\"author\" content=\"web_admin\" \/>\n<meta name=\"twitter:card\" content=\"summary_large_image\" \/>\n<meta name=\"twitter:creator\" content=\"@UM_1981\" \/>\n<meta name=\"twitter:site\" content=\"@UM_1981\" \/>\n<meta name=\"twitter:label1\" content=\"Escrito por\" \/>\n\t<meta name=\"twitter:data1\" content=\"web_admin\" \/>\n\t<meta name=\"twitter:label2\" content=\"Tempo estimado de leitura\" \/>\n\t<meta name=\"twitter:data2\" content=\"4 minutos\" \/>\n<script type=\"application\/ld+json\" class=\"yoast-schema-graph\">{\"@context\":\"https:\/\/schema.org\",\"@graph\":[{\"@type\":\"Article\",\"@id\":\"https:\/\/www.um.edu.mo\/pt-pt\/news-and-press-releases\/press-release\/detail\/45291\/#article\",\"isPartOf\":{\"@id\":\"https:\/\/www.um.edu.mo\/pt-pt\/news-and-press-releases\/press-release\/detail\/45291\/\"},\"author\":{\"name\":\"web_admin\",\"@id\":\"https:\/\/www.um.edu.mo\/pt-pt\/#\/schema\/person\/bfdcd3a75d1b778a93663e5dee2e33bb\"},\"headline\":\"UM realiza reuni\u00e3o conjunta da Assembleia e Conselho da Universidade, Chui espera que a UM redobre os seus esfor\u00e7os para treinar profissionais de alto calibre em v\u00e1rias \u00e1reas\",\"datePublished\":\"2018-06-20T16:29:00+00:00\",\"mainEntityOfPage\":{\"@id\":\"https:\/\/www.um.edu.mo\/pt-pt\/news-and-press-releases\/press-release\/detail\/45291\/\"},\"wordCount\":866,\"publisher\":{\"@id\":\"https:\/\/www.um.edu.mo\/pt-pt\/#organization\"},\"image\":{\"@id\":\"https:\/\/www.um.edu.mo\/pt-pt\/news-and-press-releases\/press-release\/detail\/45291\/#primaryimage\"},\"thumbnailUrl\":\"https:\/\/www.um.edu.mo\/wp-content\/uploads\/2020\/10\/43971-1_resized.jpg\",\"articleSection\":[\"Comunicado de Imprensa\"],\"inLanguage\":\"pt-PT\"},{\"@type\":\"WebPage\",\"@id\":\"https:\/\/www.um.edu.mo\/pt-pt\/news-and-press-releases\/press-release\/detail\/45291\/\",\"url\":\"https:\/\/www.um.edu.mo\/pt-pt\/news-and-press-releases\/press-release\/detail\/45291\/\",\"name\":\"UM realiza reuni\u00e3o conjunta da Assembleia e Conselho da Universidade, Chui espera que a UM redobre os seus esfor\u00e7os para treinar profissionais de alto calibre em v\u00e1rias \u00e1reas | Universidade de Macau\",\"isPartOf\":{\"@id\":\"https:\/\/www.um.edu.mo\/pt-pt\/#website\"},\"primaryImageOfPage\":{\"@id\":\"https:\/\/www.um.edu.mo\/pt-pt\/news-and-press-releases\/press-release\/detail\/45291\/#primaryimage\"},\"image\":{\"@id\":\"https:\/\/www.um.edu.mo\/pt-pt\/news-and-press-releases\/press-release\/detail\/45291\/#primaryimage\"},\"thumbnailUrl\":\"https:\/\/www.um.edu.mo\/wp-content\/uploads\/2020\/10\/43971-1_resized.jpg\",\"datePublished\":\"2018-06-20T16:29:00+00:00\",\"description\":\"Universidade de Macau: Uma universidade abrangente p\u00fablica de n\u00edvel internacional fundada em 1981\",\"breadcrumb\":{\"@id\":\"https:\/\/www.um.edu.mo\/pt-pt\/news-and-press-releases\/press-release\/detail\/45291\/#breadcrumb\"},\"inLanguage\":\"pt-PT\",\"potentialAction\":[{\"@type\":\"ReadAction\",\"target\":[\"https:\/\/www.um.edu.mo\/pt-pt\/news-and-press-releases\/press-release\/detail\/45291\/\"]}]},{\"@type\":\"ImageObject\",\"inLanguage\":\"pt-PT\",\"@id\":\"https:\/\/www.um.edu.mo\/pt-pt\/news-and-press-releases\/press-release\/detail\/45291\/#primaryimage\",\"url\":\"https:\/\/www.um.edu.mo\/wp-content\/uploads\/2020\/10\/43971-1_resized.jpg\",\"contentUrl\":\"https:\/\/www.um.edu.mo\/wp-content\/uploads\/2020\/10\/43971-1_resized.jpg\",\"width\":2052,\"height\":1138},{\"@type\":\"BreadcrumbList\",\"@id\":\"https:\/\/www.um.edu.mo\/pt-pt\/news-and-press-releases\/press-release\/detail\/45291\/#breadcrumb\",\"itemListElement\":[{\"@type\":\"ListItem\",\"position\":1,\"name\":\"P\u00e1gina inicial\",\"item\":\"https:\/\/www.um.edu.mo\/pt-pt\/\"},{\"@type\":\"ListItem\",\"position\":2,\"name\":\"Not\u00edcias e Comunicados de Imprensa\",\"item\":\"https:\/\/www.um.edu.mo\/pt-pt\/category\/news-and-press-releases\/\"},{\"@type\":\"ListItem\",\"position\":3,\"name\":\"Comunicado de Imprensa\",\"item\":\"https:\/\/www.um.edu.mo\/pt-pt\/category\/news-and-press-releases\/press-release\/\"},{\"@type\":\"ListItem\",\"position\":4,\"name\":\"UM realiza reuni\u00e3o conjunta da Assembleia e Conselho da Universidade, Chui espera que a UM redobre os seus esfor\u00e7os para treinar profissionais de alto calibre em v\u00e1rias \u00e1reas\"}]},{\"@type\":\"WebSite\",\"@id\":\"https:\/\/www.um.edu.mo\/pt-pt\/#website\",\"url\":\"https:\/\/www.um.edu.mo\/pt-pt\/\",\"name\":\"Universidade de Macau\",\"description\":\"\",\"publisher\":{\"@id\":\"https:\/\/www.um.edu.mo\/pt-pt\/#organization\"},\"potentialAction\":[{\"@type\":\"SearchAction\",\"target\":{\"@type\":\"EntryPoint\",\"urlTemplate\":\"https:\/\/www.um.edu.mo\/pt-pt\/?s={search_term_string}\"},\"query-input\":{\"@type\":\"PropertyValueSpecification\",\"valueRequired\":true,\"valueName\":\"search_term_string\"}}],\"inLanguage\":\"pt-PT\"},{\"@type\":\"Organization\",\"@id\":\"https:\/\/www.um.edu.mo\/pt-pt\/#organization\",\"name\":\"University of Macau\",\"url\":\"https:\/\/www.um.edu.mo\/pt-pt\/\",\"logo\":{\"@type\":\"ImageObject\",\"inLanguage\":\"pt-PT\",\"@id\":\"https:\/\/www.um.edu.mo\/pt-pt\/#\/schema\/logo\/image\/\",\"url\":\"https:\/\/www.um.edu.mo\/wp-content\/uploads\/2020\/09\/UM-Logo_V-Black.png\",\"contentUrl\":\"https:\/\/www.um.edu.mo\/wp-content\/uploads\/2020\/09\/UM-Logo_V-Black.png\",\"width\":3508,\"height\":2785,\"caption\":\"University of Macau\"},\"image\":{\"@id\":\"https:\/\/www.um.edu.mo\/pt-pt\/#\/schema\/logo\/image\/\"},\"sameAs\":[\"https:\/\/www.facebook.com\/universityofmacau\",\"https:\/\/x.com\/UM_1981\"]},{\"@type\":\"Person\",\"@id\":\"https:\/\/www.um.edu.mo\/pt-pt\/#\/schema\/person\/bfdcd3a75d1b778a93663e5dee2e33bb\",\"name\":\"web_admin\",\"image\":{\"@type\":\"ImageObject\",\"inLanguage\":\"pt-PT\",\"@id\":\"https:\/\/www.um.edu.mo\/pt-pt\/#\/schema\/person\/image\/\",\"url\":\"https:\/\/secure.gravatar.com\/avatar\/e230ccd9ba8eb5ce94ecf306e4a35399?s=96&d=mm&r=g\",\"contentUrl\":\"https:\/\/secure.gravatar.com\/avatar\/e230ccd9ba8eb5ce94ecf306e4a35399?s=96&d=mm&r=g\",\"caption\":\"web_admin\"}}]}<\/script>\n<!-- \/ Yoast SEO plugin. -->","yoast_head_json":{"title":"UM realiza reuni\u00e3o conjunta da Assembleia e Conselho da Universidade, Chui espera que a UM redobre os seus esfor\u00e7os para treinar profissionais de alto calibre em v\u00e1rias \u00e1reas | Universidade de Macau","description":"Universidade de Macau: Uma universidade abrangente p\u00fablica de n\u00edvel internacional fundada em 1981","robots":{"index":"index","follow":"follow","max-snippet":"max-snippet:-1","max-image-preview":"max-image-preview:large","max-video-preview":"max-video-preview:-1"},"canonical":"https:\/\/www.um.edu.mo\/pt-pt\/news-and-press-releases\/press-release\/detail\/45291\/","og_locale":"pt_PT","og_type":"article","og_title":"UM realiza reuni\u00e3o conjunta da Assembleia e Conselho da Universidade, Chui espera que a UM redobre os seus esfor\u00e7os para treinar profissionais de alto calibre em v\u00e1rias \u00e1reas | Universidade de Macau","og_description":"Universidade de Macau: Uma universidade abrangente p\u00fablica de n\u00edvel internacional fundada em 1981","og_url":"https:\/\/www.um.edu.mo\/pt-pt\/news-and-press-releases\/press-release\/detail\/45291\/","og_site_name":"Universidade de Macau","article_publisher":"https:\/\/www.facebook.com\/universityofmacau","article_published_time":"2018-06-20T16:29:00+00:00","og_image":[{"width":2052,"height":1138,"url":"https:\/\/www.um.edu.mo\/wp-content\/uploads\/2020\/10\/43971-1_resized.jpg","type":"image\/jpeg"}],"author":"web_admin","twitter_card":"summary_large_image","twitter_creator":"@UM_1981","twitter_site":"@UM_1981","twitter_misc":{"Escrito por":"web_admin","Tempo estimado de leitura":"4 minutos"},"schema":{"@context":"https:\/\/schema.org","@graph":[{"@type":"Article","@id":"https:\/\/www.um.edu.mo\/pt-pt\/news-and-press-releases\/press-release\/detail\/45291\/#article","isPartOf":{"@id":"https:\/\/www.um.edu.mo\/pt-pt\/news-and-press-releases\/press-release\/detail\/45291\/"},"author":{"name":"web_admin","@id":"https:\/\/www.um.edu.mo\/pt-pt\/#\/schema\/person\/bfdcd3a75d1b778a93663e5dee2e33bb"},"headline":"UM realiza reuni\u00e3o conjunta da Assembleia e Conselho da Universidade, Chui espera que a UM redobre os seus esfor\u00e7os para treinar profissionais de alto calibre em v\u00e1rias \u00e1reas","datePublished":"2018-06-20T16:29:00+00:00","mainEntityOfPage":{"@id":"https:\/\/www.um.edu.mo\/pt-pt\/news-and-press-releases\/press-release\/detail\/45291\/"},"wordCount":866,"publisher":{"@id":"https:\/\/www.um.edu.mo\/pt-pt\/#organization"},"image":{"@id":"https:\/\/www.um.edu.mo\/pt-pt\/news-and-press-releases\/press-release\/detail\/45291\/#primaryimage"},"thumbnailUrl":"https:\/\/www.um.edu.mo\/wp-content\/uploads\/2020\/10\/43971-1_resized.jpg","articleSection":["Comunicado de Imprensa"],"inLanguage":"pt-PT"},{"@type":"WebPage","@id":"https:\/\/www.um.edu.mo\/pt-pt\/news-and-press-releases\/press-release\/detail\/45291\/","url":"https:\/\/www.um.edu.mo\/pt-pt\/news-and-press-releases\/press-release\/detail\/45291\/","name":"UM realiza reuni\u00e3o conjunta da Assembleia e Conselho da Universidade, Chui espera que a UM redobre os seus esfor\u00e7os para treinar profissionais de alto calibre em v\u00e1rias \u00e1reas | Universidade de Macau","isPartOf":{"@id":"https:\/\/www.um.edu.mo\/pt-pt\/#website"},"primaryImageOfPage":{"@id":"https:\/\/www.um.edu.mo\/pt-pt\/news-and-press-releases\/press-release\/detail\/45291\/#primaryimage"},"image":{"@id":"https:\/\/www.um.edu.mo\/pt-pt\/news-and-press-releases\/press-release\/detail\/45291\/#primaryimage"},"thumbnailUrl":"https:\/\/www.um.edu.mo\/wp-content\/uploads\/2020\/10\/43971-1_resized.jpg","datePublished":"2018-06-20T16:29:00+00:00","description":"Universidade de Macau: Uma universidade abrangente p\u00fablica de n\u00edvel internacional fundada em 1981","breadcrumb":{"@id":"https:\/\/www.um.edu.mo\/pt-pt\/news-and-press-releases\/press-release\/detail\/45291\/#breadcrumb"},"inLanguage":"pt-PT","potentialAction":[{"@type":"ReadAction","target":["https:\/\/www.um.edu.mo\/pt-pt\/news-and-press-releases\/press-release\/detail\/45291\/"]}]},{"@type":"ImageObject","inLanguage":"pt-PT","@id":"https:\/\/www.um.edu.mo\/pt-pt\/news-and-press-releases\/press-release\/detail\/45291\/#primaryimage","url":"https:\/\/www.um.edu.mo\/wp-content\/uploads\/2020\/10\/43971-1_resized.jpg","contentUrl":"https:\/\/www.um.edu.mo\/wp-content\/uploads\/2020\/10\/43971-1_resized.jpg","width":2052,"height":1138},{"@type":"BreadcrumbList","@id":"https:\/\/www.um.edu.mo\/pt-pt\/news-and-press-releases\/press-release\/detail\/45291\/#breadcrumb","itemListElement":[{"@type":"ListItem","position":1,"name":"P\u00e1gina inicial","item":"https:\/\/www.um.edu.mo\/pt-pt\/"},{"@type":"ListItem","position":2,"name":"Not\u00edcias e Comunicados de Imprensa","item":"https:\/\/www.um.edu.mo\/pt-pt\/category\/news-and-press-releases\/"},{"@type":"ListItem","position":3,"name":"Comunicado de Imprensa","item":"https:\/\/www.um.edu.mo\/pt-pt\/category\/news-and-press-releases\/press-release\/"},{"@type":"ListItem","position":4,"name":"UM realiza reuni\u00e3o conjunta da Assembleia e Conselho da Universidade, Chui espera que a UM redobre os seus esfor\u00e7os para treinar profissionais de alto calibre em v\u00e1rias \u00e1reas"}]},{"@type":"WebSite","@id":"https:\/\/www.um.edu.mo\/pt-pt\/#website","url":"https:\/\/www.um.edu.mo\/pt-pt\/","name":"Universidade de Macau","description":"","publisher":{"@id":"https:\/\/www.um.edu.mo\/pt-pt\/#organization"},"potentialAction":[{"@type":"SearchAction","target":{"@type":"EntryPoint","urlTemplate":"https:\/\/www.um.edu.mo\/pt-pt\/?s={search_term_string}"},"query-input":{"@type":"PropertyValueSpecification","valueRequired":true,"valueName":"search_term_string"}}],"inLanguage":"pt-PT"},{"@type":"Organization","@id":"https:\/\/www.um.edu.mo\/pt-pt\/#organization","name":"University of Macau","url":"https:\/\/www.um.edu.mo\/pt-pt\/","logo":{"@type":"ImageObject","inLanguage":"pt-PT","@id":"https:\/\/www.um.edu.mo\/pt-pt\/#\/schema\/logo\/image\/","url":"https:\/\/www.um.edu.mo\/wp-content\/uploads\/2020\/09\/UM-Logo_V-Black.png","contentUrl":"https:\/\/www.um.edu.mo\/wp-content\/uploads\/2020\/09\/UM-Logo_V-Black.png","width":3508,"height":2785,"caption":"University of Macau"},"image":{"@id":"https:\/\/www.um.edu.mo\/pt-pt\/#\/schema\/logo\/image\/"},"sameAs":["https:\/\/www.facebook.com\/universityofmacau","https:\/\/x.com\/UM_1981"]},{"@type":"Person","@id":"https:\/\/www.um.edu.mo\/pt-pt\/#\/schema\/person\/bfdcd3a75d1b778a93663e5dee2e33bb","name":"web_admin","image":{"@type":"ImageObject","inLanguage":"pt-PT","@id":"https:\/\/www.um.edu.mo\/pt-pt\/#\/schema\/person\/image\/","url":"https:\/\/secure.gravatar.com\/avatar\/e230ccd9ba8eb5ce94ecf306e4a35399?s=96&d=mm&r=g","contentUrl":"https:\/\/secure.gravatar.com\/avatar\/e230ccd9ba8eb5ce94ecf306e4a35399?s=96&d=mm&r=g","caption":"web_admin"}}]}},"_links":{"self":[{"href":"https:\/\/www.um.edu.mo\/pt-pt\/wp-json\/wp\/v2\/posts\/43971","targetHints":{"allow":["GET"]}}],"collection":[{"href":"https:\/\/www.um.edu.mo\/pt-pt\/wp-json\/wp\/v2\/posts"}],"about":[{"href":"https:\/\/www.um.edu.mo\/pt-pt\/wp-json\/wp\/v2\/types\/post"}],"author":[{"embeddable":true,"href":"https:\/\/www.um.edu.mo\/pt-pt\/wp-json\/wp\/v2\/users\/1"}],"replies":[{"embeddable":true,"href":"https:\/\/www.um.edu.mo\/pt-pt\/wp-json\/wp\/v2\/comments?post=43971"}],"version-history":[{"count":0,"href":"https:\/\/www.um.edu.mo\/pt-pt\/wp-json\/wp\/v2\/posts\/43971\/revisions"}],"wp:featuredmedia":[{"embeddable":true,"href":"https:\/\/www.um.edu.mo\/pt-pt\/wp-json\/wp\/v2\/media\/43972"}],"wp:attachment":[{"href":"https:\/\/www.um.edu.mo\/pt-pt\/wp-json\/wp\/v2\/media?parent=43971"}],"wp:term":[{"taxonomy":"category","embeddable":true,"href":"https:\/\/www.um.edu.mo\/pt-pt\/wp-json\/wp\/v2\/categories?post=43971"},{"taxonomy":"post_tag","embeddable":true,"href":"https:\/\/www.um.edu.mo\/pt-pt\/wp-json\/wp\/v2\/tags?post=43971"}],"curies":[{"name":"wp","href":"https:\/\/api.w.org\/{rel}","templated":true}]}}