{"id":421582,"date":"2025-07-10T14:49:24","date_gmt":"2025-07-10T06:49:24","guid":{"rendered":"https:\/\/www.um.edu.mo\/news-and-press-releases\/press-release\/detail\/61484-2\/"},"modified":"2025-07-15T15:04:20","modified_gmt":"2025-07-15T07:04:20","slug":"61484","status":"publish","type":"post","link":"https:\/\/www.um.edu.mo\/pt-pt\/news-and-press-releases\/press-release\/detail\/61484\/","title":{"rendered":"Estudante e docente da UM recebem pr\u00e9mio de melhor artigo em f\u00f3rum sobre sistemas de col\u00e9gios residenciais"},"content":{"rendered":"\n                        \n                        <p>A delegation from the residential colleges of the University of Macau (UM) attended the 10th Educational Forum on Modern Residential College System&nbsp;held at Xi\u2019an Jiaotong University. The event brought together over&nbsp;300 experts, scholars, faculty, and students from more than 40 universities in the Chinese mainland, Hong Kong, Macao, and Taiwan to share experiences on residential college education. A paper presented by a UM faculty member and a student at the forum received positive feedback from experts and won an outstanding paper award.<\/p><p>Under the theme \u2018innovation in residential college system amid the digital transformation of education\u2019, the forum featured keynote speeches, special reports, sub-forum discussions, visits, and exchange sessions. Wong Man Chung, college master of Cheong Kun Lun College (CKLC) at UM, delivered a keynote speech on the implementation of whole-person education at CKLC. Lin Jiayin, a student of Stanley Ho East Asia College (SHEAC) at UM, and Chan U Wai, resident fellow of SHEAC, received an&nbsp;outstanding paper award for their paper. In addition, a paper by Seng I Teng,&nbsp;resident fellow of Chao Kuang Piu College at UM,&nbsp;was selected for inclusion in the collection of outstanding papers.<\/p><p><br style=\"text-align: start\" \/><\/p><div><table style=\"max-width: 100%;border-collapse: collapse;border-spacing: 0px;margin: 0px 0px 40px;font-size: 16px;text-align: justify;line-height: 1.9;, Arial, Helvetica, sans-serif\"><tbody><tr><td colspan=\"2\" style=\"vertical-align: top;height: 21px;width: 330.906px\">Source: Student Affairs Office<\/td><\/tr><tr><td style=\"vertical-align: top;height: 21px;width: 152.625px;min-width: 120px\"><\/td><td style=\"vertical-align: top;height: 21px;width: 178.281px\"><\/td><\/tr><tr><td colspan=\"2\" style=\"vertical-align: top;height: 21px;width: 330.906px\">Media Contact Information:<\/td><\/tr><tr><td colspan=\"2\" style=\"vertical-align: top;height: 12px;width: 330.906px\">Communications Office, University of Macau<\/td><\/tr><tr><td style=\"vertical-align: top;height: 21px;width: 152.625px;min-width: 120px\"><\/td><td style=\"vertical-align: top;height: 21px;width: 178.281px\"><\/td><\/tr><tr><td style=\"vertical-align: top;height: 21px;width: 152.625px;min-width: 120px\">Albee Lei<\/td><td style=\"vertical-align: top;height: 21px;width: 178.281px\">Tel: (853) 8822 8004<\/td><\/tr><tr><td style=\"vertical-align: top;height: 21px;width: 152.625px;min-width: 120px\">Jason Leong<\/td><td style=\"vertical-align: top;height: 21px;width: 178.281px\">Tel: (853) 8822 8322<\/td><\/tr><tr><td style=\"vertical-align: top;height: 21px;width: 152.625px;min-width: 120px\">Email:<\/td><td style=\"vertical-align: top;height: 21px;width: 178.281px\"><a href=\"mailto:prs.media@um.edu.mo\">prs.media@um.edu.mo<\/a><\/td><\/tr><\/tbody><\/table><\/div>\n                        \n                        ","protected":false},"excerpt":{"rendered":"<p>A delegation from the residential colleges of the University of Macau (UM) attended the 10th Educational Forum on Modern Residential College System&nbsp;held at Xi\u2019an Jiaotong University. The event brought together&#8230;<\/p>\n","protected":false},"author":1,"featured_media":422470,"comment_status":"closed","ping_status":"closed","sticky":false,"template":"","format":"standard","meta":{"_acf_changed":false,"footnotes":""},"categories":[60],"tags":[],"class_list":["post-421582","post","type-post","status-publish","format-standard","has-post-thumbnail","hentry","category-press-release"],"acf":[],"yoast_head":"<!-- This site is optimized with the Yoast SEO plugin v24.5 - https:\/\/yoast.com\/wordpress\/plugins\/seo\/ -->\n<title>Estudante e docente da UM recebem pr\u00e9mio de melhor artigo em f\u00f3rum sobre sistemas de col\u00e9gios residenciais | Universidade de Macau<\/title>\n<meta name=\"description\" content=\"Universidade de Macau: Uma universidade abrangente p\u00fablica de n\u00edvel internacional fundada em 1981\" \/>\n<meta name=\"robots\" content=\"index, follow, max-snippet:-1, max-image-preview:large, max-video-preview:-1\" \/>\n<link rel=\"canonical\" href=\"https:\/\/www.um.edu.mo\/pt-pt\/news-and-press-releases\/press-release\/detail\/61484\/\" \/>\n<meta property=\"og:locale\" content=\"pt_PT\" \/>\n<meta property=\"og:type\" content=\"article\" \/>\n<meta property=\"og:title\" content=\"Estudante e docente da UM recebem pr\u00e9mio de melhor artigo em f\u00f3rum sobre sistemas de col\u00e9gios residenciais | Universidade de Macau\" \/>\n<meta property=\"og:description\" content=\"Universidade de Macau: Uma universidade abrangente p\u00fablica de n\u00edvel internacional fundada em 1981\" \/>\n<meta property=\"og:url\" content=\"https:\/\/www.um.edu.mo\/pt-pt\/news-and-press-releases\/press-release\/detail\/61484\/\" \/>\n<meta property=\"og:site_name\" content=\"Universidade de Macau\" \/>\n<meta property=\"article:publisher\" content=\"https:\/\/www.facebook.com\/universityofmacau\" \/>\n<meta property=\"article:published_time\" content=\"2025-07-10T06:49:24+00:00\" \/>\n<meta property=\"article:modified_time\" content=\"2025-07-15T07:04:20+00:00\" \/>\n<meta name=\"author\" content=\"web_admin\" \/>\n<meta name=\"twitter:card\" content=\"summary_large_image\" \/>\n<meta name=\"twitter:creator\" content=\"@UM_1981\" \/>\n<meta name=\"twitter:site\" content=\"@UM_1981\" \/>\n<meta name=\"twitter:label1\" content=\"Escrito por\" \/>\n\t<meta name=\"twitter:data1\" content=\"web_admin\" \/>\n\t<meta name=\"twitter:label2\" content=\"Tempo estimado de leitura\" \/>\n\t<meta name=\"twitter:data2\" content=\"1 minuto\" \/>\n<script type=\"application\/ld+json\" class=\"yoast-schema-graph\">{\"@context\":\"https:\/\/schema.org\",\"@graph\":[{\"@type\":\"Article\",\"@id\":\"https:\/\/www.um.edu.mo\/pt-pt\/news-and-press-releases\/press-release\/detail\/61484\/#article\",\"isPartOf\":{\"@id\":\"https:\/\/www.um.edu.mo\/pt-pt\/news-and-press-releases\/press-release\/detail\/61484\/\"},\"author\":{\"name\":\"web_admin\",\"@id\":\"https:\/\/www.um.edu.mo\/pt-pt\/#\/schema\/person\/bfdcd3a75d1b778a93663e5dee2e33bb\"},\"headline\":\"Estudante e docente da UM recebem pr\u00e9mio de melhor artigo em f\u00f3rum sobre sistemas de col\u00e9gios residenciais\",\"datePublished\":\"2025-07-10T06:49:24+00:00\",\"dateModified\":\"2025-07-15T07:04:20+00:00\",\"mainEntityOfPage\":{\"@id\":\"https:\/\/www.um.edu.mo\/pt-pt\/news-and-press-releases\/press-release\/detail\/61484\/\"},\"wordCount\":240,\"publisher\":{\"@id\":\"https:\/\/www.um.edu.mo\/pt-pt\/#organization\"},\"image\":{\"@id\":\"https:\/\/www.um.edu.mo\/pt-pt\/news-and-press-releases\/press-release\/detail\/61484\/#primaryimage\"},\"thumbnailUrl\":\"https:\/\/www.um.edu.mo\/wp-content\/uploads\/2025\/07\/421582-1.jpg\",\"articleSection\":[\"Comunicado de Imprensa\"],\"inLanguage\":\"pt-PT\"},{\"@type\":\"WebPage\",\"@id\":\"https:\/\/www.um.edu.mo\/pt-pt\/news-and-press-releases\/press-release\/detail\/61484\/\",\"url\":\"https:\/\/www.um.edu.mo\/pt-pt\/news-and-press-releases\/press-release\/detail\/61484\/\",\"name\":\"Estudante e docente da UM recebem pr\u00e9mio de melhor artigo em f\u00f3rum sobre sistemas de col\u00e9gios residenciais | Universidade de Macau\",\"isPartOf\":{\"@id\":\"https:\/\/www.um.edu.mo\/pt-pt\/#website\"},\"primaryImageOfPage\":{\"@id\":\"https:\/\/www.um.edu.mo\/pt-pt\/news-and-press-releases\/press-release\/detail\/61484\/#primaryimage\"},\"image\":{\"@id\":\"https:\/\/www.um.edu.mo\/pt-pt\/news-and-press-releases\/press-release\/detail\/61484\/#primaryimage\"},\"thumbnailUrl\":\"https:\/\/www.um.edu.mo\/wp-content\/uploads\/2025\/07\/421582-1.jpg\",\"datePublished\":\"2025-07-10T06:49:24+00:00\",\"dateModified\":\"2025-07-15T07:04:20+00:00\",\"description\":\"Universidade de Macau: Uma universidade abrangente p\u00fablica de n\u00edvel internacional fundada em 1981\",\"breadcrumb\":{\"@id\":\"https:\/\/www.um.edu.mo\/pt-pt\/news-and-press-releases\/press-release\/detail\/61484\/#breadcrumb\"},\"inLanguage\":\"pt-PT\",\"potentialAction\":[{\"@type\":\"ReadAction\",\"target\":[\"https:\/\/www.um.edu.mo\/pt-pt\/news-and-press-releases\/press-release\/detail\/61484\/\"]}]},{\"@type\":\"ImageObject\",\"inLanguage\":\"pt-PT\",\"@id\":\"https:\/\/www.um.edu.mo\/pt-pt\/news-and-press-releases\/press-release\/detail\/61484\/#primaryimage\",\"url\":\"https:\/\/www.um.edu.mo\/wp-content\/uploads\/2025\/07\/421582-1.jpg\",\"contentUrl\":\"https:\/\/www.um.edu.mo\/wp-content\/uploads\/2025\/07\/421582-1.jpg\",\"width\":1020,\"height\":680},{\"@type\":\"BreadcrumbList\",\"@id\":\"https:\/\/www.um.edu.mo\/pt-pt\/news-and-press-releases\/press-release\/detail\/61484\/#breadcrumb\",\"itemListElement\":[{\"@type\":\"ListItem\",\"position\":1,\"name\":\"P\u00e1gina inicial\",\"item\":\"https:\/\/www.um.edu.mo\/pt-pt\/\"},{\"@type\":\"ListItem\",\"position\":2,\"name\":\"Not\u00edcias e Comunicados de Imprensa\",\"item\":\"https:\/\/www.um.edu.mo\/pt-pt\/category\/news-and-press-releases\/\"},{\"@type\":\"ListItem\",\"position\":3,\"name\":\"Comunicado de Imprensa\",\"item\":\"https:\/\/www.um.edu.mo\/pt-pt\/category\/news-and-press-releases\/press-release\/\"},{\"@type\":\"ListItem\",\"position\":4,\"name\":\"Estudante e docente da UM recebem pr\u00e9mio de melhor artigo em f\u00f3rum sobre sistemas de col\u00e9gios residenciais\"}]},{\"@type\":\"WebSite\",\"@id\":\"https:\/\/www.um.edu.mo\/pt-pt\/#website\",\"url\":\"https:\/\/www.um.edu.mo\/pt-pt\/\",\"name\":\"Universidade de Macau\",\"description\":\"\",\"publisher\":{\"@id\":\"https:\/\/www.um.edu.mo\/pt-pt\/#organization\"},\"potentialAction\":[{\"@type\":\"SearchAction\",\"target\":{\"@type\":\"EntryPoint\",\"urlTemplate\":\"https:\/\/www.um.edu.mo\/pt-pt\/?s={search_term_string}\"},\"query-input\":{\"@type\":\"PropertyValueSpecification\",\"valueRequired\":true,\"valueName\":\"search_term_string\"}}],\"inLanguage\":\"pt-PT\"},{\"@type\":\"Organization\",\"@id\":\"https:\/\/www.um.edu.mo\/pt-pt\/#organization\",\"name\":\"University of Macau\",\"url\":\"https:\/\/www.um.edu.mo\/pt-pt\/\",\"logo\":{\"@type\":\"ImageObject\",\"inLanguage\":\"pt-PT\",\"@id\":\"https:\/\/www.um.edu.mo\/pt-pt\/#\/schema\/logo\/image\/\",\"url\":\"https:\/\/www.um.edu.mo\/wp-content\/uploads\/2020\/09\/UM-Logo_V-Black.png\",\"contentUrl\":\"https:\/\/www.um.edu.mo\/wp-content\/uploads\/2020\/09\/UM-Logo_V-Black.png\",\"width\":3508,\"height\":2785,\"caption\":\"University of Macau\"},\"image\":{\"@id\":\"https:\/\/www.um.edu.mo\/pt-pt\/#\/schema\/logo\/image\/\"},\"sameAs\":[\"https:\/\/www.facebook.com\/universityofmacau\",\"https:\/\/x.com\/UM_1981\"]},{\"@type\":\"Person\",\"@id\":\"https:\/\/www.um.edu.mo\/pt-pt\/#\/schema\/person\/bfdcd3a75d1b778a93663e5dee2e33bb\",\"name\":\"web_admin\",\"image\":{\"@type\":\"ImageObject\",\"inLanguage\":\"pt-PT\",\"@id\":\"https:\/\/www.um.edu.mo\/pt-pt\/#\/schema\/person\/image\/\",\"url\":\"https:\/\/secure.gravatar.com\/avatar\/e230ccd9ba8eb5ce94ecf306e4a35399?s=96&d=mm&r=g\",\"contentUrl\":\"https:\/\/secure.gravatar.com\/avatar\/e230ccd9ba8eb5ce94ecf306e4a35399?s=96&d=mm&r=g\",\"caption\":\"web_admin\"}}]}<\/script>\n<!-- \/ Yoast SEO plugin. -->","yoast_head_json":{"title":"Estudante e docente da UM recebem pr\u00e9mio de melhor artigo em f\u00f3rum sobre sistemas de col\u00e9gios residenciais | Universidade de Macau","description":"Universidade de Macau: Uma universidade abrangente p\u00fablica de n\u00edvel internacional fundada em 1981","robots":{"index":"index","follow":"follow","max-snippet":"max-snippet:-1","max-image-preview":"max-image-preview:large","max-video-preview":"max-video-preview:-1"},"canonical":"https:\/\/www.um.edu.mo\/pt-pt\/news-and-press-releases\/press-release\/detail\/61484\/","og_locale":"pt_PT","og_type":"article","og_title":"Estudante e docente da UM recebem pr\u00e9mio de melhor artigo em f\u00f3rum sobre sistemas de col\u00e9gios residenciais | Universidade de Macau","og_description":"Universidade de Macau: Uma universidade abrangente p\u00fablica de n\u00edvel internacional fundada em 1981","og_url":"https:\/\/www.um.edu.mo\/pt-pt\/news-and-press-releases\/press-release\/detail\/61484\/","og_site_name":"Universidade de Macau","article_publisher":"https:\/\/www.facebook.com\/universityofmacau","article_published_time":"2025-07-10T06:49:24+00:00","article_modified_time":"2025-07-15T07:04:20+00:00","author":"web_admin","twitter_card":"summary_large_image","twitter_creator":"@UM_1981","twitter_site":"@UM_1981","twitter_misc":{"Escrito por":"web_admin","Tempo estimado de leitura":"1 minuto"},"schema":{"@context":"https:\/\/schema.org","@graph":[{"@type":"Article","@id":"https:\/\/www.um.edu.mo\/pt-pt\/news-and-press-releases\/press-release\/detail\/61484\/#article","isPartOf":{"@id":"https:\/\/www.um.edu.mo\/pt-pt\/news-and-press-releases\/press-release\/detail\/61484\/"},"author":{"name":"web_admin","@id":"https:\/\/www.um.edu.mo\/pt-pt\/#\/schema\/person\/bfdcd3a75d1b778a93663e5dee2e33bb"},"headline":"Estudante e docente da UM recebem pr\u00e9mio de melhor artigo em f\u00f3rum sobre sistemas de col\u00e9gios residenciais","datePublished":"2025-07-10T06:49:24+00:00","dateModified":"2025-07-15T07:04:20+00:00","mainEntityOfPage":{"@id":"https:\/\/www.um.edu.mo\/pt-pt\/news-and-press-releases\/press-release\/detail\/61484\/"},"wordCount":240,"publisher":{"@id":"https:\/\/www.um.edu.mo\/pt-pt\/#organization"},"image":{"@id":"https:\/\/www.um.edu.mo\/pt-pt\/news-and-press-releases\/press-release\/detail\/61484\/#primaryimage"},"thumbnailUrl":"https:\/\/www.um.edu.mo\/wp-content\/uploads\/2025\/07\/421582-1.jpg","articleSection":["Comunicado de Imprensa"],"inLanguage":"pt-PT"},{"@type":"WebPage","@id":"https:\/\/www.um.edu.mo\/pt-pt\/news-and-press-releases\/press-release\/detail\/61484\/","url":"https:\/\/www.um.edu.mo\/pt-pt\/news-and-press-releases\/press-release\/detail\/61484\/","name":"Estudante e docente da UM recebem pr\u00e9mio de melhor artigo em f\u00f3rum sobre sistemas de col\u00e9gios residenciais | Universidade de Macau","isPartOf":{"@id":"https:\/\/www.um.edu.mo\/pt-pt\/#website"},"primaryImageOfPage":{"@id":"https:\/\/www.um.edu.mo\/pt-pt\/news-and-press-releases\/press-release\/detail\/61484\/#primaryimage"},"image":{"@id":"https:\/\/www.um.edu.mo\/pt-pt\/news-and-press-releases\/press-release\/detail\/61484\/#primaryimage"},"thumbnailUrl":"https:\/\/www.um.edu.mo\/wp-content\/uploads\/2025\/07\/421582-1.jpg","datePublished":"2025-07-10T06:49:24+00:00","dateModified":"2025-07-15T07:04:20+00:00","description":"Universidade de Macau: Uma universidade abrangente p\u00fablica de n\u00edvel internacional fundada em 1981","breadcrumb":{"@id":"https:\/\/www.um.edu.mo\/pt-pt\/news-and-press-releases\/press-release\/detail\/61484\/#breadcrumb"},"inLanguage":"pt-PT","potentialAction":[{"@type":"ReadAction","target":["https:\/\/www.um.edu.mo\/pt-pt\/news-and-press-releases\/press-release\/detail\/61484\/"]}]},{"@type":"ImageObject","inLanguage":"pt-PT","@id":"https:\/\/www.um.edu.mo\/pt-pt\/news-and-press-releases\/press-release\/detail\/61484\/#primaryimage","url":"https:\/\/www.um.edu.mo\/wp-content\/uploads\/2025\/07\/421582-1.jpg","contentUrl":"https:\/\/www.um.edu.mo\/wp-content\/uploads\/2025\/07\/421582-1.jpg","width":1020,"height":680},{"@type":"BreadcrumbList","@id":"https:\/\/www.um.edu.mo\/pt-pt\/news-and-press-releases\/press-release\/detail\/61484\/#breadcrumb","itemListElement":[{"@type":"ListItem","position":1,"name":"P\u00e1gina inicial","item":"https:\/\/www.um.edu.mo\/pt-pt\/"},{"@type":"ListItem","position":2,"name":"Not\u00edcias e Comunicados de Imprensa","item":"https:\/\/www.um.edu.mo\/pt-pt\/category\/news-and-press-releases\/"},{"@type":"ListItem","position":3,"name":"Comunicado de Imprensa","item":"https:\/\/www.um.edu.mo\/pt-pt\/category\/news-and-press-releases\/press-release\/"},{"@type":"ListItem","position":4,"name":"Estudante e docente da UM recebem pr\u00e9mio de melhor artigo em f\u00f3rum sobre sistemas de col\u00e9gios residenciais"}]},{"@type":"WebSite","@id":"https:\/\/www.um.edu.mo\/pt-pt\/#website","url":"https:\/\/www.um.edu.mo\/pt-pt\/","name":"Universidade de Macau","description":"","publisher":{"@id":"https:\/\/www.um.edu.mo\/pt-pt\/#organization"},"potentialAction":[{"@type":"SearchAction","target":{"@type":"EntryPoint","urlTemplate":"https:\/\/www.um.edu.mo\/pt-pt\/?s={search_term_string}"},"query-input":{"@type":"PropertyValueSpecification","valueRequired":true,"valueName":"search_term_string"}}],"inLanguage":"pt-PT"},{"@type":"Organization","@id":"https:\/\/www.um.edu.mo\/pt-pt\/#organization","name":"University of Macau","url":"https:\/\/www.um.edu.mo\/pt-pt\/","logo":{"@type":"ImageObject","inLanguage":"pt-PT","@id":"https:\/\/www.um.edu.mo\/pt-pt\/#\/schema\/logo\/image\/","url":"https:\/\/www.um.edu.mo\/wp-content\/uploads\/2020\/09\/UM-Logo_V-Black.png","contentUrl":"https:\/\/www.um.edu.mo\/wp-content\/uploads\/2020\/09\/UM-Logo_V-Black.png","width":3508,"height":2785,"caption":"University of Macau"},"image":{"@id":"https:\/\/www.um.edu.mo\/pt-pt\/#\/schema\/logo\/image\/"},"sameAs":["https:\/\/www.facebook.com\/universityofmacau","https:\/\/x.com\/UM_1981"]},{"@type":"Person","@id":"https:\/\/www.um.edu.mo\/pt-pt\/#\/schema\/person\/bfdcd3a75d1b778a93663e5dee2e33bb","name":"web_admin","image":{"@type":"ImageObject","inLanguage":"pt-PT","@id":"https:\/\/www.um.edu.mo\/pt-pt\/#\/schema\/person\/image\/","url":"https:\/\/secure.gravatar.com\/avatar\/e230ccd9ba8eb5ce94ecf306e4a35399?s=96&d=mm&r=g","contentUrl":"https:\/\/secure.gravatar.com\/avatar\/e230ccd9ba8eb5ce94ecf306e4a35399?s=96&d=mm&r=g","caption":"web_admin"}}]}},"_links":{"self":[{"href":"https:\/\/www.um.edu.mo\/pt-pt\/wp-json\/wp\/v2\/posts\/421582","targetHints":{"allow":["GET"]}}],"collection":[{"href":"https:\/\/www.um.edu.mo\/pt-pt\/wp-json\/wp\/v2\/posts"}],"about":[{"href":"https:\/\/www.um.edu.mo\/pt-pt\/wp-json\/wp\/v2\/types\/post"}],"author":[{"embeddable":true,"href":"https:\/\/www.um.edu.mo\/pt-pt\/wp-json\/wp\/v2\/users\/1"}],"replies":[{"embeddable":true,"href":"https:\/\/www.um.edu.mo\/pt-pt\/wp-json\/wp\/v2\/comments?post=421582"}],"version-history":[{"count":2,"href":"https:\/\/www.um.edu.mo\/pt-pt\/wp-json\/wp\/v2\/posts\/421582\/revisions"}],"predecessor-version":[{"id":422467,"href":"https:\/\/www.um.edu.mo\/pt-pt\/wp-json\/wp\/v2\/posts\/421582\/revisions\/422467"}],"wp:featuredmedia":[{"embeddable":true,"href":"https:\/\/www.um.edu.mo\/pt-pt\/wp-json\/wp\/v2\/media\/422470"}],"wp:attachment":[{"href":"https:\/\/www.um.edu.mo\/pt-pt\/wp-json\/wp\/v2\/media?parent=421582"}],"wp:term":[{"taxonomy":"category","embeddable":true,"href":"https:\/\/www.um.edu.mo\/pt-pt\/wp-json\/wp\/v2\/categories?post=421582"},{"taxonomy":"post_tag","embeddable":true,"href":"https:\/\/www.um.edu.mo\/pt-pt\/wp-json\/wp\/v2\/tags?post=421582"}],"curies":[{"name":"wp","href":"https:\/\/api.w.org\/{rel}","templated":true}]}}