{"id":409081,"date":"2025-05-24T20:57:26","date_gmt":"2025-05-24T12:57:26","guid":{"rendered":"https:\/\/www.um.edu.mo\/news-and-press-releases\/press-release\/detail\/61217-2\/"},"modified":"2025-05-29T15:26:10","modified_gmt":"2025-05-29T07:26:10","slug":"61217","status":"publish","type":"post","link":"https:\/\/www.um.edu.mo\/pt-pt\/news-and-press-releases\/press-release\/detail\/61217\/","title":{"rendered":"UM realiza a Cerim\u00f3nia de Gradua\u00e7\u00e3o 2025, a Chefe do Executivo reconhece os desenvolvimentos da UM nos \u00faltimos anos"},"content":{"rendered":"\n                        \n                        <p>The University of Macau (UM) held the Congregation 2025 today (24 May) to present graduation certificates to over 1,600 students who have completed their undergraduate studies and are ready to embark on new life journeys. During the ceremony, Sam Hou Fai, chief executive of the Macao SAR and chancellor of UM,&nbsp;expressed recognition of UM\u2019s developments in recent years.<\/p><p>The ceremony was officiated by Sam, in the company of Secretary for Social Affairs and Culture O Lam, UM University Council Chair Lam Kam Seng Peter, and UM Rector Yonghua Song. Also present at the ceremony were representatives of the Liaison Office of the Central People\u2019s Government in the Macao SAR and the Office of the Commissioner of the Ministry of Foreign Affairs of the People\u2019s Republic of China in the Macao SAR, government officials, members of the University Assembly and the University Council, senate members, as well as prominent members of the community. The ceremony unfolded in a warm and celebratory atmosphere. Many graduates\u2019 family members and friends watched the live stream of the event in designated areas on the campus, while those unable to attend in person joined the joyous occasion via the live stream online.<\/p><p>In his speech, Sam expressed recognition of UM\u2019s progress in reform and development in recent years. He noted that the university has closely aligned its efforts with the needs of the country and Macao, consistently enhancing the quality and scale of its education while actively fostering the integration between Macao and Hengqin. These efforts have significantly enhanced UM\u2019s international reputation and influence, ushering in an era of unprecedented development. Sam highlighted that talent is crucial in addressing the profound changes taking place globally, with education serving as the foundation for cultivating such talent. In response, the Macao SAR government has remained committed to the policy of \u2018developing Macao through education and cultivating talent for the development of Macao\u2019. This commitment includes coordinating the integrated development of education, technology and talent, establishing the Macao-Hengqin international education (university) town in an orderly manner, and accelerating the development of an international hub for high-calibre talent. Sam expressed confidence that UM, along with its faculty, students, and alumni, will play a significant role in these efforts and achieve remarkable accomplishments. In addition, he encouraged graduates to stay determined and tackle challenges with youthful energy, innovation, and concrete actions.<\/p><p>In his speech, Song highlighted President Xi Jinping\u2019s new task and goal: to promote the integrated development of education, technology and talent, and to build Macao into an international hub for high-calibre talent. He noted that UM, building on its remarkable achievements over the past decade since relocating to the current campus, held a groundbreaking ceremony for its campus in the Guangdong-Macao In-Depth Cooperation Zone in Hengqin last December. Remaining true to its original missions and living up to the trust placed in it, UM will continue to cultivate and attract talent for the country and Macao, and promote the integrated development of education, technology, and talent. In addition, Song expressed three hopes for the graduates: First, to develop Macao with pure passion and play their part in national rejuvenation. Second, to seize opportunities with vision and face challenges with resilience. Third, to enter uncharted territories with the spirit of innovation and forge ahead into the future with the power of youth.<\/p><p>This year\u2019s student representative is Chan Sio Kuan from the Faculty of Arts and Humanities\u2019 Portuguese Studies programme and the Honours College. Fluent in Mandarin, Cantonese, English, and Portuguese, Chan has won multiple awards in Portuguese debating competitions and has extensive experience in language-related roles. In her speech, she noted that today\u2019s young people face unprecedented challenges, which often require the wisdom to ask \u2018why\u2019. She expressed gratitude to UM for equipping students with \u2018minds that think boldly, hearts that embrace diversity, and spirits that turn obstacles into opportunities\u2019. She also encouraged her fellow graduates to carry UM\u2019s spirit of courageous innovation with them as their more forward in life.<\/p><p>This year, there are over 1,600&nbsp;bachelor\u2019s degree graduates from&nbsp;the following faculties: Faculty of Arts and Humanities, Faculty of Business Administration, Faculty of Education, Faculty of Health Sciences, Faculty of Law, Faculty of Science and Technology, and Faculty of Social Sciences. Of these graduates, 70 are also students of the Honours College who have completed the college\u2019s certificate programme.<\/p><p>Before attending the UM Congregation, Sam visited UM and toured its three state key laboratories, namely the State Key Laboratory of Quality Research in Chinese Medicine, the State Key Laboratory of Analog and Mixed-Signal VLSI, and the State Key Laboratory of Internet of Things for Smart City. He was briefed by the university on its strategic research layout as well as its achievements in industry-academia collaboration.<\/p><p><\/p><p><\/p><table style=\"max-width: 100%;border-collapse: collapse;border-spacing: 0px;margin: 0px 0px 40px;font-size: 16px;text-align: justify;line-height: 1.9\"><tbody><tr style=\"height: 21px\"><td colspan=\"2\" style=\"vertical-align: top;height: 21px;width: 307.047px\">Source: Communications Office<\/td><\/tr><tr style=\"height: 21px\"><td style=\"vertical-align: top;height: 21px;width: 128.766px;min-width: 120px\"><\/td><td style=\"vertical-align: top;height: 21px;width: 178.281px\"><\/td><\/tr><tr style=\"height: 21px\"><td colspan=\"2\" style=\"vertical-align: top;height: 21px;width: 307.047px\">Media Contact Information:<\/td><\/tr><tr style=\"height: 21px\"><td colspan=\"2\" style=\"vertical-align: top;height: 12px;width: 307.047px\">Communications Office, University of Macau<\/td><\/tr><tr style=\"height: 21px\"><td style=\"vertical-align: top;height: 21px;width: 128.766px;min-width: 120px\"><\/td><td style=\"vertical-align: top;height: 21px;width: 178.281px\"><\/td><\/tr><tr style=\"height: 21px\"><td style=\"vertical-align: top;height: 21px;width: 128.766px;min-width: 120px\">Albee Lei<\/td><td style=\"vertical-align: top;height: 21px;width: 178.281px\">Tel: (853) 8822 8004<\/td><\/tr><tr style=\"height: 21px\"><td style=\"vertical-align: top;height: 21px;width: 128.766px;min-width: 120px\">Jason Leong<\/td><td style=\"vertical-align: top;height: 21px;width: 178.281px\">Tel: (853) 8822 8322<\/td><\/tr><tr style=\"height: 21px\"><td style=\"vertical-align: top;height: 21px;width: 128.766px;min-width: 120px\">Email:<\/td><td style=\"vertical-align: top;height: 21px;width: 178.281px\"><a href=\"mailto:prs.media@um.edu.mo\">prs.media@um.edu.mo<\/a><\/td><\/tr><\/tbody><\/table><p><\/p>\n                        \n                        ","protected":false},"excerpt":{"rendered":"<p>The University of Macau (UM) held the Congregation 2025 today (24 May) to present graduation certificates to over 1,600 students who have completed their undergraduate studies and are ready to&#8230;<\/p>\n","protected":false},"author":1,"featured_media":410539,"comment_status":"closed","ping_status":"closed","sticky":false,"template":"","format":"standard","meta":{"_acf_changed":false,"footnotes":""},"categories":[60],"tags":[],"class_list":["post-409081","post","type-post","status-publish","format-standard","has-post-thumbnail","hentry","category-press-release"],"acf":[],"yoast_head":"<!-- This site is optimized with the Yoast SEO plugin v24.5 - https:\/\/yoast.com\/wordpress\/plugins\/seo\/ -->\n<title>UM realiza a Cerim\u00f3nia de Gradua\u00e7\u00e3o 2025, a Chefe do Executivo reconhece os desenvolvimentos da UM nos \u00faltimos anos | Universidade de Macau<\/title>\n<meta name=\"description\" content=\"Universidade de Macau: Uma universidade abrangente p\u00fablica de n\u00edvel internacional fundada em 1981\" \/>\n<meta name=\"robots\" content=\"index, follow, max-snippet:-1, max-image-preview:large, max-video-preview:-1\" \/>\n<link rel=\"canonical\" href=\"https:\/\/www.um.edu.mo\/pt-pt\/news-and-press-releases\/press-release\/detail\/61217\/\" \/>\n<meta property=\"og:locale\" content=\"pt_PT\" \/>\n<meta property=\"og:type\" content=\"article\" \/>\n<meta property=\"og:title\" content=\"UM realiza a Cerim\u00f3nia de Gradua\u00e7\u00e3o 2025, a Chefe do Executivo reconhece os desenvolvimentos da UM nos \u00faltimos anos | Universidade de Macau\" \/>\n<meta property=\"og:description\" content=\"Universidade de Macau: Uma universidade abrangente p\u00fablica de n\u00edvel internacional fundada em 1981\" \/>\n<meta property=\"og:url\" content=\"https:\/\/www.um.edu.mo\/pt-pt\/news-and-press-releases\/press-release\/detail\/61217\/\" \/>\n<meta property=\"og:site_name\" content=\"Universidade de Macau\" \/>\n<meta property=\"article:publisher\" content=\"https:\/\/www.facebook.com\/universityofmacau\" \/>\n<meta property=\"article:published_time\" content=\"2025-05-24T12:57:26+00:00\" \/>\n<meta property=\"article:modified_time\" content=\"2025-05-29T07:26:10+00:00\" \/>\n<meta name=\"author\" content=\"web_admin\" \/>\n<meta name=\"twitter:card\" content=\"summary_large_image\" \/>\n<meta name=\"twitter:creator\" content=\"@UM_1981\" \/>\n<meta name=\"twitter:site\" content=\"@UM_1981\" \/>\n<meta name=\"twitter:label1\" content=\"Escrito por\" \/>\n\t<meta name=\"twitter:data1\" content=\"web_admin\" \/>\n\t<meta name=\"twitter:label2\" content=\"Tempo estimado de leitura\" \/>\n\t<meta name=\"twitter:data2\" content=\"4 minutos\" \/>\n<script type=\"application\/ld+json\" class=\"yoast-schema-graph\">{\"@context\":\"https:\/\/schema.org\",\"@graph\":[{\"@type\":\"Article\",\"@id\":\"https:\/\/www.um.edu.mo\/pt-pt\/news-and-press-releases\/press-release\/detail\/61217\/#article\",\"isPartOf\":{\"@id\":\"https:\/\/www.um.edu.mo\/pt-pt\/news-and-press-releases\/press-release\/detail\/61217\/\"},\"author\":{\"name\":\"web_admin\",\"@id\":\"https:\/\/www.um.edu.mo\/pt-pt\/#\/schema\/person\/bfdcd3a75d1b778a93663e5dee2e33bb\"},\"headline\":\"UM realiza a Cerim\u00f3nia de Gradua\u00e7\u00e3o 2025, a Chefe do Executivo reconhece os desenvolvimentos da UM nos \u00faltimos anos\",\"datePublished\":\"2025-05-24T12:57:26+00:00\",\"dateModified\":\"2025-05-29T07:26:10+00:00\",\"mainEntityOfPage\":{\"@id\":\"https:\/\/www.um.edu.mo\/pt-pt\/news-and-press-releases\/press-release\/detail\/61217\/\"},\"wordCount\":841,\"publisher\":{\"@id\":\"https:\/\/www.um.edu.mo\/pt-pt\/#organization\"},\"image\":{\"@id\":\"https:\/\/www.um.edu.mo\/pt-pt\/news-and-press-releases\/press-release\/detail\/61217\/#primaryimage\"},\"thumbnailUrl\":\"https:\/\/www.um.edu.mo\/wp-content\/uploads\/2025\/05\/409081-1.jpg\",\"articleSection\":[\"Comunicado de Imprensa\"],\"inLanguage\":\"pt-PT\"},{\"@type\":\"WebPage\",\"@id\":\"https:\/\/www.um.edu.mo\/pt-pt\/news-and-press-releases\/press-release\/detail\/61217\/\",\"url\":\"https:\/\/www.um.edu.mo\/pt-pt\/news-and-press-releases\/press-release\/detail\/61217\/\",\"name\":\"UM realiza a Cerim\u00f3nia de Gradua\u00e7\u00e3o 2025, a Chefe do Executivo reconhece os desenvolvimentos da UM nos \u00faltimos anos | Universidade de Macau\",\"isPartOf\":{\"@id\":\"https:\/\/www.um.edu.mo\/pt-pt\/#website\"},\"primaryImageOfPage\":{\"@id\":\"https:\/\/www.um.edu.mo\/pt-pt\/news-and-press-releases\/press-release\/detail\/61217\/#primaryimage\"},\"image\":{\"@id\":\"https:\/\/www.um.edu.mo\/pt-pt\/news-and-press-releases\/press-release\/detail\/61217\/#primaryimage\"},\"thumbnailUrl\":\"https:\/\/www.um.edu.mo\/wp-content\/uploads\/2025\/05\/409081-1.jpg\",\"datePublished\":\"2025-05-24T12:57:26+00:00\",\"dateModified\":\"2025-05-29T07:26:10+00:00\",\"description\":\"Universidade de Macau: Uma universidade abrangente p\u00fablica de n\u00edvel internacional fundada em 1981\",\"breadcrumb\":{\"@id\":\"https:\/\/www.um.edu.mo\/pt-pt\/news-and-press-releases\/press-release\/detail\/61217\/#breadcrumb\"},\"inLanguage\":\"pt-PT\",\"potentialAction\":[{\"@type\":\"ReadAction\",\"target\":[\"https:\/\/www.um.edu.mo\/pt-pt\/news-and-press-releases\/press-release\/detail\/61217\/\"]}]},{\"@type\":\"ImageObject\",\"inLanguage\":\"pt-PT\",\"@id\":\"https:\/\/www.um.edu.mo\/pt-pt\/news-and-press-releases\/press-release\/detail\/61217\/#primaryimage\",\"url\":\"https:\/\/www.um.edu.mo\/wp-content\/uploads\/2025\/05\/409081-1.jpg\",\"contentUrl\":\"https:\/\/www.um.edu.mo\/wp-content\/uploads\/2025\/05\/409081-1.jpg\",\"width\":2100,\"height\":1400},{\"@type\":\"BreadcrumbList\",\"@id\":\"https:\/\/www.um.edu.mo\/pt-pt\/news-and-press-releases\/press-release\/detail\/61217\/#breadcrumb\",\"itemListElement\":[{\"@type\":\"ListItem\",\"position\":1,\"name\":\"P\u00e1gina inicial\",\"item\":\"https:\/\/www.um.edu.mo\/pt-pt\/\"},{\"@type\":\"ListItem\",\"position\":2,\"name\":\"Not\u00edcias e Comunicados de Imprensa\",\"item\":\"https:\/\/www.um.edu.mo\/pt-pt\/category\/news-and-press-releases\/\"},{\"@type\":\"ListItem\",\"position\":3,\"name\":\"Comunicado de Imprensa\",\"item\":\"https:\/\/www.um.edu.mo\/pt-pt\/category\/news-and-press-releases\/press-release\/\"},{\"@type\":\"ListItem\",\"position\":4,\"name\":\"UM realiza a Cerim\u00f3nia de Gradua\u00e7\u00e3o 2025, a Chefe do Executivo reconhece os desenvolvimentos da UM nos \u00faltimos anos\"}]},{\"@type\":\"WebSite\",\"@id\":\"https:\/\/www.um.edu.mo\/pt-pt\/#website\",\"url\":\"https:\/\/www.um.edu.mo\/pt-pt\/\",\"name\":\"Universidade de Macau\",\"description\":\"\",\"publisher\":{\"@id\":\"https:\/\/www.um.edu.mo\/pt-pt\/#organization\"},\"potentialAction\":[{\"@type\":\"SearchAction\",\"target\":{\"@type\":\"EntryPoint\",\"urlTemplate\":\"https:\/\/www.um.edu.mo\/pt-pt\/?s={search_term_string}\"},\"query-input\":{\"@type\":\"PropertyValueSpecification\",\"valueRequired\":true,\"valueName\":\"search_term_string\"}}],\"inLanguage\":\"pt-PT\"},{\"@type\":\"Organization\",\"@id\":\"https:\/\/www.um.edu.mo\/pt-pt\/#organization\",\"name\":\"University of Macau\",\"url\":\"https:\/\/www.um.edu.mo\/pt-pt\/\",\"logo\":{\"@type\":\"ImageObject\",\"inLanguage\":\"pt-PT\",\"@id\":\"https:\/\/www.um.edu.mo\/pt-pt\/#\/schema\/logo\/image\/\",\"url\":\"https:\/\/www.um.edu.mo\/wp-content\/uploads\/2020\/09\/UM-Logo_V-Black.png\",\"contentUrl\":\"https:\/\/www.um.edu.mo\/wp-content\/uploads\/2020\/09\/UM-Logo_V-Black.png\",\"width\":3508,\"height\":2785,\"caption\":\"University of Macau\"},\"image\":{\"@id\":\"https:\/\/www.um.edu.mo\/pt-pt\/#\/schema\/logo\/image\/\"},\"sameAs\":[\"https:\/\/www.facebook.com\/universityofmacau\",\"https:\/\/x.com\/UM_1981\"]},{\"@type\":\"Person\",\"@id\":\"https:\/\/www.um.edu.mo\/pt-pt\/#\/schema\/person\/bfdcd3a75d1b778a93663e5dee2e33bb\",\"name\":\"web_admin\",\"image\":{\"@type\":\"ImageObject\",\"inLanguage\":\"pt-PT\",\"@id\":\"https:\/\/www.um.edu.mo\/pt-pt\/#\/schema\/person\/image\/\",\"url\":\"https:\/\/secure.gravatar.com\/avatar\/e230ccd9ba8eb5ce94ecf306e4a35399?s=96&d=mm&r=g\",\"contentUrl\":\"https:\/\/secure.gravatar.com\/avatar\/e230ccd9ba8eb5ce94ecf306e4a35399?s=96&d=mm&r=g\",\"caption\":\"web_admin\"}}]}<\/script>\n<!-- \/ Yoast SEO plugin. -->","yoast_head_json":{"title":"UM realiza a Cerim\u00f3nia de Gradua\u00e7\u00e3o 2025, a Chefe do Executivo reconhece os desenvolvimentos da UM nos \u00faltimos anos | Universidade de Macau","description":"Universidade de Macau: Uma universidade abrangente p\u00fablica de n\u00edvel internacional fundada em 1981","robots":{"index":"index","follow":"follow","max-snippet":"max-snippet:-1","max-image-preview":"max-image-preview:large","max-video-preview":"max-video-preview:-1"},"canonical":"https:\/\/www.um.edu.mo\/pt-pt\/news-and-press-releases\/press-release\/detail\/61217\/","og_locale":"pt_PT","og_type":"article","og_title":"UM realiza a Cerim\u00f3nia de Gradua\u00e7\u00e3o 2025, a Chefe do Executivo reconhece os desenvolvimentos da UM nos \u00faltimos anos | Universidade de Macau","og_description":"Universidade de Macau: Uma universidade abrangente p\u00fablica de n\u00edvel internacional fundada em 1981","og_url":"https:\/\/www.um.edu.mo\/pt-pt\/news-and-press-releases\/press-release\/detail\/61217\/","og_site_name":"Universidade de Macau","article_publisher":"https:\/\/www.facebook.com\/universityofmacau","article_published_time":"2025-05-24T12:57:26+00:00","article_modified_time":"2025-05-29T07:26:10+00:00","author":"web_admin","twitter_card":"summary_large_image","twitter_creator":"@UM_1981","twitter_site":"@UM_1981","twitter_misc":{"Escrito por":"web_admin","Tempo estimado de leitura":"4 minutos"},"schema":{"@context":"https:\/\/schema.org","@graph":[{"@type":"Article","@id":"https:\/\/www.um.edu.mo\/pt-pt\/news-and-press-releases\/press-release\/detail\/61217\/#article","isPartOf":{"@id":"https:\/\/www.um.edu.mo\/pt-pt\/news-and-press-releases\/press-release\/detail\/61217\/"},"author":{"name":"web_admin","@id":"https:\/\/www.um.edu.mo\/pt-pt\/#\/schema\/person\/bfdcd3a75d1b778a93663e5dee2e33bb"},"headline":"UM realiza a Cerim\u00f3nia de Gradua\u00e7\u00e3o 2025, a Chefe do Executivo reconhece os desenvolvimentos da UM nos \u00faltimos anos","datePublished":"2025-05-24T12:57:26+00:00","dateModified":"2025-05-29T07:26:10+00:00","mainEntityOfPage":{"@id":"https:\/\/www.um.edu.mo\/pt-pt\/news-and-press-releases\/press-release\/detail\/61217\/"},"wordCount":841,"publisher":{"@id":"https:\/\/www.um.edu.mo\/pt-pt\/#organization"},"image":{"@id":"https:\/\/www.um.edu.mo\/pt-pt\/news-and-press-releases\/press-release\/detail\/61217\/#primaryimage"},"thumbnailUrl":"https:\/\/www.um.edu.mo\/wp-content\/uploads\/2025\/05\/409081-1.jpg","articleSection":["Comunicado de Imprensa"],"inLanguage":"pt-PT"},{"@type":"WebPage","@id":"https:\/\/www.um.edu.mo\/pt-pt\/news-and-press-releases\/press-release\/detail\/61217\/","url":"https:\/\/www.um.edu.mo\/pt-pt\/news-and-press-releases\/press-release\/detail\/61217\/","name":"UM realiza a Cerim\u00f3nia de Gradua\u00e7\u00e3o 2025, a Chefe do Executivo reconhece os desenvolvimentos da UM nos \u00faltimos anos | Universidade de Macau","isPartOf":{"@id":"https:\/\/www.um.edu.mo\/pt-pt\/#website"},"primaryImageOfPage":{"@id":"https:\/\/www.um.edu.mo\/pt-pt\/news-and-press-releases\/press-release\/detail\/61217\/#primaryimage"},"image":{"@id":"https:\/\/www.um.edu.mo\/pt-pt\/news-and-press-releases\/press-release\/detail\/61217\/#primaryimage"},"thumbnailUrl":"https:\/\/www.um.edu.mo\/wp-content\/uploads\/2025\/05\/409081-1.jpg","datePublished":"2025-05-24T12:57:26+00:00","dateModified":"2025-05-29T07:26:10+00:00","description":"Universidade de Macau: Uma universidade abrangente p\u00fablica de n\u00edvel internacional fundada em 1981","breadcrumb":{"@id":"https:\/\/www.um.edu.mo\/pt-pt\/news-and-press-releases\/press-release\/detail\/61217\/#breadcrumb"},"inLanguage":"pt-PT","potentialAction":[{"@type":"ReadAction","target":["https:\/\/www.um.edu.mo\/pt-pt\/news-and-press-releases\/press-release\/detail\/61217\/"]}]},{"@type":"ImageObject","inLanguage":"pt-PT","@id":"https:\/\/www.um.edu.mo\/pt-pt\/news-and-press-releases\/press-release\/detail\/61217\/#primaryimage","url":"https:\/\/www.um.edu.mo\/wp-content\/uploads\/2025\/05\/409081-1.jpg","contentUrl":"https:\/\/www.um.edu.mo\/wp-content\/uploads\/2025\/05\/409081-1.jpg","width":2100,"height":1400},{"@type":"BreadcrumbList","@id":"https:\/\/www.um.edu.mo\/pt-pt\/news-and-press-releases\/press-release\/detail\/61217\/#breadcrumb","itemListElement":[{"@type":"ListItem","position":1,"name":"P\u00e1gina inicial","item":"https:\/\/www.um.edu.mo\/pt-pt\/"},{"@type":"ListItem","position":2,"name":"Not\u00edcias e Comunicados de Imprensa","item":"https:\/\/www.um.edu.mo\/pt-pt\/category\/news-and-press-releases\/"},{"@type":"ListItem","position":3,"name":"Comunicado de Imprensa","item":"https:\/\/www.um.edu.mo\/pt-pt\/category\/news-and-press-releases\/press-release\/"},{"@type":"ListItem","position":4,"name":"UM realiza a Cerim\u00f3nia de Gradua\u00e7\u00e3o 2025, a Chefe do Executivo reconhece os desenvolvimentos da UM nos \u00faltimos anos"}]},{"@type":"WebSite","@id":"https:\/\/www.um.edu.mo\/pt-pt\/#website","url":"https:\/\/www.um.edu.mo\/pt-pt\/","name":"Universidade de Macau","description":"","publisher":{"@id":"https:\/\/www.um.edu.mo\/pt-pt\/#organization"},"potentialAction":[{"@type":"SearchAction","target":{"@type":"EntryPoint","urlTemplate":"https:\/\/www.um.edu.mo\/pt-pt\/?s={search_term_string}"},"query-input":{"@type":"PropertyValueSpecification","valueRequired":true,"valueName":"search_term_string"}}],"inLanguage":"pt-PT"},{"@type":"Organization","@id":"https:\/\/www.um.edu.mo\/pt-pt\/#organization","name":"University of Macau","url":"https:\/\/www.um.edu.mo\/pt-pt\/","logo":{"@type":"ImageObject","inLanguage":"pt-PT","@id":"https:\/\/www.um.edu.mo\/pt-pt\/#\/schema\/logo\/image\/","url":"https:\/\/www.um.edu.mo\/wp-content\/uploads\/2020\/09\/UM-Logo_V-Black.png","contentUrl":"https:\/\/www.um.edu.mo\/wp-content\/uploads\/2020\/09\/UM-Logo_V-Black.png","width":3508,"height":2785,"caption":"University of Macau"},"image":{"@id":"https:\/\/www.um.edu.mo\/pt-pt\/#\/schema\/logo\/image\/"},"sameAs":["https:\/\/www.facebook.com\/universityofmacau","https:\/\/x.com\/UM_1981"]},{"@type":"Person","@id":"https:\/\/www.um.edu.mo\/pt-pt\/#\/schema\/person\/bfdcd3a75d1b778a93663e5dee2e33bb","name":"web_admin","image":{"@type":"ImageObject","inLanguage":"pt-PT","@id":"https:\/\/www.um.edu.mo\/pt-pt\/#\/schema\/person\/image\/","url":"https:\/\/secure.gravatar.com\/avatar\/e230ccd9ba8eb5ce94ecf306e4a35399?s=96&d=mm&r=g","contentUrl":"https:\/\/secure.gravatar.com\/avatar\/e230ccd9ba8eb5ce94ecf306e4a35399?s=96&d=mm&r=g","caption":"web_admin"}}]}},"_links":{"self":[{"href":"https:\/\/www.um.edu.mo\/pt-pt\/wp-json\/wp\/v2\/posts\/409081","targetHints":{"allow":["GET"]}}],"collection":[{"href":"https:\/\/www.um.edu.mo\/pt-pt\/wp-json\/wp\/v2\/posts"}],"about":[{"href":"https:\/\/www.um.edu.mo\/pt-pt\/wp-json\/wp\/v2\/types\/post"}],"author":[{"embeddable":true,"href":"https:\/\/www.um.edu.mo\/pt-pt\/wp-json\/wp\/v2\/users\/1"}],"replies":[{"embeddable":true,"href":"https:\/\/www.um.edu.mo\/pt-pt\/wp-json\/wp\/v2\/comments?post=409081"}],"version-history":[{"count":2,"href":"https:\/\/www.um.edu.mo\/pt-pt\/wp-json\/wp\/v2\/posts\/409081\/revisions"}],"predecessor-version":[{"id":410536,"href":"https:\/\/www.um.edu.mo\/pt-pt\/wp-json\/wp\/v2\/posts\/409081\/revisions\/410536"}],"wp:featuredmedia":[{"embeddable":true,"href":"https:\/\/www.um.edu.mo\/pt-pt\/wp-json\/wp\/v2\/media\/410539"}],"wp:attachment":[{"href":"https:\/\/www.um.edu.mo\/pt-pt\/wp-json\/wp\/v2\/media?parent=409081"}],"wp:term":[{"taxonomy":"category","embeddable":true,"href":"https:\/\/www.um.edu.mo\/pt-pt\/wp-json\/wp\/v2\/categories?post=409081"},{"taxonomy":"post_tag","embeddable":true,"href":"https:\/\/www.um.edu.mo\/pt-pt\/wp-json\/wp\/v2\/tags?post=409081"}],"curies":[{"name":"wp","href":"https:\/\/api.w.org\/{rel}","templated":true}]}}