{"id":38744,"date":"2019-03-08T18:06:57","date_gmt":"2019-03-08T18:06:57","guid":{"rendered":"https:\/\/www.um.edu.mo\/news-and-press-releases\/press-release\/2019\/03\/47521-pt_pt\/"},"modified":"2019-03-08T18:06:57","modified_gmt":"2019-03-08T18:06:57","slug":"47521","status":"publish","type":"post","link":"https:\/\/www.um.edu.mo\/pt-pt\/news-and-press-releases\/press-release\/detail\/47521\/","title":{"rendered":"Delega\u00e7\u00e3o da UM visita Mo\u00e7ambique para refor\u00e7ar a coopera\u00e7\u00e3o com universidades de l\u00edngua portuguesa"},"content":{"rendered":"\n                        \n                        <p>Uma delega\u00e7\u00e3o da Universidade de Macau (UM), liderada pelo Reitor Yonghua\nSong, visitou universidades em Mo\u00e7ambique e assinou um memorando de\nentendimento com a Universidade Pedag\u00f3gica (UP), com vista a refor\u00e7ar a\ncoopera\u00e7\u00e3o entre as duas institui\u00e7\u00f5es, no \u00e2mbito da forma\u00e7\u00e3o conjunta de\ntalentos. A visita estreitou o la\u00e7o entre a UM e os seus parceiros importantes\nem Mo\u00e7ambique, estabelecendo uma base s\u00f3lida para promover ainda mais o\ninterc\u00e2mbio acad\u00e9mico e a colabora\u00e7\u00e3o em investiga\u00e7\u00e3o entre as partes.<\/p><p>Durante a visita, o reitor da UM e o reitor da UP, Jorge Ferr\u00e3o, celebraram\num memorando de entendimento, que definiu um quadro geral para a mobilidade de\ndocentes e estudantes, bem como o desenvolvimento conjunto de programas de\ninvestiga\u00e7\u00e3o e acad\u00e9micos entre as duas institui\u00e7\u00f5es. Ap\u00f3s a assinatura do\ninstrumento, as duas partes discutiram os detalhes relacionados com a sua\nimplementa\u00e7\u00e3o, nomeadamente no que diz respeito a programas de mobilidade e\noutras iniciativas de interesse m\u00fatuo. Al\u00e9m disso, a delega\u00e7\u00e3o da UM visitou a\nUniversidade Eduardo Mondlane (UEM), a qual tem colaborado com a Faculdade de\nDireito da UM nos \u00faltimos 20 anos. O Reitor Song e a Vice-Reitora Am\u00e1lia\nUamusse da UEM concordaram que as duas universidades continuar\u00e3o a explorar\nnovas \u00e1reas de colabora\u00e7\u00e3o, especialmente no que concerne a cursos de\ndoutoramento e de p\u00f3s-doutoramento e a investiga\u00e7\u00e3o e publica\u00e7\u00e3o conjuntas.<\/p><p>O Reitor, Professor Doutor Song, o director da Faculdade de Direito,\nProfessor Doutor Tong Io Cheng, e o subdirector da mesma faculdade, Professor\nDoutor Augusto Teixeira Garcia, participaram ainda numa confer\u00eancia sobre a\ncoopera\u00e7\u00e3o no ensino superior entre Mo\u00e7ambique, o interior da China e Macau. O\nProfessor Doutor Garcia, em representa\u00e7\u00e3o do Vice-Reitor (Assuntos Globais),\nProfessor Doutor Rui Martins, proferiu um discurso importante, no qual destacou\no papel \u00fanico que Macau desempenha na respectiva coopera\u00e7\u00e3o e a longa tradi\u00e7\u00e3o\nda UM na forma\u00e7\u00e3o de profissionais, sobretudo na \u00e1rea de direito, para os\npa\u00edses de l\u00edngua portuguesa. O Professor Doutor Song, por sua vez, frisou a\nimport\u00e2ncia da colabora\u00e7\u00e3o com universidades de l\u00edngua portuguesa e falou sobre\nas estrat\u00e9gias para promover a inova\u00e7\u00e3o e a aplica\u00e7\u00e3o de conhecimento.<\/p><p>\n\n\n\n\n\n\n\n\n\n<\/p><p>Al\u00e9m disso, a delega\u00e7\u00e3o da UM tamb\u00e9m visitou a embaixada chinesa em Maputo.\nDurante o encontro, o Professor Doutor Song fez uma breve apresenta\u00e7\u00e3o para o\nEmbaixador Su Jian, sobre os desenvolvimentos recentes da UM e os planos\nfuturos, no \u00e2mbito da colabora\u00e7\u00e3o com Mo\u00e7ambique e outros pa\u00edses de l\u00edngua portuguesa,\nque \u00e9 uma das prioridades da Universidade. O Reitor destacou ainda as\nestrat\u00e9gias da UM que t\u00eam por objecto apoiar as pol\u00edticas do governo da RAEM,\nno que diz respeito ao refor\u00e7o do papel de Macau como ponte de liga\u00e7\u00e3o entre a\nChina e os pa\u00edses de l\u00edngua portuguesa. Por fim, a delega\u00e7\u00e3o ainda se encontrou\ncom alguns antigos alunos da UM que trabalham em Mo\u00e7ambique, quer como\ntradutores de portugu\u00eas em empresas chinesas, quer como docentes de Direito e\nadministradores universit\u00e1rios.<\/p><p><\/p><p><\/p><p>Origem de not\u00edcias:\nGabinete do Reitor <\/p><p>Contacto com m\u00e9dia:\nDepartamento de Comunica\u00e7\u00e3o da Universidade de Macau<\/p><p>\n\n\n\n<\/p><p>Albee Lei &nbsp;Tel: (853) 88228004\nKelvin U Tel: (853) 88224322\nE-mail: <a href=\"mailto:prs.media@um.edu.mo\">prs.media@um.edu.mo<\/a>\nP\u00e1gina principal da Universidade de Macau: www.umac.mo<\/p><p><\/p>\n                        \n                        ","protected":false},"excerpt":{"rendered":"<p>Uma delega\u00e7\u00e3o da Universidade de Macau (UM), liderada pelo Reitor Yonghua Song, visitou universidades em Mo\u00e7ambique e assinou um memorando de entendimento com a Universidade Pedag\u00f3gica (UP), com vista a&#8230;<\/p>\n","protected":false},"author":1,"featured_media":38745,"comment_status":"closed","ping_status":"open","sticky":false,"template":"","format":"standard","meta":{"_acf_changed":false,"footnotes":""},"categories":[60],"tags":[],"class_list":["post-38744","post","type-post","status-publish","format-standard","has-post-thumbnail","hentry","category-press-release"],"acf":[],"yoast_head":"<!-- This site is optimized with the Yoast SEO plugin v24.5 - https:\/\/yoast.com\/wordpress\/plugins\/seo\/ -->\n<title>Delega\u00e7\u00e3o da UM visita Mo\u00e7ambique para refor\u00e7ar a coopera\u00e7\u00e3o com universidades de l\u00edngua portuguesa | Universidade de Macau<\/title>\n<meta name=\"description\" content=\"Universidade de Macau: Uma universidade abrangente p\u00fablica de n\u00edvel internacional fundada em 1981\" \/>\n<meta name=\"robots\" content=\"index, follow, max-snippet:-1, max-image-preview:large, max-video-preview:-1\" \/>\n<link rel=\"canonical\" href=\"https:\/\/www.um.edu.mo\/pt-pt\/news-and-press-releases\/press-release\/detail\/47521\/\" \/>\n<meta property=\"og:locale\" content=\"pt_PT\" \/>\n<meta property=\"og:type\" content=\"article\" \/>\n<meta property=\"og:title\" content=\"Delega\u00e7\u00e3o da UM visita Mo\u00e7ambique para refor\u00e7ar a coopera\u00e7\u00e3o com universidades de l\u00edngua portuguesa | Universidade de Macau\" \/>\n<meta property=\"og:description\" content=\"Universidade de Macau: Uma universidade abrangente p\u00fablica de n\u00edvel internacional fundada em 1981\" \/>\n<meta property=\"og:url\" content=\"https:\/\/www.um.edu.mo\/pt-pt\/news-and-press-releases\/press-release\/detail\/47521\/\" \/>\n<meta property=\"og:site_name\" content=\"Universidade de Macau\" \/>\n<meta property=\"article:publisher\" content=\"https:\/\/www.facebook.com\/universityofmacau\" \/>\n<meta property=\"article:published_time\" content=\"2019-03-08T18:06:57+00:00\" \/>\n<meta property=\"og:image\" content=\"https:\/\/www.um.edu.mo\/wp-content\/uploads\/2020\/10\/1_resized-website-3.jpg\" \/>\n\t<meta property=\"og:image:width\" content=\"1084\" \/>\n\t<meta property=\"og:image:height\" content=\"722\" \/>\n\t<meta property=\"og:image:type\" content=\"image\/jpeg\" \/>\n<meta name=\"author\" content=\"web_admin\" \/>\n<meta name=\"twitter:card\" content=\"summary_large_image\" \/>\n<meta name=\"twitter:creator\" content=\"@UM_1981\" \/>\n<meta name=\"twitter:site\" content=\"@UM_1981\" \/>\n<meta name=\"twitter:label1\" content=\"Escrito por\" \/>\n\t<meta name=\"twitter:data1\" content=\"web_admin\" \/>\n\t<meta name=\"twitter:label2\" content=\"Tempo estimado de leitura\" \/>\n\t<meta name=\"twitter:data2\" content=\"3 minutos\" \/>\n<script type=\"application\/ld+json\" class=\"yoast-schema-graph\">{\"@context\":\"https:\/\/schema.org\",\"@graph\":[{\"@type\":\"Article\",\"@id\":\"https:\/\/www.um.edu.mo\/pt-pt\/news-and-press-releases\/press-release\/detail\/47521\/#article\",\"isPartOf\":{\"@id\":\"https:\/\/www.um.edu.mo\/pt-pt\/news-and-press-releases\/press-release\/detail\/47521\/\"},\"author\":{\"name\":\"web_admin\",\"@id\":\"https:\/\/www.um.edu.mo\/pt-pt\/#\/schema\/person\/bfdcd3a75d1b778a93663e5dee2e33bb\"},\"headline\":\"Delega\u00e7\u00e3o da UM visita Mo\u00e7ambique para refor\u00e7ar a coopera\u00e7\u00e3o com universidades de l\u00edngua portuguesa\",\"datePublished\":\"2019-03-08T18:06:57+00:00\",\"mainEntityOfPage\":{\"@id\":\"https:\/\/www.um.edu.mo\/pt-pt\/news-and-press-releases\/press-release\/detail\/47521\/\"},\"wordCount\":603,\"publisher\":{\"@id\":\"https:\/\/www.um.edu.mo\/pt-pt\/#organization\"},\"image\":{\"@id\":\"https:\/\/www.um.edu.mo\/pt-pt\/news-and-press-releases\/press-release\/detail\/47521\/#primaryimage\"},\"thumbnailUrl\":\"https:\/\/www.um.edu.mo\/wp-content\/uploads\/2020\/10\/1_resized-website-3.jpg\",\"articleSection\":[\"Comunicado de Imprensa\"],\"inLanguage\":\"pt-PT\"},{\"@type\":\"WebPage\",\"@id\":\"https:\/\/www.um.edu.mo\/pt-pt\/news-and-press-releases\/press-release\/detail\/47521\/\",\"url\":\"https:\/\/www.um.edu.mo\/pt-pt\/news-and-press-releases\/press-release\/detail\/47521\/\",\"name\":\"Delega\u00e7\u00e3o da UM visita Mo\u00e7ambique para refor\u00e7ar a coopera\u00e7\u00e3o com universidades de l\u00edngua portuguesa | Universidade de Macau\",\"isPartOf\":{\"@id\":\"https:\/\/www.um.edu.mo\/pt-pt\/#website\"},\"primaryImageOfPage\":{\"@id\":\"https:\/\/www.um.edu.mo\/pt-pt\/news-and-press-releases\/press-release\/detail\/47521\/#primaryimage\"},\"image\":{\"@id\":\"https:\/\/www.um.edu.mo\/pt-pt\/news-and-press-releases\/press-release\/detail\/47521\/#primaryimage\"},\"thumbnailUrl\":\"https:\/\/www.um.edu.mo\/wp-content\/uploads\/2020\/10\/1_resized-website-3.jpg\",\"datePublished\":\"2019-03-08T18:06:57+00:00\",\"description\":\"Universidade de Macau: Uma universidade abrangente p\u00fablica de n\u00edvel internacional fundada em 1981\",\"breadcrumb\":{\"@id\":\"https:\/\/www.um.edu.mo\/pt-pt\/news-and-press-releases\/press-release\/detail\/47521\/#breadcrumb\"},\"inLanguage\":\"pt-PT\",\"potentialAction\":[{\"@type\":\"ReadAction\",\"target\":[\"https:\/\/www.um.edu.mo\/pt-pt\/news-and-press-releases\/press-release\/detail\/47521\/\"]}]},{\"@type\":\"ImageObject\",\"inLanguage\":\"pt-PT\",\"@id\":\"https:\/\/www.um.edu.mo\/pt-pt\/news-and-press-releases\/press-release\/detail\/47521\/#primaryimage\",\"url\":\"https:\/\/www.um.edu.mo\/wp-content\/uploads\/2020\/10\/1_resized-website-3.jpg\",\"contentUrl\":\"https:\/\/www.um.edu.mo\/wp-content\/uploads\/2020\/10\/1_resized-website-3.jpg\",\"width\":1084,\"height\":722},{\"@type\":\"BreadcrumbList\",\"@id\":\"https:\/\/www.um.edu.mo\/pt-pt\/news-and-press-releases\/press-release\/detail\/47521\/#breadcrumb\",\"itemListElement\":[{\"@type\":\"ListItem\",\"position\":1,\"name\":\"P\u00e1gina inicial\",\"item\":\"https:\/\/www.um.edu.mo\/pt-pt\/\"},{\"@type\":\"ListItem\",\"position\":2,\"name\":\"Not\u00edcias e Comunicados de Imprensa\",\"item\":\"https:\/\/www.um.edu.mo\/pt-pt\/category\/news-and-press-releases\/\"},{\"@type\":\"ListItem\",\"position\":3,\"name\":\"Comunicado de Imprensa\",\"item\":\"https:\/\/www.um.edu.mo\/pt-pt\/category\/news-and-press-releases\/press-release\/\"},{\"@type\":\"ListItem\",\"position\":4,\"name\":\"Delega\u00e7\u00e3o da UM visita Mo\u00e7ambique para refor\u00e7ar a coopera\u00e7\u00e3o com universidades de l\u00edngua portuguesa\"}]},{\"@type\":\"WebSite\",\"@id\":\"https:\/\/www.um.edu.mo\/pt-pt\/#website\",\"url\":\"https:\/\/www.um.edu.mo\/pt-pt\/\",\"name\":\"Universidade de Macau\",\"description\":\"\",\"publisher\":{\"@id\":\"https:\/\/www.um.edu.mo\/pt-pt\/#organization\"},\"potentialAction\":[{\"@type\":\"SearchAction\",\"target\":{\"@type\":\"EntryPoint\",\"urlTemplate\":\"https:\/\/www.um.edu.mo\/pt-pt\/?s={search_term_string}\"},\"query-input\":{\"@type\":\"PropertyValueSpecification\",\"valueRequired\":true,\"valueName\":\"search_term_string\"}}],\"inLanguage\":\"pt-PT\"},{\"@type\":\"Organization\",\"@id\":\"https:\/\/www.um.edu.mo\/pt-pt\/#organization\",\"name\":\"University of Macau\",\"url\":\"https:\/\/www.um.edu.mo\/pt-pt\/\",\"logo\":{\"@type\":\"ImageObject\",\"inLanguage\":\"pt-PT\",\"@id\":\"https:\/\/www.um.edu.mo\/pt-pt\/#\/schema\/logo\/image\/\",\"url\":\"https:\/\/www.um.edu.mo\/wp-content\/uploads\/2020\/09\/UM-Logo_V-Black.png\",\"contentUrl\":\"https:\/\/www.um.edu.mo\/wp-content\/uploads\/2020\/09\/UM-Logo_V-Black.png\",\"width\":3508,\"height\":2785,\"caption\":\"University of Macau\"},\"image\":{\"@id\":\"https:\/\/www.um.edu.mo\/pt-pt\/#\/schema\/logo\/image\/\"},\"sameAs\":[\"https:\/\/www.facebook.com\/universityofmacau\",\"https:\/\/x.com\/UM_1981\"]},{\"@type\":\"Person\",\"@id\":\"https:\/\/www.um.edu.mo\/pt-pt\/#\/schema\/person\/bfdcd3a75d1b778a93663e5dee2e33bb\",\"name\":\"web_admin\",\"image\":{\"@type\":\"ImageObject\",\"inLanguage\":\"pt-PT\",\"@id\":\"https:\/\/www.um.edu.mo\/pt-pt\/#\/schema\/person\/image\/\",\"url\":\"https:\/\/secure.gravatar.com\/avatar\/e230ccd9ba8eb5ce94ecf306e4a35399?s=96&d=mm&r=g\",\"contentUrl\":\"https:\/\/secure.gravatar.com\/avatar\/e230ccd9ba8eb5ce94ecf306e4a35399?s=96&d=mm&r=g\",\"caption\":\"web_admin\"}}]}<\/script>\n<!-- \/ Yoast SEO plugin. -->","yoast_head_json":{"title":"Delega\u00e7\u00e3o da UM visita Mo\u00e7ambique para refor\u00e7ar a coopera\u00e7\u00e3o com universidades de l\u00edngua portuguesa | Universidade de Macau","description":"Universidade de Macau: Uma universidade abrangente p\u00fablica de n\u00edvel internacional fundada em 1981","robots":{"index":"index","follow":"follow","max-snippet":"max-snippet:-1","max-image-preview":"max-image-preview:large","max-video-preview":"max-video-preview:-1"},"canonical":"https:\/\/www.um.edu.mo\/pt-pt\/news-and-press-releases\/press-release\/detail\/47521\/","og_locale":"pt_PT","og_type":"article","og_title":"Delega\u00e7\u00e3o da UM visita Mo\u00e7ambique para refor\u00e7ar a coopera\u00e7\u00e3o com universidades de l\u00edngua portuguesa | Universidade de Macau","og_description":"Universidade de Macau: Uma universidade abrangente p\u00fablica de n\u00edvel internacional fundada em 1981","og_url":"https:\/\/www.um.edu.mo\/pt-pt\/news-and-press-releases\/press-release\/detail\/47521\/","og_site_name":"Universidade de Macau","article_publisher":"https:\/\/www.facebook.com\/universityofmacau","article_published_time":"2019-03-08T18:06:57+00:00","og_image":[{"width":1084,"height":722,"url":"https:\/\/www.um.edu.mo\/wp-content\/uploads\/2020\/10\/1_resized-website-3.jpg","type":"image\/jpeg"}],"author":"web_admin","twitter_card":"summary_large_image","twitter_creator":"@UM_1981","twitter_site":"@UM_1981","twitter_misc":{"Escrito por":"web_admin","Tempo estimado de leitura":"3 minutos"},"schema":{"@context":"https:\/\/schema.org","@graph":[{"@type":"Article","@id":"https:\/\/www.um.edu.mo\/pt-pt\/news-and-press-releases\/press-release\/detail\/47521\/#article","isPartOf":{"@id":"https:\/\/www.um.edu.mo\/pt-pt\/news-and-press-releases\/press-release\/detail\/47521\/"},"author":{"name":"web_admin","@id":"https:\/\/www.um.edu.mo\/pt-pt\/#\/schema\/person\/bfdcd3a75d1b778a93663e5dee2e33bb"},"headline":"Delega\u00e7\u00e3o da UM visita Mo\u00e7ambique para refor\u00e7ar a coopera\u00e7\u00e3o com universidades de l\u00edngua portuguesa","datePublished":"2019-03-08T18:06:57+00:00","mainEntityOfPage":{"@id":"https:\/\/www.um.edu.mo\/pt-pt\/news-and-press-releases\/press-release\/detail\/47521\/"},"wordCount":603,"publisher":{"@id":"https:\/\/www.um.edu.mo\/pt-pt\/#organization"},"image":{"@id":"https:\/\/www.um.edu.mo\/pt-pt\/news-and-press-releases\/press-release\/detail\/47521\/#primaryimage"},"thumbnailUrl":"https:\/\/www.um.edu.mo\/wp-content\/uploads\/2020\/10\/1_resized-website-3.jpg","articleSection":["Comunicado de Imprensa"],"inLanguage":"pt-PT"},{"@type":"WebPage","@id":"https:\/\/www.um.edu.mo\/pt-pt\/news-and-press-releases\/press-release\/detail\/47521\/","url":"https:\/\/www.um.edu.mo\/pt-pt\/news-and-press-releases\/press-release\/detail\/47521\/","name":"Delega\u00e7\u00e3o da UM visita Mo\u00e7ambique para refor\u00e7ar a coopera\u00e7\u00e3o com universidades de l\u00edngua portuguesa | Universidade de Macau","isPartOf":{"@id":"https:\/\/www.um.edu.mo\/pt-pt\/#website"},"primaryImageOfPage":{"@id":"https:\/\/www.um.edu.mo\/pt-pt\/news-and-press-releases\/press-release\/detail\/47521\/#primaryimage"},"image":{"@id":"https:\/\/www.um.edu.mo\/pt-pt\/news-and-press-releases\/press-release\/detail\/47521\/#primaryimage"},"thumbnailUrl":"https:\/\/www.um.edu.mo\/wp-content\/uploads\/2020\/10\/1_resized-website-3.jpg","datePublished":"2019-03-08T18:06:57+00:00","description":"Universidade de Macau: Uma universidade abrangente p\u00fablica de n\u00edvel internacional fundada em 1981","breadcrumb":{"@id":"https:\/\/www.um.edu.mo\/pt-pt\/news-and-press-releases\/press-release\/detail\/47521\/#breadcrumb"},"inLanguage":"pt-PT","potentialAction":[{"@type":"ReadAction","target":["https:\/\/www.um.edu.mo\/pt-pt\/news-and-press-releases\/press-release\/detail\/47521\/"]}]},{"@type":"ImageObject","inLanguage":"pt-PT","@id":"https:\/\/www.um.edu.mo\/pt-pt\/news-and-press-releases\/press-release\/detail\/47521\/#primaryimage","url":"https:\/\/www.um.edu.mo\/wp-content\/uploads\/2020\/10\/1_resized-website-3.jpg","contentUrl":"https:\/\/www.um.edu.mo\/wp-content\/uploads\/2020\/10\/1_resized-website-3.jpg","width":1084,"height":722},{"@type":"BreadcrumbList","@id":"https:\/\/www.um.edu.mo\/pt-pt\/news-and-press-releases\/press-release\/detail\/47521\/#breadcrumb","itemListElement":[{"@type":"ListItem","position":1,"name":"P\u00e1gina inicial","item":"https:\/\/www.um.edu.mo\/pt-pt\/"},{"@type":"ListItem","position":2,"name":"Not\u00edcias e Comunicados de Imprensa","item":"https:\/\/www.um.edu.mo\/pt-pt\/category\/news-and-press-releases\/"},{"@type":"ListItem","position":3,"name":"Comunicado de Imprensa","item":"https:\/\/www.um.edu.mo\/pt-pt\/category\/news-and-press-releases\/press-release\/"},{"@type":"ListItem","position":4,"name":"Delega\u00e7\u00e3o da UM visita Mo\u00e7ambique para refor\u00e7ar a coopera\u00e7\u00e3o com universidades de l\u00edngua portuguesa"}]},{"@type":"WebSite","@id":"https:\/\/www.um.edu.mo\/pt-pt\/#website","url":"https:\/\/www.um.edu.mo\/pt-pt\/","name":"Universidade de Macau","description":"","publisher":{"@id":"https:\/\/www.um.edu.mo\/pt-pt\/#organization"},"potentialAction":[{"@type":"SearchAction","target":{"@type":"EntryPoint","urlTemplate":"https:\/\/www.um.edu.mo\/pt-pt\/?s={search_term_string}"},"query-input":{"@type":"PropertyValueSpecification","valueRequired":true,"valueName":"search_term_string"}}],"inLanguage":"pt-PT"},{"@type":"Organization","@id":"https:\/\/www.um.edu.mo\/pt-pt\/#organization","name":"University of Macau","url":"https:\/\/www.um.edu.mo\/pt-pt\/","logo":{"@type":"ImageObject","inLanguage":"pt-PT","@id":"https:\/\/www.um.edu.mo\/pt-pt\/#\/schema\/logo\/image\/","url":"https:\/\/www.um.edu.mo\/wp-content\/uploads\/2020\/09\/UM-Logo_V-Black.png","contentUrl":"https:\/\/www.um.edu.mo\/wp-content\/uploads\/2020\/09\/UM-Logo_V-Black.png","width":3508,"height":2785,"caption":"University of Macau"},"image":{"@id":"https:\/\/www.um.edu.mo\/pt-pt\/#\/schema\/logo\/image\/"},"sameAs":["https:\/\/www.facebook.com\/universityofmacau","https:\/\/x.com\/UM_1981"]},{"@type":"Person","@id":"https:\/\/www.um.edu.mo\/pt-pt\/#\/schema\/person\/bfdcd3a75d1b778a93663e5dee2e33bb","name":"web_admin","image":{"@type":"ImageObject","inLanguage":"pt-PT","@id":"https:\/\/www.um.edu.mo\/pt-pt\/#\/schema\/person\/image\/","url":"https:\/\/secure.gravatar.com\/avatar\/e230ccd9ba8eb5ce94ecf306e4a35399?s=96&d=mm&r=g","contentUrl":"https:\/\/secure.gravatar.com\/avatar\/e230ccd9ba8eb5ce94ecf306e4a35399?s=96&d=mm&r=g","caption":"web_admin"}}]}},"_links":{"self":[{"href":"https:\/\/www.um.edu.mo\/pt-pt\/wp-json\/wp\/v2\/posts\/38744","targetHints":{"allow":["GET"]}}],"collection":[{"href":"https:\/\/www.um.edu.mo\/pt-pt\/wp-json\/wp\/v2\/posts"}],"about":[{"href":"https:\/\/www.um.edu.mo\/pt-pt\/wp-json\/wp\/v2\/types\/post"}],"author":[{"embeddable":true,"href":"https:\/\/www.um.edu.mo\/pt-pt\/wp-json\/wp\/v2\/users\/1"}],"replies":[{"embeddable":true,"href":"https:\/\/www.um.edu.mo\/pt-pt\/wp-json\/wp\/v2\/comments?post=38744"}],"version-history":[{"count":0,"href":"https:\/\/www.um.edu.mo\/pt-pt\/wp-json\/wp\/v2\/posts\/38744\/revisions"}],"wp:featuredmedia":[{"embeddable":true,"href":"https:\/\/www.um.edu.mo\/pt-pt\/wp-json\/wp\/v2\/media\/38745"}],"wp:attachment":[{"href":"https:\/\/www.um.edu.mo\/pt-pt\/wp-json\/wp\/v2\/media?parent=38744"}],"wp:term":[{"taxonomy":"category","embeddable":true,"href":"https:\/\/www.um.edu.mo\/pt-pt\/wp-json\/wp\/v2\/categories?post=38744"},{"taxonomy":"post_tag","embeddable":true,"href":"https:\/\/www.um.edu.mo\/pt-pt\/wp-json\/wp\/v2\/tags?post=38744"}],"curies":[{"name":"wp","href":"https:\/\/api.w.org\/{rel}","templated":true}]}}