{"id":359610,"date":"2024-11-08T18:25:19","date_gmt":"2024-11-08T10:25:19","guid":{"rendered":"https:\/\/www.um.edu.mo\/news-and-press-releases\/press-release\/detail\/59510-2\/"},"modified":"2025-02-20T18:45:57","modified_gmt":"2025-02-20T10:45:57","slug":"59510","status":"publish","type":"post","link":"https:\/\/www.um.edu.mo\/pt-pt\/news-and-press-releases\/press-release\/detail\/59510\/","title":{"rendered":"UM organiza eventos para comemorar a escritora portuguesa Maria Ondina Braga"},"content":{"rendered":"<p>A Universidade de Macau (UM) organizou um semin\u00e1rio e uma exposi\u00e7\u00e3o em homenagem \u00e0 escritora bem-conhecida portuguesa Maria Ondina Braga, com o objectivo de celebrar a amizade entre a China e Portugal e os importantes contributos de Braga para a literatura e o interc\u00e2mbio cultural entre os dois pa\u00edses.<\/p>\r\n<p>Maria Ondina Braga \u00e9 uma das escritoras portuguesas mais influentes do s\u00e9culo XX. As suas obras, que abrangem uma vasta gama de g\u00e9neros, incluindo romances, prosas e textos de viagem, retratam de forma viva a sua vida e observa\u00e7\u00f5es em locais como Macau, \u00cdndia e Angola. A sua escrita reflecte o seu profundo conhecimento das culturas estrangeiras e a sua vis\u00e3o \u00fanica da comunica\u00e7\u00e3o intercultural, demonstrando as resson\u00e2ncias e os conflitos entre diferentes culturas, especialmente a complexidade e a profundidade do interc\u00e2mbio cultural entre a China e Portugal. As experi\u00eancias interculturais \u00fanicas de Braga, especialmente a sua estadia em Pequim e Macau, fizeram dela uma ponte cultural entre a China e Portugal.<\/p>\r\n<p>Yao Jingming e Dora Nunes Gago, professor em\u00e9rito e ex-professora do Departamento de Portugu\u00eas da UM, foram convidados para o semin\u00e1rio \u201cImagens de Macau na Obra de Maria Ondina Braga\u201d. Durante o evento, Yao partilhou hist\u00f3rias da sua amizade com Braga. Gago, cuja obra Palavras N\u00f3madas, publicada em 2023, ganhou o 7\u00ba Grande Pr\u00e9mio de Literatura de Viagem Maria Ondina Braga, falou sobre as experi\u00eancias de vida e de escrita de Maria Ondina Braga em Macau. O semin\u00e1rio foi moderado por Manuela Carvalho, professor assistente do Departamento de Portugu\u00eas.<\/p>\r\n<p>A exposi\u00e7\u00e3o \u201cEu Vim para Ver a Terra\u2014A Viagem em Maria Ondina Braga\u201d oferece duas sess\u00f5es interactivas, \u2018Onde est\u00e1 Maria?\u2019 e \u2018Continua\u00e7\u00e3o da hist\u00f3ria\u2019. Apresenta as experi\u00eancias de vida de Braga, excertos das suas obras, tradu\u00e7\u00f5es chinesas publicadas das suas obras e teses sobre as obras dela elaboradas por estudantes de p\u00f3s-gradua\u00e7\u00e3o do Departamento de Portugu\u00eas. A exposi\u00e7\u00e3o est\u00e1 aberta ao p\u00fablico a partir de hoje e at\u00e9 30 de dezembro no Cantinho Portugu\u00eas, no segundo andar da Biblioteca Wu Yee Sun da UM (E2).<\/p>\r\n<p>Os eventos constituem uma plataforma para interc\u00e2mbios acad\u00e9micos. Oferecem tamb\u00e9m ao p\u00fablico uma compreens\u00e3o abrangente de Maria Ondina Braga e das suas obras, permitindo-lhes mergulhar no mundo interior da escritora e experimentar a converg\u00eancia e integra\u00e7\u00e3o de diferentes culturas atrav\u00e9s dos seus escritos.<\/p>\r\n<p>&nbsp;<\/p>\r\n<p>&nbsp;<\/p>\r\n<table style=\"max-width: 100%; border-collapse: collapse; border-spacing: 0px; margin: 0px 0px 40px; font-size: 16px; text-align: justify; line-height: 1.9;\">\r\n<tbody>\r\n<tr>\r\n<td style=\"vertical-align: top; height: 21px; width: 344.641px;\" colspan=\"2\">Source: Faculty of\u00a0Arts and Humanities<\/td>\r\n<\/tr>\r\n<tr>\r\n<td style=\"vertical-align: top; height: 21px; width: 166.359px; min-width: 120px;\">\u00a0<\/td>\r\n<td style=\"vertical-align: top; height: 21px; width: 178.281px;\">\u00a0<\/td>\r\n<\/tr>\r\n<tr>\r\n<td style=\"vertical-align: top; height: 21px; width: 344.641px;\" colspan=\"2\">Media Contact Information:<\/td>\r\n<\/tr>\r\n<tr>\r\n<td style=\"vertical-align: top; height: 12px; width: 344.641px;\" colspan=\"2\">Communications Office, University of Macau<\/td>\r\n<\/tr>\r\n<tr>\r\n<td style=\"vertical-align: top; height: 21px; width: 166.359px; min-width: 120px;\">\u00a0<\/td>\r\n<td style=\"vertical-align: top; height: 21px; width: 178.281px;\">\u00a0<\/td>\r\n<\/tr>\r\n<tr>\r\n<td style=\"vertical-align: top; height: 21px; width: 166.359px; min-width: 120px;\">Albee Lei<\/td>\r\n<td style=\"vertical-align: top; height: 21px; width: 178.281px;\">Tel: (853) 8822 8004<\/td>\r\n<\/tr>\r\n<tr>\r\n<td style=\"vertical-align: top; height: 21px; width: 166.359px; min-width: 120px;\">Jason Leong<\/td>\r\n<td style=\"vertical-align: top; height: 21px; width: 178.281px;\">Tel: (853) 8822 8322<\/td>\r\n<\/tr>\r\n<tr>\r\n<td style=\"vertical-align: top; height: 21px; width: 166.359px; min-width: 120px;\">Email:<\/td>\r\n<td style=\"vertical-align: top; height: 21px; width: 178.281px;\"><a href=\"mailto:prs.media@um.edu.mo\">prs.media@um.edu.mo<\/a><\/td>\r\n<\/tr>\r\n<tr>\r\n<td style=\"vertical-align: top; height: 21px; width: 166.359px; min-width: 120px;\">\u00a0<\/td>\r\n<td style=\"vertical-align: top; height: 21px; width: 178.281px;\">\u00a0<\/td>\r\n<\/tr>\r\n<\/tbody>\r\n<\/table>","protected":false},"excerpt":{"rendered":"<p>A Universidade de Macau (UM) organizou um semin\u00e1rio e uma exposi\u00e7\u00e3o em homenagem \u00e0 escritora bem-conhecida portuguesa Maria Ondina Braga, com o objectivo de celebrar a amizade entre a China&#8230;<\/p>\n","protected":false},"author":1,"featured_media":359620,"comment_status":"closed","ping_status":"closed","sticky":false,"template":"","format":"standard","meta":{"_acf_changed":false,"footnotes":""},"categories":[60],"tags":[],"class_list":["post-359610","post","type-post","status-publish","format-standard","has-post-thumbnail","hentry","category-press-release"],"acf":[],"yoast_head":"<!-- This site is optimized with the Yoast SEO plugin v24.5 - https:\/\/yoast.com\/wordpress\/plugins\/seo\/ -->\n<title>UM organiza eventos para comemorar a escritora portuguesa Maria Ondina Braga | Universidade de Macau<\/title>\n<meta name=\"description\" content=\"Universidade de Macau: Uma universidade abrangente p\u00fablica de n\u00edvel internacional fundada em 1981\" \/>\n<meta name=\"robots\" content=\"index, follow, max-snippet:-1, max-image-preview:large, max-video-preview:-1\" \/>\n<link rel=\"canonical\" href=\"https:\/\/www.um.edu.mo\/pt-pt\/news-and-press-releases\/press-release\/detail\/59510\/\" \/>\n<meta property=\"og:locale\" content=\"pt_PT\" \/>\n<meta property=\"og:type\" content=\"article\" \/>\n<meta property=\"og:title\" content=\"UM organiza eventos para comemorar a escritora portuguesa Maria Ondina Braga | Universidade de Macau\" \/>\n<meta property=\"og:description\" content=\"Universidade de Macau: Uma universidade abrangente p\u00fablica de n\u00edvel internacional fundada em 1981\" \/>\n<meta property=\"og:url\" content=\"https:\/\/www.um.edu.mo\/pt-pt\/news-and-press-releases\/press-release\/detail\/59510\/\" \/>\n<meta property=\"og:site_name\" content=\"Universidade de Macau\" \/>\n<meta property=\"article:publisher\" content=\"https:\/\/www.facebook.com\/universityofmacau\" \/>\n<meta property=\"article:published_time\" content=\"2024-11-08T10:25:19+00:00\" \/>\n<meta property=\"article:modified_time\" content=\"2025-02-20T10:45:57+00:00\" \/>\n<meta name=\"author\" content=\"web_admin\" \/>\n<meta name=\"twitter:card\" content=\"summary_large_image\" \/>\n<meta name=\"twitter:creator\" content=\"@UM_1981\" \/>\n<meta name=\"twitter:site\" content=\"@UM_1981\" \/>\n<meta name=\"twitter:label1\" content=\"Escrito por\" \/>\n\t<meta name=\"twitter:data1\" content=\"web_admin\" \/>\n\t<meta name=\"twitter:label2\" content=\"Tempo estimado de leitura\" \/>\n\t<meta name=\"twitter:data2\" content=\"2 minutos\" \/>\n<script type=\"application\/ld+json\" class=\"yoast-schema-graph\">{\"@context\":\"https:\/\/schema.org\",\"@graph\":[{\"@type\":\"Article\",\"@id\":\"https:\/\/www.um.edu.mo\/pt-pt\/news-and-press-releases\/press-release\/detail\/59510\/#article\",\"isPartOf\":{\"@id\":\"https:\/\/www.um.edu.mo\/pt-pt\/news-and-press-releases\/press-release\/detail\/59510\/\"},\"author\":{\"name\":\"web_admin\",\"@id\":\"https:\/\/www.um.edu.mo\/pt-pt\/#\/schema\/person\/bfdcd3a75d1b778a93663e5dee2e33bb\"},\"headline\":\"UM organiza eventos para comemorar a escritora portuguesa Maria Ondina Braga\",\"datePublished\":\"2024-11-08T10:25:19+00:00\",\"dateModified\":\"2025-02-20T10:45:57+00:00\",\"mainEntityOfPage\":{\"@id\":\"https:\/\/www.um.edu.mo\/pt-pt\/news-and-press-releases\/press-release\/detail\/59510\/\"},\"wordCount\":454,\"publisher\":{\"@id\":\"https:\/\/www.um.edu.mo\/pt-pt\/#organization\"},\"image\":{\"@id\":\"https:\/\/www.um.edu.mo\/pt-pt\/news-and-press-releases\/press-release\/detail\/59510\/#primaryimage\"},\"thumbnailUrl\":\"https:\/\/www.um.edu.mo\/wp-content\/uploads\/2024\/11\/359610-1-scaled.jpg\",\"articleSection\":[\"Comunicado de Imprensa\"],\"inLanguage\":\"pt-PT\"},{\"@type\":\"WebPage\",\"@id\":\"https:\/\/www.um.edu.mo\/pt-pt\/news-and-press-releases\/press-release\/detail\/59510\/\",\"url\":\"https:\/\/www.um.edu.mo\/pt-pt\/news-and-press-releases\/press-release\/detail\/59510\/\",\"name\":\"UM organiza eventos para comemorar a escritora portuguesa Maria Ondina Braga | Universidade de Macau\",\"isPartOf\":{\"@id\":\"https:\/\/www.um.edu.mo\/pt-pt\/#website\"},\"primaryImageOfPage\":{\"@id\":\"https:\/\/www.um.edu.mo\/pt-pt\/news-and-press-releases\/press-release\/detail\/59510\/#primaryimage\"},\"image\":{\"@id\":\"https:\/\/www.um.edu.mo\/pt-pt\/news-and-press-releases\/press-release\/detail\/59510\/#primaryimage\"},\"thumbnailUrl\":\"https:\/\/www.um.edu.mo\/wp-content\/uploads\/2024\/11\/359610-1-scaled.jpg\",\"datePublished\":\"2024-11-08T10:25:19+00:00\",\"dateModified\":\"2025-02-20T10:45:57+00:00\",\"description\":\"Universidade de Macau: Uma universidade abrangente p\u00fablica de n\u00edvel internacional fundada em 1981\",\"breadcrumb\":{\"@id\":\"https:\/\/www.um.edu.mo\/pt-pt\/news-and-press-releases\/press-release\/detail\/59510\/#breadcrumb\"},\"inLanguage\":\"pt-PT\",\"potentialAction\":[{\"@type\":\"ReadAction\",\"target\":[\"https:\/\/www.um.edu.mo\/pt-pt\/news-and-press-releases\/press-release\/detail\/59510\/\"]}]},{\"@type\":\"ImageObject\",\"inLanguage\":\"pt-PT\",\"@id\":\"https:\/\/www.um.edu.mo\/pt-pt\/news-and-press-releases\/press-release\/detail\/59510\/#primaryimage\",\"url\":\"https:\/\/www.um.edu.mo\/wp-content\/uploads\/2024\/11\/359610-1-scaled.jpg\",\"contentUrl\":\"https:\/\/www.um.edu.mo\/wp-content\/uploads\/2024\/11\/359610-1-scaled.jpg\",\"width\":2560,\"height\":1703},{\"@type\":\"BreadcrumbList\",\"@id\":\"https:\/\/www.um.edu.mo\/pt-pt\/news-and-press-releases\/press-release\/detail\/59510\/#breadcrumb\",\"itemListElement\":[{\"@type\":\"ListItem\",\"position\":1,\"name\":\"P\u00e1gina inicial\",\"item\":\"https:\/\/www.um.edu.mo\/pt-pt\/\"},{\"@type\":\"ListItem\",\"position\":2,\"name\":\"Not\u00edcias e Comunicados de Imprensa\",\"item\":\"https:\/\/www.um.edu.mo\/pt-pt\/category\/news-and-press-releases\/\"},{\"@type\":\"ListItem\",\"position\":3,\"name\":\"Comunicado de Imprensa\",\"item\":\"https:\/\/www.um.edu.mo\/pt-pt\/category\/news-and-press-releases\/press-release\/\"},{\"@type\":\"ListItem\",\"position\":4,\"name\":\"UM organiza eventos para comemorar a escritora portuguesa Maria Ondina Braga\"}]},{\"@type\":\"WebSite\",\"@id\":\"https:\/\/www.um.edu.mo\/pt-pt\/#website\",\"url\":\"https:\/\/www.um.edu.mo\/pt-pt\/\",\"name\":\"Universidade de Macau\",\"description\":\"\",\"publisher\":{\"@id\":\"https:\/\/www.um.edu.mo\/pt-pt\/#organization\"},\"potentialAction\":[{\"@type\":\"SearchAction\",\"target\":{\"@type\":\"EntryPoint\",\"urlTemplate\":\"https:\/\/www.um.edu.mo\/pt-pt\/?s={search_term_string}\"},\"query-input\":{\"@type\":\"PropertyValueSpecification\",\"valueRequired\":true,\"valueName\":\"search_term_string\"}}],\"inLanguage\":\"pt-PT\"},{\"@type\":\"Organization\",\"@id\":\"https:\/\/www.um.edu.mo\/pt-pt\/#organization\",\"name\":\"University of Macau\",\"url\":\"https:\/\/www.um.edu.mo\/pt-pt\/\",\"logo\":{\"@type\":\"ImageObject\",\"inLanguage\":\"pt-PT\",\"@id\":\"https:\/\/www.um.edu.mo\/pt-pt\/#\/schema\/logo\/image\/\",\"url\":\"https:\/\/www.um.edu.mo\/wp-content\/uploads\/2020\/09\/UM-Logo_V-Black.png\",\"contentUrl\":\"https:\/\/www.um.edu.mo\/wp-content\/uploads\/2020\/09\/UM-Logo_V-Black.png\",\"width\":3508,\"height\":2785,\"caption\":\"University of Macau\"},\"image\":{\"@id\":\"https:\/\/www.um.edu.mo\/pt-pt\/#\/schema\/logo\/image\/\"},\"sameAs\":[\"https:\/\/www.facebook.com\/universityofmacau\",\"https:\/\/x.com\/UM_1981\"]},{\"@type\":\"Person\",\"@id\":\"https:\/\/www.um.edu.mo\/pt-pt\/#\/schema\/person\/bfdcd3a75d1b778a93663e5dee2e33bb\",\"name\":\"web_admin\",\"image\":{\"@type\":\"ImageObject\",\"inLanguage\":\"pt-PT\",\"@id\":\"https:\/\/www.um.edu.mo\/pt-pt\/#\/schema\/person\/image\/\",\"url\":\"https:\/\/secure.gravatar.com\/avatar\/e230ccd9ba8eb5ce94ecf306e4a35399?s=96&d=mm&r=g\",\"contentUrl\":\"https:\/\/secure.gravatar.com\/avatar\/e230ccd9ba8eb5ce94ecf306e4a35399?s=96&d=mm&r=g\",\"caption\":\"web_admin\"}}]}<\/script>\n<!-- \/ Yoast SEO plugin. -->","yoast_head_json":{"title":"UM organiza eventos para comemorar a escritora portuguesa Maria Ondina Braga | Universidade de Macau","description":"Universidade de Macau: Uma universidade abrangente p\u00fablica de n\u00edvel internacional fundada em 1981","robots":{"index":"index","follow":"follow","max-snippet":"max-snippet:-1","max-image-preview":"max-image-preview:large","max-video-preview":"max-video-preview:-1"},"canonical":"https:\/\/www.um.edu.mo\/pt-pt\/news-and-press-releases\/press-release\/detail\/59510\/","og_locale":"pt_PT","og_type":"article","og_title":"UM organiza eventos para comemorar a escritora portuguesa Maria Ondina Braga | Universidade de Macau","og_description":"Universidade de Macau: Uma universidade abrangente p\u00fablica de n\u00edvel internacional fundada em 1981","og_url":"https:\/\/www.um.edu.mo\/pt-pt\/news-and-press-releases\/press-release\/detail\/59510\/","og_site_name":"Universidade de Macau","article_publisher":"https:\/\/www.facebook.com\/universityofmacau","article_published_time":"2024-11-08T10:25:19+00:00","article_modified_time":"2025-02-20T10:45:57+00:00","author":"web_admin","twitter_card":"summary_large_image","twitter_creator":"@UM_1981","twitter_site":"@UM_1981","twitter_misc":{"Escrito por":"web_admin","Tempo estimado de leitura":"2 minutos"},"schema":{"@context":"https:\/\/schema.org","@graph":[{"@type":"Article","@id":"https:\/\/www.um.edu.mo\/pt-pt\/news-and-press-releases\/press-release\/detail\/59510\/#article","isPartOf":{"@id":"https:\/\/www.um.edu.mo\/pt-pt\/news-and-press-releases\/press-release\/detail\/59510\/"},"author":{"name":"web_admin","@id":"https:\/\/www.um.edu.mo\/pt-pt\/#\/schema\/person\/bfdcd3a75d1b778a93663e5dee2e33bb"},"headline":"UM organiza eventos para comemorar a escritora portuguesa Maria Ondina Braga","datePublished":"2024-11-08T10:25:19+00:00","dateModified":"2025-02-20T10:45:57+00:00","mainEntityOfPage":{"@id":"https:\/\/www.um.edu.mo\/pt-pt\/news-and-press-releases\/press-release\/detail\/59510\/"},"wordCount":454,"publisher":{"@id":"https:\/\/www.um.edu.mo\/pt-pt\/#organization"},"image":{"@id":"https:\/\/www.um.edu.mo\/pt-pt\/news-and-press-releases\/press-release\/detail\/59510\/#primaryimage"},"thumbnailUrl":"https:\/\/www.um.edu.mo\/wp-content\/uploads\/2024\/11\/359610-1-scaled.jpg","articleSection":["Comunicado de Imprensa"],"inLanguage":"pt-PT"},{"@type":"WebPage","@id":"https:\/\/www.um.edu.mo\/pt-pt\/news-and-press-releases\/press-release\/detail\/59510\/","url":"https:\/\/www.um.edu.mo\/pt-pt\/news-and-press-releases\/press-release\/detail\/59510\/","name":"UM organiza eventos para comemorar a escritora portuguesa Maria Ondina Braga | Universidade de Macau","isPartOf":{"@id":"https:\/\/www.um.edu.mo\/pt-pt\/#website"},"primaryImageOfPage":{"@id":"https:\/\/www.um.edu.mo\/pt-pt\/news-and-press-releases\/press-release\/detail\/59510\/#primaryimage"},"image":{"@id":"https:\/\/www.um.edu.mo\/pt-pt\/news-and-press-releases\/press-release\/detail\/59510\/#primaryimage"},"thumbnailUrl":"https:\/\/www.um.edu.mo\/wp-content\/uploads\/2024\/11\/359610-1-scaled.jpg","datePublished":"2024-11-08T10:25:19+00:00","dateModified":"2025-02-20T10:45:57+00:00","description":"Universidade de Macau: Uma universidade abrangente p\u00fablica de n\u00edvel internacional fundada em 1981","breadcrumb":{"@id":"https:\/\/www.um.edu.mo\/pt-pt\/news-and-press-releases\/press-release\/detail\/59510\/#breadcrumb"},"inLanguage":"pt-PT","potentialAction":[{"@type":"ReadAction","target":["https:\/\/www.um.edu.mo\/pt-pt\/news-and-press-releases\/press-release\/detail\/59510\/"]}]},{"@type":"ImageObject","inLanguage":"pt-PT","@id":"https:\/\/www.um.edu.mo\/pt-pt\/news-and-press-releases\/press-release\/detail\/59510\/#primaryimage","url":"https:\/\/www.um.edu.mo\/wp-content\/uploads\/2024\/11\/359610-1-scaled.jpg","contentUrl":"https:\/\/www.um.edu.mo\/wp-content\/uploads\/2024\/11\/359610-1-scaled.jpg","width":2560,"height":1703},{"@type":"BreadcrumbList","@id":"https:\/\/www.um.edu.mo\/pt-pt\/news-and-press-releases\/press-release\/detail\/59510\/#breadcrumb","itemListElement":[{"@type":"ListItem","position":1,"name":"P\u00e1gina inicial","item":"https:\/\/www.um.edu.mo\/pt-pt\/"},{"@type":"ListItem","position":2,"name":"Not\u00edcias e Comunicados de Imprensa","item":"https:\/\/www.um.edu.mo\/pt-pt\/category\/news-and-press-releases\/"},{"@type":"ListItem","position":3,"name":"Comunicado de Imprensa","item":"https:\/\/www.um.edu.mo\/pt-pt\/category\/news-and-press-releases\/press-release\/"},{"@type":"ListItem","position":4,"name":"UM organiza eventos para comemorar a escritora portuguesa Maria Ondina Braga"}]},{"@type":"WebSite","@id":"https:\/\/www.um.edu.mo\/pt-pt\/#website","url":"https:\/\/www.um.edu.mo\/pt-pt\/","name":"Universidade de Macau","description":"","publisher":{"@id":"https:\/\/www.um.edu.mo\/pt-pt\/#organization"},"potentialAction":[{"@type":"SearchAction","target":{"@type":"EntryPoint","urlTemplate":"https:\/\/www.um.edu.mo\/pt-pt\/?s={search_term_string}"},"query-input":{"@type":"PropertyValueSpecification","valueRequired":true,"valueName":"search_term_string"}}],"inLanguage":"pt-PT"},{"@type":"Organization","@id":"https:\/\/www.um.edu.mo\/pt-pt\/#organization","name":"University of Macau","url":"https:\/\/www.um.edu.mo\/pt-pt\/","logo":{"@type":"ImageObject","inLanguage":"pt-PT","@id":"https:\/\/www.um.edu.mo\/pt-pt\/#\/schema\/logo\/image\/","url":"https:\/\/www.um.edu.mo\/wp-content\/uploads\/2020\/09\/UM-Logo_V-Black.png","contentUrl":"https:\/\/www.um.edu.mo\/wp-content\/uploads\/2020\/09\/UM-Logo_V-Black.png","width":3508,"height":2785,"caption":"University of Macau"},"image":{"@id":"https:\/\/www.um.edu.mo\/pt-pt\/#\/schema\/logo\/image\/"},"sameAs":["https:\/\/www.facebook.com\/universityofmacau","https:\/\/x.com\/UM_1981"]},{"@type":"Person","@id":"https:\/\/www.um.edu.mo\/pt-pt\/#\/schema\/person\/bfdcd3a75d1b778a93663e5dee2e33bb","name":"web_admin","image":{"@type":"ImageObject","inLanguage":"pt-PT","@id":"https:\/\/www.um.edu.mo\/pt-pt\/#\/schema\/person\/image\/","url":"https:\/\/secure.gravatar.com\/avatar\/e230ccd9ba8eb5ce94ecf306e4a35399?s=96&d=mm&r=g","contentUrl":"https:\/\/secure.gravatar.com\/avatar\/e230ccd9ba8eb5ce94ecf306e4a35399?s=96&d=mm&r=g","caption":"web_admin"}}]}},"_links":{"self":[{"href":"https:\/\/www.um.edu.mo\/pt-pt\/wp-json\/wp\/v2\/posts\/359610","targetHints":{"allow":["GET"]}}],"collection":[{"href":"https:\/\/www.um.edu.mo\/pt-pt\/wp-json\/wp\/v2\/posts"}],"about":[{"href":"https:\/\/www.um.edu.mo\/pt-pt\/wp-json\/wp\/v2\/types\/post"}],"author":[{"embeddable":true,"href":"https:\/\/www.um.edu.mo\/pt-pt\/wp-json\/wp\/v2\/users\/1"}],"replies":[{"embeddable":true,"href":"https:\/\/www.um.edu.mo\/pt-pt\/wp-json\/wp\/v2\/comments?post=359610"}],"version-history":[{"count":2,"href":"https:\/\/www.um.edu.mo\/pt-pt\/wp-json\/wp\/v2\/posts\/359610\/revisions"}],"predecessor-version":[{"id":372407,"href":"https:\/\/www.um.edu.mo\/pt-pt\/wp-json\/wp\/v2\/posts\/359610\/revisions\/372407"}],"wp:featuredmedia":[{"embeddable":true,"href":"https:\/\/www.um.edu.mo\/pt-pt\/wp-json\/wp\/v2\/media\/359620"}],"wp:attachment":[{"href":"https:\/\/www.um.edu.mo\/pt-pt\/wp-json\/wp\/v2\/media?parent=359610"}],"wp:term":[{"taxonomy":"category","embeddable":true,"href":"https:\/\/www.um.edu.mo\/pt-pt\/wp-json\/wp\/v2\/categories?post=359610"},{"taxonomy":"post_tag","embeddable":true,"href":"https:\/\/www.um.edu.mo\/pt-pt\/wp-json\/wp\/v2\/tags?post=359610"}],"curies":[{"name":"wp","href":"https:\/\/api.w.org\/{rel}","templated":true}]}}