{"id":358426,"date":"2024-10-30T19:11:25","date_gmt":"2024-10-30T11:11:25","guid":{"rendered":"https:\/\/www.um.edu.mo\/news-and-press-releases\/press-release\/detail\/59433-2\/"},"modified":"2024-11-05T18:56:34","modified_gmt":"2024-11-05T10:56:34","slug":"59433","status":"publish","type":"post","link":"https:\/\/www.um.edu.mo\/pt-pt\/news-and-press-releases\/press-release\/detail\/59433\/","title":{"rendered":"F\u00f3rum dos Reitores das Institui\u00e7\u00f5es do Ensino Superior da China e dos Pa\u00edses de L\u00edngua Portuguesa tem in\u00edcio na UM para discutir o desenvolvimento da l\u00edngua portuguesa"},"content":{"rendered":"\n                        \n                        <p>The 3rd Forum for Presidents of Higher Education Institutions of China and Portuguese-speaking Countries commenced with an opening ceremony today (30 October) at the University of Macau (UM). Yonghua Song, rector of UM, said that as the largest hub for Portuguese language education outside Portugal and Brazil, UM has trained a significant number of Chinese-Portuguese bilingual talent, as well as legal professionals in Portuguese law. In addition, the university has enhanced students\u2019 professional skills through international exchange programmes.<\/p><p>The forum is co-organised by the Education and Youth Development Bureau of the Macao SAR Government, UM, and other members of the Alliance for Cultivating Chinese-Portuguese Bilingual Talents. Themed \u2018The Portuguese Language in China\u2014From Macao and the Greater Bay Area\u2019, the forum has brought together university leaders, experts, and scholars from China and Portuguese-speaking countries to discuss the importance of the Portuguese language in education, culture, and technology in the context of globalisation.<\/p><p>Yonghua Song, rector of UM, said in his speech that with the rapid economic growth of Portuguese-speaking countries, the importance of the Portuguese language in global trade, diplomacy, and cultural exchange has become increasingly important.&nbsp;As Macao serves as a bridge for exchanges and cooperation between China and Portuguese-speaking countries,&nbsp;the training of Chinese-Portuguese bilingual talent with a global mindset is of great significance for the development of Macao and the Guangdong-Hong Kong-Macao Greater Bay Area. He added that UM provides students with exchange and internship opportunities in Portuguese-speaking countries to enhance their professional skills and international outlook.<\/p><p>Rui Martins, vice rector of UM and vice president of the Association of Portuguese Speaking Universities (AULP), noted in his keynote speech that Portuguese education is gaining increasing attention in mainland China. Over the years, UM\u2019s Department of Portuguese and Faculty of Law have produced many outstanding graduates who have made significant contributions and achieved remarkable success in academia, government, and the private sector. He also mentioned UM\u2019s pioneering role in the development of a Chinese-Portuguese machine translation system and its contributions to bilingual communication and research.<\/p><p>During the&nbsp;forum, Rector Song and Maria das Dores Guerreiro, vice rector of the&nbsp;ISCTE \u2013 University Institute of Lisbon, signed a student exchange agreement on behalf of their respective institutions. In addition, the Henrique de Senna Fernandes Academic Prize for the Best Portuguese Thesis was presented to outstanding UM postgraduate students in recognition of their contributions to Portuguese academic research.<\/p><p><\/p><p><\/p><table style=\"max-width: 100%;border-collapse: collapse;border-spacing: 0px;margin: 0px 0px 40px;font-size: 16px;text-align: justify;line-height: 1.9;, Arial, Helvetica, sans-serif\"><tbody><tr><td colspan=\"2\" style=\"vertical-align: top;height: 21px;width: 333px\">Source: Global Affairs Office<\/td><\/tr><tr><td style=\"vertical-align: top;height: 21px;width: 154.469px;min-width: 120px\"><\/td><td style=\"vertical-align: top;height: 21px;width: 178.531px\"><\/td><\/tr><tr><td colspan=\"2\" style=\"vertical-align: top;height: 21px;width: 333px\">Media Contact Information:<\/td><\/tr><tr><td colspan=\"2\" style=\"vertical-align: top;height: 12px;width: 333px\">Communications Office, University of Macau<\/td><\/tr><tr><td style=\"vertical-align: top;height: 21px;width: 154.469px;min-width: 120px\"><\/td><td style=\"vertical-align: top;height: 21px;width: 178.531px\"><\/td><\/tr><tr><td style=\"vertical-align: top;height: 21px;width: 154.469px;min-width: 120px\">Albee Lei<\/td><td style=\"vertical-align: top;height: 21px;width: 178.531px\">Tel: (853) 8822 8004<\/td><\/tr><tr><td style=\"vertical-align: top;height: 21px;width: 154.469px;min-width: 120px\">Jason Leong<\/td><td style=\"vertical-align: top;height: 21px;width: 178.531px\">Tel: (853) 8822 8322<\/td><\/tr><tr><td style=\"vertical-align: top;height: 21px;width: 154.469px;min-width: 120px\">Email:<\/td><td style=\"vertical-align: top;height: 21px;width: 178.531px\"><a href=\"mailto:prs.media@um.edu.mo\">prs.media@um.edu.mo<\/a><\/td><\/tr><\/tbody><\/table><p><\/p>\n                        \n                        ","protected":false},"excerpt":{"rendered":"<p>The 3rd Forum for Presidents of Higher Education Institutions of China and Portuguese-speaking Countries commenced with an opening ceremony today (30 October) at the University of Macau (UM). Yonghua Song,&#8230;<\/p>\n","protected":false},"author":1,"featured_media":358835,"comment_status":"closed","ping_status":"closed","sticky":false,"template":"","format":"standard","meta":{"_acf_changed":false,"footnotes":""},"categories":[60],"tags":[],"class_list":["post-358426","post","type-post","status-publish","format-standard","has-post-thumbnail","hentry","category-press-release"],"acf":[],"yoast_head":"<!-- This site is optimized with the Yoast SEO plugin v24.5 - https:\/\/yoast.com\/wordpress\/plugins\/seo\/ -->\n<title>F\u00f3rum dos Reitores das Institui\u00e7\u00f5es do Ensino Superior da China e dos Pa\u00edses de L\u00edngua Portuguesa tem in\u00edcio na UM para discutir o desenvolvimento da l\u00edngua portuguesa | Universidade de Macau<\/title>\n<meta name=\"description\" content=\"Universidade de Macau: Uma universidade abrangente p\u00fablica de n\u00edvel internacional fundada em 1981\" \/>\n<meta name=\"robots\" content=\"index, follow, max-snippet:-1, max-image-preview:large, max-video-preview:-1\" \/>\n<link rel=\"canonical\" href=\"https:\/\/www.um.edu.mo\/pt-pt\/news-and-press-releases\/press-release\/detail\/59433\/\" \/>\n<meta property=\"og:locale\" content=\"pt_PT\" \/>\n<meta property=\"og:type\" content=\"article\" \/>\n<meta property=\"og:title\" content=\"F\u00f3rum dos Reitores das Institui\u00e7\u00f5es do Ensino Superior da China e dos Pa\u00edses de L\u00edngua Portuguesa tem in\u00edcio na UM para discutir o desenvolvimento da l\u00edngua portuguesa | Universidade de Macau\" \/>\n<meta property=\"og:description\" content=\"Universidade de Macau: Uma universidade abrangente p\u00fablica de n\u00edvel internacional fundada em 1981\" \/>\n<meta property=\"og:url\" content=\"https:\/\/www.um.edu.mo\/pt-pt\/news-and-press-releases\/press-release\/detail\/59433\/\" \/>\n<meta property=\"og:site_name\" content=\"Universidade de Macau\" \/>\n<meta property=\"article:publisher\" content=\"https:\/\/www.facebook.com\/universityofmacau\" \/>\n<meta property=\"article:published_time\" content=\"2024-10-30T11:11:25+00:00\" \/>\n<meta property=\"article:modified_time\" content=\"2024-11-05T10:56:34+00:00\" \/>\n<meta name=\"author\" content=\"web_admin\" \/>\n<meta name=\"twitter:card\" content=\"summary_large_image\" \/>\n<meta name=\"twitter:creator\" content=\"@UM_1981\" \/>\n<meta name=\"twitter:site\" content=\"@UM_1981\" \/>\n<meta name=\"twitter:label1\" content=\"Escrito por\" \/>\n\t<meta name=\"twitter:data1\" content=\"web_admin\" \/>\n\t<meta name=\"twitter:label2\" content=\"Tempo estimado de leitura\" \/>\n\t<meta name=\"twitter:data2\" content=\"2 minutos\" \/>\n<script type=\"application\/ld+json\" class=\"yoast-schema-graph\">{\"@context\":\"https:\/\/schema.org\",\"@graph\":[{\"@type\":\"Article\",\"@id\":\"https:\/\/www.um.edu.mo\/pt-pt\/news-and-press-releases\/press-release\/detail\/59433\/#article\",\"isPartOf\":{\"@id\":\"https:\/\/www.um.edu.mo\/pt-pt\/news-and-press-releases\/press-release\/detail\/59433\/\"},\"author\":{\"name\":\"web_admin\",\"@id\":\"https:\/\/www.um.edu.mo\/pt-pt\/#\/schema\/person\/bfdcd3a75d1b778a93663e5dee2e33bb\"},\"headline\":\"F\u00f3rum dos Reitores das Institui\u00e7\u00f5es do Ensino Superior da China e dos Pa\u00edses de L\u00edngua Portuguesa tem in\u00edcio na UM para discutir o desenvolvimento da l\u00edngua portuguesa\",\"datePublished\":\"2024-10-30T11:11:25+00:00\",\"dateModified\":\"2024-11-05T10:56:34+00:00\",\"mainEntityOfPage\":{\"@id\":\"https:\/\/www.um.edu.mo\/pt-pt\/news-and-press-releases\/press-release\/detail\/59433\/\"},\"wordCount\":459,\"publisher\":{\"@id\":\"https:\/\/www.um.edu.mo\/pt-pt\/#organization\"},\"image\":{\"@id\":\"https:\/\/www.um.edu.mo\/pt-pt\/news-and-press-releases\/press-release\/detail\/59433\/#primaryimage\"},\"thumbnailUrl\":\"https:\/\/www.um.edu.mo\/wp-content\/uploads\/2024\/11\/358426-1-scaled.jpg\",\"articleSection\":[\"Comunicado de Imprensa\"],\"inLanguage\":\"pt-PT\"},{\"@type\":\"WebPage\",\"@id\":\"https:\/\/www.um.edu.mo\/pt-pt\/news-and-press-releases\/press-release\/detail\/59433\/\",\"url\":\"https:\/\/www.um.edu.mo\/pt-pt\/news-and-press-releases\/press-release\/detail\/59433\/\",\"name\":\"F\u00f3rum dos Reitores das Institui\u00e7\u00f5es do Ensino Superior da China e dos Pa\u00edses de L\u00edngua Portuguesa tem in\u00edcio na UM para discutir o desenvolvimento da l\u00edngua portuguesa | Universidade de Macau\",\"isPartOf\":{\"@id\":\"https:\/\/www.um.edu.mo\/pt-pt\/#website\"},\"primaryImageOfPage\":{\"@id\":\"https:\/\/www.um.edu.mo\/pt-pt\/news-and-press-releases\/press-release\/detail\/59433\/#primaryimage\"},\"image\":{\"@id\":\"https:\/\/www.um.edu.mo\/pt-pt\/news-and-press-releases\/press-release\/detail\/59433\/#primaryimage\"},\"thumbnailUrl\":\"https:\/\/www.um.edu.mo\/wp-content\/uploads\/2024\/11\/358426-1-scaled.jpg\",\"datePublished\":\"2024-10-30T11:11:25+00:00\",\"dateModified\":\"2024-11-05T10:56:34+00:00\",\"description\":\"Universidade de Macau: Uma universidade abrangente p\u00fablica de n\u00edvel internacional fundada em 1981\",\"breadcrumb\":{\"@id\":\"https:\/\/www.um.edu.mo\/pt-pt\/news-and-press-releases\/press-release\/detail\/59433\/#breadcrumb\"},\"inLanguage\":\"pt-PT\",\"potentialAction\":[{\"@type\":\"ReadAction\",\"target\":[\"https:\/\/www.um.edu.mo\/pt-pt\/news-and-press-releases\/press-release\/detail\/59433\/\"]}]},{\"@type\":\"ImageObject\",\"inLanguage\":\"pt-PT\",\"@id\":\"https:\/\/www.um.edu.mo\/pt-pt\/news-and-press-releases\/press-release\/detail\/59433\/#primaryimage\",\"url\":\"https:\/\/www.um.edu.mo\/wp-content\/uploads\/2024\/11\/358426-1-scaled.jpg\",\"contentUrl\":\"https:\/\/www.um.edu.mo\/wp-content\/uploads\/2024\/11\/358426-1-scaled.jpg\",\"width\":2560,\"height\":1717},{\"@type\":\"BreadcrumbList\",\"@id\":\"https:\/\/www.um.edu.mo\/pt-pt\/news-and-press-releases\/press-release\/detail\/59433\/#breadcrumb\",\"itemListElement\":[{\"@type\":\"ListItem\",\"position\":1,\"name\":\"P\u00e1gina inicial\",\"item\":\"https:\/\/www.um.edu.mo\/pt-pt\/\"},{\"@type\":\"ListItem\",\"position\":2,\"name\":\"Not\u00edcias e Comunicados de Imprensa\",\"item\":\"https:\/\/www.um.edu.mo\/pt-pt\/category\/news-and-press-releases\/\"},{\"@type\":\"ListItem\",\"position\":3,\"name\":\"Comunicado de Imprensa\",\"item\":\"https:\/\/www.um.edu.mo\/pt-pt\/category\/news-and-press-releases\/press-release\/\"},{\"@type\":\"ListItem\",\"position\":4,\"name\":\"F\u00f3rum dos Reitores das Institui\u00e7\u00f5es do Ensino Superior da China e dos Pa\u00edses de L\u00edngua Portuguesa tem in\u00edcio na UM para discutir o desenvolvimento da l\u00edngua portuguesa\"}]},{\"@type\":\"WebSite\",\"@id\":\"https:\/\/www.um.edu.mo\/pt-pt\/#website\",\"url\":\"https:\/\/www.um.edu.mo\/pt-pt\/\",\"name\":\"Universidade de Macau\",\"description\":\"\",\"publisher\":{\"@id\":\"https:\/\/www.um.edu.mo\/pt-pt\/#organization\"},\"potentialAction\":[{\"@type\":\"SearchAction\",\"target\":{\"@type\":\"EntryPoint\",\"urlTemplate\":\"https:\/\/www.um.edu.mo\/pt-pt\/?s={search_term_string}\"},\"query-input\":{\"@type\":\"PropertyValueSpecification\",\"valueRequired\":true,\"valueName\":\"search_term_string\"}}],\"inLanguage\":\"pt-PT\"},{\"@type\":\"Organization\",\"@id\":\"https:\/\/www.um.edu.mo\/pt-pt\/#organization\",\"name\":\"University of Macau\",\"url\":\"https:\/\/www.um.edu.mo\/pt-pt\/\",\"logo\":{\"@type\":\"ImageObject\",\"inLanguage\":\"pt-PT\",\"@id\":\"https:\/\/www.um.edu.mo\/pt-pt\/#\/schema\/logo\/image\/\",\"url\":\"https:\/\/www.um.edu.mo\/wp-content\/uploads\/2020\/09\/UM-Logo_V-Black.png\",\"contentUrl\":\"https:\/\/www.um.edu.mo\/wp-content\/uploads\/2020\/09\/UM-Logo_V-Black.png\",\"width\":3508,\"height\":2785,\"caption\":\"University of Macau\"},\"image\":{\"@id\":\"https:\/\/www.um.edu.mo\/pt-pt\/#\/schema\/logo\/image\/\"},\"sameAs\":[\"https:\/\/www.facebook.com\/universityofmacau\",\"https:\/\/x.com\/UM_1981\"]},{\"@type\":\"Person\",\"@id\":\"https:\/\/www.um.edu.mo\/pt-pt\/#\/schema\/person\/bfdcd3a75d1b778a93663e5dee2e33bb\",\"name\":\"web_admin\",\"image\":{\"@type\":\"ImageObject\",\"inLanguage\":\"pt-PT\",\"@id\":\"https:\/\/www.um.edu.mo\/pt-pt\/#\/schema\/person\/image\/\",\"url\":\"https:\/\/secure.gravatar.com\/avatar\/e230ccd9ba8eb5ce94ecf306e4a35399?s=96&d=mm&r=g\",\"contentUrl\":\"https:\/\/secure.gravatar.com\/avatar\/e230ccd9ba8eb5ce94ecf306e4a35399?s=96&d=mm&r=g\",\"caption\":\"web_admin\"}}]}<\/script>\n<!-- \/ Yoast SEO plugin. -->","yoast_head_json":{"title":"F\u00f3rum dos Reitores das Institui\u00e7\u00f5es do Ensino Superior da China e dos Pa\u00edses de L\u00edngua Portuguesa tem in\u00edcio na UM para discutir o desenvolvimento da l\u00edngua portuguesa | Universidade de Macau","description":"Universidade de Macau: Uma universidade abrangente p\u00fablica de n\u00edvel internacional fundada em 1981","robots":{"index":"index","follow":"follow","max-snippet":"max-snippet:-1","max-image-preview":"max-image-preview:large","max-video-preview":"max-video-preview:-1"},"canonical":"https:\/\/www.um.edu.mo\/pt-pt\/news-and-press-releases\/press-release\/detail\/59433\/","og_locale":"pt_PT","og_type":"article","og_title":"F\u00f3rum dos Reitores das Institui\u00e7\u00f5es do Ensino Superior da China e dos Pa\u00edses de L\u00edngua Portuguesa tem in\u00edcio na UM para discutir o desenvolvimento da l\u00edngua portuguesa | Universidade de Macau","og_description":"Universidade de Macau: Uma universidade abrangente p\u00fablica de n\u00edvel internacional fundada em 1981","og_url":"https:\/\/www.um.edu.mo\/pt-pt\/news-and-press-releases\/press-release\/detail\/59433\/","og_site_name":"Universidade de Macau","article_publisher":"https:\/\/www.facebook.com\/universityofmacau","article_published_time":"2024-10-30T11:11:25+00:00","article_modified_time":"2024-11-05T10:56:34+00:00","author":"web_admin","twitter_card":"summary_large_image","twitter_creator":"@UM_1981","twitter_site":"@UM_1981","twitter_misc":{"Escrito por":"web_admin","Tempo estimado de leitura":"2 minutos"},"schema":{"@context":"https:\/\/schema.org","@graph":[{"@type":"Article","@id":"https:\/\/www.um.edu.mo\/pt-pt\/news-and-press-releases\/press-release\/detail\/59433\/#article","isPartOf":{"@id":"https:\/\/www.um.edu.mo\/pt-pt\/news-and-press-releases\/press-release\/detail\/59433\/"},"author":{"name":"web_admin","@id":"https:\/\/www.um.edu.mo\/pt-pt\/#\/schema\/person\/bfdcd3a75d1b778a93663e5dee2e33bb"},"headline":"F\u00f3rum dos Reitores das Institui\u00e7\u00f5es do Ensino Superior da China e dos Pa\u00edses de L\u00edngua Portuguesa tem in\u00edcio na UM para discutir o desenvolvimento da l\u00edngua portuguesa","datePublished":"2024-10-30T11:11:25+00:00","dateModified":"2024-11-05T10:56:34+00:00","mainEntityOfPage":{"@id":"https:\/\/www.um.edu.mo\/pt-pt\/news-and-press-releases\/press-release\/detail\/59433\/"},"wordCount":459,"publisher":{"@id":"https:\/\/www.um.edu.mo\/pt-pt\/#organization"},"image":{"@id":"https:\/\/www.um.edu.mo\/pt-pt\/news-and-press-releases\/press-release\/detail\/59433\/#primaryimage"},"thumbnailUrl":"https:\/\/www.um.edu.mo\/wp-content\/uploads\/2024\/11\/358426-1-scaled.jpg","articleSection":["Comunicado de Imprensa"],"inLanguage":"pt-PT"},{"@type":"WebPage","@id":"https:\/\/www.um.edu.mo\/pt-pt\/news-and-press-releases\/press-release\/detail\/59433\/","url":"https:\/\/www.um.edu.mo\/pt-pt\/news-and-press-releases\/press-release\/detail\/59433\/","name":"F\u00f3rum dos Reitores das Institui\u00e7\u00f5es do Ensino Superior da China e dos Pa\u00edses de L\u00edngua Portuguesa tem in\u00edcio na UM para discutir o desenvolvimento da l\u00edngua portuguesa | Universidade de Macau","isPartOf":{"@id":"https:\/\/www.um.edu.mo\/pt-pt\/#website"},"primaryImageOfPage":{"@id":"https:\/\/www.um.edu.mo\/pt-pt\/news-and-press-releases\/press-release\/detail\/59433\/#primaryimage"},"image":{"@id":"https:\/\/www.um.edu.mo\/pt-pt\/news-and-press-releases\/press-release\/detail\/59433\/#primaryimage"},"thumbnailUrl":"https:\/\/www.um.edu.mo\/wp-content\/uploads\/2024\/11\/358426-1-scaled.jpg","datePublished":"2024-10-30T11:11:25+00:00","dateModified":"2024-11-05T10:56:34+00:00","description":"Universidade de Macau: Uma universidade abrangente p\u00fablica de n\u00edvel internacional fundada em 1981","breadcrumb":{"@id":"https:\/\/www.um.edu.mo\/pt-pt\/news-and-press-releases\/press-release\/detail\/59433\/#breadcrumb"},"inLanguage":"pt-PT","potentialAction":[{"@type":"ReadAction","target":["https:\/\/www.um.edu.mo\/pt-pt\/news-and-press-releases\/press-release\/detail\/59433\/"]}]},{"@type":"ImageObject","inLanguage":"pt-PT","@id":"https:\/\/www.um.edu.mo\/pt-pt\/news-and-press-releases\/press-release\/detail\/59433\/#primaryimage","url":"https:\/\/www.um.edu.mo\/wp-content\/uploads\/2024\/11\/358426-1-scaled.jpg","contentUrl":"https:\/\/www.um.edu.mo\/wp-content\/uploads\/2024\/11\/358426-1-scaled.jpg","width":2560,"height":1717},{"@type":"BreadcrumbList","@id":"https:\/\/www.um.edu.mo\/pt-pt\/news-and-press-releases\/press-release\/detail\/59433\/#breadcrumb","itemListElement":[{"@type":"ListItem","position":1,"name":"P\u00e1gina inicial","item":"https:\/\/www.um.edu.mo\/pt-pt\/"},{"@type":"ListItem","position":2,"name":"Not\u00edcias e Comunicados de Imprensa","item":"https:\/\/www.um.edu.mo\/pt-pt\/category\/news-and-press-releases\/"},{"@type":"ListItem","position":3,"name":"Comunicado de Imprensa","item":"https:\/\/www.um.edu.mo\/pt-pt\/category\/news-and-press-releases\/press-release\/"},{"@type":"ListItem","position":4,"name":"F\u00f3rum dos Reitores das Institui\u00e7\u00f5es do Ensino Superior da China e dos Pa\u00edses de L\u00edngua Portuguesa tem in\u00edcio na UM para discutir o desenvolvimento da l\u00edngua portuguesa"}]},{"@type":"WebSite","@id":"https:\/\/www.um.edu.mo\/pt-pt\/#website","url":"https:\/\/www.um.edu.mo\/pt-pt\/","name":"Universidade de Macau","description":"","publisher":{"@id":"https:\/\/www.um.edu.mo\/pt-pt\/#organization"},"potentialAction":[{"@type":"SearchAction","target":{"@type":"EntryPoint","urlTemplate":"https:\/\/www.um.edu.mo\/pt-pt\/?s={search_term_string}"},"query-input":{"@type":"PropertyValueSpecification","valueRequired":true,"valueName":"search_term_string"}}],"inLanguage":"pt-PT"},{"@type":"Organization","@id":"https:\/\/www.um.edu.mo\/pt-pt\/#organization","name":"University of Macau","url":"https:\/\/www.um.edu.mo\/pt-pt\/","logo":{"@type":"ImageObject","inLanguage":"pt-PT","@id":"https:\/\/www.um.edu.mo\/pt-pt\/#\/schema\/logo\/image\/","url":"https:\/\/www.um.edu.mo\/wp-content\/uploads\/2020\/09\/UM-Logo_V-Black.png","contentUrl":"https:\/\/www.um.edu.mo\/wp-content\/uploads\/2020\/09\/UM-Logo_V-Black.png","width":3508,"height":2785,"caption":"University of Macau"},"image":{"@id":"https:\/\/www.um.edu.mo\/pt-pt\/#\/schema\/logo\/image\/"},"sameAs":["https:\/\/www.facebook.com\/universityofmacau","https:\/\/x.com\/UM_1981"]},{"@type":"Person","@id":"https:\/\/www.um.edu.mo\/pt-pt\/#\/schema\/person\/bfdcd3a75d1b778a93663e5dee2e33bb","name":"web_admin","image":{"@type":"ImageObject","inLanguage":"pt-PT","@id":"https:\/\/www.um.edu.mo\/pt-pt\/#\/schema\/person\/image\/","url":"https:\/\/secure.gravatar.com\/avatar\/e230ccd9ba8eb5ce94ecf306e4a35399?s=96&d=mm&r=g","contentUrl":"https:\/\/secure.gravatar.com\/avatar\/e230ccd9ba8eb5ce94ecf306e4a35399?s=96&d=mm&r=g","caption":"web_admin"}}]}},"_links":{"self":[{"href":"https:\/\/www.um.edu.mo\/pt-pt\/wp-json\/wp\/v2\/posts\/358426","targetHints":{"allow":["GET"]}}],"collection":[{"href":"https:\/\/www.um.edu.mo\/pt-pt\/wp-json\/wp\/v2\/posts"}],"about":[{"href":"https:\/\/www.um.edu.mo\/pt-pt\/wp-json\/wp\/v2\/types\/post"}],"author":[{"embeddable":true,"href":"https:\/\/www.um.edu.mo\/pt-pt\/wp-json\/wp\/v2\/users\/1"}],"replies":[{"embeddable":true,"href":"https:\/\/www.um.edu.mo\/pt-pt\/wp-json\/wp\/v2\/comments?post=358426"}],"version-history":[{"count":1,"href":"https:\/\/www.um.edu.mo\/pt-pt\/wp-json\/wp\/v2\/posts\/358426\/revisions"}],"predecessor-version":[{"id":358834,"href":"https:\/\/www.um.edu.mo\/pt-pt\/wp-json\/wp\/v2\/posts\/358426\/revisions\/358834"}],"wp:featuredmedia":[{"embeddable":true,"href":"https:\/\/www.um.edu.mo\/pt-pt\/wp-json\/wp\/v2\/media\/358835"}],"wp:attachment":[{"href":"https:\/\/www.um.edu.mo\/pt-pt\/wp-json\/wp\/v2\/media?parent=358426"}],"wp:term":[{"taxonomy":"category","embeddable":true,"href":"https:\/\/www.um.edu.mo\/pt-pt\/wp-json\/wp\/v2\/categories?post=358426"},{"taxonomy":"post_tag","embeddable":true,"href":"https:\/\/www.um.edu.mo\/pt-pt\/wp-json\/wp\/v2\/tags?post=358426"}],"curies":[{"name":"wp","href":"https:\/\/api.w.org\/{rel}","templated":true}]}}