{"id":356507,"date":"2024-10-18T17:28:46","date_gmt":"2024-10-18T09:28:46","guid":{"rendered":"https:\/\/www.um.edu.mo\/news-and-press-releases\/campus-news\/detail\/59333-2\/"},"modified":"2024-10-29T15:39:57","modified_gmt":"2024-10-29T07:39:57","slug":"59333","status":"publish","type":"post","link":"https:\/\/www.um.edu.mo\/pt-pt\/news-and-press-releases\/campus-news\/detail\/59333\/","title":{"rendered":"UM organiza semin\u00e1rio sobre o desenvolvimento de curr\u00edculos e a compila\u00e7\u00e3o de materiais did\u00e1cticos no continente e em Macau"},"content":{"rendered":"\n                        \n                        <p>The University of Macau (UM) hosted a seminar on mainland and Macao curriculum development and teaching materials compilation. The seminar was jointly organised by the Education and Youth Development Bureau of the Macao SAR Government and the Institute of Curriculum and Textbook Research of the Ministry of Education of China, and supported by People\u2019s Education Press, Guangdong Education Publishing House, and Macao Kai Yuen Publishing Limited. During the event, experts and scholars from mainland China and Macao in the field of curriculum and teaching materials, together with educators from Macao, discussed the successful experiences of curriculum reform and joint publication of teaching materials. An exhibition on teaching materials of the tertiary education institutions, secondary and primary schools in mainland China and Macao was held concurrently, where visitors could review the history and achievements of the development of teaching materials.<\/p><p>At the opening ceremony, Wang Jiayi, vice minister of education of China, presented 40,000 copies of the traditional Chinese version of the dictionary&nbsp;<i>Xinbian Xuesheng Zidian<\/i>&nbsp;to Macao primary school students and teachers. Ao Ieong U, secretary for social affairs and culture of the Macao SAR Government, presented to representatives of educational organisations in Macao the supplementary teaching materials on national security education compiled by the University of International Relations.<\/p><p>Vice Minister Wang also delivered a speech at the event. He stressed that basic education is an important component in building China into a leading country in education, and therefore it is of paramount importance to promote curriculum reform and the development of teaching materials in basic education. He also put forward some suggestions for future exchanges and cooperation between mainland China and Macao, and encouraged all parties to work together to cultivate talent who can meet the needs of the new era and to contribute to the Chinese modernisation.<\/p><p><\/p><p><\/p><table style=\"max-width: 100%;border-collapse: collapse;border-spacing: 0px;margin: 0px 0px 40px;font-size: 16px;text-align: justify;line-height: 1.9;height: 201px\"><tbody><tr style=\"height: 21px\"><td colspan=\"2\" style=\"vertical-align: top;height: 21px;width: 307.047px\">Source: Communications Office<\/td><\/tr><tr style=\"height: 21px\"><td style=\"vertical-align: top;height: 21px;width: 128.766px;min-width: 120px\"><\/td><td style=\"vertical-align: top;height: 21px;width: 178.281px\"><\/td><\/tr><tr style=\"height: 21px\"><td colspan=\"2\" style=\"vertical-align: top;height: 21px;width: 307.047px\">Media Contact Information:<\/td><\/tr><tr style=\"height: 21px\"><td colspan=\"2\" style=\"vertical-align: top;height: 12px;width: 307.047px\">Communications Office, University of Macau<\/td><\/tr><tr style=\"height: 21px\"><td style=\"vertical-align: top;height: 21px;width: 128.766px;min-width: 120px\"><\/td><td style=\"vertical-align: top;height: 21px;width: 178.281px\"><\/td><\/tr><tr style=\"height: 21px\"><td style=\"vertical-align: top;height: 21px;width: 128.766px;min-width: 120px\">Albee Lei<\/td><td style=\"vertical-align: top;height: 21px;width: 178.281px\">Tel: (853) 8822 8004<\/td><\/tr><tr style=\"height: 21px\"><td style=\"vertical-align: top;height: 21px;width: 128.766px;min-width: 120px\">Jason Leong<\/td><td style=\"vertical-align: top;height: 21px;width: 178.281px\">Tel: (853) 8822 8322<\/td><\/tr><tr style=\"height: 21px\"><td style=\"vertical-align: top;height: 21px;width: 128.766px;min-width: 120px\">Email:<\/td><td style=\"vertical-align: top;height: 21px;width: 178.281px\"><a href=\"mailto:prs.media@um.edu.mo\">prs.media@um.edu.mo<\/a><\/td><\/tr><tr style=\"height: 21px\"><td style=\"vertical-align: top;height: 21px;width: 128.766px;min-width: 120px\"><\/td><td style=\"vertical-align: top;height: 21px;width: 178.281px\"><\/td><\/tr><tr style=\"height: 21px\"><td>\u65e5<\/td><\/tr><\/tbody><\/table>\n                        \n                        ","protected":false},"excerpt":{"rendered":"<p>The University of Macau (UM) hosted a seminar on mainland and Macao curriculum development and teaching materials compilation. The seminar was jointly organised by the Education and Youth Development Bureau&#8230;<\/p>\n","protected":false},"author":1,"featured_media":358125,"comment_status":"closed","ping_status":"closed","sticky":false,"template":"","format":"standard","meta":{"_acf_changed":false,"footnotes":""},"categories":[61],"tags":[],"class_list":["post-356507","post","type-post","status-publish","format-standard","has-post-thumbnail","hentry","category-campus-news"],"acf":[],"yoast_head":"<!-- This site is optimized with the Yoast SEO plugin v24.5 - https:\/\/yoast.com\/wordpress\/plugins\/seo\/ -->\n<title>UM organiza semin\u00e1rio sobre o desenvolvimento de curr\u00edculos e a compila\u00e7\u00e3o de materiais did\u00e1cticos no continente e em Macau | Universidade de Macau<\/title>\n<meta name=\"description\" content=\"Universidade de Macau: Uma universidade abrangente p\u00fablica de n\u00edvel internacional fundada em 1981\" \/>\n<meta name=\"robots\" content=\"index, follow, max-snippet:-1, max-image-preview:large, max-video-preview:-1\" \/>\n<link rel=\"canonical\" href=\"https:\/\/www.um.edu.mo\/pt-pt\/news-and-press-releases\/campus-news\/detail\/59333\/\" \/>\n<meta property=\"og:locale\" content=\"pt_PT\" \/>\n<meta property=\"og:type\" content=\"article\" \/>\n<meta property=\"og:title\" content=\"UM organiza semin\u00e1rio sobre o desenvolvimento de curr\u00edculos e a compila\u00e7\u00e3o de materiais did\u00e1cticos no continente e em Macau | Universidade de Macau\" \/>\n<meta property=\"og:description\" content=\"Universidade de Macau: Uma universidade abrangente p\u00fablica de n\u00edvel internacional fundada em 1981\" \/>\n<meta property=\"og:url\" content=\"https:\/\/www.um.edu.mo\/pt-pt\/news-and-press-releases\/campus-news\/detail\/59333\/\" \/>\n<meta property=\"og:site_name\" content=\"Universidade de Macau\" \/>\n<meta property=\"article:publisher\" content=\"https:\/\/www.facebook.com\/universityofmacau\" \/>\n<meta property=\"article:published_time\" content=\"2024-10-18T09:28:46+00:00\" \/>\n<meta property=\"article:modified_time\" content=\"2024-10-29T07:39:57+00:00\" \/>\n<meta name=\"author\" content=\"web_admin\" \/>\n<meta name=\"twitter:card\" content=\"summary_large_image\" \/>\n<meta name=\"twitter:creator\" content=\"@UM_1981\" \/>\n<meta name=\"twitter:site\" content=\"@UM_1981\" \/>\n<meta name=\"twitter:label1\" content=\"Escrito por\" \/>\n\t<meta name=\"twitter:data1\" content=\"web_admin\" \/>\n\t<meta name=\"twitter:label2\" content=\"Tempo estimado de leitura\" \/>\n\t<meta name=\"twitter:data2\" content=\"2 minutos\" \/>\n<script type=\"application\/ld+json\" class=\"yoast-schema-graph\">{\"@context\":\"https:\/\/schema.org\",\"@graph\":[{\"@type\":\"Article\",\"@id\":\"https:\/\/www.um.edu.mo\/pt-pt\/news-and-press-releases\/campus-news\/detail\/59333\/#article\",\"isPartOf\":{\"@id\":\"https:\/\/www.um.edu.mo\/pt-pt\/news-and-press-releases\/campus-news\/detail\/59333\/\"},\"author\":{\"name\":\"web_admin\",\"@id\":\"https:\/\/www.um.edu.mo\/pt-pt\/#\/schema\/person\/bfdcd3a75d1b778a93663e5dee2e33bb\"},\"headline\":\"UM organiza semin\u00e1rio sobre o desenvolvimento de curr\u00edculos e a compila\u00e7\u00e3o de materiais did\u00e1cticos no continente e em Macau\",\"datePublished\":\"2024-10-18T09:28:46+00:00\",\"dateModified\":\"2024-10-29T07:39:57+00:00\",\"mainEntityOfPage\":{\"@id\":\"https:\/\/www.um.edu.mo\/pt-pt\/news-and-press-releases\/campus-news\/detail\/59333\/\"},\"wordCount\":347,\"publisher\":{\"@id\":\"https:\/\/www.um.edu.mo\/pt-pt\/#organization\"},\"image\":{\"@id\":\"https:\/\/www.um.edu.mo\/pt-pt\/news-and-press-releases\/campus-news\/detail\/59333\/#primaryimage\"},\"thumbnailUrl\":\"https:\/\/www.um.edu.mo\/wp-content\/uploads\/2024\/10\/356507-1.jpeg\",\"articleSection\":[\"Not\u00edcias do Campus\"],\"inLanguage\":\"pt-PT\"},{\"@type\":\"WebPage\",\"@id\":\"https:\/\/www.um.edu.mo\/pt-pt\/news-and-press-releases\/campus-news\/detail\/59333\/\",\"url\":\"https:\/\/www.um.edu.mo\/pt-pt\/news-and-press-releases\/campus-news\/detail\/59333\/\",\"name\":\"UM organiza semin\u00e1rio sobre o desenvolvimento de curr\u00edculos e a compila\u00e7\u00e3o de materiais did\u00e1cticos no continente e em Macau | Universidade de Macau\",\"isPartOf\":{\"@id\":\"https:\/\/www.um.edu.mo\/pt-pt\/#website\"},\"primaryImageOfPage\":{\"@id\":\"https:\/\/www.um.edu.mo\/pt-pt\/news-and-press-releases\/campus-news\/detail\/59333\/#primaryimage\"},\"image\":{\"@id\":\"https:\/\/www.um.edu.mo\/pt-pt\/news-and-press-releases\/campus-news\/detail\/59333\/#primaryimage\"},\"thumbnailUrl\":\"https:\/\/www.um.edu.mo\/wp-content\/uploads\/2024\/10\/356507-1.jpeg\",\"datePublished\":\"2024-10-18T09:28:46+00:00\",\"dateModified\":\"2024-10-29T07:39:57+00:00\",\"description\":\"Universidade de Macau: Uma universidade abrangente p\u00fablica de n\u00edvel internacional fundada em 1981\",\"breadcrumb\":{\"@id\":\"https:\/\/www.um.edu.mo\/pt-pt\/news-and-press-releases\/campus-news\/detail\/59333\/#breadcrumb\"},\"inLanguage\":\"pt-PT\",\"potentialAction\":[{\"@type\":\"ReadAction\",\"target\":[\"https:\/\/www.um.edu.mo\/pt-pt\/news-and-press-releases\/campus-news\/detail\/59333\/\"]}]},{\"@type\":\"ImageObject\",\"inLanguage\":\"pt-PT\",\"@id\":\"https:\/\/www.um.edu.mo\/pt-pt\/news-and-press-releases\/campus-news\/detail\/59333\/#primaryimage\",\"url\":\"https:\/\/www.um.edu.mo\/wp-content\/uploads\/2024\/10\/356507-1.jpeg\",\"contentUrl\":\"https:\/\/www.um.edu.mo\/wp-content\/uploads\/2024\/10\/356507-1.jpeg\",\"width\":1280,\"height\":702},{\"@type\":\"BreadcrumbList\",\"@id\":\"https:\/\/www.um.edu.mo\/pt-pt\/news-and-press-releases\/campus-news\/detail\/59333\/#breadcrumb\",\"itemListElement\":[{\"@type\":\"ListItem\",\"position\":1,\"name\":\"P\u00e1gina inicial\",\"item\":\"https:\/\/www.um.edu.mo\/pt-pt\/\"},{\"@type\":\"ListItem\",\"position\":2,\"name\":\"Not\u00edcias e Comunicados de Imprensa\",\"item\":\"https:\/\/www.um.edu.mo\/pt-pt\/category\/news-and-press-releases\/\"},{\"@type\":\"ListItem\",\"position\":3,\"name\":\"Not\u00edcias do Campus\",\"item\":\"https:\/\/www.um.edu.mo\/pt-pt\/category\/news-and-press-releases\/campus-news\/\"},{\"@type\":\"ListItem\",\"position\":4,\"name\":\"UM organiza semin\u00e1rio sobre o desenvolvimento de curr\u00edculos e a compila\u00e7\u00e3o de materiais did\u00e1cticos no continente e em Macau\"}]},{\"@type\":\"WebSite\",\"@id\":\"https:\/\/www.um.edu.mo\/pt-pt\/#website\",\"url\":\"https:\/\/www.um.edu.mo\/pt-pt\/\",\"name\":\"Universidade de Macau\",\"description\":\"\",\"publisher\":{\"@id\":\"https:\/\/www.um.edu.mo\/pt-pt\/#organization\"},\"potentialAction\":[{\"@type\":\"SearchAction\",\"target\":{\"@type\":\"EntryPoint\",\"urlTemplate\":\"https:\/\/www.um.edu.mo\/pt-pt\/?s={search_term_string}\"},\"query-input\":{\"@type\":\"PropertyValueSpecification\",\"valueRequired\":true,\"valueName\":\"search_term_string\"}}],\"inLanguage\":\"pt-PT\"},{\"@type\":\"Organization\",\"@id\":\"https:\/\/www.um.edu.mo\/pt-pt\/#organization\",\"name\":\"University of Macau\",\"url\":\"https:\/\/www.um.edu.mo\/pt-pt\/\",\"logo\":{\"@type\":\"ImageObject\",\"inLanguage\":\"pt-PT\",\"@id\":\"https:\/\/www.um.edu.mo\/pt-pt\/#\/schema\/logo\/image\/\",\"url\":\"https:\/\/www.um.edu.mo\/wp-content\/uploads\/2020\/09\/UM-Logo_V-Black.png\",\"contentUrl\":\"https:\/\/www.um.edu.mo\/wp-content\/uploads\/2020\/09\/UM-Logo_V-Black.png\",\"width\":3508,\"height\":2785,\"caption\":\"University of Macau\"},\"image\":{\"@id\":\"https:\/\/www.um.edu.mo\/pt-pt\/#\/schema\/logo\/image\/\"},\"sameAs\":[\"https:\/\/www.facebook.com\/universityofmacau\",\"https:\/\/x.com\/UM_1981\"]},{\"@type\":\"Person\",\"@id\":\"https:\/\/www.um.edu.mo\/pt-pt\/#\/schema\/person\/bfdcd3a75d1b778a93663e5dee2e33bb\",\"name\":\"web_admin\",\"image\":{\"@type\":\"ImageObject\",\"inLanguage\":\"pt-PT\",\"@id\":\"https:\/\/www.um.edu.mo\/pt-pt\/#\/schema\/person\/image\/\",\"url\":\"https:\/\/secure.gravatar.com\/avatar\/e230ccd9ba8eb5ce94ecf306e4a35399?s=96&d=mm&r=g\",\"contentUrl\":\"https:\/\/secure.gravatar.com\/avatar\/e230ccd9ba8eb5ce94ecf306e4a35399?s=96&d=mm&r=g\",\"caption\":\"web_admin\"}}]}<\/script>\n<!-- \/ Yoast SEO plugin. -->","yoast_head_json":{"title":"UM organiza semin\u00e1rio sobre o desenvolvimento de curr\u00edculos e a compila\u00e7\u00e3o de materiais did\u00e1cticos no continente e em Macau | Universidade de Macau","description":"Universidade de Macau: Uma universidade abrangente p\u00fablica de n\u00edvel internacional fundada em 1981","robots":{"index":"index","follow":"follow","max-snippet":"max-snippet:-1","max-image-preview":"max-image-preview:large","max-video-preview":"max-video-preview:-1"},"canonical":"https:\/\/www.um.edu.mo\/pt-pt\/news-and-press-releases\/campus-news\/detail\/59333\/","og_locale":"pt_PT","og_type":"article","og_title":"UM organiza semin\u00e1rio sobre o desenvolvimento de curr\u00edculos e a compila\u00e7\u00e3o de materiais did\u00e1cticos no continente e em Macau | Universidade de Macau","og_description":"Universidade de Macau: Uma universidade abrangente p\u00fablica de n\u00edvel internacional fundada em 1981","og_url":"https:\/\/www.um.edu.mo\/pt-pt\/news-and-press-releases\/campus-news\/detail\/59333\/","og_site_name":"Universidade de Macau","article_publisher":"https:\/\/www.facebook.com\/universityofmacau","article_published_time":"2024-10-18T09:28:46+00:00","article_modified_time":"2024-10-29T07:39:57+00:00","author":"web_admin","twitter_card":"summary_large_image","twitter_creator":"@UM_1981","twitter_site":"@UM_1981","twitter_misc":{"Escrito por":"web_admin","Tempo estimado de leitura":"2 minutos"},"schema":{"@context":"https:\/\/schema.org","@graph":[{"@type":"Article","@id":"https:\/\/www.um.edu.mo\/pt-pt\/news-and-press-releases\/campus-news\/detail\/59333\/#article","isPartOf":{"@id":"https:\/\/www.um.edu.mo\/pt-pt\/news-and-press-releases\/campus-news\/detail\/59333\/"},"author":{"name":"web_admin","@id":"https:\/\/www.um.edu.mo\/pt-pt\/#\/schema\/person\/bfdcd3a75d1b778a93663e5dee2e33bb"},"headline":"UM organiza semin\u00e1rio sobre o desenvolvimento de curr\u00edculos e a compila\u00e7\u00e3o de materiais did\u00e1cticos no continente e em Macau","datePublished":"2024-10-18T09:28:46+00:00","dateModified":"2024-10-29T07:39:57+00:00","mainEntityOfPage":{"@id":"https:\/\/www.um.edu.mo\/pt-pt\/news-and-press-releases\/campus-news\/detail\/59333\/"},"wordCount":347,"publisher":{"@id":"https:\/\/www.um.edu.mo\/pt-pt\/#organization"},"image":{"@id":"https:\/\/www.um.edu.mo\/pt-pt\/news-and-press-releases\/campus-news\/detail\/59333\/#primaryimage"},"thumbnailUrl":"https:\/\/www.um.edu.mo\/wp-content\/uploads\/2024\/10\/356507-1.jpeg","articleSection":["Not\u00edcias do Campus"],"inLanguage":"pt-PT"},{"@type":"WebPage","@id":"https:\/\/www.um.edu.mo\/pt-pt\/news-and-press-releases\/campus-news\/detail\/59333\/","url":"https:\/\/www.um.edu.mo\/pt-pt\/news-and-press-releases\/campus-news\/detail\/59333\/","name":"UM organiza semin\u00e1rio sobre o desenvolvimento de curr\u00edculos e a compila\u00e7\u00e3o de materiais did\u00e1cticos no continente e em Macau | Universidade de Macau","isPartOf":{"@id":"https:\/\/www.um.edu.mo\/pt-pt\/#website"},"primaryImageOfPage":{"@id":"https:\/\/www.um.edu.mo\/pt-pt\/news-and-press-releases\/campus-news\/detail\/59333\/#primaryimage"},"image":{"@id":"https:\/\/www.um.edu.mo\/pt-pt\/news-and-press-releases\/campus-news\/detail\/59333\/#primaryimage"},"thumbnailUrl":"https:\/\/www.um.edu.mo\/wp-content\/uploads\/2024\/10\/356507-1.jpeg","datePublished":"2024-10-18T09:28:46+00:00","dateModified":"2024-10-29T07:39:57+00:00","description":"Universidade de Macau: Uma universidade abrangente p\u00fablica de n\u00edvel internacional fundada em 1981","breadcrumb":{"@id":"https:\/\/www.um.edu.mo\/pt-pt\/news-and-press-releases\/campus-news\/detail\/59333\/#breadcrumb"},"inLanguage":"pt-PT","potentialAction":[{"@type":"ReadAction","target":["https:\/\/www.um.edu.mo\/pt-pt\/news-and-press-releases\/campus-news\/detail\/59333\/"]}]},{"@type":"ImageObject","inLanguage":"pt-PT","@id":"https:\/\/www.um.edu.mo\/pt-pt\/news-and-press-releases\/campus-news\/detail\/59333\/#primaryimage","url":"https:\/\/www.um.edu.mo\/wp-content\/uploads\/2024\/10\/356507-1.jpeg","contentUrl":"https:\/\/www.um.edu.mo\/wp-content\/uploads\/2024\/10\/356507-1.jpeg","width":1280,"height":702},{"@type":"BreadcrumbList","@id":"https:\/\/www.um.edu.mo\/pt-pt\/news-and-press-releases\/campus-news\/detail\/59333\/#breadcrumb","itemListElement":[{"@type":"ListItem","position":1,"name":"P\u00e1gina inicial","item":"https:\/\/www.um.edu.mo\/pt-pt\/"},{"@type":"ListItem","position":2,"name":"Not\u00edcias e Comunicados de Imprensa","item":"https:\/\/www.um.edu.mo\/pt-pt\/category\/news-and-press-releases\/"},{"@type":"ListItem","position":3,"name":"Not\u00edcias do Campus","item":"https:\/\/www.um.edu.mo\/pt-pt\/category\/news-and-press-releases\/campus-news\/"},{"@type":"ListItem","position":4,"name":"UM organiza semin\u00e1rio sobre o desenvolvimento de curr\u00edculos e a compila\u00e7\u00e3o de materiais did\u00e1cticos no continente e em Macau"}]},{"@type":"WebSite","@id":"https:\/\/www.um.edu.mo\/pt-pt\/#website","url":"https:\/\/www.um.edu.mo\/pt-pt\/","name":"Universidade de Macau","description":"","publisher":{"@id":"https:\/\/www.um.edu.mo\/pt-pt\/#organization"},"potentialAction":[{"@type":"SearchAction","target":{"@type":"EntryPoint","urlTemplate":"https:\/\/www.um.edu.mo\/pt-pt\/?s={search_term_string}"},"query-input":{"@type":"PropertyValueSpecification","valueRequired":true,"valueName":"search_term_string"}}],"inLanguage":"pt-PT"},{"@type":"Organization","@id":"https:\/\/www.um.edu.mo\/pt-pt\/#organization","name":"University of Macau","url":"https:\/\/www.um.edu.mo\/pt-pt\/","logo":{"@type":"ImageObject","inLanguage":"pt-PT","@id":"https:\/\/www.um.edu.mo\/pt-pt\/#\/schema\/logo\/image\/","url":"https:\/\/www.um.edu.mo\/wp-content\/uploads\/2020\/09\/UM-Logo_V-Black.png","contentUrl":"https:\/\/www.um.edu.mo\/wp-content\/uploads\/2020\/09\/UM-Logo_V-Black.png","width":3508,"height":2785,"caption":"University of Macau"},"image":{"@id":"https:\/\/www.um.edu.mo\/pt-pt\/#\/schema\/logo\/image\/"},"sameAs":["https:\/\/www.facebook.com\/universityofmacau","https:\/\/x.com\/UM_1981"]},{"@type":"Person","@id":"https:\/\/www.um.edu.mo\/pt-pt\/#\/schema\/person\/bfdcd3a75d1b778a93663e5dee2e33bb","name":"web_admin","image":{"@type":"ImageObject","inLanguage":"pt-PT","@id":"https:\/\/www.um.edu.mo\/pt-pt\/#\/schema\/person\/image\/","url":"https:\/\/secure.gravatar.com\/avatar\/e230ccd9ba8eb5ce94ecf306e4a35399?s=96&d=mm&r=g","contentUrl":"https:\/\/secure.gravatar.com\/avatar\/e230ccd9ba8eb5ce94ecf306e4a35399?s=96&d=mm&r=g","caption":"web_admin"}}]}},"_links":{"self":[{"href":"https:\/\/www.um.edu.mo\/pt-pt\/wp-json\/wp\/v2\/posts\/356507","targetHints":{"allow":["GET"]}}],"collection":[{"href":"https:\/\/www.um.edu.mo\/pt-pt\/wp-json\/wp\/v2\/posts"}],"about":[{"href":"https:\/\/www.um.edu.mo\/pt-pt\/wp-json\/wp\/v2\/types\/post"}],"author":[{"embeddable":true,"href":"https:\/\/www.um.edu.mo\/pt-pt\/wp-json\/wp\/v2\/users\/1"}],"replies":[{"embeddable":true,"href":"https:\/\/www.um.edu.mo\/pt-pt\/wp-json\/wp\/v2\/comments?post=356507"}],"version-history":[{"count":2,"href":"https:\/\/www.um.edu.mo\/pt-pt\/wp-json\/wp\/v2\/posts\/356507\/revisions"}],"predecessor-version":[{"id":358124,"href":"https:\/\/www.um.edu.mo\/pt-pt\/wp-json\/wp\/v2\/posts\/356507\/revisions\/358124"}],"wp:featuredmedia":[{"embeddable":true,"href":"https:\/\/www.um.edu.mo\/pt-pt\/wp-json\/wp\/v2\/media\/358125"}],"wp:attachment":[{"href":"https:\/\/www.um.edu.mo\/pt-pt\/wp-json\/wp\/v2\/media?parent=356507"}],"wp:term":[{"taxonomy":"category","embeddable":true,"href":"https:\/\/www.um.edu.mo\/pt-pt\/wp-json\/wp\/v2\/categories?post=356507"},{"taxonomy":"post_tag","embeddable":true,"href":"https:\/\/www.um.edu.mo\/pt-pt\/wp-json\/wp\/v2\/tags?post=356507"}],"curies":[{"name":"wp","href":"https:\/\/api.w.org\/{rel}","templated":true}]}}