{"id":354727,"date":"2024-10-07T16:23:44","date_gmt":"2024-10-07T08:23:44","guid":{"rendered":"https:\/\/www.um.edu.mo\/news-and-press-releases\/press-invitation\/detail\/59206-2\/"},"modified":"2024-10-08T16:34:59","modified_gmt":"2024-10-08T08:34:59","slug":"59206","status":"publish","type":"post","link":"https:\/\/www.um.edu.mo\/pt-pt\/news-and-press-releases\/press-invitation\/detail\/59206\/","title":{"rendered":"Cerim\u00f3nia de Abertura da \u201cCelebra\u00e7\u00e3o do 75\u00ba Anivers\u00e1rio da Rep\u00fablica Popular da China e do 25\u00ba Anivers\u00e1rio da RAEM &#8211; Confer\u00eancia sobre Desenvolvimento Econ\u00f3mico, Mudan\u00e7a Social e Inova\u00e7\u00e3o Cultural\u201d"},"content":{"rendered":"\n                            \n                            <h2>Convite \u00e0 Imprensa<\/h2>\n<table border=\"0\"><tbody>\n  <tr>\n\t<td width=\"120\">Nome<\/td>\n\t<td width=\"10\" align=\"center\">:<\/td>\n\t<td>Cerim\u00f3nia de Abertura da \u201cCelebra\u00e7\u00e3o do 75\u00ba Anivers\u00e1rio da Rep\u00fablica Popular da China e do 25\u00ba Anivers\u00e1rio da RAEM &#8211; Confer\u00eancia sobre Desenvolvimento Econ\u00f3mico, Mudan\u00e7a Social e Inova\u00e7\u00e3o Cultural\u201d<\/td>\n  <\/tr>\n  <tr>\n\t<td>Organizer<\/td>\n\t<td width=\"10\" align=\"center\">:<\/td>\n\t<td>\n\t  \t  Centre for Macau Studies, University of Macau\n\t<\/td>\n  <\/tr>\n  <tr>\n\t<td>Data<\/td>\n\t<td width=\"10\" align=\"center\">:<\/td>\n\t<td>9 Oct 2024, Wednesday<\/td>\n  <\/tr>\n  <tr>\n\t<td>Hor\u00e1rio<\/td>\n\t<td width=\"10\" align=\"center\">:<\/td>\n\t<td>09:30am<\/td>\n  <\/tr>\n  <tr>\n\t<td>Venue<\/td>\n\t<td width=\"10\" align=\"center\">:<\/td>\n\t<td>\n\t  \t  Multi-function Hall, G\/F, UM Guest House (N1-G014)\n\t<\/td>\n  <\/tr>\n  <tr>\n\t<td valign=\"top\">Conte\u00fado<\/td>\n\t<td valign=\"top\" width=\"10\" align=\"center\">:<\/td>\n\t<td>\n\t  The conference has invited experts and scholars from several higher education institutions to review the history of Macao\u2019s return to China, as well as the achievements in Macao\u2019s economic, social, and cultural development. They will also explore the opportunities and challenges for Macao\u2019s future.\n\t<\/td>\n  <\/tr>\n  <tr>\n\t<td>Language<\/td>\n\t<td width=\"10\" align=\"center\">:<\/td>\n\t<td>\n\t  \t  Mandarin\n\t<\/td>\n  <\/tr>\n<\/tbody><\/table>\n\n<h2>Pessoa a Contactar para Detalhes<\/h2>\n<table border=\"0\"><tbody>\n  <tr>\n\t<td width=\"120\">Nome<\/td>\n\t<td width=\"10\" align=\"center\">:<\/td>\n\t<td>Communications Office<\/td>\n  <\/tr>\n  <tr>\n\t<td width=\"120\">Tel. N\u00ba<\/td>\n\t<td width=\"10\" align=\"center\">:<\/td>\n\t<td>88228322<\/td>\n  <\/tr>\n  <tr>\n\t<td width=\"120\">Fax<\/td>\n\t<td width=\"10\" align=\"center\">:<\/td>\n\t<td>88222359<\/td>\n  <\/tr>\n  <tr>\n\t<td width=\"120\">Email<\/td>\n\t<td width=\"10\" align=\"center\">:<\/td>\n\t<td>prs.media@umac.mo<\/td>\n  <\/tr>\n  <tr>\n\t<td width=\"120\">Remark<\/td>\n\t<td width=\"10\" align=\"center\">:<\/td>\n\t<td>For car parking reservation, please contact us one day in advance.<\/td>\n  <\/tr>\n<\/tbody><\/table>\n \n\n                            \n                            ","protected":false},"excerpt":{"rendered":"<p>Convite \u00e0 Imprensa Nome : Cerim\u00f3nia de Abertura da \u201cCelebra\u00e7\u00e3o do 75\u00ba Anivers\u00e1rio da Rep\u00fablica Popular da China e do 25\u00ba Anivers\u00e1rio da RAEM &#8211; Confer\u00eancia sobre Desenvolvimento Econ\u00f3mico, Mudan\u00e7a&#8230;<\/p>\n","protected":false},"author":1,"featured_media":0,"comment_status":"closed","ping_status":"closed","sticky":false,"template":"","format":"standard","meta":{"_acf_changed":false,"footnotes":""},"categories":[65],"tags":[],"class_list":["post-354727","post","type-post","status-publish","format-standard","hentry","category-press-invitation"],"acf":[],"yoast_head":"<!-- This site is optimized with the Yoast SEO plugin v24.5 - https:\/\/yoast.com\/wordpress\/plugins\/seo\/ -->\n<title>Cerim\u00f3nia de Abertura da \u201cCelebra\u00e7\u00e3o do 75\u00ba Anivers\u00e1rio da Rep\u00fablica Popular da China e do 25\u00ba Anivers\u00e1rio da RAEM - Confer\u00eancia sobre Desenvolvimento Econ\u00f3mico, Mudan\u00e7a Social e Inova\u00e7\u00e3o Cultural\u201d | Universidade de Macau<\/title>\n<meta name=\"description\" content=\"Universidade de Macau: Uma universidade abrangente p\u00fablica de n\u00edvel internacional fundada em 1981\" \/>\n<meta name=\"robots\" content=\"index, follow, max-snippet:-1, max-image-preview:large, max-video-preview:-1\" \/>\n<link rel=\"canonical\" href=\"https:\/\/www.um.edu.mo\/pt-pt\/news-and-press-releases\/press-invitation\/detail\/59206\/\" \/>\n<meta property=\"og:locale\" content=\"pt_PT\" \/>\n<meta property=\"og:type\" content=\"article\" \/>\n<meta property=\"og:title\" content=\"Cerim\u00f3nia de Abertura da \u201cCelebra\u00e7\u00e3o do 75\u00ba Anivers\u00e1rio da Rep\u00fablica Popular da China e do 25\u00ba Anivers\u00e1rio da RAEM - Confer\u00eancia sobre Desenvolvimento Econ\u00f3mico, Mudan\u00e7a Social e Inova\u00e7\u00e3o Cultural\u201d | Universidade de Macau\" \/>\n<meta property=\"og:description\" content=\"Universidade de Macau: Uma universidade abrangente p\u00fablica de n\u00edvel internacional fundada em 1981\" \/>\n<meta property=\"og:url\" content=\"https:\/\/www.um.edu.mo\/pt-pt\/news-and-press-releases\/press-invitation\/detail\/59206\/\" \/>\n<meta property=\"og:site_name\" content=\"Universidade de Macau\" \/>\n<meta property=\"article:publisher\" content=\"https:\/\/www.facebook.com\/universityofmacau\" \/>\n<meta property=\"article:published_time\" content=\"2024-10-07T08:23:44+00:00\" \/>\n<meta property=\"article:modified_time\" content=\"2024-10-08T08:34:59+00:00\" \/>\n<meta name=\"author\" content=\"web_admin\" \/>\n<meta name=\"twitter:card\" content=\"summary_large_image\" \/>\n<meta name=\"twitter:creator\" content=\"@UM_1981\" \/>\n<meta name=\"twitter:site\" content=\"@UM_1981\" \/>\n<meta name=\"twitter:label1\" content=\"Escrito por\" \/>\n\t<meta name=\"twitter:data1\" content=\"web_admin\" \/>\n\t<meta name=\"twitter:label2\" content=\"Tempo estimado de leitura\" \/>\n\t<meta name=\"twitter:data2\" content=\"1 minuto\" \/>\n<script type=\"application\/ld+json\" class=\"yoast-schema-graph\">{\"@context\":\"https:\/\/schema.org\",\"@graph\":[{\"@type\":\"Article\",\"@id\":\"https:\/\/www.um.edu.mo\/pt-pt\/news-and-press-releases\/press-invitation\/detail\/59206\/#article\",\"isPartOf\":{\"@id\":\"https:\/\/www.um.edu.mo\/pt-pt\/news-and-press-releases\/press-invitation\/detail\/59206\/\"},\"author\":{\"name\":\"web_admin\",\"@id\":\"https:\/\/www.um.edu.mo\/pt-pt\/#\/schema\/person\/bfdcd3a75d1b778a93663e5dee2e33bb\"},\"headline\":\"Cerim\u00f3nia de Abertura da \u201cCelebra\u00e7\u00e3o do 75\u00ba Anivers\u00e1rio da Rep\u00fablica Popular da China e do 25\u00ba Anivers\u00e1rio da RAEM &#8211; Confer\u00eancia sobre Desenvolvimento Econ\u00f3mico, Mudan\u00e7a Social e Inova\u00e7\u00e3o Cultural\u201d\",\"datePublished\":\"2024-10-07T08:23:44+00:00\",\"dateModified\":\"2024-10-08T08:34:59+00:00\",\"mainEntityOfPage\":{\"@id\":\"https:\/\/www.um.edu.mo\/pt-pt\/news-and-press-releases\/press-invitation\/detail\/59206\/\"},\"wordCount\":178,\"publisher\":{\"@id\":\"https:\/\/www.um.edu.mo\/pt-pt\/#organization\"},\"articleSection\":[\"Convites \u00e0 Imprensa\"],\"inLanguage\":\"pt-PT\"},{\"@type\":\"WebPage\",\"@id\":\"https:\/\/www.um.edu.mo\/pt-pt\/news-and-press-releases\/press-invitation\/detail\/59206\/\",\"url\":\"https:\/\/www.um.edu.mo\/pt-pt\/news-and-press-releases\/press-invitation\/detail\/59206\/\",\"name\":\"Cerim\u00f3nia de Abertura da \u201cCelebra\u00e7\u00e3o do 75\u00ba Anivers\u00e1rio da Rep\u00fablica Popular da China e do 25\u00ba Anivers\u00e1rio da RAEM - Confer\u00eancia sobre Desenvolvimento Econ\u00f3mico, Mudan\u00e7a Social e Inova\u00e7\u00e3o Cultural\u201d | Universidade de Macau\",\"isPartOf\":{\"@id\":\"https:\/\/www.um.edu.mo\/pt-pt\/#website\"},\"datePublished\":\"2024-10-07T08:23:44+00:00\",\"dateModified\":\"2024-10-08T08:34:59+00:00\",\"description\":\"Universidade de Macau: Uma universidade abrangente p\u00fablica de n\u00edvel internacional fundada em 1981\",\"breadcrumb\":{\"@id\":\"https:\/\/www.um.edu.mo\/pt-pt\/news-and-press-releases\/press-invitation\/detail\/59206\/#breadcrumb\"},\"inLanguage\":\"pt-PT\",\"potentialAction\":[{\"@type\":\"ReadAction\",\"target\":[\"https:\/\/www.um.edu.mo\/pt-pt\/news-and-press-releases\/press-invitation\/detail\/59206\/\"]}]},{\"@type\":\"BreadcrumbList\",\"@id\":\"https:\/\/www.um.edu.mo\/pt-pt\/news-and-press-releases\/press-invitation\/detail\/59206\/#breadcrumb\",\"itemListElement\":[{\"@type\":\"ListItem\",\"position\":1,\"name\":\"P\u00e1gina inicial\",\"item\":\"https:\/\/www.um.edu.mo\/pt-pt\/\"},{\"@type\":\"ListItem\",\"position\":2,\"name\":\"Not\u00edcias e Comunicados de Imprensa\",\"item\":\"https:\/\/www.um.edu.mo\/pt-pt\/category\/news-and-press-releases\/\"},{\"@type\":\"ListItem\",\"position\":3,\"name\":\"Convites \u00e0 Imprensa\",\"item\":\"https:\/\/www.um.edu.mo\/pt-pt\/category\/news-and-press-releases\/press-invitation\/\"},{\"@type\":\"ListItem\",\"position\":4,\"name\":\"Cerim\u00f3nia de Abertura da \u201cCelebra\u00e7\u00e3o do 75\u00ba Anivers\u00e1rio da Rep\u00fablica Popular da China e do 25\u00ba Anivers\u00e1rio da RAEM &#8211; Confer\u00eancia sobre Desenvolvimento Econ\u00f3mico, Mudan\u00e7a Social e Inova\u00e7\u00e3o Cultural\u201d\"}]},{\"@type\":\"WebSite\",\"@id\":\"https:\/\/www.um.edu.mo\/pt-pt\/#website\",\"url\":\"https:\/\/www.um.edu.mo\/pt-pt\/\",\"name\":\"Universidade de Macau\",\"description\":\"\",\"publisher\":{\"@id\":\"https:\/\/www.um.edu.mo\/pt-pt\/#organization\"},\"potentialAction\":[{\"@type\":\"SearchAction\",\"target\":{\"@type\":\"EntryPoint\",\"urlTemplate\":\"https:\/\/www.um.edu.mo\/pt-pt\/?s={search_term_string}\"},\"query-input\":{\"@type\":\"PropertyValueSpecification\",\"valueRequired\":true,\"valueName\":\"search_term_string\"}}],\"inLanguage\":\"pt-PT\"},{\"@type\":\"Organization\",\"@id\":\"https:\/\/www.um.edu.mo\/pt-pt\/#organization\",\"name\":\"University of Macau\",\"url\":\"https:\/\/www.um.edu.mo\/pt-pt\/\",\"logo\":{\"@type\":\"ImageObject\",\"inLanguage\":\"pt-PT\",\"@id\":\"https:\/\/www.um.edu.mo\/pt-pt\/#\/schema\/logo\/image\/\",\"url\":\"https:\/\/www.um.edu.mo\/wp-content\/uploads\/2020\/09\/UM-Logo_V-Black.png\",\"contentUrl\":\"https:\/\/www.um.edu.mo\/wp-content\/uploads\/2020\/09\/UM-Logo_V-Black.png\",\"width\":3508,\"height\":2785,\"caption\":\"University of Macau\"},\"image\":{\"@id\":\"https:\/\/www.um.edu.mo\/pt-pt\/#\/schema\/logo\/image\/\"},\"sameAs\":[\"https:\/\/www.facebook.com\/universityofmacau\",\"https:\/\/x.com\/UM_1981\"]},{\"@type\":\"Person\",\"@id\":\"https:\/\/www.um.edu.mo\/pt-pt\/#\/schema\/person\/bfdcd3a75d1b778a93663e5dee2e33bb\",\"name\":\"web_admin\",\"image\":{\"@type\":\"ImageObject\",\"inLanguage\":\"pt-PT\",\"@id\":\"https:\/\/www.um.edu.mo\/pt-pt\/#\/schema\/person\/image\/\",\"url\":\"https:\/\/secure.gravatar.com\/avatar\/e230ccd9ba8eb5ce94ecf306e4a35399?s=96&d=mm&r=g\",\"contentUrl\":\"https:\/\/secure.gravatar.com\/avatar\/e230ccd9ba8eb5ce94ecf306e4a35399?s=96&d=mm&r=g\",\"caption\":\"web_admin\"}}]}<\/script>\n<!-- \/ Yoast SEO plugin. -->","yoast_head_json":{"title":"Cerim\u00f3nia de Abertura da \u201cCelebra\u00e7\u00e3o do 75\u00ba Anivers\u00e1rio da Rep\u00fablica Popular da China e do 25\u00ba Anivers\u00e1rio da RAEM - Confer\u00eancia sobre Desenvolvimento Econ\u00f3mico, Mudan\u00e7a Social e Inova\u00e7\u00e3o Cultural\u201d | Universidade de Macau","description":"Universidade de Macau: Uma universidade abrangente p\u00fablica de n\u00edvel internacional fundada em 1981","robots":{"index":"index","follow":"follow","max-snippet":"max-snippet:-1","max-image-preview":"max-image-preview:large","max-video-preview":"max-video-preview:-1"},"canonical":"https:\/\/www.um.edu.mo\/pt-pt\/news-and-press-releases\/press-invitation\/detail\/59206\/","og_locale":"pt_PT","og_type":"article","og_title":"Cerim\u00f3nia de Abertura da \u201cCelebra\u00e7\u00e3o do 75\u00ba Anivers\u00e1rio da Rep\u00fablica Popular da China e do 25\u00ba Anivers\u00e1rio da RAEM - Confer\u00eancia sobre Desenvolvimento Econ\u00f3mico, Mudan\u00e7a Social e Inova\u00e7\u00e3o Cultural\u201d | Universidade de Macau","og_description":"Universidade de Macau: Uma universidade abrangente p\u00fablica de n\u00edvel internacional fundada em 1981","og_url":"https:\/\/www.um.edu.mo\/pt-pt\/news-and-press-releases\/press-invitation\/detail\/59206\/","og_site_name":"Universidade de Macau","article_publisher":"https:\/\/www.facebook.com\/universityofmacau","article_published_time":"2024-10-07T08:23:44+00:00","article_modified_time":"2024-10-08T08:34:59+00:00","author":"web_admin","twitter_card":"summary_large_image","twitter_creator":"@UM_1981","twitter_site":"@UM_1981","twitter_misc":{"Escrito por":"web_admin","Tempo estimado de leitura":"1 minuto"},"schema":{"@context":"https:\/\/schema.org","@graph":[{"@type":"Article","@id":"https:\/\/www.um.edu.mo\/pt-pt\/news-and-press-releases\/press-invitation\/detail\/59206\/#article","isPartOf":{"@id":"https:\/\/www.um.edu.mo\/pt-pt\/news-and-press-releases\/press-invitation\/detail\/59206\/"},"author":{"name":"web_admin","@id":"https:\/\/www.um.edu.mo\/pt-pt\/#\/schema\/person\/bfdcd3a75d1b778a93663e5dee2e33bb"},"headline":"Cerim\u00f3nia de Abertura da \u201cCelebra\u00e7\u00e3o do 75\u00ba Anivers\u00e1rio da Rep\u00fablica Popular da China e do 25\u00ba Anivers\u00e1rio da RAEM &#8211; Confer\u00eancia sobre Desenvolvimento Econ\u00f3mico, Mudan\u00e7a Social e Inova\u00e7\u00e3o Cultural\u201d","datePublished":"2024-10-07T08:23:44+00:00","dateModified":"2024-10-08T08:34:59+00:00","mainEntityOfPage":{"@id":"https:\/\/www.um.edu.mo\/pt-pt\/news-and-press-releases\/press-invitation\/detail\/59206\/"},"wordCount":178,"publisher":{"@id":"https:\/\/www.um.edu.mo\/pt-pt\/#organization"},"articleSection":["Convites \u00e0 Imprensa"],"inLanguage":"pt-PT"},{"@type":"WebPage","@id":"https:\/\/www.um.edu.mo\/pt-pt\/news-and-press-releases\/press-invitation\/detail\/59206\/","url":"https:\/\/www.um.edu.mo\/pt-pt\/news-and-press-releases\/press-invitation\/detail\/59206\/","name":"Cerim\u00f3nia de Abertura da \u201cCelebra\u00e7\u00e3o do 75\u00ba Anivers\u00e1rio da Rep\u00fablica Popular da China e do 25\u00ba Anivers\u00e1rio da RAEM - Confer\u00eancia sobre Desenvolvimento Econ\u00f3mico, Mudan\u00e7a Social e Inova\u00e7\u00e3o Cultural\u201d | Universidade de Macau","isPartOf":{"@id":"https:\/\/www.um.edu.mo\/pt-pt\/#website"},"datePublished":"2024-10-07T08:23:44+00:00","dateModified":"2024-10-08T08:34:59+00:00","description":"Universidade de Macau: Uma universidade abrangente p\u00fablica de n\u00edvel internacional fundada em 1981","breadcrumb":{"@id":"https:\/\/www.um.edu.mo\/pt-pt\/news-and-press-releases\/press-invitation\/detail\/59206\/#breadcrumb"},"inLanguage":"pt-PT","potentialAction":[{"@type":"ReadAction","target":["https:\/\/www.um.edu.mo\/pt-pt\/news-and-press-releases\/press-invitation\/detail\/59206\/"]}]},{"@type":"BreadcrumbList","@id":"https:\/\/www.um.edu.mo\/pt-pt\/news-and-press-releases\/press-invitation\/detail\/59206\/#breadcrumb","itemListElement":[{"@type":"ListItem","position":1,"name":"P\u00e1gina inicial","item":"https:\/\/www.um.edu.mo\/pt-pt\/"},{"@type":"ListItem","position":2,"name":"Not\u00edcias e Comunicados de Imprensa","item":"https:\/\/www.um.edu.mo\/pt-pt\/category\/news-and-press-releases\/"},{"@type":"ListItem","position":3,"name":"Convites \u00e0 Imprensa","item":"https:\/\/www.um.edu.mo\/pt-pt\/category\/news-and-press-releases\/press-invitation\/"},{"@type":"ListItem","position":4,"name":"Cerim\u00f3nia de Abertura da \u201cCelebra\u00e7\u00e3o do 75\u00ba Anivers\u00e1rio da Rep\u00fablica Popular da China e do 25\u00ba Anivers\u00e1rio da RAEM &#8211; Confer\u00eancia sobre Desenvolvimento Econ\u00f3mico, Mudan\u00e7a Social e Inova\u00e7\u00e3o Cultural\u201d"}]},{"@type":"WebSite","@id":"https:\/\/www.um.edu.mo\/pt-pt\/#website","url":"https:\/\/www.um.edu.mo\/pt-pt\/","name":"Universidade de Macau","description":"","publisher":{"@id":"https:\/\/www.um.edu.mo\/pt-pt\/#organization"},"potentialAction":[{"@type":"SearchAction","target":{"@type":"EntryPoint","urlTemplate":"https:\/\/www.um.edu.mo\/pt-pt\/?s={search_term_string}"},"query-input":{"@type":"PropertyValueSpecification","valueRequired":true,"valueName":"search_term_string"}}],"inLanguage":"pt-PT"},{"@type":"Organization","@id":"https:\/\/www.um.edu.mo\/pt-pt\/#organization","name":"University of Macau","url":"https:\/\/www.um.edu.mo\/pt-pt\/","logo":{"@type":"ImageObject","inLanguage":"pt-PT","@id":"https:\/\/www.um.edu.mo\/pt-pt\/#\/schema\/logo\/image\/","url":"https:\/\/www.um.edu.mo\/wp-content\/uploads\/2020\/09\/UM-Logo_V-Black.png","contentUrl":"https:\/\/www.um.edu.mo\/wp-content\/uploads\/2020\/09\/UM-Logo_V-Black.png","width":3508,"height":2785,"caption":"University of Macau"},"image":{"@id":"https:\/\/www.um.edu.mo\/pt-pt\/#\/schema\/logo\/image\/"},"sameAs":["https:\/\/www.facebook.com\/universityofmacau","https:\/\/x.com\/UM_1981"]},{"@type":"Person","@id":"https:\/\/www.um.edu.mo\/pt-pt\/#\/schema\/person\/bfdcd3a75d1b778a93663e5dee2e33bb","name":"web_admin","image":{"@type":"ImageObject","inLanguage":"pt-PT","@id":"https:\/\/www.um.edu.mo\/pt-pt\/#\/schema\/person\/image\/","url":"https:\/\/secure.gravatar.com\/avatar\/e230ccd9ba8eb5ce94ecf306e4a35399?s=96&d=mm&r=g","contentUrl":"https:\/\/secure.gravatar.com\/avatar\/e230ccd9ba8eb5ce94ecf306e4a35399?s=96&d=mm&r=g","caption":"web_admin"}}]}},"_links":{"self":[{"href":"https:\/\/www.um.edu.mo\/pt-pt\/wp-json\/wp\/v2\/posts\/354727","targetHints":{"allow":["GET"]}}],"collection":[{"href":"https:\/\/www.um.edu.mo\/pt-pt\/wp-json\/wp\/v2\/posts"}],"about":[{"href":"https:\/\/www.um.edu.mo\/pt-pt\/wp-json\/wp\/v2\/types\/post"}],"author":[{"embeddable":true,"href":"https:\/\/www.um.edu.mo\/pt-pt\/wp-json\/wp\/v2\/users\/1"}],"replies":[{"embeddable":true,"href":"https:\/\/www.um.edu.mo\/pt-pt\/wp-json\/wp\/v2\/comments?post=354727"}],"version-history":[{"count":1,"href":"https:\/\/www.um.edu.mo\/pt-pt\/wp-json\/wp\/v2\/posts\/354727\/revisions"}],"predecessor-version":[{"id":354852,"href":"https:\/\/www.um.edu.mo\/pt-pt\/wp-json\/wp\/v2\/posts\/354727\/revisions\/354852"}],"wp:attachment":[{"href":"https:\/\/www.um.edu.mo\/pt-pt\/wp-json\/wp\/v2\/media?parent=354727"}],"wp:term":[{"taxonomy":"category","embeddable":true,"href":"https:\/\/www.um.edu.mo\/pt-pt\/wp-json\/wp\/v2\/categories?post=354727"},{"taxonomy":"post_tag","embeddable":true,"href":"https:\/\/www.um.edu.mo\/pt-pt\/wp-json\/wp\/v2\/tags?post=354727"}],"curies":[{"name":"wp","href":"https:\/\/api.w.org\/{rel}","templated":true}]}}