{"id":354629,"date":"2024-10-04T16:19:12","date_gmt":"2024-10-04T08:19:12","guid":{"rendered":"https:\/\/www.um.edu.mo\/news-and-press-releases\/press-release\/detail\/59182-2\/"},"modified":"2024-10-08T16:34:45","modified_gmt":"2024-10-08T08:34:45","slug":"59182","status":"publish","type":"post","link":"https:\/\/www.um.edu.mo\/pt-pt\/news-and-press-releases\/press-release\/detail\/59182\/","title":{"rendered":"Exposi\u00e7\u00e3o fotogr\u00e1fica sobre o ensino superior de Macau ser\u00e1 inaugurada na UM na pr\u00f3xima quarta-feira"},"content":{"rendered":"\n                        \n                        <p>In celebration of the 75th anniversary of the founding of the People\u2019s Republic of China and the 25th anniversary of the establishment of the Macao SAR, the University of Macau (UM) and nine other higher education institutions in Macao are jointly organising the exhibition \u2018Integrating into the National Development: Photo Exhibition on the Review and Outlook of Higher Education in Macao\u2019. The opening ceremony will take place at 10:00am on 9 October (Wednesday) at the UM Library. All are welcome to visit the exhibition.<\/p><p>The exhibition will showcase over 100 photographs on Macao\u2019s higher education development, including the governance, history, and prospects of higher education in Macao before and after the handover. There will also be introductions to the ten participating higher education institutions. The exhibition will be held in the&nbsp;Exhibition Hall on the&nbsp;ground floor of the UM Wu Yee Sun Library (E2), and will run from 9 October to 22 October 2024, from 9:00am to 5:30pm daily, including public holidays. Admission is free. For enquiries, please call 8822 8878 or email&nbsp;<a href=\"mailto:acad.event@um.edu.mo\">acad.event@um.edu.mo<\/a>.<\/p><p><\/p><p><\/p><table style=\"max-width: 100%;border-collapse: collapse;border-spacing: 0px;margin: 0px 0px 40px;font-size: 16px;text-align: justify;line-height: 1.9;height: 201px\"><tbody><tr><td colspan=\"2\" style=\"vertical-align: top;height: 21px;width: 298.281px\">Source: Rector\u2019s Office<\/td><\/tr><tr><td style=\"vertical-align: top;height: 21px;width: 120px;min-width: 120px\"><\/td><td style=\"vertical-align: top;height: 21px;width: 178.281px\"><\/td><\/tr><tr><td colspan=\"2\" style=\"vertical-align: top;height: 21px;width: 298.281px\">Media Contact Information:<\/td><\/tr><tr><td colspan=\"2\" style=\"vertical-align: top;height: 12px;width: 298.281px\">Communications Office, University of Macau<\/td><\/tr><tr><td style=\"vertical-align: top;height: 21px;width: 120px;min-width: 120px\"><\/td><td style=\"vertical-align: top;height: 21px;width: 178.281px\"><\/td><\/tr><tr><td style=\"vertical-align: top;height: 21px;width: 120px;min-width: 120px\">Albee Lei<\/td><td style=\"vertical-align: top;height: 21px;width: 178.281px\">Tel: (853) 8822 8004<\/td><\/tr><tr><td style=\"vertical-align: top;height: 21px;width: 120px;min-width: 120px\">Jason Leong<\/td><td style=\"vertical-align: top;height: 21px;width: 178.281px\">Tel: (853) 8822 8322<\/td><\/tr><tr><td style=\"vertical-align: top;height: 21px;width: 120px;min-width: 120px\">Email:<\/td><td style=\"vertical-align: top;height: 21px;width: 178.281px\"><a href=\"mailto:prs.media@um.edu.mo\">prs.media@um.edu.mo<\/a><\/td><\/tr><tr><td style=\"vertical-align: top;height: 21px;width: 120px;min-width: 120px\"><\/td><\/tr><\/tbody><\/table><p><\/p><div><\/div><div><\/div>\n                        \n                        ","protected":false},"excerpt":{"rendered":"<p>In celebration of the 75th anniversary of the founding of the People\u2019s Republic of China and the 25th anniversary of the establishment of the Macao SAR, the University of Macau&#8230;<\/p>\n","protected":false},"author":1,"featured_media":354849,"comment_status":"closed","ping_status":"closed","sticky":false,"template":"","format":"standard","meta":{"_acf_changed":false,"footnotes":""},"categories":[60],"tags":[],"class_list":["post-354629","post","type-post","status-publish","format-standard","has-post-thumbnail","hentry","category-press-release"],"acf":[],"yoast_head":"<!-- This site is optimized with the Yoast SEO plugin v24.5 - https:\/\/yoast.com\/wordpress\/plugins\/seo\/ -->\n<title>Exposi\u00e7\u00e3o fotogr\u00e1fica sobre o ensino superior de Macau ser\u00e1 inaugurada na UM na pr\u00f3xima quarta-feira | Universidade de Macau<\/title>\n<meta name=\"description\" content=\"Universidade de Macau: Uma universidade abrangente p\u00fablica de n\u00edvel internacional fundada em 1981\" \/>\n<meta name=\"robots\" content=\"index, follow, max-snippet:-1, max-image-preview:large, max-video-preview:-1\" \/>\n<link rel=\"canonical\" href=\"https:\/\/www.um.edu.mo\/pt-pt\/news-and-press-releases\/press-release\/detail\/59182\/\" \/>\n<meta property=\"og:locale\" content=\"pt_PT\" \/>\n<meta property=\"og:type\" content=\"article\" \/>\n<meta property=\"og:title\" content=\"Exposi\u00e7\u00e3o fotogr\u00e1fica sobre o ensino superior de Macau ser\u00e1 inaugurada na UM na pr\u00f3xima quarta-feira | Universidade de Macau\" \/>\n<meta property=\"og:description\" content=\"Universidade de Macau: Uma universidade abrangente p\u00fablica de n\u00edvel internacional fundada em 1981\" \/>\n<meta property=\"og:url\" content=\"https:\/\/www.um.edu.mo\/pt-pt\/news-and-press-releases\/press-release\/detail\/59182\/\" \/>\n<meta property=\"og:site_name\" content=\"Universidade de Macau\" \/>\n<meta property=\"article:publisher\" content=\"https:\/\/www.facebook.com\/universityofmacau\" \/>\n<meta property=\"article:published_time\" content=\"2024-10-04T08:19:12+00:00\" \/>\n<meta property=\"article:modified_time\" content=\"2024-10-08T08:34:45+00:00\" \/>\n<meta name=\"author\" content=\"web_admin\" \/>\n<meta name=\"twitter:card\" content=\"summary_large_image\" \/>\n<meta name=\"twitter:creator\" content=\"@UM_1981\" \/>\n<meta name=\"twitter:site\" content=\"@UM_1981\" \/>\n<meta name=\"twitter:label1\" content=\"Escrito por\" \/>\n\t<meta name=\"twitter:data1\" content=\"web_admin\" \/>\n\t<meta name=\"twitter:label2\" content=\"Tempo estimado de leitura\" \/>\n\t<meta name=\"twitter:data2\" content=\"1 minuto\" \/>\n<script type=\"application\/ld+json\" class=\"yoast-schema-graph\">{\"@context\":\"https:\/\/schema.org\",\"@graph\":[{\"@type\":\"Article\",\"@id\":\"https:\/\/www.um.edu.mo\/pt-pt\/news-and-press-releases\/press-release\/detail\/59182\/#article\",\"isPartOf\":{\"@id\":\"https:\/\/www.um.edu.mo\/pt-pt\/news-and-press-releases\/press-release\/detail\/59182\/\"},\"author\":{\"name\":\"web_admin\",\"@id\":\"https:\/\/www.um.edu.mo\/pt-pt\/#\/schema\/person\/bfdcd3a75d1b778a93663e5dee2e33bb\"},\"headline\":\"Exposi\u00e7\u00e3o fotogr\u00e1fica sobre o ensino superior de Macau ser\u00e1 inaugurada na UM na pr\u00f3xima quarta-feira\",\"datePublished\":\"2024-10-04T08:19:12+00:00\",\"dateModified\":\"2024-10-08T08:34:45+00:00\",\"mainEntityOfPage\":{\"@id\":\"https:\/\/www.um.edu.mo\/pt-pt\/news-and-press-releases\/press-release\/detail\/59182\/\"},\"wordCount\":219,\"publisher\":{\"@id\":\"https:\/\/www.um.edu.mo\/pt-pt\/#organization\"},\"image\":{\"@id\":\"https:\/\/www.um.edu.mo\/pt-pt\/news-and-press-releases\/press-release\/detail\/59182\/#primaryimage\"},\"thumbnailUrl\":\"https:\/\/www.um.edu.mo\/wp-content\/uploads\/2024\/10\/354629-1.jpg\",\"articleSection\":[\"Comunicado de Imprensa\"],\"inLanguage\":\"pt-PT\"},{\"@type\":\"WebPage\",\"@id\":\"https:\/\/www.um.edu.mo\/pt-pt\/news-and-press-releases\/press-release\/detail\/59182\/\",\"url\":\"https:\/\/www.um.edu.mo\/pt-pt\/news-and-press-releases\/press-release\/detail\/59182\/\",\"name\":\"Exposi\u00e7\u00e3o fotogr\u00e1fica sobre o ensino superior de Macau ser\u00e1 inaugurada na UM na pr\u00f3xima quarta-feira | Universidade de Macau\",\"isPartOf\":{\"@id\":\"https:\/\/www.um.edu.mo\/pt-pt\/#website\"},\"primaryImageOfPage\":{\"@id\":\"https:\/\/www.um.edu.mo\/pt-pt\/news-and-press-releases\/press-release\/detail\/59182\/#primaryimage\"},\"image\":{\"@id\":\"https:\/\/www.um.edu.mo\/pt-pt\/news-and-press-releases\/press-release\/detail\/59182\/#primaryimage\"},\"thumbnailUrl\":\"https:\/\/www.um.edu.mo\/wp-content\/uploads\/2024\/10\/354629-1.jpg\",\"datePublished\":\"2024-10-04T08:19:12+00:00\",\"dateModified\":\"2024-10-08T08:34:45+00:00\",\"description\":\"Universidade de Macau: Uma universidade abrangente p\u00fablica de n\u00edvel internacional fundada em 1981\",\"breadcrumb\":{\"@id\":\"https:\/\/www.um.edu.mo\/pt-pt\/news-and-press-releases\/press-release\/detail\/59182\/#breadcrumb\"},\"inLanguage\":\"pt-PT\",\"potentialAction\":[{\"@type\":\"ReadAction\",\"target\":[\"https:\/\/www.um.edu.mo\/pt-pt\/news-and-press-releases\/press-release\/detail\/59182\/\"]}]},{\"@type\":\"ImageObject\",\"inLanguage\":\"pt-PT\",\"@id\":\"https:\/\/www.um.edu.mo\/pt-pt\/news-and-press-releases\/press-release\/detail\/59182\/#primaryimage\",\"url\":\"https:\/\/www.um.edu.mo\/wp-content\/uploads\/2024\/10\/354629-1.jpg\",\"contentUrl\":\"https:\/\/www.um.edu.mo\/wp-content\/uploads\/2024\/10\/354629-1.jpg\",\"width\":1052,\"height\":1488},{\"@type\":\"BreadcrumbList\",\"@id\":\"https:\/\/www.um.edu.mo\/pt-pt\/news-and-press-releases\/press-release\/detail\/59182\/#breadcrumb\",\"itemListElement\":[{\"@type\":\"ListItem\",\"position\":1,\"name\":\"P\u00e1gina inicial\",\"item\":\"https:\/\/www.um.edu.mo\/pt-pt\/\"},{\"@type\":\"ListItem\",\"position\":2,\"name\":\"Not\u00edcias e Comunicados de Imprensa\",\"item\":\"https:\/\/www.um.edu.mo\/pt-pt\/category\/news-and-press-releases\/\"},{\"@type\":\"ListItem\",\"position\":3,\"name\":\"Comunicado de Imprensa\",\"item\":\"https:\/\/www.um.edu.mo\/pt-pt\/category\/news-and-press-releases\/press-release\/\"},{\"@type\":\"ListItem\",\"position\":4,\"name\":\"Exposi\u00e7\u00e3o fotogr\u00e1fica sobre o ensino superior de Macau ser\u00e1 inaugurada na UM na pr\u00f3xima quarta-feira\"}]},{\"@type\":\"WebSite\",\"@id\":\"https:\/\/www.um.edu.mo\/pt-pt\/#website\",\"url\":\"https:\/\/www.um.edu.mo\/pt-pt\/\",\"name\":\"Universidade de Macau\",\"description\":\"\",\"publisher\":{\"@id\":\"https:\/\/www.um.edu.mo\/pt-pt\/#organization\"},\"potentialAction\":[{\"@type\":\"SearchAction\",\"target\":{\"@type\":\"EntryPoint\",\"urlTemplate\":\"https:\/\/www.um.edu.mo\/pt-pt\/?s={search_term_string}\"},\"query-input\":{\"@type\":\"PropertyValueSpecification\",\"valueRequired\":true,\"valueName\":\"search_term_string\"}}],\"inLanguage\":\"pt-PT\"},{\"@type\":\"Organization\",\"@id\":\"https:\/\/www.um.edu.mo\/pt-pt\/#organization\",\"name\":\"University of Macau\",\"url\":\"https:\/\/www.um.edu.mo\/pt-pt\/\",\"logo\":{\"@type\":\"ImageObject\",\"inLanguage\":\"pt-PT\",\"@id\":\"https:\/\/www.um.edu.mo\/pt-pt\/#\/schema\/logo\/image\/\",\"url\":\"https:\/\/www.um.edu.mo\/wp-content\/uploads\/2020\/09\/UM-Logo_V-Black.png\",\"contentUrl\":\"https:\/\/www.um.edu.mo\/wp-content\/uploads\/2020\/09\/UM-Logo_V-Black.png\",\"width\":3508,\"height\":2785,\"caption\":\"University of Macau\"},\"image\":{\"@id\":\"https:\/\/www.um.edu.mo\/pt-pt\/#\/schema\/logo\/image\/\"},\"sameAs\":[\"https:\/\/www.facebook.com\/universityofmacau\",\"https:\/\/x.com\/UM_1981\"]},{\"@type\":\"Person\",\"@id\":\"https:\/\/www.um.edu.mo\/pt-pt\/#\/schema\/person\/bfdcd3a75d1b778a93663e5dee2e33bb\",\"name\":\"web_admin\",\"image\":{\"@type\":\"ImageObject\",\"inLanguage\":\"pt-PT\",\"@id\":\"https:\/\/www.um.edu.mo\/pt-pt\/#\/schema\/person\/image\/\",\"url\":\"https:\/\/secure.gravatar.com\/avatar\/e230ccd9ba8eb5ce94ecf306e4a35399?s=96&d=mm&r=g\",\"contentUrl\":\"https:\/\/secure.gravatar.com\/avatar\/e230ccd9ba8eb5ce94ecf306e4a35399?s=96&d=mm&r=g\",\"caption\":\"web_admin\"}}]}<\/script>\n<!-- \/ Yoast SEO plugin. -->","yoast_head_json":{"title":"Exposi\u00e7\u00e3o fotogr\u00e1fica sobre o ensino superior de Macau ser\u00e1 inaugurada na UM na pr\u00f3xima quarta-feira | Universidade de Macau","description":"Universidade de Macau: Uma universidade abrangente p\u00fablica de n\u00edvel internacional fundada em 1981","robots":{"index":"index","follow":"follow","max-snippet":"max-snippet:-1","max-image-preview":"max-image-preview:large","max-video-preview":"max-video-preview:-1"},"canonical":"https:\/\/www.um.edu.mo\/pt-pt\/news-and-press-releases\/press-release\/detail\/59182\/","og_locale":"pt_PT","og_type":"article","og_title":"Exposi\u00e7\u00e3o fotogr\u00e1fica sobre o ensino superior de Macau ser\u00e1 inaugurada na UM na pr\u00f3xima quarta-feira | Universidade de Macau","og_description":"Universidade de Macau: Uma universidade abrangente p\u00fablica de n\u00edvel internacional fundada em 1981","og_url":"https:\/\/www.um.edu.mo\/pt-pt\/news-and-press-releases\/press-release\/detail\/59182\/","og_site_name":"Universidade de Macau","article_publisher":"https:\/\/www.facebook.com\/universityofmacau","article_published_time":"2024-10-04T08:19:12+00:00","article_modified_time":"2024-10-08T08:34:45+00:00","author":"web_admin","twitter_card":"summary_large_image","twitter_creator":"@UM_1981","twitter_site":"@UM_1981","twitter_misc":{"Escrito por":"web_admin","Tempo estimado de leitura":"1 minuto"},"schema":{"@context":"https:\/\/schema.org","@graph":[{"@type":"Article","@id":"https:\/\/www.um.edu.mo\/pt-pt\/news-and-press-releases\/press-release\/detail\/59182\/#article","isPartOf":{"@id":"https:\/\/www.um.edu.mo\/pt-pt\/news-and-press-releases\/press-release\/detail\/59182\/"},"author":{"name":"web_admin","@id":"https:\/\/www.um.edu.mo\/pt-pt\/#\/schema\/person\/bfdcd3a75d1b778a93663e5dee2e33bb"},"headline":"Exposi\u00e7\u00e3o fotogr\u00e1fica sobre o ensino superior de Macau ser\u00e1 inaugurada na UM na pr\u00f3xima quarta-feira","datePublished":"2024-10-04T08:19:12+00:00","dateModified":"2024-10-08T08:34:45+00:00","mainEntityOfPage":{"@id":"https:\/\/www.um.edu.mo\/pt-pt\/news-and-press-releases\/press-release\/detail\/59182\/"},"wordCount":219,"publisher":{"@id":"https:\/\/www.um.edu.mo\/pt-pt\/#organization"},"image":{"@id":"https:\/\/www.um.edu.mo\/pt-pt\/news-and-press-releases\/press-release\/detail\/59182\/#primaryimage"},"thumbnailUrl":"https:\/\/www.um.edu.mo\/wp-content\/uploads\/2024\/10\/354629-1.jpg","articleSection":["Comunicado de Imprensa"],"inLanguage":"pt-PT"},{"@type":"WebPage","@id":"https:\/\/www.um.edu.mo\/pt-pt\/news-and-press-releases\/press-release\/detail\/59182\/","url":"https:\/\/www.um.edu.mo\/pt-pt\/news-and-press-releases\/press-release\/detail\/59182\/","name":"Exposi\u00e7\u00e3o fotogr\u00e1fica sobre o ensino superior de Macau ser\u00e1 inaugurada na UM na pr\u00f3xima quarta-feira | Universidade de Macau","isPartOf":{"@id":"https:\/\/www.um.edu.mo\/pt-pt\/#website"},"primaryImageOfPage":{"@id":"https:\/\/www.um.edu.mo\/pt-pt\/news-and-press-releases\/press-release\/detail\/59182\/#primaryimage"},"image":{"@id":"https:\/\/www.um.edu.mo\/pt-pt\/news-and-press-releases\/press-release\/detail\/59182\/#primaryimage"},"thumbnailUrl":"https:\/\/www.um.edu.mo\/wp-content\/uploads\/2024\/10\/354629-1.jpg","datePublished":"2024-10-04T08:19:12+00:00","dateModified":"2024-10-08T08:34:45+00:00","description":"Universidade de Macau: Uma universidade abrangente p\u00fablica de n\u00edvel internacional fundada em 1981","breadcrumb":{"@id":"https:\/\/www.um.edu.mo\/pt-pt\/news-and-press-releases\/press-release\/detail\/59182\/#breadcrumb"},"inLanguage":"pt-PT","potentialAction":[{"@type":"ReadAction","target":["https:\/\/www.um.edu.mo\/pt-pt\/news-and-press-releases\/press-release\/detail\/59182\/"]}]},{"@type":"ImageObject","inLanguage":"pt-PT","@id":"https:\/\/www.um.edu.mo\/pt-pt\/news-and-press-releases\/press-release\/detail\/59182\/#primaryimage","url":"https:\/\/www.um.edu.mo\/wp-content\/uploads\/2024\/10\/354629-1.jpg","contentUrl":"https:\/\/www.um.edu.mo\/wp-content\/uploads\/2024\/10\/354629-1.jpg","width":1052,"height":1488},{"@type":"BreadcrumbList","@id":"https:\/\/www.um.edu.mo\/pt-pt\/news-and-press-releases\/press-release\/detail\/59182\/#breadcrumb","itemListElement":[{"@type":"ListItem","position":1,"name":"P\u00e1gina inicial","item":"https:\/\/www.um.edu.mo\/pt-pt\/"},{"@type":"ListItem","position":2,"name":"Not\u00edcias e Comunicados de Imprensa","item":"https:\/\/www.um.edu.mo\/pt-pt\/category\/news-and-press-releases\/"},{"@type":"ListItem","position":3,"name":"Comunicado de Imprensa","item":"https:\/\/www.um.edu.mo\/pt-pt\/category\/news-and-press-releases\/press-release\/"},{"@type":"ListItem","position":4,"name":"Exposi\u00e7\u00e3o fotogr\u00e1fica sobre o ensino superior de Macau ser\u00e1 inaugurada na UM na pr\u00f3xima quarta-feira"}]},{"@type":"WebSite","@id":"https:\/\/www.um.edu.mo\/pt-pt\/#website","url":"https:\/\/www.um.edu.mo\/pt-pt\/","name":"Universidade de Macau","description":"","publisher":{"@id":"https:\/\/www.um.edu.mo\/pt-pt\/#organization"},"potentialAction":[{"@type":"SearchAction","target":{"@type":"EntryPoint","urlTemplate":"https:\/\/www.um.edu.mo\/pt-pt\/?s={search_term_string}"},"query-input":{"@type":"PropertyValueSpecification","valueRequired":true,"valueName":"search_term_string"}}],"inLanguage":"pt-PT"},{"@type":"Organization","@id":"https:\/\/www.um.edu.mo\/pt-pt\/#organization","name":"University of Macau","url":"https:\/\/www.um.edu.mo\/pt-pt\/","logo":{"@type":"ImageObject","inLanguage":"pt-PT","@id":"https:\/\/www.um.edu.mo\/pt-pt\/#\/schema\/logo\/image\/","url":"https:\/\/www.um.edu.mo\/wp-content\/uploads\/2020\/09\/UM-Logo_V-Black.png","contentUrl":"https:\/\/www.um.edu.mo\/wp-content\/uploads\/2020\/09\/UM-Logo_V-Black.png","width":3508,"height":2785,"caption":"University of Macau"},"image":{"@id":"https:\/\/www.um.edu.mo\/pt-pt\/#\/schema\/logo\/image\/"},"sameAs":["https:\/\/www.facebook.com\/universityofmacau","https:\/\/x.com\/UM_1981"]},{"@type":"Person","@id":"https:\/\/www.um.edu.mo\/pt-pt\/#\/schema\/person\/bfdcd3a75d1b778a93663e5dee2e33bb","name":"web_admin","image":{"@type":"ImageObject","inLanguage":"pt-PT","@id":"https:\/\/www.um.edu.mo\/pt-pt\/#\/schema\/person\/image\/","url":"https:\/\/secure.gravatar.com\/avatar\/e230ccd9ba8eb5ce94ecf306e4a35399?s=96&d=mm&r=g","contentUrl":"https:\/\/secure.gravatar.com\/avatar\/e230ccd9ba8eb5ce94ecf306e4a35399?s=96&d=mm&r=g","caption":"web_admin"}}]}},"_links":{"self":[{"href":"https:\/\/www.um.edu.mo\/pt-pt\/wp-json\/wp\/v2\/posts\/354629","targetHints":{"allow":["GET"]}}],"collection":[{"href":"https:\/\/www.um.edu.mo\/pt-pt\/wp-json\/wp\/v2\/posts"}],"about":[{"href":"https:\/\/www.um.edu.mo\/pt-pt\/wp-json\/wp\/v2\/types\/post"}],"author":[{"embeddable":true,"href":"https:\/\/www.um.edu.mo\/pt-pt\/wp-json\/wp\/v2\/users\/1"}],"replies":[{"embeddable":true,"href":"https:\/\/www.um.edu.mo\/pt-pt\/wp-json\/wp\/v2\/comments?post=354629"}],"version-history":[{"count":2,"href":"https:\/\/www.um.edu.mo\/pt-pt\/wp-json\/wp\/v2\/posts\/354629\/revisions"}],"predecessor-version":[{"id":354848,"href":"https:\/\/www.um.edu.mo\/pt-pt\/wp-json\/wp\/v2\/posts\/354629\/revisions\/354848"}],"wp:featuredmedia":[{"embeddable":true,"href":"https:\/\/www.um.edu.mo\/pt-pt\/wp-json\/wp\/v2\/media\/354849"}],"wp:attachment":[{"href":"https:\/\/www.um.edu.mo\/pt-pt\/wp-json\/wp\/v2\/media?parent=354629"}],"wp:term":[{"taxonomy":"category","embeddable":true,"href":"https:\/\/www.um.edu.mo\/pt-pt\/wp-json\/wp\/v2\/categories?post=354629"},{"taxonomy":"post_tag","embeddable":true,"href":"https:\/\/www.um.edu.mo\/pt-pt\/wp-json\/wp\/v2\/tags?post=354629"}],"curies":[{"name":"wp","href":"https:\/\/api.w.org\/{rel}","templated":true}]}}