{"id":347846,"date":"2024-08-06T17:04:39","date_gmt":"2024-08-06T09:04:39","guid":{"rendered":"https:\/\/www.um.edu.mo\/news-and-press-releases\/press-invitation\/detail\/58736-2\/"},"modified":"2024-08-12T15:09:14","modified_gmt":"2024-08-12T07:09:14","slug":"58736","status":"publish","type":"post","link":"https:\/\/www.um.edu.mo\/pt-pt\/news-and-press-releases\/press-invitation\/detail\/58736\/","title":{"rendered":"Assinatura do Acordo-Quadro de Colabora\u00e7\u00e3o e inaugura\u00e7\u00e3o da Placa do Centro Conjunto de Investiga\u00e7\u00e3o em Medicina Cl\u00ednica da Universidade de Macau e do Hospital Macau Union"},"content":{"rendered":"\n                            \n                            <h2>Convite \u00e0 Imprensa<\/h2>\n<table border=\"0\"><tbody>\n  <tr>\n\t<td width=\"120\">Nome<\/td>\n\t<td width=\"10\" align=\"center\">:<\/td>\n\t<td>Assinatura do Acordo-Quadro de Colabora\u00e7\u00e3o e inaugura\u00e7\u00e3o da Placa do Centro Conjunto de Investiga\u00e7\u00e3o em Medicina Cl\u00ednica da Universidade de Macau e do Hospital Macau Union<\/td>\n  <\/tr>\n  <tr>\n\t<td>Organizer<\/td>\n\t<td width=\"10\" align=\"center\">:<\/td>\n\t<td>\n\t  \t  University of Macau\n\t<\/td>\n  <\/tr>\n  <tr>\n\t<td>Data<\/td>\n\t<td width=\"10\" align=\"center\">:<\/td>\n\t<td>9 Aug 2024, Friday<\/td>\n  <\/tr>\n  <tr>\n\t<td>Hor\u00e1rio<\/td>\n\t<td width=\"10\" align=\"center\">:<\/td>\n\t<td>3:00pm<\/td>\n  <\/tr>\n  <tr>\n\t<td>Venue<\/td>\n\t<td width=\"10\" align=\"center\">:<\/td>\n\t<td>\n\t  \t  UM University Gallery (E1)\n\t<\/td>\n  <\/tr>\n  <tr>\n\t<td valign=\"top\">Conte\u00fado<\/td>\n\t<td valign=\"top\" width=\"10\" align=\"center\">:<\/td>\n\t<td>\n\t  The University of Macau and the Islands Healthcare Complex \u2013 Macao Medical Center of Peking Union Medical College Hospital will hold a signing ceremony of the collaboration framework agreement and a plaque unveiling ceremony for the University of Macau\u2013Macao Union Hospital Joint Research Centre for Clinical Medicine they jointly established. Through the research centre, the two parties will integrate their respective research capabilities and resources to conduct innovative research in clinical medicine and jointly train professionals in related disciplines, thereby contributing to the sustainable development of clinical medicine research and innovative healthcare practices in the Guangdong-Hong Kong-Macao Greater Bay Area.\n\t<\/td>\n  <\/tr>\n  <tr>\n\t<td>Language<\/td>\n\t<td width=\"10\" align=\"center\">:<\/td>\n\t<td>\n\t  \t  Mandarin\n\t<\/td>\n  <\/tr>\n<\/tbody><\/table>\n\n<h2>Pessoa a Contactar para Detalhes<\/h2>\n<table border=\"0\"><tbody>\n  <tr>\n\t<td width=\"120\">Nome<\/td>\n\t<td width=\"10\" align=\"center\">:<\/td>\n\t<td>Communications Office<\/td>\n  <\/tr>\n  <tr>\n\t<td width=\"120\">Tel. N\u00ba<\/td>\n\t<td width=\"10\" align=\"center\">:<\/td>\n\t<td>88228322<\/td>\n  <\/tr>\n  <tr>\n\t<td width=\"120\">Fax<\/td>\n\t<td width=\"10\" align=\"center\">:<\/td>\n\t<td>88222359<\/td>\n  <\/tr>\n  <tr>\n\t<td width=\"120\">Email<\/td>\n\t<td width=\"10\" align=\"center\">:<\/td>\n\t<td>prs.media@umac.mo<\/td>\n  <\/tr>\n  <tr>\n\t<td width=\"120\">Remark<\/td>\n\t<td width=\"10\" align=\"center\">:<\/td>\n\t<td>For car parking reservation, please contact us one day in advance.<\/td>\n  <\/tr>\n<\/tbody><\/table>\n \n\n                            \n                            ","protected":false},"excerpt":{"rendered":"<p>Convite \u00e0 Imprensa Nome : Assinatura do Acordo-Quadro de Colabora\u00e7\u00e3o e inaugura\u00e7\u00e3o da Placa do Centro Conjunto de Investiga\u00e7\u00e3o em Medicina Cl\u00ednica da Universidade de Macau e do Hospital Macau&#8230;<\/p>\n","protected":false},"author":1,"featured_media":0,"comment_status":"closed","ping_status":"closed","sticky":false,"template":"","format":"standard","meta":{"_acf_changed":false,"footnotes":""},"categories":[65],"tags":[],"class_list":["post-347846","post","type-post","status-publish","format-standard","hentry","category-press-invitation"],"acf":[],"yoast_head":"<!-- This site is optimized with the Yoast SEO plugin v24.5 - https:\/\/yoast.com\/wordpress\/plugins\/seo\/ -->\n<title>Assinatura do Acordo-Quadro de Colabora\u00e7\u00e3o e inaugura\u00e7\u00e3o da Placa do Centro Conjunto de Investiga\u00e7\u00e3o em Medicina Cl\u00ednica da Universidade de Macau e do Hospital Macau Union | Universidade de Macau<\/title>\n<meta name=\"description\" content=\"Universidade de Macau: Uma universidade abrangente p\u00fablica de n\u00edvel internacional fundada em 1981\" \/>\n<meta name=\"robots\" content=\"index, follow, max-snippet:-1, max-image-preview:large, max-video-preview:-1\" \/>\n<link rel=\"canonical\" href=\"https:\/\/www.um.edu.mo\/pt-pt\/news-and-press-releases\/press-invitation\/detail\/58736\/\" \/>\n<meta property=\"og:locale\" content=\"pt_PT\" \/>\n<meta property=\"og:type\" content=\"article\" \/>\n<meta property=\"og:title\" content=\"Assinatura do Acordo-Quadro de Colabora\u00e7\u00e3o e inaugura\u00e7\u00e3o da Placa do Centro Conjunto de Investiga\u00e7\u00e3o em Medicina Cl\u00ednica da Universidade de Macau e do Hospital Macau Union | Universidade de Macau\" \/>\n<meta property=\"og:description\" content=\"Universidade de Macau: Uma universidade abrangente p\u00fablica de n\u00edvel internacional fundada em 1981\" \/>\n<meta property=\"og:url\" content=\"https:\/\/www.um.edu.mo\/pt-pt\/news-and-press-releases\/press-invitation\/detail\/58736\/\" \/>\n<meta property=\"og:site_name\" content=\"Universidade de Macau\" \/>\n<meta property=\"article:publisher\" content=\"https:\/\/www.facebook.com\/universityofmacau\" \/>\n<meta property=\"article:published_time\" content=\"2024-08-06T09:04:39+00:00\" \/>\n<meta property=\"article:modified_time\" content=\"2024-08-12T07:09:14+00:00\" \/>\n<meta name=\"author\" content=\"web_admin\" \/>\n<meta name=\"twitter:card\" content=\"summary_large_image\" \/>\n<meta name=\"twitter:creator\" content=\"@UM_1981\" \/>\n<meta name=\"twitter:site\" content=\"@UM_1981\" \/>\n<meta name=\"twitter:label1\" content=\"Escrito por\" \/>\n\t<meta name=\"twitter:data1\" content=\"web_admin\" \/>\n\t<meta name=\"twitter:label2\" content=\"Tempo estimado de leitura\" \/>\n\t<meta name=\"twitter:data2\" content=\"1 minuto\" \/>\n<script type=\"application\/ld+json\" class=\"yoast-schema-graph\">{\"@context\":\"https:\/\/schema.org\",\"@graph\":[{\"@type\":\"Article\",\"@id\":\"https:\/\/www.um.edu.mo\/pt-pt\/news-and-press-releases\/press-invitation\/detail\/58736\/#article\",\"isPartOf\":{\"@id\":\"https:\/\/www.um.edu.mo\/pt-pt\/news-and-press-releases\/press-invitation\/detail\/58736\/\"},\"author\":{\"name\":\"web_admin\",\"@id\":\"https:\/\/www.um.edu.mo\/pt-pt\/#\/schema\/person\/bfdcd3a75d1b778a93663e5dee2e33bb\"},\"headline\":\"Assinatura do Acordo-Quadro de Colabora\u00e7\u00e3o e inaugura\u00e7\u00e3o da Placa do Centro Conjunto de Investiga\u00e7\u00e3o em Medicina Cl\u00ednica da Universidade de Macau e do Hospital Macau Union\",\"datePublished\":\"2024-08-06T09:04:39+00:00\",\"dateModified\":\"2024-08-12T07:09:14+00:00\",\"mainEntityOfPage\":{\"@id\":\"https:\/\/www.um.edu.mo\/pt-pt\/news-and-press-releases\/press-invitation\/detail\/58736\/\"},\"wordCount\":210,\"publisher\":{\"@id\":\"https:\/\/www.um.edu.mo\/pt-pt\/#organization\"},\"articleSection\":[\"Convites \u00e0 Imprensa\"],\"inLanguage\":\"pt-PT\"},{\"@type\":\"WebPage\",\"@id\":\"https:\/\/www.um.edu.mo\/pt-pt\/news-and-press-releases\/press-invitation\/detail\/58736\/\",\"url\":\"https:\/\/www.um.edu.mo\/pt-pt\/news-and-press-releases\/press-invitation\/detail\/58736\/\",\"name\":\"Assinatura do Acordo-Quadro de Colabora\u00e7\u00e3o e inaugura\u00e7\u00e3o da Placa do Centro Conjunto de Investiga\u00e7\u00e3o em Medicina Cl\u00ednica da Universidade de Macau e do Hospital Macau Union | Universidade de Macau\",\"isPartOf\":{\"@id\":\"https:\/\/www.um.edu.mo\/pt-pt\/#website\"},\"datePublished\":\"2024-08-06T09:04:39+00:00\",\"dateModified\":\"2024-08-12T07:09:14+00:00\",\"description\":\"Universidade de Macau: Uma universidade abrangente p\u00fablica de n\u00edvel internacional fundada em 1981\",\"breadcrumb\":{\"@id\":\"https:\/\/www.um.edu.mo\/pt-pt\/news-and-press-releases\/press-invitation\/detail\/58736\/#breadcrumb\"},\"inLanguage\":\"pt-PT\",\"potentialAction\":[{\"@type\":\"ReadAction\",\"target\":[\"https:\/\/www.um.edu.mo\/pt-pt\/news-and-press-releases\/press-invitation\/detail\/58736\/\"]}]},{\"@type\":\"BreadcrumbList\",\"@id\":\"https:\/\/www.um.edu.mo\/pt-pt\/news-and-press-releases\/press-invitation\/detail\/58736\/#breadcrumb\",\"itemListElement\":[{\"@type\":\"ListItem\",\"position\":1,\"name\":\"P\u00e1gina inicial\",\"item\":\"https:\/\/www.um.edu.mo\/pt-pt\/\"},{\"@type\":\"ListItem\",\"position\":2,\"name\":\"Not\u00edcias e Comunicados de Imprensa\",\"item\":\"https:\/\/www.um.edu.mo\/pt-pt\/category\/news-and-press-releases\/\"},{\"@type\":\"ListItem\",\"position\":3,\"name\":\"Convites \u00e0 Imprensa\",\"item\":\"https:\/\/www.um.edu.mo\/pt-pt\/category\/news-and-press-releases\/press-invitation\/\"},{\"@type\":\"ListItem\",\"position\":4,\"name\":\"Assinatura do Acordo-Quadro de Colabora\u00e7\u00e3o e inaugura\u00e7\u00e3o da Placa do Centro Conjunto de Investiga\u00e7\u00e3o em Medicina Cl\u00ednica da Universidade de Macau e do Hospital Macau Union\"}]},{\"@type\":\"WebSite\",\"@id\":\"https:\/\/www.um.edu.mo\/pt-pt\/#website\",\"url\":\"https:\/\/www.um.edu.mo\/pt-pt\/\",\"name\":\"Universidade de Macau\",\"description\":\"\",\"publisher\":{\"@id\":\"https:\/\/www.um.edu.mo\/pt-pt\/#organization\"},\"potentialAction\":[{\"@type\":\"SearchAction\",\"target\":{\"@type\":\"EntryPoint\",\"urlTemplate\":\"https:\/\/www.um.edu.mo\/pt-pt\/?s={search_term_string}\"},\"query-input\":{\"@type\":\"PropertyValueSpecification\",\"valueRequired\":true,\"valueName\":\"search_term_string\"}}],\"inLanguage\":\"pt-PT\"},{\"@type\":\"Organization\",\"@id\":\"https:\/\/www.um.edu.mo\/pt-pt\/#organization\",\"name\":\"University of Macau\",\"url\":\"https:\/\/www.um.edu.mo\/pt-pt\/\",\"logo\":{\"@type\":\"ImageObject\",\"inLanguage\":\"pt-PT\",\"@id\":\"https:\/\/www.um.edu.mo\/pt-pt\/#\/schema\/logo\/image\/\",\"url\":\"https:\/\/www.um.edu.mo\/wp-content\/uploads\/2020\/09\/UM-Logo_V-Black.png\",\"contentUrl\":\"https:\/\/www.um.edu.mo\/wp-content\/uploads\/2020\/09\/UM-Logo_V-Black.png\",\"width\":3508,\"height\":2785,\"caption\":\"University of Macau\"},\"image\":{\"@id\":\"https:\/\/www.um.edu.mo\/pt-pt\/#\/schema\/logo\/image\/\"},\"sameAs\":[\"https:\/\/www.facebook.com\/universityofmacau\",\"https:\/\/x.com\/UM_1981\"]},{\"@type\":\"Person\",\"@id\":\"https:\/\/www.um.edu.mo\/pt-pt\/#\/schema\/person\/bfdcd3a75d1b778a93663e5dee2e33bb\",\"name\":\"web_admin\",\"image\":{\"@type\":\"ImageObject\",\"inLanguage\":\"pt-PT\",\"@id\":\"https:\/\/www.um.edu.mo\/pt-pt\/#\/schema\/person\/image\/\",\"url\":\"https:\/\/secure.gravatar.com\/avatar\/e230ccd9ba8eb5ce94ecf306e4a35399?s=96&d=mm&r=g\",\"contentUrl\":\"https:\/\/secure.gravatar.com\/avatar\/e230ccd9ba8eb5ce94ecf306e4a35399?s=96&d=mm&r=g\",\"caption\":\"web_admin\"}}]}<\/script>\n<!-- \/ Yoast SEO plugin. -->","yoast_head_json":{"title":"Assinatura do Acordo-Quadro de Colabora\u00e7\u00e3o e inaugura\u00e7\u00e3o da Placa do Centro Conjunto de Investiga\u00e7\u00e3o em Medicina Cl\u00ednica da Universidade de Macau e do Hospital Macau Union | Universidade de Macau","description":"Universidade de Macau: Uma universidade abrangente p\u00fablica de n\u00edvel internacional fundada em 1981","robots":{"index":"index","follow":"follow","max-snippet":"max-snippet:-1","max-image-preview":"max-image-preview:large","max-video-preview":"max-video-preview:-1"},"canonical":"https:\/\/www.um.edu.mo\/pt-pt\/news-and-press-releases\/press-invitation\/detail\/58736\/","og_locale":"pt_PT","og_type":"article","og_title":"Assinatura do Acordo-Quadro de Colabora\u00e7\u00e3o e inaugura\u00e7\u00e3o da Placa do Centro Conjunto de Investiga\u00e7\u00e3o em Medicina Cl\u00ednica da Universidade de Macau e do Hospital Macau Union | Universidade de Macau","og_description":"Universidade de Macau: Uma universidade abrangente p\u00fablica de n\u00edvel internacional fundada em 1981","og_url":"https:\/\/www.um.edu.mo\/pt-pt\/news-and-press-releases\/press-invitation\/detail\/58736\/","og_site_name":"Universidade de Macau","article_publisher":"https:\/\/www.facebook.com\/universityofmacau","article_published_time":"2024-08-06T09:04:39+00:00","article_modified_time":"2024-08-12T07:09:14+00:00","author":"web_admin","twitter_card":"summary_large_image","twitter_creator":"@UM_1981","twitter_site":"@UM_1981","twitter_misc":{"Escrito por":"web_admin","Tempo estimado de leitura":"1 minuto"},"schema":{"@context":"https:\/\/schema.org","@graph":[{"@type":"Article","@id":"https:\/\/www.um.edu.mo\/pt-pt\/news-and-press-releases\/press-invitation\/detail\/58736\/#article","isPartOf":{"@id":"https:\/\/www.um.edu.mo\/pt-pt\/news-and-press-releases\/press-invitation\/detail\/58736\/"},"author":{"name":"web_admin","@id":"https:\/\/www.um.edu.mo\/pt-pt\/#\/schema\/person\/bfdcd3a75d1b778a93663e5dee2e33bb"},"headline":"Assinatura do Acordo-Quadro de Colabora\u00e7\u00e3o e inaugura\u00e7\u00e3o da Placa do Centro Conjunto de Investiga\u00e7\u00e3o em Medicina Cl\u00ednica da Universidade de Macau e do Hospital Macau Union","datePublished":"2024-08-06T09:04:39+00:00","dateModified":"2024-08-12T07:09:14+00:00","mainEntityOfPage":{"@id":"https:\/\/www.um.edu.mo\/pt-pt\/news-and-press-releases\/press-invitation\/detail\/58736\/"},"wordCount":210,"publisher":{"@id":"https:\/\/www.um.edu.mo\/pt-pt\/#organization"},"articleSection":["Convites \u00e0 Imprensa"],"inLanguage":"pt-PT"},{"@type":"WebPage","@id":"https:\/\/www.um.edu.mo\/pt-pt\/news-and-press-releases\/press-invitation\/detail\/58736\/","url":"https:\/\/www.um.edu.mo\/pt-pt\/news-and-press-releases\/press-invitation\/detail\/58736\/","name":"Assinatura do Acordo-Quadro de Colabora\u00e7\u00e3o e inaugura\u00e7\u00e3o da Placa do Centro Conjunto de Investiga\u00e7\u00e3o em Medicina Cl\u00ednica da Universidade de Macau e do Hospital Macau Union | Universidade de Macau","isPartOf":{"@id":"https:\/\/www.um.edu.mo\/pt-pt\/#website"},"datePublished":"2024-08-06T09:04:39+00:00","dateModified":"2024-08-12T07:09:14+00:00","description":"Universidade de Macau: Uma universidade abrangente p\u00fablica de n\u00edvel internacional fundada em 1981","breadcrumb":{"@id":"https:\/\/www.um.edu.mo\/pt-pt\/news-and-press-releases\/press-invitation\/detail\/58736\/#breadcrumb"},"inLanguage":"pt-PT","potentialAction":[{"@type":"ReadAction","target":["https:\/\/www.um.edu.mo\/pt-pt\/news-and-press-releases\/press-invitation\/detail\/58736\/"]}]},{"@type":"BreadcrumbList","@id":"https:\/\/www.um.edu.mo\/pt-pt\/news-and-press-releases\/press-invitation\/detail\/58736\/#breadcrumb","itemListElement":[{"@type":"ListItem","position":1,"name":"P\u00e1gina inicial","item":"https:\/\/www.um.edu.mo\/pt-pt\/"},{"@type":"ListItem","position":2,"name":"Not\u00edcias e Comunicados de Imprensa","item":"https:\/\/www.um.edu.mo\/pt-pt\/category\/news-and-press-releases\/"},{"@type":"ListItem","position":3,"name":"Convites \u00e0 Imprensa","item":"https:\/\/www.um.edu.mo\/pt-pt\/category\/news-and-press-releases\/press-invitation\/"},{"@type":"ListItem","position":4,"name":"Assinatura do Acordo-Quadro de Colabora\u00e7\u00e3o e inaugura\u00e7\u00e3o da Placa do Centro Conjunto de Investiga\u00e7\u00e3o em Medicina Cl\u00ednica da Universidade de Macau e do Hospital Macau Union"}]},{"@type":"WebSite","@id":"https:\/\/www.um.edu.mo\/pt-pt\/#website","url":"https:\/\/www.um.edu.mo\/pt-pt\/","name":"Universidade de Macau","description":"","publisher":{"@id":"https:\/\/www.um.edu.mo\/pt-pt\/#organization"},"potentialAction":[{"@type":"SearchAction","target":{"@type":"EntryPoint","urlTemplate":"https:\/\/www.um.edu.mo\/pt-pt\/?s={search_term_string}"},"query-input":{"@type":"PropertyValueSpecification","valueRequired":true,"valueName":"search_term_string"}}],"inLanguage":"pt-PT"},{"@type":"Organization","@id":"https:\/\/www.um.edu.mo\/pt-pt\/#organization","name":"University of Macau","url":"https:\/\/www.um.edu.mo\/pt-pt\/","logo":{"@type":"ImageObject","inLanguage":"pt-PT","@id":"https:\/\/www.um.edu.mo\/pt-pt\/#\/schema\/logo\/image\/","url":"https:\/\/www.um.edu.mo\/wp-content\/uploads\/2020\/09\/UM-Logo_V-Black.png","contentUrl":"https:\/\/www.um.edu.mo\/wp-content\/uploads\/2020\/09\/UM-Logo_V-Black.png","width":3508,"height":2785,"caption":"University of Macau"},"image":{"@id":"https:\/\/www.um.edu.mo\/pt-pt\/#\/schema\/logo\/image\/"},"sameAs":["https:\/\/www.facebook.com\/universityofmacau","https:\/\/x.com\/UM_1981"]},{"@type":"Person","@id":"https:\/\/www.um.edu.mo\/pt-pt\/#\/schema\/person\/bfdcd3a75d1b778a93663e5dee2e33bb","name":"web_admin","image":{"@type":"ImageObject","inLanguage":"pt-PT","@id":"https:\/\/www.um.edu.mo\/pt-pt\/#\/schema\/person\/image\/","url":"https:\/\/secure.gravatar.com\/avatar\/e230ccd9ba8eb5ce94ecf306e4a35399?s=96&d=mm&r=g","contentUrl":"https:\/\/secure.gravatar.com\/avatar\/e230ccd9ba8eb5ce94ecf306e4a35399?s=96&d=mm&r=g","caption":"web_admin"}}]}},"_links":{"self":[{"href":"https:\/\/www.um.edu.mo\/pt-pt\/wp-json\/wp\/v2\/posts\/347846","targetHints":{"allow":["GET"]}}],"collection":[{"href":"https:\/\/www.um.edu.mo\/pt-pt\/wp-json\/wp\/v2\/posts"}],"about":[{"href":"https:\/\/www.um.edu.mo\/pt-pt\/wp-json\/wp\/v2\/types\/post"}],"author":[{"embeddable":true,"href":"https:\/\/www.um.edu.mo\/pt-pt\/wp-json\/wp\/v2\/users\/1"}],"replies":[{"embeddable":true,"href":"https:\/\/www.um.edu.mo\/pt-pt\/wp-json\/wp\/v2\/comments?post=347846"}],"version-history":[{"count":1,"href":"https:\/\/www.um.edu.mo\/pt-pt\/wp-json\/wp\/v2\/posts\/347846\/revisions"}],"predecessor-version":[{"id":348321,"href":"https:\/\/www.um.edu.mo\/pt-pt\/wp-json\/wp\/v2\/posts\/347846\/revisions\/348321"}],"wp:attachment":[{"href":"https:\/\/www.um.edu.mo\/pt-pt\/wp-json\/wp\/v2\/media?parent=347846"}],"wp:term":[{"taxonomy":"category","embeddable":true,"href":"https:\/\/www.um.edu.mo\/pt-pt\/wp-json\/wp\/v2\/categories?post=347846"},{"taxonomy":"post_tag","embeddable":true,"href":"https:\/\/www.um.edu.mo\/pt-pt\/wp-json\/wp\/v2\/tags?post=347846"}],"curies":[{"name":"wp","href":"https:\/\/api.w.org\/{rel}","templated":true}]}}