{"id":347455,"date":"2024-07-31T17:36:00","date_gmt":"2024-07-31T09:36:00","guid":{"rendered":"https:\/\/www.um.edu.mo\/news-and-press-releases\/press-release\/detail\/58705-2\/"},"modified":"2024-07-31T17:53:05","modified_gmt":"2024-07-31T09:53:05","slug":"58705","status":"publish","type":"post","link":"https:\/\/www.um.edu.mo\/pt-pt\/news-and-press-releases\/press-release\/detail\/58705\/","title":{"rendered":"Faculdade de Direito da Universidade de Macau Visita Institui\u00e7\u00f5es de Ensino Superior e Jur\u00eddicas dos Pa\u00edses de L\u00edngua Portuguesa para Aprofundar a Coopera\u00e7\u00e3o"},"content":{"rendered":"\n                        \n                        <p>Para desempenhar o papel de Macau como ponte entre a China e os pa\u00edses de l\u00edngua portuguesa e responder \u00e0 necessidade nacional de formar talentos em direito internacional, Tong Io Cheng, Director da Faculdade de Direito da Universidade de Macau e do Centro de Estudos Judici\u00e1rios e Jur\u00eddicos da China e dos Pa\u00edses de L\u00edngua Oficial Portuguesa, liderou uma delega\u00e7\u00e3o em visitas oficiais a Mo\u00e7ambique e Angola. Durante as visitas, foram realizadas reuni\u00f5es com institui\u00e7\u00f5es de ensino superior e departamentos jur\u00eddicos locais, discutindo quest\u00f5es de direito internacional e explorando formas de fortalecer os programas de forma\u00e7\u00e3o jur\u00eddica internacional.<\/p><p>Em Mo\u00e7ambique, a delega\u00e7\u00e3o visitou a Faculdade de Direito da Universidade Eduardo Mondlane, onde foi realizado o semin\u00e1rio &quot;Celebrando 25 Anos de Coopera\u00e7\u00e3o: Parcerias P\u00fablico-Privadas na China Continental, Macau e Mo\u00e7ambique e Seus Desafios&quot;. Foi tamb\u00e9m lan\u00e7ada uma edi\u00e7\u00e3o especial em comemora\u00e7\u00e3o \u00e0 coopera\u00e7\u00e3o. A delega\u00e7\u00e3o participou ainda no semin\u00e1rio &quot;Celebrando os 50 Anos da Faculdade de Direito da Universidade Eduardo Mondlane&quot;, discutindo temas como a import\u00e2ncia do desenvolvimento cient\u00edfico nas universidades, as tend\u00eancias da internacionaliza\u00e7\u00e3o do ensino jur\u00eddico e a integra\u00e7\u00e3o das culturas jur\u00eddicas chinesa e lus\u00f3fona. Em reuni\u00f5es com o Reitor da Universidade Eduardo Mondlane, Manuel Guilherme J\u00fanior, e o Diretor da Faculdade de Direito, Eduardo Chiziane, foram debatidos planos de coopera\u00e7\u00e3o futura em pesquisa acad\u00e9mica, forma\u00e7\u00e3o de docentes e interc\u00e2mbio de estudantes, visando aprimorar o n\u00edvel de ensino e pesquisa jur\u00eddica e fortalecer a colabora\u00e7\u00e3o.<\/p><p>A delega\u00e7\u00e3o tamb\u00e9m visitou Angola, onde esteve na Universidade Agostinho Neto e participou num semin\u00e1rio organizado pelo Centro de Estudos Jur\u00eddicos, Econ\u00f3micos e Sociais da Faculdade de Direito dessa Universidade. Em reuni\u00f5es com o Reitor Pedro Magalh\u00e3es da UAN, o Diretor da Faculdade de Direito da UAN, Andr\u00e9 Victor, e o Diretor do Centro de Estudos Jur\u00eddicos, Econ\u00f3micos e Sociais, Jos\u00e9 Oct\u00e1vio Serra Van-D\u00fanem, foram discutidas quest\u00f5es relacionadas ao interc\u00e2mbio de estudantes, fortalecimento de coopera\u00e7\u00e3o docente, organiza\u00e7\u00e3o de semin\u00e1rios conjuntos e projetos de investiga\u00e7\u00e3o, acordando em intensificar a troca acad\u00e9mica e realizar actividades cient\u00edficas conjuntas.<\/p><p>Adicionalmente, a delega\u00e7\u00e3o visitou o Tribunal Constitucional de Angola e a sua biblioteca, onde teve reuni\u00e3o com a Presidente Laurinda Prazeres Cardoso e outros ju\u00edzes trocando opini\u00f5es sobre os sistemas judiciais da China e de Angola, reconhecendo a import\u00e2ncia da publica\u00e7\u00e3o conjunta de resultados de investiga\u00e7\u00e3o e a promo\u00e7\u00e3o da coopera\u00e7\u00e3o bilateral.<\/p><p>Estas visitas refor\u00e7aram a base para a coopera\u00e7\u00e3o entre a Universidade de Macau e as institui\u00e7\u00f5es de ensino superior dos pa\u00edses de l\u00edngua portuguesa, desempenhando um papel positivo na promo\u00e7\u00e3o da coopera\u00e7\u00e3o cient\u00edfica e jur\u00eddica entre a China e os pa\u00edses de l\u00edngua portuguesa. A Universidade de Macau continuar\u00e1 a colaborar com Mo\u00e7ambique e Angola nas \u00e1reas de ensino jur\u00eddico, pesquisa e interc\u00e2mbio judicial, contribuindo para a promo\u00e7\u00e3o do interc\u00e2mbio acad\u00e9mico regional e internacional e para a forma\u00e7\u00e3o de talentos.<\/p><p>Os membros da delega\u00e7\u00e3o da Universidade de Macau inclu\u00edram ainda o Diretor do Centro de Estudos Jur\u00eddicos, Manuel Trigo, e a Directora Associada, Jiang Yi Wa; a Directora Associada do Centro de Estudos Judici\u00e1rios e Jur\u00eddicos da China e dos Pa\u00edses de L\u00edngua Oficial Portuguesa, Ma Zhe; o Professor associado a tempo parcial, Augusto Teixeira Garcia; o lecture a tempo parcial, Lu\u00eds Pessanha e o docente a tempo parcial, Miguel Quental.<\/p><p><\/p><p><\/p><p><br class=\"Apple-interchange-newline\" \/><\/p><table style=\"max-width: 100%;border-collapse: collapse;border-spacing: 0px;margin: 0px 0px 40px;font-size: 16px;text-align: justify;line-height: 1.9\"><tbody><tr style=\", Arial, Helvetica, sans-serif;height: 21px\"><td colspan=\"2\" style=\"vertical-align: top;height: 21px;width: 304.953px\">Source: Faculty of Law<\/td><\/tr><tr style=\", Arial, Helvetica, sans-serif;height: 21px\"><td style=\"vertical-align: top;height: 21px;width: 126.672px;min-width: 120px\"><\/td><td style=\"vertical-align: top;height: 21px;width: 178.281px\"><\/td><\/tr><tr style=\", Arial, Helvetica, sans-serif;height: 21px\"><td colspan=\"2\" style=\"vertical-align: top;height: 21px;width: 304.953px\">Media Contact Information:<\/td><\/tr><tr style=\", Arial, Helvetica, sans-serif;height: 21px\"><td colspan=\"2\" style=\"vertical-align: top;height: 12px;width: 304.953px\">Communications Office, University of Macau<\/td><\/tr><tr style=\", Arial, Helvetica, sans-serif;height: 21px\"><td style=\"vertical-align: top;height: 21px;width: 126.672px;min-width: 120px\"><\/td><td style=\"vertical-align: top;height: 21px;width: 178.281px\"><\/td><\/tr><tr style=\", Arial, Helvetica, sans-serif;height: 21px\"><td style=\"vertical-align: top;height: 21px;width: 126.672px;min-width: 120px\">Albee Lei<\/td><td style=\"vertical-align: top;height: 21px;width: 178.281px\">Tel: (853) 8822 8004<\/td><\/tr><tr style=\", Arial, Helvetica, sans-serif;height: 21px\"><td style=\"vertical-align: top;height: 21px;width: 126.672px;min-width: 120px\">Bell Leong<\/td><td style=\"vertical-align: top;height: 21px;width: 178.281px\">Tel: (853) 8822 8009<\/td><\/tr><tr style=\", Arial, Helvetica, sans-serif;height: 21px\"><td style=\"vertical-align: top;height: 21px;width: 126.672px;min-width: 120px\">Email:<\/td><td style=\"vertical-align: top;height: 21px;width: 178.281px\"><a href=\"mailto:prs.media@um.edu.mo\">prs.media@um.edu.mo<\/a><\/td><\/tr><tr style=\", Arial, Helvetica, sans-serif;height: 21px\"><td style=\"vertical-align: top;height: 21px;width: 126.672px;min-width: 120px\"><\/td><td style=\"vertical-align: top;height: 21px;width: 178.281px\"><\/td><\/tr><\/tbody><\/table>\n                        \n                        ","protected":false},"excerpt":{"rendered":"<p>Para desempenhar o papel de Macau como ponte entre a China e os pa\u00edses de l\u00edngua portuguesa e responder \u00e0 necessidade nacional de formar talentos em direito internacional, Tong Io&#8230;<\/p>\n","protected":false},"author":1,"featured_media":347470,"comment_status":"closed","ping_status":"closed","sticky":false,"template":"","format":"standard","meta":{"_acf_changed":false,"footnotes":""},"categories":[60],"tags":[],"class_list":["post-347455","post","type-post","status-publish","format-standard","has-post-thumbnail","hentry","category-press-release"],"acf":[],"yoast_head":"<!-- This site is optimized with the Yoast SEO plugin v24.5 - https:\/\/yoast.com\/wordpress\/plugins\/seo\/ -->\n<title>Faculdade de Direito da Universidade de Macau Visita Institui\u00e7\u00f5es de Ensino Superior e Jur\u00eddicas dos Pa\u00edses de L\u00edngua Portuguesa para Aprofundar a Coopera\u00e7\u00e3o | Universidade de Macau<\/title>\n<meta name=\"description\" content=\"Universidade de Macau: Uma universidade abrangente p\u00fablica de n\u00edvel internacional fundada em 1981\" \/>\n<meta name=\"robots\" content=\"index, follow, max-snippet:-1, max-image-preview:large, max-video-preview:-1\" \/>\n<link rel=\"canonical\" href=\"https:\/\/www.um.edu.mo\/pt-pt\/news-and-press-releases\/press-release\/detail\/58705\/\" \/>\n<meta property=\"og:locale\" content=\"pt_PT\" \/>\n<meta property=\"og:type\" content=\"article\" \/>\n<meta property=\"og:title\" content=\"Faculdade de Direito da Universidade de Macau Visita Institui\u00e7\u00f5es de Ensino Superior e Jur\u00eddicas dos Pa\u00edses de L\u00edngua Portuguesa para Aprofundar a Coopera\u00e7\u00e3o | Universidade de Macau\" \/>\n<meta property=\"og:description\" content=\"Universidade de Macau: Uma universidade abrangente p\u00fablica de n\u00edvel internacional fundada em 1981\" \/>\n<meta property=\"og:url\" content=\"https:\/\/www.um.edu.mo\/pt-pt\/news-and-press-releases\/press-release\/detail\/58705\/\" \/>\n<meta property=\"og:site_name\" content=\"Universidade de Macau\" \/>\n<meta property=\"article:publisher\" content=\"https:\/\/www.facebook.com\/universityofmacau\" \/>\n<meta property=\"article:published_time\" content=\"2024-07-31T09:36:00+00:00\" \/>\n<meta property=\"article:modified_time\" content=\"2024-07-31T09:53:05+00:00\" \/>\n<meta name=\"author\" content=\"web_admin\" \/>\n<meta name=\"twitter:card\" content=\"summary_large_image\" \/>\n<meta name=\"twitter:creator\" content=\"@UM_1981\" \/>\n<meta name=\"twitter:site\" content=\"@UM_1981\" \/>\n<meta name=\"twitter:label1\" content=\"Escrito por\" \/>\n\t<meta name=\"twitter:data1\" content=\"web_admin\" \/>\n\t<meta name=\"twitter:label2\" content=\"Tempo estimado de leitura\" \/>\n\t<meta name=\"twitter:data2\" content=\"3 minutos\" \/>\n<script type=\"application\/ld+json\" class=\"yoast-schema-graph\">{\"@context\":\"https:\/\/schema.org\",\"@graph\":[{\"@type\":\"Article\",\"@id\":\"https:\/\/www.um.edu.mo\/pt-pt\/news-and-press-releases\/press-release\/detail\/58705\/#article\",\"isPartOf\":{\"@id\":\"https:\/\/www.um.edu.mo\/pt-pt\/news-and-press-releases\/press-release\/detail\/58705\/\"},\"author\":{\"name\":\"web_admin\",\"@id\":\"https:\/\/www.um.edu.mo\/pt-pt\/#\/schema\/person\/bfdcd3a75d1b778a93663e5dee2e33bb\"},\"headline\":\"Faculdade de Direito da Universidade de Macau Visita Institui\u00e7\u00f5es de Ensino Superior e Jur\u00eddicas dos Pa\u00edses de L\u00edngua Portuguesa para Aprofundar a Coopera\u00e7\u00e3o\",\"datePublished\":\"2024-07-31T09:36:00+00:00\",\"dateModified\":\"2024-07-31T09:53:05+00:00\",\"mainEntityOfPage\":{\"@id\":\"https:\/\/www.um.edu.mo\/pt-pt\/news-and-press-releases\/press-release\/detail\/58705\/\"},\"wordCount\":684,\"publisher\":{\"@id\":\"https:\/\/www.um.edu.mo\/pt-pt\/#organization\"},\"image\":{\"@id\":\"https:\/\/www.um.edu.mo\/pt-pt\/news-and-press-releases\/press-release\/detail\/58705\/#primaryimage\"},\"thumbnailUrl\":\"https:\/\/www.um.edu.mo\/wp-content\/uploads\/2024\/07\/347455-1.jpg\",\"articleSection\":[\"Comunicado de Imprensa\"],\"inLanguage\":\"pt-PT\"},{\"@type\":\"WebPage\",\"@id\":\"https:\/\/www.um.edu.mo\/pt-pt\/news-and-press-releases\/press-release\/detail\/58705\/\",\"url\":\"https:\/\/www.um.edu.mo\/pt-pt\/news-and-press-releases\/press-release\/detail\/58705\/\",\"name\":\"Faculdade de Direito da Universidade de Macau Visita Institui\u00e7\u00f5es de Ensino Superior e Jur\u00eddicas dos Pa\u00edses de L\u00edngua Portuguesa para Aprofundar a Coopera\u00e7\u00e3o | Universidade de Macau\",\"isPartOf\":{\"@id\":\"https:\/\/www.um.edu.mo\/pt-pt\/#website\"},\"primaryImageOfPage\":{\"@id\":\"https:\/\/www.um.edu.mo\/pt-pt\/news-and-press-releases\/press-release\/detail\/58705\/#primaryimage\"},\"image\":{\"@id\":\"https:\/\/www.um.edu.mo\/pt-pt\/news-and-press-releases\/press-release\/detail\/58705\/#primaryimage\"},\"thumbnailUrl\":\"https:\/\/www.um.edu.mo\/wp-content\/uploads\/2024\/07\/347455-1.jpg\",\"datePublished\":\"2024-07-31T09:36:00+00:00\",\"dateModified\":\"2024-07-31T09:53:05+00:00\",\"description\":\"Universidade de Macau: Uma universidade abrangente p\u00fablica de n\u00edvel internacional fundada em 1981\",\"breadcrumb\":{\"@id\":\"https:\/\/www.um.edu.mo\/pt-pt\/news-and-press-releases\/press-release\/detail\/58705\/#breadcrumb\"},\"inLanguage\":\"pt-PT\",\"potentialAction\":[{\"@type\":\"ReadAction\",\"target\":[\"https:\/\/www.um.edu.mo\/pt-pt\/news-and-press-releases\/press-release\/detail\/58705\/\"]}]},{\"@type\":\"ImageObject\",\"inLanguage\":\"pt-PT\",\"@id\":\"https:\/\/www.um.edu.mo\/pt-pt\/news-and-press-releases\/press-release\/detail\/58705\/#primaryimage\",\"url\":\"https:\/\/www.um.edu.mo\/wp-content\/uploads\/2024\/07\/347455-1.jpg\",\"contentUrl\":\"https:\/\/www.um.edu.mo\/wp-content\/uploads\/2024\/07\/347455-1.jpg\",\"width\":1418,\"height\":798},{\"@type\":\"BreadcrumbList\",\"@id\":\"https:\/\/www.um.edu.mo\/pt-pt\/news-and-press-releases\/press-release\/detail\/58705\/#breadcrumb\",\"itemListElement\":[{\"@type\":\"ListItem\",\"position\":1,\"name\":\"P\u00e1gina inicial\",\"item\":\"https:\/\/www.um.edu.mo\/pt-pt\/\"},{\"@type\":\"ListItem\",\"position\":2,\"name\":\"Not\u00edcias e Comunicados de Imprensa\",\"item\":\"https:\/\/www.um.edu.mo\/pt-pt\/category\/news-and-press-releases\/\"},{\"@type\":\"ListItem\",\"position\":3,\"name\":\"Comunicado de Imprensa\",\"item\":\"https:\/\/www.um.edu.mo\/pt-pt\/category\/news-and-press-releases\/press-release\/\"},{\"@type\":\"ListItem\",\"position\":4,\"name\":\"Faculdade de Direito da Universidade de Macau Visita Institui\u00e7\u00f5es de Ensino Superior e Jur\u00eddicas dos Pa\u00edses de L\u00edngua Portuguesa para Aprofundar a Coopera\u00e7\u00e3o\"}]},{\"@type\":\"WebSite\",\"@id\":\"https:\/\/www.um.edu.mo\/pt-pt\/#website\",\"url\":\"https:\/\/www.um.edu.mo\/pt-pt\/\",\"name\":\"Universidade de Macau\",\"description\":\"\",\"publisher\":{\"@id\":\"https:\/\/www.um.edu.mo\/pt-pt\/#organization\"},\"potentialAction\":[{\"@type\":\"SearchAction\",\"target\":{\"@type\":\"EntryPoint\",\"urlTemplate\":\"https:\/\/www.um.edu.mo\/pt-pt\/?s={search_term_string}\"},\"query-input\":{\"@type\":\"PropertyValueSpecification\",\"valueRequired\":true,\"valueName\":\"search_term_string\"}}],\"inLanguage\":\"pt-PT\"},{\"@type\":\"Organization\",\"@id\":\"https:\/\/www.um.edu.mo\/pt-pt\/#organization\",\"name\":\"University of Macau\",\"url\":\"https:\/\/www.um.edu.mo\/pt-pt\/\",\"logo\":{\"@type\":\"ImageObject\",\"inLanguage\":\"pt-PT\",\"@id\":\"https:\/\/www.um.edu.mo\/pt-pt\/#\/schema\/logo\/image\/\",\"url\":\"https:\/\/www.um.edu.mo\/wp-content\/uploads\/2020\/09\/UM-Logo_V-Black.png\",\"contentUrl\":\"https:\/\/www.um.edu.mo\/wp-content\/uploads\/2020\/09\/UM-Logo_V-Black.png\",\"width\":3508,\"height\":2785,\"caption\":\"University of Macau\"},\"image\":{\"@id\":\"https:\/\/www.um.edu.mo\/pt-pt\/#\/schema\/logo\/image\/\"},\"sameAs\":[\"https:\/\/www.facebook.com\/universityofmacau\",\"https:\/\/x.com\/UM_1981\"]},{\"@type\":\"Person\",\"@id\":\"https:\/\/www.um.edu.mo\/pt-pt\/#\/schema\/person\/bfdcd3a75d1b778a93663e5dee2e33bb\",\"name\":\"web_admin\",\"image\":{\"@type\":\"ImageObject\",\"inLanguage\":\"pt-PT\",\"@id\":\"https:\/\/www.um.edu.mo\/pt-pt\/#\/schema\/person\/image\/\",\"url\":\"https:\/\/secure.gravatar.com\/avatar\/e230ccd9ba8eb5ce94ecf306e4a35399?s=96&d=mm&r=g\",\"contentUrl\":\"https:\/\/secure.gravatar.com\/avatar\/e230ccd9ba8eb5ce94ecf306e4a35399?s=96&d=mm&r=g\",\"caption\":\"web_admin\"}}]}<\/script>\n<!-- \/ Yoast SEO plugin. -->","yoast_head_json":{"title":"Faculdade de Direito da Universidade de Macau Visita Institui\u00e7\u00f5es de Ensino Superior e Jur\u00eddicas dos Pa\u00edses de L\u00edngua Portuguesa para Aprofundar a Coopera\u00e7\u00e3o | Universidade de Macau","description":"Universidade de Macau: Uma universidade abrangente p\u00fablica de n\u00edvel internacional fundada em 1981","robots":{"index":"index","follow":"follow","max-snippet":"max-snippet:-1","max-image-preview":"max-image-preview:large","max-video-preview":"max-video-preview:-1"},"canonical":"https:\/\/www.um.edu.mo\/pt-pt\/news-and-press-releases\/press-release\/detail\/58705\/","og_locale":"pt_PT","og_type":"article","og_title":"Faculdade de Direito da Universidade de Macau Visita Institui\u00e7\u00f5es de Ensino Superior e Jur\u00eddicas dos Pa\u00edses de L\u00edngua Portuguesa para Aprofundar a Coopera\u00e7\u00e3o | Universidade de Macau","og_description":"Universidade de Macau: Uma universidade abrangente p\u00fablica de n\u00edvel internacional fundada em 1981","og_url":"https:\/\/www.um.edu.mo\/pt-pt\/news-and-press-releases\/press-release\/detail\/58705\/","og_site_name":"Universidade de Macau","article_publisher":"https:\/\/www.facebook.com\/universityofmacau","article_published_time":"2024-07-31T09:36:00+00:00","article_modified_time":"2024-07-31T09:53:05+00:00","author":"web_admin","twitter_card":"summary_large_image","twitter_creator":"@UM_1981","twitter_site":"@UM_1981","twitter_misc":{"Escrito por":"web_admin","Tempo estimado de leitura":"3 minutos"},"schema":{"@context":"https:\/\/schema.org","@graph":[{"@type":"Article","@id":"https:\/\/www.um.edu.mo\/pt-pt\/news-and-press-releases\/press-release\/detail\/58705\/#article","isPartOf":{"@id":"https:\/\/www.um.edu.mo\/pt-pt\/news-and-press-releases\/press-release\/detail\/58705\/"},"author":{"name":"web_admin","@id":"https:\/\/www.um.edu.mo\/pt-pt\/#\/schema\/person\/bfdcd3a75d1b778a93663e5dee2e33bb"},"headline":"Faculdade de Direito da Universidade de Macau Visita Institui\u00e7\u00f5es de Ensino Superior e Jur\u00eddicas dos Pa\u00edses de L\u00edngua Portuguesa para Aprofundar a Coopera\u00e7\u00e3o","datePublished":"2024-07-31T09:36:00+00:00","dateModified":"2024-07-31T09:53:05+00:00","mainEntityOfPage":{"@id":"https:\/\/www.um.edu.mo\/pt-pt\/news-and-press-releases\/press-release\/detail\/58705\/"},"wordCount":684,"publisher":{"@id":"https:\/\/www.um.edu.mo\/pt-pt\/#organization"},"image":{"@id":"https:\/\/www.um.edu.mo\/pt-pt\/news-and-press-releases\/press-release\/detail\/58705\/#primaryimage"},"thumbnailUrl":"https:\/\/www.um.edu.mo\/wp-content\/uploads\/2024\/07\/347455-1.jpg","articleSection":["Comunicado de Imprensa"],"inLanguage":"pt-PT"},{"@type":"WebPage","@id":"https:\/\/www.um.edu.mo\/pt-pt\/news-and-press-releases\/press-release\/detail\/58705\/","url":"https:\/\/www.um.edu.mo\/pt-pt\/news-and-press-releases\/press-release\/detail\/58705\/","name":"Faculdade de Direito da Universidade de Macau Visita Institui\u00e7\u00f5es de Ensino Superior e Jur\u00eddicas dos Pa\u00edses de L\u00edngua Portuguesa para Aprofundar a Coopera\u00e7\u00e3o | Universidade de Macau","isPartOf":{"@id":"https:\/\/www.um.edu.mo\/pt-pt\/#website"},"primaryImageOfPage":{"@id":"https:\/\/www.um.edu.mo\/pt-pt\/news-and-press-releases\/press-release\/detail\/58705\/#primaryimage"},"image":{"@id":"https:\/\/www.um.edu.mo\/pt-pt\/news-and-press-releases\/press-release\/detail\/58705\/#primaryimage"},"thumbnailUrl":"https:\/\/www.um.edu.mo\/wp-content\/uploads\/2024\/07\/347455-1.jpg","datePublished":"2024-07-31T09:36:00+00:00","dateModified":"2024-07-31T09:53:05+00:00","description":"Universidade de Macau: Uma universidade abrangente p\u00fablica de n\u00edvel internacional fundada em 1981","breadcrumb":{"@id":"https:\/\/www.um.edu.mo\/pt-pt\/news-and-press-releases\/press-release\/detail\/58705\/#breadcrumb"},"inLanguage":"pt-PT","potentialAction":[{"@type":"ReadAction","target":["https:\/\/www.um.edu.mo\/pt-pt\/news-and-press-releases\/press-release\/detail\/58705\/"]}]},{"@type":"ImageObject","inLanguage":"pt-PT","@id":"https:\/\/www.um.edu.mo\/pt-pt\/news-and-press-releases\/press-release\/detail\/58705\/#primaryimage","url":"https:\/\/www.um.edu.mo\/wp-content\/uploads\/2024\/07\/347455-1.jpg","contentUrl":"https:\/\/www.um.edu.mo\/wp-content\/uploads\/2024\/07\/347455-1.jpg","width":1418,"height":798},{"@type":"BreadcrumbList","@id":"https:\/\/www.um.edu.mo\/pt-pt\/news-and-press-releases\/press-release\/detail\/58705\/#breadcrumb","itemListElement":[{"@type":"ListItem","position":1,"name":"P\u00e1gina inicial","item":"https:\/\/www.um.edu.mo\/pt-pt\/"},{"@type":"ListItem","position":2,"name":"Not\u00edcias e Comunicados de Imprensa","item":"https:\/\/www.um.edu.mo\/pt-pt\/category\/news-and-press-releases\/"},{"@type":"ListItem","position":3,"name":"Comunicado de Imprensa","item":"https:\/\/www.um.edu.mo\/pt-pt\/category\/news-and-press-releases\/press-release\/"},{"@type":"ListItem","position":4,"name":"Faculdade de Direito da Universidade de Macau Visita Institui\u00e7\u00f5es de Ensino Superior e Jur\u00eddicas dos Pa\u00edses de L\u00edngua Portuguesa para Aprofundar a Coopera\u00e7\u00e3o"}]},{"@type":"WebSite","@id":"https:\/\/www.um.edu.mo\/pt-pt\/#website","url":"https:\/\/www.um.edu.mo\/pt-pt\/","name":"Universidade de Macau","description":"","publisher":{"@id":"https:\/\/www.um.edu.mo\/pt-pt\/#organization"},"potentialAction":[{"@type":"SearchAction","target":{"@type":"EntryPoint","urlTemplate":"https:\/\/www.um.edu.mo\/pt-pt\/?s={search_term_string}"},"query-input":{"@type":"PropertyValueSpecification","valueRequired":true,"valueName":"search_term_string"}}],"inLanguage":"pt-PT"},{"@type":"Organization","@id":"https:\/\/www.um.edu.mo\/pt-pt\/#organization","name":"University of Macau","url":"https:\/\/www.um.edu.mo\/pt-pt\/","logo":{"@type":"ImageObject","inLanguage":"pt-PT","@id":"https:\/\/www.um.edu.mo\/pt-pt\/#\/schema\/logo\/image\/","url":"https:\/\/www.um.edu.mo\/wp-content\/uploads\/2020\/09\/UM-Logo_V-Black.png","contentUrl":"https:\/\/www.um.edu.mo\/wp-content\/uploads\/2020\/09\/UM-Logo_V-Black.png","width":3508,"height":2785,"caption":"University of Macau"},"image":{"@id":"https:\/\/www.um.edu.mo\/pt-pt\/#\/schema\/logo\/image\/"},"sameAs":["https:\/\/www.facebook.com\/universityofmacau","https:\/\/x.com\/UM_1981"]},{"@type":"Person","@id":"https:\/\/www.um.edu.mo\/pt-pt\/#\/schema\/person\/bfdcd3a75d1b778a93663e5dee2e33bb","name":"web_admin","image":{"@type":"ImageObject","inLanguage":"pt-PT","@id":"https:\/\/www.um.edu.mo\/pt-pt\/#\/schema\/person\/image\/","url":"https:\/\/secure.gravatar.com\/avatar\/e230ccd9ba8eb5ce94ecf306e4a35399?s=96&d=mm&r=g","contentUrl":"https:\/\/secure.gravatar.com\/avatar\/e230ccd9ba8eb5ce94ecf306e4a35399?s=96&d=mm&r=g","caption":"web_admin"}}]}},"_links":{"self":[{"href":"https:\/\/www.um.edu.mo\/pt-pt\/wp-json\/wp\/v2\/posts\/347455","targetHints":{"allow":["GET"]}}],"collection":[{"href":"https:\/\/www.um.edu.mo\/pt-pt\/wp-json\/wp\/v2\/posts"}],"about":[{"href":"https:\/\/www.um.edu.mo\/pt-pt\/wp-json\/wp\/v2\/types\/post"}],"author":[{"embeddable":true,"href":"https:\/\/www.um.edu.mo\/pt-pt\/wp-json\/wp\/v2\/users\/1"}],"replies":[{"embeddable":true,"href":"https:\/\/www.um.edu.mo\/pt-pt\/wp-json\/wp\/v2\/comments?post=347455"}],"version-history":[{"count":2,"href":"https:\/\/www.um.edu.mo\/pt-pt\/wp-json\/wp\/v2\/posts\/347455\/revisions"}],"predecessor-version":[{"id":347469,"href":"https:\/\/www.um.edu.mo\/pt-pt\/wp-json\/wp\/v2\/posts\/347455\/revisions\/347469"}],"wp:featuredmedia":[{"embeddable":true,"href":"https:\/\/www.um.edu.mo\/pt-pt\/wp-json\/wp\/v2\/media\/347470"}],"wp:attachment":[{"href":"https:\/\/www.um.edu.mo\/pt-pt\/wp-json\/wp\/v2\/media?parent=347455"}],"wp:term":[{"taxonomy":"category","embeddable":true,"href":"https:\/\/www.um.edu.mo\/pt-pt\/wp-json\/wp\/v2\/categories?post=347455"},{"taxonomy":"post_tag","embeddable":true,"href":"https:\/\/www.um.edu.mo\/pt-pt\/wp-json\/wp\/v2\/tags?post=347455"}],"curies":[{"name":"wp","href":"https:\/\/api.w.org\/{rel}","templated":true}]}}