{"id":345264,"date":"2024-06-27T17:10:00","date_gmt":"2024-06-27T09:10:00","guid":{"rendered":"https:\/\/www.um.edu.mo\/news-and-press-releases\/press-release\/detail\/58548-2\/"},"modified":"2025-02-20T18:02:44","modified_gmt":"2025-02-20T10:02:44","slug":"58548","status":"publish","type":"post","link":"https:\/\/www.um.edu.mo\/pt-pt\/news-and-press-releases\/press-release\/detail\/58548\/","title":{"rendered":"Reitor da UM participa na reuni\u00e3o anual da AULP no Brasil"},"content":{"rendered":"<div>\r\n<div>Com o intuito de aprofundar o interc\u00e2mbio e a coopera\u00e7\u00e3o com as institui\u00e7\u00f5es de ensino superior dos Pa\u00edses de L\u00edngua Portuguesa (PLP), o Reitor Yonghua Song e o Vice-Reitor Rui Martins da Universidade de Macau (UM) chefiaram uma delega\u00e7\u00e3o ao Rio de Janeiro, Brasil, para participar na 33.\u00aa reuni\u00e3o anual da Associa\u00e7\u00e3o das Universidades de L\u00edngua Portuguesa (AULP). Visitaram tamb\u00e9m universidades e institui\u00e7\u00f5es de ensino de renome e estabeleceram uma s\u00e9rie de projectos de colabora\u00e7\u00e3o.<\/div>\r\n<div>\u00a0<\/div>\r\n<div>A reuni\u00e3o anual da AULP deste ano teve como anfitri\u00e3 a Universidade Federal do Rio de Janeiro (UFRJ) e reuniu representantes e acad\u00e9micos de institui\u00e7\u00f5es membros da AULP dos Pa\u00edses e Regi\u00f5es de L\u00edngua Portuguesa de todo o mundo. Durante a reuni\u00e3o, a UM assinou um memorando de entendimento com a Universidade Federal de Minas Gerais (UFMG) na presen\u00e7a das institui\u00e7\u00f5es membros da AULP. O Reitor Song tamb\u00e9m se encontrou com a Prof.\u00aa Doutora Sandra Almeida, Reitora da UFMG, e o Prof. Doutor Jo\u00e3o Martins, Reitor da Universidade Nacional Timor Lorosa&#8217;e (UNTL). Para al\u00e9m de discutir projectos de colabora\u00e7\u00e3o entre a UM e as universidades dos PLP, o Reitor Song chegou a um consenso com a UFMG e a UNTL, respectivamente, sobre interc\u00e2mbios de estudantes e docentes e projectos de colabora\u00e7\u00e3o em disciplinas-chave.<\/div>\r\n<div>\u00a0<\/div>\r\n<div>Adicionalmente, foi aprovada uma importante resolu\u00e7\u00e3o na reuni\u00e3o do Conselho de Administra\u00e7\u00e3o da AULP, na qual se decidiu que a UM ir\u00e1 acolher a 35.\u00aa reuni\u00e3o anual da AULP. O Vice-Reitor Martins revelou grande satisfa\u00e7\u00e3o com a adop\u00e7\u00e3o da resolu\u00e7\u00e3o. Ele espera convidar representantes de universidades, acad\u00e9micos e peritos do ensino superior dos Pa\u00edses e Regi\u00f5es de L\u00edngua Portuguesa para a reuni\u00e3o anual da AULP na UM em 2026, com vista a refor\u00e7ar o desenvolvimento de uma plataforma internacional de coopera\u00e7\u00e3o e interc\u00e2mbio entre a China e os PLP e promover ainda mais a coopera\u00e7\u00e3o mutuamente vantajosa entre todas universidades envolvidas no dom\u00ednio da educa\u00e7\u00e3o.<\/div>\r\n<div>\u00a0<\/div>\r\n<div>Durante a sua estadia no Rio de Janeiro, a delega\u00e7\u00e3o da UM visitou tamb\u00e9m a UFRJ e assinou um acordo de interc\u00e2mbio de estudantes com o Prof. Doutor Roberto de Andrade Medronho, Reitor da universidade. As duas partes tamb\u00e9m tiverem uma reuni\u00e3o onde exploraram mecanismos para realizar mais interc\u00e2mbios de estudantes e docentes, e refor\u00e7ar a coopera\u00e7\u00e3o em disciplinas-chave e a organiza\u00e7\u00e3o conjunta de semin\u00e1rios entre as universidades.<\/div>\r\n<div>\u00a0<\/div>\r\n<div>Na Pontif\u00edcia Universidade Cat\u00f3lica do Rio de Janeiro, o Reitor Song assinou um acordo de coopera\u00e7\u00e3o com a Prof.\u00aa Doutora Marley Vellasco, Vice-Reitora da universidade. As duas partes alcan\u00e7aram um consenso sobre o lan\u00e7amento de programas de interc\u00e2mbio de estudantes a n\u00edvel universit\u00e1rio e a organiza\u00e7\u00e3o conjunta de actividades de interc\u00e2mbio acad\u00e9mico, tendo acordado igualmente em refor\u00e7ar a coopera\u00e7\u00e3o em v\u00e1rios dom\u00ednios, como a L\u00edngua Portuguesa, o Direito, as Ci\u00eancias Sociais e a Engenharia Inform\u00e1tica.<\/div>\r\n<div>\u00a0<\/div>\r\n<div>A delega\u00e7\u00e3o da UM visitou tamb\u00e9m a Funda\u00e7\u00e3o Getulio Vargas (FGV), um prestigiado grupo de reflex\u00e3o e institui\u00e7\u00e3o de ensino superior no Brasil. Durante a visita, a UM assinou um memorando de entendimento e acordos de interc\u00e2mbio de estudantes com a FGV para expandir a sua coopera\u00e7\u00e3o em investiga\u00e7\u00e3o e educa\u00e7\u00e3o, bem como a sua rede de interc\u00e2mbio de estudantes e docentes no Brasil. As duas partes iniciar\u00e3o programas de interc\u00e2mbio para estudantes de Gest\u00e3o de Empresas e Ci\u00eancias Sociais no ano lectivo de 2024\/2025. Ap\u00f3s a cerim\u00f3nia de outorga, a delega\u00e7\u00e3o reuniu-se com representantes de v\u00e1rias disciplinas da FGV e discutiram amplamente a coopera\u00e7\u00e3o em mat\u00e9ria de investiga\u00e7\u00e3o e ensino nos dom\u00ednios do Direito, da Gest\u00e3o de Empresas e das Ci\u00eancias Sociais, na esperan\u00e7a de potenciarem os pontos fortes de cada parte para constru\u00edrem, em conjunto, uma plataforma de coopera\u00e7\u00e3o de alto n\u00edvel em mat\u00e9ria de investiga\u00e7\u00e3o e ensino.<\/div>\r\n<div>\u00a0<\/div>\r\n<div>A visita da delega\u00e7\u00e3o da UM ao Brasil n\u00e3o s\u00f3 aprofundou a coopera\u00e7\u00e3o da universidade com institui\u00e7\u00f5es de ensino superior dos PLP e permitiu explorar mais oportunidades de interc\u00e2mbios internacionais para estudantes e docentes, como tamb\u00e9m deu um novo impulso aos interc\u00e2mbios e \u00e0 coopera\u00e7\u00e3o no dom\u00ednio da educa\u00e7\u00e3o entre a China e os PLP. A UM ir\u00e1 alavancar plenamente os seus pontos fortes no ensino, investiga\u00e7\u00e3o e internacionaliza\u00e7\u00e3o para continuar a servir como uma importante ponte de liga\u00e7\u00e3o para o interc\u00e2mbio no ensino superior entre a China e os PLP, contribuindo assim para o desenvolvimento do ensino superior.<\/div>\r\n<div>\u00a0<\/div>\r\n<div>A delega\u00e7\u00e3o da UM incluiu tamb\u00e9m o Prof. Doutor Tong Io Cheng, director da Faculdade de Direito; o Prof. Doutor Wang Ruibing, director do Gabinete de Assuntos Globais; o Prof. Doutor Carlos Silvestre, professor da Faculdade de Ci\u00eancias e Tecnologia; e o Prof. Doutor Francisco Leandro, professor associado da Faculdade de Ci\u00eancias Sociais.<\/div>\r\n<\/div>","protected":false},"excerpt":{"rendered":"<p>Com o intuito de aprofundar o interc\u00e2mbio e a coopera\u00e7\u00e3o com as institui\u00e7\u00f5es de ensino superior dos Pa\u00edses de L\u00edngua Portuguesa (PLP), o Reitor Yonghua Song e o Vice-Reitor Rui&#8230;<\/p>\n","protected":false},"author":1,"featured_media":345428,"comment_status":"closed","ping_status":"closed","sticky":false,"template":"","format":"standard","meta":{"_acf_changed":false,"footnotes":""},"categories":[60],"tags":[],"class_list":["post-345264","post","type-post","status-publish","format-standard","has-post-thumbnail","hentry","category-press-release"],"acf":[],"yoast_head":"<!-- This site is optimized with the Yoast SEO plugin v24.5 - https:\/\/yoast.com\/wordpress\/plugins\/seo\/ -->\n<title>Reitor da UM participa na reuni\u00e3o anual da AULP no Brasil | Universidade de Macau<\/title>\n<meta name=\"description\" content=\"Universidade de Macau: Uma universidade abrangente p\u00fablica de n\u00edvel internacional fundada em 1981\" \/>\n<meta name=\"robots\" content=\"index, follow, max-snippet:-1, max-image-preview:large, max-video-preview:-1\" \/>\n<link rel=\"canonical\" href=\"https:\/\/www.um.edu.mo\/pt-pt\/news-and-press-releases\/press-release\/detail\/58548\/\" \/>\n<meta property=\"og:locale\" content=\"pt_PT\" \/>\n<meta property=\"og:type\" content=\"article\" \/>\n<meta property=\"og:title\" content=\"Reitor da UM participa na reuni\u00e3o anual da AULP no Brasil | Universidade de Macau\" \/>\n<meta property=\"og:description\" content=\"Universidade de Macau: Uma universidade abrangente p\u00fablica de n\u00edvel internacional fundada em 1981\" \/>\n<meta property=\"og:url\" content=\"https:\/\/www.um.edu.mo\/pt-pt\/news-and-press-releases\/press-release\/detail\/58548\/\" \/>\n<meta property=\"og:site_name\" content=\"Universidade de Macau\" \/>\n<meta property=\"article:publisher\" content=\"https:\/\/www.facebook.com\/universityofmacau\" \/>\n<meta property=\"article:published_time\" content=\"2024-06-27T09:10:00+00:00\" \/>\n<meta property=\"article:modified_time\" content=\"2025-02-20T10:02:44+00:00\" \/>\n<meta name=\"author\" content=\"web_admin\" \/>\n<meta name=\"twitter:card\" content=\"summary_large_image\" \/>\n<meta name=\"twitter:creator\" content=\"@UM_1981\" \/>\n<meta name=\"twitter:site\" content=\"@UM_1981\" \/>\n<meta name=\"twitter:label1\" content=\"Escrito por\" \/>\n\t<meta name=\"twitter:data1\" content=\"web_admin\" \/>\n\t<meta name=\"twitter:label2\" content=\"Tempo estimado de leitura\" \/>\n\t<meta name=\"twitter:data2\" content=\"4 minutos\" \/>\n<script type=\"application\/ld+json\" class=\"yoast-schema-graph\">{\"@context\":\"https:\/\/schema.org\",\"@graph\":[{\"@type\":\"Article\",\"@id\":\"https:\/\/www.um.edu.mo\/pt-pt\/news-and-press-releases\/press-release\/detail\/58548\/#article\",\"isPartOf\":{\"@id\":\"https:\/\/www.um.edu.mo\/pt-pt\/news-and-press-releases\/press-release\/detail\/58548\/\"},\"author\":{\"name\":\"web_admin\",\"@id\":\"https:\/\/www.um.edu.mo\/pt-pt\/#\/schema\/person\/bfdcd3a75d1b778a93663e5dee2e33bb\"},\"headline\":\"Reitor da UM participa na reuni\u00e3o anual da AULP no Brasil\",\"datePublished\":\"2024-06-27T09:10:00+00:00\",\"dateModified\":\"2025-02-20T10:02:44+00:00\",\"mainEntityOfPage\":{\"@id\":\"https:\/\/www.um.edu.mo\/pt-pt\/news-and-press-releases\/press-release\/detail\/58548\/\"},\"wordCount\":887,\"publisher\":{\"@id\":\"https:\/\/www.um.edu.mo\/pt-pt\/#organization\"},\"image\":{\"@id\":\"https:\/\/www.um.edu.mo\/pt-pt\/news-and-press-releases\/press-release\/detail\/58548\/#primaryimage\"},\"thumbnailUrl\":\"https:\/\/www.um.edu.mo\/wp-content\/uploads\/2024\/06\/345264-1-scaled.jpg\",\"articleSection\":[\"Comunicado de Imprensa\"],\"inLanguage\":\"pt-PT\"},{\"@type\":\"WebPage\",\"@id\":\"https:\/\/www.um.edu.mo\/pt-pt\/news-and-press-releases\/press-release\/detail\/58548\/\",\"url\":\"https:\/\/www.um.edu.mo\/pt-pt\/news-and-press-releases\/press-release\/detail\/58548\/\",\"name\":\"Reitor da UM participa na reuni\u00e3o anual da AULP no Brasil | Universidade de Macau\",\"isPartOf\":{\"@id\":\"https:\/\/www.um.edu.mo\/pt-pt\/#website\"},\"primaryImageOfPage\":{\"@id\":\"https:\/\/www.um.edu.mo\/pt-pt\/news-and-press-releases\/press-release\/detail\/58548\/#primaryimage\"},\"image\":{\"@id\":\"https:\/\/www.um.edu.mo\/pt-pt\/news-and-press-releases\/press-release\/detail\/58548\/#primaryimage\"},\"thumbnailUrl\":\"https:\/\/www.um.edu.mo\/wp-content\/uploads\/2024\/06\/345264-1-scaled.jpg\",\"datePublished\":\"2024-06-27T09:10:00+00:00\",\"dateModified\":\"2025-02-20T10:02:44+00:00\",\"description\":\"Universidade de Macau: Uma universidade abrangente p\u00fablica de n\u00edvel internacional fundada em 1981\",\"breadcrumb\":{\"@id\":\"https:\/\/www.um.edu.mo\/pt-pt\/news-and-press-releases\/press-release\/detail\/58548\/#breadcrumb\"},\"inLanguage\":\"pt-PT\",\"potentialAction\":[{\"@type\":\"ReadAction\",\"target\":[\"https:\/\/www.um.edu.mo\/pt-pt\/news-and-press-releases\/press-release\/detail\/58548\/\"]}]},{\"@type\":\"ImageObject\",\"inLanguage\":\"pt-PT\",\"@id\":\"https:\/\/www.um.edu.mo\/pt-pt\/news-and-press-releases\/press-release\/detail\/58548\/#primaryimage\",\"url\":\"https:\/\/www.um.edu.mo\/wp-content\/uploads\/2024\/06\/345264-1-scaled.jpg\",\"contentUrl\":\"https:\/\/www.um.edu.mo\/wp-content\/uploads\/2024\/06\/345264-1-scaled.jpg\",\"width\":2560,\"height\":1920},{\"@type\":\"BreadcrumbList\",\"@id\":\"https:\/\/www.um.edu.mo\/pt-pt\/news-and-press-releases\/press-release\/detail\/58548\/#breadcrumb\",\"itemListElement\":[{\"@type\":\"ListItem\",\"position\":1,\"name\":\"P\u00e1gina inicial\",\"item\":\"https:\/\/www.um.edu.mo\/pt-pt\/\"},{\"@type\":\"ListItem\",\"position\":2,\"name\":\"Not\u00edcias e Comunicados de Imprensa\",\"item\":\"https:\/\/www.um.edu.mo\/pt-pt\/category\/news-and-press-releases\/\"},{\"@type\":\"ListItem\",\"position\":3,\"name\":\"Comunicado de Imprensa\",\"item\":\"https:\/\/www.um.edu.mo\/pt-pt\/category\/news-and-press-releases\/press-release\/\"},{\"@type\":\"ListItem\",\"position\":4,\"name\":\"Reitor da UM participa na reuni\u00e3o anual da AULP no Brasil\"}]},{\"@type\":\"WebSite\",\"@id\":\"https:\/\/www.um.edu.mo\/pt-pt\/#website\",\"url\":\"https:\/\/www.um.edu.mo\/pt-pt\/\",\"name\":\"Universidade de Macau\",\"description\":\"\",\"publisher\":{\"@id\":\"https:\/\/www.um.edu.mo\/pt-pt\/#organization\"},\"potentialAction\":[{\"@type\":\"SearchAction\",\"target\":{\"@type\":\"EntryPoint\",\"urlTemplate\":\"https:\/\/www.um.edu.mo\/pt-pt\/?s={search_term_string}\"},\"query-input\":{\"@type\":\"PropertyValueSpecification\",\"valueRequired\":true,\"valueName\":\"search_term_string\"}}],\"inLanguage\":\"pt-PT\"},{\"@type\":\"Organization\",\"@id\":\"https:\/\/www.um.edu.mo\/pt-pt\/#organization\",\"name\":\"University of Macau\",\"url\":\"https:\/\/www.um.edu.mo\/pt-pt\/\",\"logo\":{\"@type\":\"ImageObject\",\"inLanguage\":\"pt-PT\",\"@id\":\"https:\/\/www.um.edu.mo\/pt-pt\/#\/schema\/logo\/image\/\",\"url\":\"https:\/\/www.um.edu.mo\/wp-content\/uploads\/2020\/09\/UM-Logo_V-Black.png\",\"contentUrl\":\"https:\/\/www.um.edu.mo\/wp-content\/uploads\/2020\/09\/UM-Logo_V-Black.png\",\"width\":3508,\"height\":2785,\"caption\":\"University of Macau\"},\"image\":{\"@id\":\"https:\/\/www.um.edu.mo\/pt-pt\/#\/schema\/logo\/image\/\"},\"sameAs\":[\"https:\/\/www.facebook.com\/universityofmacau\",\"https:\/\/x.com\/UM_1981\"]},{\"@type\":\"Person\",\"@id\":\"https:\/\/www.um.edu.mo\/pt-pt\/#\/schema\/person\/bfdcd3a75d1b778a93663e5dee2e33bb\",\"name\":\"web_admin\",\"image\":{\"@type\":\"ImageObject\",\"inLanguage\":\"pt-PT\",\"@id\":\"https:\/\/www.um.edu.mo\/pt-pt\/#\/schema\/person\/image\/\",\"url\":\"https:\/\/secure.gravatar.com\/avatar\/e230ccd9ba8eb5ce94ecf306e4a35399?s=96&d=mm&r=g\",\"contentUrl\":\"https:\/\/secure.gravatar.com\/avatar\/e230ccd9ba8eb5ce94ecf306e4a35399?s=96&d=mm&r=g\",\"caption\":\"web_admin\"}}]}<\/script>\n<!-- \/ Yoast SEO plugin. -->","yoast_head_json":{"title":"Reitor da UM participa na reuni\u00e3o anual da AULP no Brasil | Universidade de Macau","description":"Universidade de Macau: Uma universidade abrangente p\u00fablica de n\u00edvel internacional fundada em 1981","robots":{"index":"index","follow":"follow","max-snippet":"max-snippet:-1","max-image-preview":"max-image-preview:large","max-video-preview":"max-video-preview:-1"},"canonical":"https:\/\/www.um.edu.mo\/pt-pt\/news-and-press-releases\/press-release\/detail\/58548\/","og_locale":"pt_PT","og_type":"article","og_title":"Reitor da UM participa na reuni\u00e3o anual da AULP no Brasil | Universidade de Macau","og_description":"Universidade de Macau: Uma universidade abrangente p\u00fablica de n\u00edvel internacional fundada em 1981","og_url":"https:\/\/www.um.edu.mo\/pt-pt\/news-and-press-releases\/press-release\/detail\/58548\/","og_site_name":"Universidade de Macau","article_publisher":"https:\/\/www.facebook.com\/universityofmacau","article_published_time":"2024-06-27T09:10:00+00:00","article_modified_time":"2025-02-20T10:02:44+00:00","author":"web_admin","twitter_card":"summary_large_image","twitter_creator":"@UM_1981","twitter_site":"@UM_1981","twitter_misc":{"Escrito por":"web_admin","Tempo estimado de leitura":"4 minutos"},"schema":{"@context":"https:\/\/schema.org","@graph":[{"@type":"Article","@id":"https:\/\/www.um.edu.mo\/pt-pt\/news-and-press-releases\/press-release\/detail\/58548\/#article","isPartOf":{"@id":"https:\/\/www.um.edu.mo\/pt-pt\/news-and-press-releases\/press-release\/detail\/58548\/"},"author":{"name":"web_admin","@id":"https:\/\/www.um.edu.mo\/pt-pt\/#\/schema\/person\/bfdcd3a75d1b778a93663e5dee2e33bb"},"headline":"Reitor da UM participa na reuni\u00e3o anual da AULP no Brasil","datePublished":"2024-06-27T09:10:00+00:00","dateModified":"2025-02-20T10:02:44+00:00","mainEntityOfPage":{"@id":"https:\/\/www.um.edu.mo\/pt-pt\/news-and-press-releases\/press-release\/detail\/58548\/"},"wordCount":887,"publisher":{"@id":"https:\/\/www.um.edu.mo\/pt-pt\/#organization"},"image":{"@id":"https:\/\/www.um.edu.mo\/pt-pt\/news-and-press-releases\/press-release\/detail\/58548\/#primaryimage"},"thumbnailUrl":"https:\/\/www.um.edu.mo\/wp-content\/uploads\/2024\/06\/345264-1-scaled.jpg","articleSection":["Comunicado de Imprensa"],"inLanguage":"pt-PT"},{"@type":"WebPage","@id":"https:\/\/www.um.edu.mo\/pt-pt\/news-and-press-releases\/press-release\/detail\/58548\/","url":"https:\/\/www.um.edu.mo\/pt-pt\/news-and-press-releases\/press-release\/detail\/58548\/","name":"Reitor da UM participa na reuni\u00e3o anual da AULP no Brasil | Universidade de Macau","isPartOf":{"@id":"https:\/\/www.um.edu.mo\/pt-pt\/#website"},"primaryImageOfPage":{"@id":"https:\/\/www.um.edu.mo\/pt-pt\/news-and-press-releases\/press-release\/detail\/58548\/#primaryimage"},"image":{"@id":"https:\/\/www.um.edu.mo\/pt-pt\/news-and-press-releases\/press-release\/detail\/58548\/#primaryimage"},"thumbnailUrl":"https:\/\/www.um.edu.mo\/wp-content\/uploads\/2024\/06\/345264-1-scaled.jpg","datePublished":"2024-06-27T09:10:00+00:00","dateModified":"2025-02-20T10:02:44+00:00","description":"Universidade de Macau: Uma universidade abrangente p\u00fablica de n\u00edvel internacional fundada em 1981","breadcrumb":{"@id":"https:\/\/www.um.edu.mo\/pt-pt\/news-and-press-releases\/press-release\/detail\/58548\/#breadcrumb"},"inLanguage":"pt-PT","potentialAction":[{"@type":"ReadAction","target":["https:\/\/www.um.edu.mo\/pt-pt\/news-and-press-releases\/press-release\/detail\/58548\/"]}]},{"@type":"ImageObject","inLanguage":"pt-PT","@id":"https:\/\/www.um.edu.mo\/pt-pt\/news-and-press-releases\/press-release\/detail\/58548\/#primaryimage","url":"https:\/\/www.um.edu.mo\/wp-content\/uploads\/2024\/06\/345264-1-scaled.jpg","contentUrl":"https:\/\/www.um.edu.mo\/wp-content\/uploads\/2024\/06\/345264-1-scaled.jpg","width":2560,"height":1920},{"@type":"BreadcrumbList","@id":"https:\/\/www.um.edu.mo\/pt-pt\/news-and-press-releases\/press-release\/detail\/58548\/#breadcrumb","itemListElement":[{"@type":"ListItem","position":1,"name":"P\u00e1gina inicial","item":"https:\/\/www.um.edu.mo\/pt-pt\/"},{"@type":"ListItem","position":2,"name":"Not\u00edcias e Comunicados de Imprensa","item":"https:\/\/www.um.edu.mo\/pt-pt\/category\/news-and-press-releases\/"},{"@type":"ListItem","position":3,"name":"Comunicado de Imprensa","item":"https:\/\/www.um.edu.mo\/pt-pt\/category\/news-and-press-releases\/press-release\/"},{"@type":"ListItem","position":4,"name":"Reitor da UM participa na reuni\u00e3o anual da AULP no Brasil"}]},{"@type":"WebSite","@id":"https:\/\/www.um.edu.mo\/pt-pt\/#website","url":"https:\/\/www.um.edu.mo\/pt-pt\/","name":"Universidade de Macau","description":"","publisher":{"@id":"https:\/\/www.um.edu.mo\/pt-pt\/#organization"},"potentialAction":[{"@type":"SearchAction","target":{"@type":"EntryPoint","urlTemplate":"https:\/\/www.um.edu.mo\/pt-pt\/?s={search_term_string}"},"query-input":{"@type":"PropertyValueSpecification","valueRequired":true,"valueName":"search_term_string"}}],"inLanguage":"pt-PT"},{"@type":"Organization","@id":"https:\/\/www.um.edu.mo\/pt-pt\/#organization","name":"University of Macau","url":"https:\/\/www.um.edu.mo\/pt-pt\/","logo":{"@type":"ImageObject","inLanguage":"pt-PT","@id":"https:\/\/www.um.edu.mo\/pt-pt\/#\/schema\/logo\/image\/","url":"https:\/\/www.um.edu.mo\/wp-content\/uploads\/2020\/09\/UM-Logo_V-Black.png","contentUrl":"https:\/\/www.um.edu.mo\/wp-content\/uploads\/2020\/09\/UM-Logo_V-Black.png","width":3508,"height":2785,"caption":"University of Macau"},"image":{"@id":"https:\/\/www.um.edu.mo\/pt-pt\/#\/schema\/logo\/image\/"},"sameAs":["https:\/\/www.facebook.com\/universityofmacau","https:\/\/x.com\/UM_1981"]},{"@type":"Person","@id":"https:\/\/www.um.edu.mo\/pt-pt\/#\/schema\/person\/bfdcd3a75d1b778a93663e5dee2e33bb","name":"web_admin","image":{"@type":"ImageObject","inLanguage":"pt-PT","@id":"https:\/\/www.um.edu.mo\/pt-pt\/#\/schema\/person\/image\/","url":"https:\/\/secure.gravatar.com\/avatar\/e230ccd9ba8eb5ce94ecf306e4a35399?s=96&d=mm&r=g","contentUrl":"https:\/\/secure.gravatar.com\/avatar\/e230ccd9ba8eb5ce94ecf306e4a35399?s=96&d=mm&r=g","caption":"web_admin"}}]}},"_links":{"self":[{"href":"https:\/\/www.um.edu.mo\/pt-pt\/wp-json\/wp\/v2\/posts\/345264","targetHints":{"allow":["GET"]}}],"collection":[{"href":"https:\/\/www.um.edu.mo\/pt-pt\/wp-json\/wp\/v2\/posts"}],"about":[{"href":"https:\/\/www.um.edu.mo\/pt-pt\/wp-json\/wp\/v2\/types\/post"}],"author":[{"embeddable":true,"href":"https:\/\/www.um.edu.mo\/pt-pt\/wp-json\/wp\/v2\/users\/1"}],"replies":[{"embeddable":true,"href":"https:\/\/www.um.edu.mo\/pt-pt\/wp-json\/wp\/v2\/comments?post=345264"}],"version-history":[{"count":2,"href":"https:\/\/www.um.edu.mo\/pt-pt\/wp-json\/wp\/v2\/posts\/345264\/revisions"}],"predecessor-version":[{"id":372400,"href":"https:\/\/www.um.edu.mo\/pt-pt\/wp-json\/wp\/v2\/posts\/345264\/revisions\/372400"}],"wp:featuredmedia":[{"embeddable":true,"href":"https:\/\/www.um.edu.mo\/pt-pt\/wp-json\/wp\/v2\/media\/345428"}],"wp:attachment":[{"href":"https:\/\/www.um.edu.mo\/pt-pt\/wp-json\/wp\/v2\/media?parent=345264"}],"wp:term":[{"taxonomy":"category","embeddable":true,"href":"https:\/\/www.um.edu.mo\/pt-pt\/wp-json\/wp\/v2\/categories?post=345264"},{"taxonomy":"post_tag","embeddable":true,"href":"https:\/\/www.um.edu.mo\/pt-pt\/wp-json\/wp\/v2\/tags?post=345264"}],"curies":[{"name":"wp","href":"https:\/\/api.w.org\/{rel}","templated":true}]}}