{"id":339504,"date":"2024-05-03T16:40:26","date_gmt":"2024-05-03T08:40:26","guid":{"rendered":"https:\/\/www.um.edu.mo\/news-and-press-releases\/press-release\/detail\/58264-2\/"},"modified":"2024-05-09T11:32:27","modified_gmt":"2024-05-09T03:32:27","slug":"58264","status":"publish","type":"post","link":"https:\/\/www.um.edu.mo\/pt-pt\/news-and-press-releases\/press-release\/detail\/58264\/","title":{"rendered":"Professor da UM nomeado editor associado de tr\u00eas prestigiadas revistas de eletr\u00f3nica de pot\u00eancia"},"content":{"rendered":"\n                        \n                        <p>Lam Chi\nSeng, associate professor in the State Key Laboratory of Analog and\nMixed-Signal VLSI, the Institute of Microelectronics, and the Department of\nElectrical and Computer Engineering of the Faculty of Science and Technology at\nthe University of Macau (UM), has been appointed associate editor of <i>IEEE Transactions on Power Electronics<\/i>\nand <i>IEEE Journal of Emerging and Selected\nTopics in Power Electronics<\/i>. Along with his current role of associate\neditor of <i>IEEE Transactions on Industrial\nElectronics<\/i>, Prof Lam now serves as an associate editor of three\nprestigious journals in the field of power electronics. These three journals\nare among the top three international journals in the field and are all SCI Q1\njournals. In addition, Prof Lam is the first scholar in Macao to be appointed\nto such positions.<\/p>\n\n<p>After a rigorous review by the editorial board of the\nInstitute of Electrical and Electronics Engineers (IEEE) Power Electronics\nSociety (PELS), Prof Lam was appointed associate editor of <i>IEEE Transactions on Power Electronics<\/i> and <i>IEEE Journal of Emerging and Selected Topics in Power Electronics<\/i>.\nBoth are peer-reviewed journals published by the IEEE Power Electronics\nSociety. They aim to promote the development and innovation of power\nelectronics in the areas of electrical appliances, commercial environment,\nenergy efficiency, power systems, portable devices, industrial environment, and\ntransportation and logistics, as well as the exploration of new power\nelectronics applications within emerging and selected topics.<\/p>\n\n<p>Born\nand raised in Macao, Prof Lam is an outstanding power electronics scholar\ntrained at UM. He is also a student of Prof Han Yingduo, an academician of the\nChinese Academy of Engineering. Supported by the Science and Technology\nDevelopment Fund (FDCT) of the Macao SAR and UM, Prof Lam\u2019s research focuses on\nthe integration of power electronics and microelectronics technologies, as well\nas the efficient conversion and energy-saving aspects of power electronics,\nincluding power electronic converters, integrated circuits for power\nmanagement, wireless power transfer, power quality compensation and\nenergy-saving devices, and photovoltaic power generation systems. To date, Prof\nLam has co-authored or edited four international monographs, published nearly\n200 journal and conference papers, and holds 11 patents for his inventions in\nthe US and China.<\/p>\n\n<p>Prof\nLam was awarded the IEEE Power and Energy Society (PES) Chapter Outstanding Engineer Award\nin 2016, a gold medal at the 48th International Exhibition of Inventions\nof Geneva in 2023, and a second prize and a third prize of the Macao Science\nand Technology Invention Award in 2018 and 2014 respectively. He was also\nincluded in the list of the world\u2019s top 2 per cent scientists by Stanford\nUniversity for three consecutive years since 2020. Prof Lam is currently chair\nof the IEEE Macau Industrial Electronics Society (IES) Chapter, chair of the\nIEEE Young Professionals of Circuits and Systems Society (YP CASS), and\nsecretary of the IEEE IES Power Electronics Technical Committee.<\/p><div><table><tbody><tr style=\"height: 21px\"><td colspan=\"2\" style=\"vertical-align: top;height: 21px;width: 344.641px\">Source: Institute of Microelectronics<\/td><\/tr><tr style=\"height: 21px\"><td style=\"vertical-align: top;height: 21px;width: 194.125px;min-width: 120px\"><\/td><td style=\"vertical-align: top;height: 21px;width: 150.516px\"><\/td><\/tr><tr style=\"height: 21px\"><td colspan=\"2\" style=\"vertical-align: top;height: 21px;width: 344.641px\">Media Contact Information:<\/td><\/tr><tr style=\"height: 21px\"><td colspan=\"2\" style=\"vertical-align: top;height: 12px;width: 344.641px\">Communications Office, University of Macau<\/td><\/tr><tr style=\"height: 21px\"><td style=\"vertical-align: top;height: 21px;width: 194.125px;min-width: 120px\"><\/td><td style=\"vertical-align: top;height: 21px;width: 150.516px\"><\/td><\/tr><tr style=\"height: 21px\"><td style=\"vertical-align: top;height: 21px;width: 194.125px;min-width: 120px\">Albee Lei<\/td><td style=\"vertical-align: top;height: 21px;width: 150.516px\">Tel: (853) 8822 8004<\/td><\/tr><tr style=\"height: 21px\"><td style=\"vertical-align: top;height: 21px;width: 194.125px;min-width: 120px\">Bell Leong<\/td><td style=\"vertical-align: top;height: 21px;width: 150.516px\">Tel: (853) 8822 8009<\/td><\/tr><tr style=\"height: 21px\"><td style=\"vertical-align: top;height: 21px;width: 194.125px;min-width: 120px\">Email:<\/td><td style=\"vertical-align: top;height: 21px;width: 150.516px\"><a style=\"font-size: small;font-family: Tahoma, Verdana, sans-serif\" href=\"mailto:prs.media@um.edu.mo\">prs.media@um.edu.mo<\/a><\/td><\/tr><tr style=\"height: 21px\"><td style=\"vertical-align: top;height: 21px;width: 194.125px;min-width: 120px\"><\/td><td style=\"vertical-align: top;height: 21px;width: 150.516px\"><\/td><\/tr><tr style=\"height: 21px\"><td style=\"vertical-align: top;height: 21px;width: 194.125px;min-width: 120px\"><\/td><td style=\"vertical-align: top;height: 21px;width: 150.516px\"><\/td><\/tr><\/tbody><\/table><\/div>\n                        \n                        ","protected":false},"excerpt":{"rendered":"<p>Lam Chi Seng, associate professor in the State Key Laboratory of Analog and Mixed-Signal VLSI, the Institute of Microelectronics, and the Department of Electrical and Computer Engineering of the Faculty&#8230;<\/p>\n","protected":false},"author":1,"featured_media":339830,"comment_status":"closed","ping_status":"closed","sticky":false,"template":"","format":"standard","meta":{"_acf_changed":false,"footnotes":""},"categories":[60],"tags":[],"class_list":["post-339504","post","type-post","status-publish","format-standard","has-post-thumbnail","hentry","category-press-release"],"acf":[],"yoast_head":"<!-- This site is optimized with the Yoast SEO plugin v24.5 - https:\/\/yoast.com\/wordpress\/plugins\/seo\/ -->\n<title>Professor da UM nomeado editor associado de tr\u00eas prestigiadas revistas de eletr\u00f3nica de pot\u00eancia | Universidade de Macau<\/title>\n<meta name=\"description\" content=\"Universidade de Macau: Uma universidade abrangente p\u00fablica de n\u00edvel internacional fundada em 1981\" \/>\n<meta name=\"robots\" content=\"index, follow, max-snippet:-1, max-image-preview:large, max-video-preview:-1\" \/>\n<link rel=\"canonical\" href=\"https:\/\/www.um.edu.mo\/pt-pt\/news-and-press-releases\/press-release\/detail\/58264\/\" \/>\n<meta property=\"og:locale\" content=\"pt_PT\" \/>\n<meta property=\"og:type\" content=\"article\" \/>\n<meta property=\"og:title\" content=\"Professor da UM nomeado editor associado de tr\u00eas prestigiadas revistas de eletr\u00f3nica de pot\u00eancia | Universidade de Macau\" \/>\n<meta property=\"og:description\" content=\"Universidade de Macau: Uma universidade abrangente p\u00fablica de n\u00edvel internacional fundada em 1981\" \/>\n<meta property=\"og:url\" content=\"https:\/\/www.um.edu.mo\/pt-pt\/news-and-press-releases\/press-release\/detail\/58264\/\" \/>\n<meta property=\"og:site_name\" content=\"Universidade de Macau\" \/>\n<meta property=\"article:publisher\" content=\"https:\/\/www.facebook.com\/universityofmacau\" \/>\n<meta property=\"article:published_time\" content=\"2024-05-03T08:40:26+00:00\" \/>\n<meta property=\"article:modified_time\" content=\"2024-05-09T03:32:27+00:00\" \/>\n<meta property=\"og:image\" content=\"https:\/\/www.um.edu.mo\/wp-content\/uploads\/2024\/05\/339504-1.jpg\" \/>\n\t<meta property=\"og:image:width\" content=\"1748\" \/>\n\t<meta property=\"og:image:height\" content=\"1295\" \/>\n\t<meta property=\"og:image:type\" content=\"image\/jpeg\" \/>\n<meta name=\"author\" content=\"web_admin\" \/>\n<meta name=\"twitter:card\" content=\"summary_large_image\" \/>\n<meta name=\"twitter:creator\" content=\"@UM_1981\" \/>\n<meta name=\"twitter:site\" content=\"@UM_1981\" \/>\n<meta name=\"twitter:label1\" content=\"Escrito por\" \/>\n\t<meta name=\"twitter:data1\" content=\"web_admin\" \/>\n\t<meta name=\"twitter:label2\" content=\"Tempo estimado de leitura\" \/>\n\t<meta name=\"twitter:data2\" content=\"2 minutos\" \/>\n<script type=\"application\/ld+json\" class=\"yoast-schema-graph\">{\"@context\":\"https:\/\/schema.org\",\"@graph\":[{\"@type\":\"Article\",\"@id\":\"https:\/\/www.um.edu.mo\/pt-pt\/news-and-press-releases\/press-release\/detail\/58264\/#article\",\"isPartOf\":{\"@id\":\"https:\/\/www.um.edu.mo\/pt-pt\/news-and-press-releases\/press-release\/detail\/58264\/\"},\"author\":{\"name\":\"web_admin\",\"@id\":\"https:\/\/www.um.edu.mo\/pt-pt\/#\/schema\/person\/bfdcd3a75d1b778a93663e5dee2e33bb\"},\"headline\":\"Professor da UM nomeado editor associado de tr\u00eas prestigiadas revistas de eletr\u00f3nica de pot\u00eancia\",\"datePublished\":\"2024-05-03T08:40:26+00:00\",\"dateModified\":\"2024-05-09T03:32:27+00:00\",\"mainEntityOfPage\":{\"@id\":\"https:\/\/www.um.edu.mo\/pt-pt\/news-and-press-releases\/press-release\/detail\/58264\/\"},\"wordCount\":504,\"publisher\":{\"@id\":\"https:\/\/www.um.edu.mo\/pt-pt\/#organization\"},\"image\":{\"@id\":\"https:\/\/www.um.edu.mo\/pt-pt\/news-and-press-releases\/press-release\/detail\/58264\/#primaryimage\"},\"thumbnailUrl\":\"https:\/\/www.um.edu.mo\/wp-content\/uploads\/2024\/05\/339504-1.jpg\",\"articleSection\":[\"Comunicado de Imprensa\"],\"inLanguage\":\"pt-PT\"},{\"@type\":\"WebPage\",\"@id\":\"https:\/\/www.um.edu.mo\/pt-pt\/news-and-press-releases\/press-release\/detail\/58264\/\",\"url\":\"https:\/\/www.um.edu.mo\/pt-pt\/news-and-press-releases\/press-release\/detail\/58264\/\",\"name\":\"Professor da UM nomeado editor associado de tr\u00eas prestigiadas revistas de eletr\u00f3nica de pot\u00eancia | Universidade de Macau\",\"isPartOf\":{\"@id\":\"https:\/\/www.um.edu.mo\/pt-pt\/#website\"},\"primaryImageOfPage\":{\"@id\":\"https:\/\/www.um.edu.mo\/pt-pt\/news-and-press-releases\/press-release\/detail\/58264\/#primaryimage\"},\"image\":{\"@id\":\"https:\/\/www.um.edu.mo\/pt-pt\/news-and-press-releases\/press-release\/detail\/58264\/#primaryimage\"},\"thumbnailUrl\":\"https:\/\/www.um.edu.mo\/wp-content\/uploads\/2024\/05\/339504-1.jpg\",\"datePublished\":\"2024-05-03T08:40:26+00:00\",\"dateModified\":\"2024-05-09T03:32:27+00:00\",\"description\":\"Universidade de Macau: Uma universidade abrangente p\u00fablica de n\u00edvel internacional fundada em 1981\",\"breadcrumb\":{\"@id\":\"https:\/\/www.um.edu.mo\/pt-pt\/news-and-press-releases\/press-release\/detail\/58264\/#breadcrumb\"},\"inLanguage\":\"pt-PT\",\"potentialAction\":[{\"@type\":\"ReadAction\",\"target\":[\"https:\/\/www.um.edu.mo\/pt-pt\/news-and-press-releases\/press-release\/detail\/58264\/\"]}]},{\"@type\":\"ImageObject\",\"inLanguage\":\"pt-PT\",\"@id\":\"https:\/\/www.um.edu.mo\/pt-pt\/news-and-press-releases\/press-release\/detail\/58264\/#primaryimage\",\"url\":\"https:\/\/www.um.edu.mo\/wp-content\/uploads\/2024\/05\/339504-1.jpg\",\"contentUrl\":\"https:\/\/www.um.edu.mo\/wp-content\/uploads\/2024\/05\/339504-1.jpg\",\"width\":1748,\"height\":1295},{\"@type\":\"BreadcrumbList\",\"@id\":\"https:\/\/www.um.edu.mo\/pt-pt\/news-and-press-releases\/press-release\/detail\/58264\/#breadcrumb\",\"itemListElement\":[{\"@type\":\"ListItem\",\"position\":1,\"name\":\"P\u00e1gina inicial\",\"item\":\"https:\/\/www.um.edu.mo\/pt-pt\/\"},{\"@type\":\"ListItem\",\"position\":2,\"name\":\"Not\u00edcias e Comunicados de Imprensa\",\"item\":\"https:\/\/www.um.edu.mo\/pt-pt\/category\/news-and-press-releases\/\"},{\"@type\":\"ListItem\",\"position\":3,\"name\":\"Comunicado de Imprensa\",\"item\":\"https:\/\/www.um.edu.mo\/pt-pt\/category\/news-and-press-releases\/press-release\/\"},{\"@type\":\"ListItem\",\"position\":4,\"name\":\"Professor da UM nomeado editor associado de tr\u00eas prestigiadas revistas de eletr\u00f3nica de pot\u00eancia\"}]},{\"@type\":\"WebSite\",\"@id\":\"https:\/\/www.um.edu.mo\/pt-pt\/#website\",\"url\":\"https:\/\/www.um.edu.mo\/pt-pt\/\",\"name\":\"Universidade de Macau\",\"description\":\"\",\"publisher\":{\"@id\":\"https:\/\/www.um.edu.mo\/pt-pt\/#organization\"},\"potentialAction\":[{\"@type\":\"SearchAction\",\"target\":{\"@type\":\"EntryPoint\",\"urlTemplate\":\"https:\/\/www.um.edu.mo\/pt-pt\/?s={search_term_string}\"},\"query-input\":{\"@type\":\"PropertyValueSpecification\",\"valueRequired\":true,\"valueName\":\"search_term_string\"}}],\"inLanguage\":\"pt-PT\"},{\"@type\":\"Organization\",\"@id\":\"https:\/\/www.um.edu.mo\/pt-pt\/#organization\",\"name\":\"University of Macau\",\"url\":\"https:\/\/www.um.edu.mo\/pt-pt\/\",\"logo\":{\"@type\":\"ImageObject\",\"inLanguage\":\"pt-PT\",\"@id\":\"https:\/\/www.um.edu.mo\/pt-pt\/#\/schema\/logo\/image\/\",\"url\":\"https:\/\/www.um.edu.mo\/wp-content\/uploads\/2020\/09\/UM-Logo_V-Black.png\",\"contentUrl\":\"https:\/\/www.um.edu.mo\/wp-content\/uploads\/2020\/09\/UM-Logo_V-Black.png\",\"width\":3508,\"height\":2785,\"caption\":\"University of Macau\"},\"image\":{\"@id\":\"https:\/\/www.um.edu.mo\/pt-pt\/#\/schema\/logo\/image\/\"},\"sameAs\":[\"https:\/\/www.facebook.com\/universityofmacau\",\"https:\/\/x.com\/UM_1981\"]},{\"@type\":\"Person\",\"@id\":\"https:\/\/www.um.edu.mo\/pt-pt\/#\/schema\/person\/bfdcd3a75d1b778a93663e5dee2e33bb\",\"name\":\"web_admin\",\"image\":{\"@type\":\"ImageObject\",\"inLanguage\":\"pt-PT\",\"@id\":\"https:\/\/www.um.edu.mo\/pt-pt\/#\/schema\/person\/image\/\",\"url\":\"https:\/\/secure.gravatar.com\/avatar\/e230ccd9ba8eb5ce94ecf306e4a35399?s=96&d=mm&r=g\",\"contentUrl\":\"https:\/\/secure.gravatar.com\/avatar\/e230ccd9ba8eb5ce94ecf306e4a35399?s=96&d=mm&r=g\",\"caption\":\"web_admin\"}}]}<\/script>\n<!-- \/ Yoast SEO plugin. -->","yoast_head_json":{"title":"Professor da UM nomeado editor associado de tr\u00eas prestigiadas revistas de eletr\u00f3nica de pot\u00eancia | Universidade de Macau","description":"Universidade de Macau: Uma universidade abrangente p\u00fablica de n\u00edvel internacional fundada em 1981","robots":{"index":"index","follow":"follow","max-snippet":"max-snippet:-1","max-image-preview":"max-image-preview:large","max-video-preview":"max-video-preview:-1"},"canonical":"https:\/\/www.um.edu.mo\/pt-pt\/news-and-press-releases\/press-release\/detail\/58264\/","og_locale":"pt_PT","og_type":"article","og_title":"Professor da UM nomeado editor associado de tr\u00eas prestigiadas revistas de eletr\u00f3nica de pot\u00eancia | Universidade de Macau","og_description":"Universidade de Macau: Uma universidade abrangente p\u00fablica de n\u00edvel internacional fundada em 1981","og_url":"https:\/\/www.um.edu.mo\/pt-pt\/news-and-press-releases\/press-release\/detail\/58264\/","og_site_name":"Universidade de Macau","article_publisher":"https:\/\/www.facebook.com\/universityofmacau","article_published_time":"2024-05-03T08:40:26+00:00","article_modified_time":"2024-05-09T03:32:27+00:00","og_image":[{"width":1748,"height":1295,"url":"https:\/\/www.um.edu.mo\/wp-content\/uploads\/2024\/05\/339504-1.jpg","type":"image\/jpeg"}],"author":"web_admin","twitter_card":"summary_large_image","twitter_creator":"@UM_1981","twitter_site":"@UM_1981","twitter_misc":{"Escrito por":"web_admin","Tempo estimado de leitura":"2 minutos"},"schema":{"@context":"https:\/\/schema.org","@graph":[{"@type":"Article","@id":"https:\/\/www.um.edu.mo\/pt-pt\/news-and-press-releases\/press-release\/detail\/58264\/#article","isPartOf":{"@id":"https:\/\/www.um.edu.mo\/pt-pt\/news-and-press-releases\/press-release\/detail\/58264\/"},"author":{"name":"web_admin","@id":"https:\/\/www.um.edu.mo\/pt-pt\/#\/schema\/person\/bfdcd3a75d1b778a93663e5dee2e33bb"},"headline":"Professor da UM nomeado editor associado de tr\u00eas prestigiadas revistas de eletr\u00f3nica de pot\u00eancia","datePublished":"2024-05-03T08:40:26+00:00","dateModified":"2024-05-09T03:32:27+00:00","mainEntityOfPage":{"@id":"https:\/\/www.um.edu.mo\/pt-pt\/news-and-press-releases\/press-release\/detail\/58264\/"},"wordCount":504,"publisher":{"@id":"https:\/\/www.um.edu.mo\/pt-pt\/#organization"},"image":{"@id":"https:\/\/www.um.edu.mo\/pt-pt\/news-and-press-releases\/press-release\/detail\/58264\/#primaryimage"},"thumbnailUrl":"https:\/\/www.um.edu.mo\/wp-content\/uploads\/2024\/05\/339504-1.jpg","articleSection":["Comunicado de Imprensa"],"inLanguage":"pt-PT"},{"@type":"WebPage","@id":"https:\/\/www.um.edu.mo\/pt-pt\/news-and-press-releases\/press-release\/detail\/58264\/","url":"https:\/\/www.um.edu.mo\/pt-pt\/news-and-press-releases\/press-release\/detail\/58264\/","name":"Professor da UM nomeado editor associado de tr\u00eas prestigiadas revistas de eletr\u00f3nica de pot\u00eancia | Universidade de Macau","isPartOf":{"@id":"https:\/\/www.um.edu.mo\/pt-pt\/#website"},"primaryImageOfPage":{"@id":"https:\/\/www.um.edu.mo\/pt-pt\/news-and-press-releases\/press-release\/detail\/58264\/#primaryimage"},"image":{"@id":"https:\/\/www.um.edu.mo\/pt-pt\/news-and-press-releases\/press-release\/detail\/58264\/#primaryimage"},"thumbnailUrl":"https:\/\/www.um.edu.mo\/wp-content\/uploads\/2024\/05\/339504-1.jpg","datePublished":"2024-05-03T08:40:26+00:00","dateModified":"2024-05-09T03:32:27+00:00","description":"Universidade de Macau: Uma universidade abrangente p\u00fablica de n\u00edvel internacional fundada em 1981","breadcrumb":{"@id":"https:\/\/www.um.edu.mo\/pt-pt\/news-and-press-releases\/press-release\/detail\/58264\/#breadcrumb"},"inLanguage":"pt-PT","potentialAction":[{"@type":"ReadAction","target":["https:\/\/www.um.edu.mo\/pt-pt\/news-and-press-releases\/press-release\/detail\/58264\/"]}]},{"@type":"ImageObject","inLanguage":"pt-PT","@id":"https:\/\/www.um.edu.mo\/pt-pt\/news-and-press-releases\/press-release\/detail\/58264\/#primaryimage","url":"https:\/\/www.um.edu.mo\/wp-content\/uploads\/2024\/05\/339504-1.jpg","contentUrl":"https:\/\/www.um.edu.mo\/wp-content\/uploads\/2024\/05\/339504-1.jpg","width":1748,"height":1295},{"@type":"BreadcrumbList","@id":"https:\/\/www.um.edu.mo\/pt-pt\/news-and-press-releases\/press-release\/detail\/58264\/#breadcrumb","itemListElement":[{"@type":"ListItem","position":1,"name":"P\u00e1gina inicial","item":"https:\/\/www.um.edu.mo\/pt-pt\/"},{"@type":"ListItem","position":2,"name":"Not\u00edcias e Comunicados de Imprensa","item":"https:\/\/www.um.edu.mo\/pt-pt\/category\/news-and-press-releases\/"},{"@type":"ListItem","position":3,"name":"Comunicado de Imprensa","item":"https:\/\/www.um.edu.mo\/pt-pt\/category\/news-and-press-releases\/press-release\/"},{"@type":"ListItem","position":4,"name":"Professor da UM nomeado editor associado de tr\u00eas prestigiadas revistas de eletr\u00f3nica de pot\u00eancia"}]},{"@type":"WebSite","@id":"https:\/\/www.um.edu.mo\/pt-pt\/#website","url":"https:\/\/www.um.edu.mo\/pt-pt\/","name":"Universidade de Macau","description":"","publisher":{"@id":"https:\/\/www.um.edu.mo\/pt-pt\/#organization"},"potentialAction":[{"@type":"SearchAction","target":{"@type":"EntryPoint","urlTemplate":"https:\/\/www.um.edu.mo\/pt-pt\/?s={search_term_string}"},"query-input":{"@type":"PropertyValueSpecification","valueRequired":true,"valueName":"search_term_string"}}],"inLanguage":"pt-PT"},{"@type":"Organization","@id":"https:\/\/www.um.edu.mo\/pt-pt\/#organization","name":"University of Macau","url":"https:\/\/www.um.edu.mo\/pt-pt\/","logo":{"@type":"ImageObject","inLanguage":"pt-PT","@id":"https:\/\/www.um.edu.mo\/pt-pt\/#\/schema\/logo\/image\/","url":"https:\/\/www.um.edu.mo\/wp-content\/uploads\/2020\/09\/UM-Logo_V-Black.png","contentUrl":"https:\/\/www.um.edu.mo\/wp-content\/uploads\/2020\/09\/UM-Logo_V-Black.png","width":3508,"height":2785,"caption":"University of Macau"},"image":{"@id":"https:\/\/www.um.edu.mo\/pt-pt\/#\/schema\/logo\/image\/"},"sameAs":["https:\/\/www.facebook.com\/universityofmacau","https:\/\/x.com\/UM_1981"]},{"@type":"Person","@id":"https:\/\/www.um.edu.mo\/pt-pt\/#\/schema\/person\/bfdcd3a75d1b778a93663e5dee2e33bb","name":"web_admin","image":{"@type":"ImageObject","inLanguage":"pt-PT","@id":"https:\/\/www.um.edu.mo\/pt-pt\/#\/schema\/person\/image\/","url":"https:\/\/secure.gravatar.com\/avatar\/e230ccd9ba8eb5ce94ecf306e4a35399?s=96&d=mm&r=g","contentUrl":"https:\/\/secure.gravatar.com\/avatar\/e230ccd9ba8eb5ce94ecf306e4a35399?s=96&d=mm&r=g","caption":"web_admin"}}]}},"_links":{"self":[{"href":"https:\/\/www.um.edu.mo\/pt-pt\/wp-json\/wp\/v2\/posts\/339504","targetHints":{"allow":["GET"]}}],"collection":[{"href":"https:\/\/www.um.edu.mo\/pt-pt\/wp-json\/wp\/v2\/posts"}],"about":[{"href":"https:\/\/www.um.edu.mo\/pt-pt\/wp-json\/wp\/v2\/types\/post"}],"author":[{"embeddable":true,"href":"https:\/\/www.um.edu.mo\/pt-pt\/wp-json\/wp\/v2\/users\/1"}],"replies":[{"embeddable":true,"href":"https:\/\/www.um.edu.mo\/pt-pt\/wp-json\/wp\/v2\/comments?post=339504"}],"version-history":[{"count":1,"href":"https:\/\/www.um.edu.mo\/pt-pt\/wp-json\/wp\/v2\/posts\/339504\/revisions"}],"predecessor-version":[{"id":339829,"href":"https:\/\/www.um.edu.mo\/pt-pt\/wp-json\/wp\/v2\/posts\/339504\/revisions\/339829"}],"wp:featuredmedia":[{"embeddable":true,"href":"https:\/\/www.um.edu.mo\/pt-pt\/wp-json\/wp\/v2\/media\/339830"}],"wp:attachment":[{"href":"https:\/\/www.um.edu.mo\/pt-pt\/wp-json\/wp\/v2\/media?parent=339504"}],"wp:term":[{"taxonomy":"category","embeddable":true,"href":"https:\/\/www.um.edu.mo\/pt-pt\/wp-json\/wp\/v2\/categories?post=339504"},{"taxonomy":"post_tag","embeddable":true,"href":"https:\/\/www.um.edu.mo\/pt-pt\/wp-json\/wp\/v2\/tags?post=339504"}],"curies":[{"name":"wp","href":"https:\/\/api.w.org\/{rel}","templated":true}]}}