{"id":323459,"date":"2023-12-01T18:28:42","date_gmt":"2023-12-01T10:28:42","guid":{"rendered":"https:\/\/www.um.edu.mo\/news-and-press-releases\/press-release\/detail\/57274-2\/"},"modified":"2024-04-08T15:57:00","modified_gmt":"2024-04-08T07:57:00","slug":"57274","status":"publish","type":"post","link":"https:\/\/www.um.edu.mo\/pt-pt\/news-and-press-releases\/press-release\/detail\/57274\/","title":{"rendered":"A UM e a Comiss\u00e3o das Na\u00e7\u00f5es Unidas realizam a confer\u00eancia conjunta do 10\u00ba anivers\u00e1rio para debater o passado, o presente e o futuro da harmoniza\u00e7\u00e3o do direito comercial internacional e os esfor\u00e7os da CNUDCI"},"content":{"rendered":"<p>No dia 2 de decembro de 2022, a Faculdade de Direito da Universidade de Macau (UM) e o Centro Regional da Comiss\u00e3o das Na\u00e7\u00f5es Unidas para o Direito Comercial Internacional Centro Regional para a \u00c1sia e o Pac\u00edfico (RCAP da CNUDCI) realizaram a confer\u00eancia do 10\u00ba anivers\u00e1rio intitulada \u201cHarmoniza\u00e7\u00e3o Nacional e Regional do Direito Comercial Internacional: Uma D\u00e9cada em Retrospetiva e os Desideratos do Futuro\u201d para discutir os desenvolvimentos marcantes na harmoniza\u00e7\u00e3o do direito comercial internacional na \u00faltima d\u00e9cada e as necessidades do futuro, especialmente \u00e0 luz das experi\u00eancias nacionais e regionais.<\/p>\r\n<p>Este \u00e9 o 10\u00ba ano das confer\u00eancias conjuntas co-organizadas pela Faculdade de Direito da Universidade de Macau e pela RCAP da CNUDCI. Desde 2014, as duas institui\u00e7\u00f5es realizaram com sucesso nove confer\u00eancias internacionais de alto n\u00edvel e um simp\u00f3sio jur\u00eddico internacional. Durante o evento, especialistas e acad\u00e9micos de diferentes pa\u00edses e regi\u00f5es, incluindo Austr\u00e1lia, Hong Kong, It\u00e1lia, Macau, Rep\u00fablica Popular da China, Portugal, Coreia do Sul, Su\u00e9cia e EUA, abordaram quest\u00f5es jur\u00eddicas e de harmoniza\u00e7\u00e3o no com\u00e9rcio internacional. O discurso de abertura da confer\u00eancia do 10\u00ba anivers\u00e1rio foi proferido por Zhao Hong, professor de Direito da Universidade de Pequim e ex-presidente do \u00d3rg\u00e3o de Recurso da Organiza\u00e7\u00e3o Mundial do Com\u00e9rcio (OMC). As delibera\u00e7\u00f5es da confer\u00eancia abrangeram v\u00e1rios t\u00f3picos contempor\u00e2neos na harmoniza\u00e7\u00e3o de leis, incluindo propriedade de dados e contratos de dados, governa\u00e7\u00e3o global de dados e China, agenda da CNUDCI sobre resolu\u00e7\u00e3o alternativa de lit\u00edgios, medidas provis\u00f3rias ordenadas pelo tribunal e os seus impactos regionais na promo\u00e7\u00e3o de sedes arbitrais, apoio judicial \u00e0 arbitragem comercial na \u00e1rea da Grande Ba\u00eda, determina\u00e7\u00e3o da credibilidade nas audi\u00eancias de arbitragem em linha e a import\u00e2ncia da inquiri\u00e7\u00e3o de testemunhas presenciais, resolu\u00e7\u00e3o consensual de lit\u00edgios em mat\u00e9ria de concorr\u00eancia na China e arbitrabilidade, arbitragem de Macau na nova era e o seu estado atual e reformas, trabalho da CNUDCI na promo\u00e7\u00e3o das MPME e da igualdade de g\u00e9nero no acesso \u00e0s empresas, A CNUDCI e a harmoniza\u00e7\u00e3o das normas jur\u00eddicas, as regras de arbitragem expedita da CNUDCI, as reformas do ISDS e os lit\u00edgios em mat\u00e9ria de energias renov\u00e1veis, a viragem ontol\u00f3gica nas vendas judiciais de navios, os modos concorrentes ou complementares da Conven\u00e7\u00e3o de Arbitragem de Nova Iorque e da Conven\u00e7\u00e3o de Haia para a resolu\u00e7\u00e3o de lit\u00edgios transfronteiri\u00e7os, o desenvolvimento da resolu\u00e7\u00e3o de lit\u00edgios em mat\u00e9ria de investimento no \u00e2mbito da BRI, a cria\u00e7\u00e3o de um regime de resolu\u00e7\u00e3o de lit\u00edgios em mat\u00e9ria de investimento no \u00e2mbito da \u00c1rea da Grande Ba\u00eda, a CISG e os contratos inteligentes, os contratos aut\u00f3nomos e o efeito da intelig\u00eancia artificial na produ\u00e7\u00e3o de contratos inteligentes, a intelig\u00eancia artificial e a regulamenta\u00e7\u00e3o e a unifica\u00e7\u00e3o e harmoniza\u00e7\u00e3o internacional e regional da legisla\u00e7\u00e3o relativa \u00e0s parcerias p\u00fablico-privadas.<\/p>\r\n<p>A confer\u00eancia deste ano tem como objetivo fazer um balan\u00e7o da evolu\u00e7\u00e3o da harmoniza\u00e7\u00e3o jur\u00eddica na \u00faltima d\u00e9cada e avaliar as necessidades futuras em v\u00e1rios dom\u00ednios do trabalho da CNUDCI em mat\u00e9ria de direito comercial. A revis\u00e3o das necessidades passadas e futuras da harmoniza\u00e7\u00e3o jur\u00eddica do direito comercial foi avaliada principalmente \u00e0 luz das experi\u00eancias nacionais e regionais, bem como da sua ado\u00e7\u00e3o de normas jur\u00eddicas harmonizadas. Espera-se que a ampla revis\u00e3o das quest\u00f5es cr\u00edticas enfrentadas pela harmoniza\u00e7\u00e3o jur\u00eddica no com\u00e9rcio internacional e nas iniciativas internacionais abra caminho para o desenvolvimento de medidas de resposta relevantes no futuro por parte dos governos nacionais e da CNUDCI para abordar eficazmente quaisquer barreiras enfrentadas pela ado\u00e7\u00e3o e desenvolvimento de normas jur\u00eddicas harmonizadas que regem o com\u00e9rcio internacional.<\/p>\r\n<p>Entre os convidados presentes na cerim\u00f3nia de abertura encontravam-se Athita Komindr; chefe do RCAP da CNUDCI; Zhao Hong, Professor do Direito da Universidade de Pequim e antigo Presidente do \u00d3rg\u00e3o de Recurso da Organiza\u00e7\u00e3o Mundial do Com\u00e9rcio (OMC), Rosita Vong Sok Hei, secret\u00e1ria geral do Centro de Com\u00e9rcio Mundial de Macau, Fan Mingchao, vice-presidente executivo da Comiss\u00e3o de Arbitragem de Xangai (China); Brad Wang, vice-secret\u00e1rio geral, CIETAC Centro de Arbitragem de Hong Kong; Rostam J Neuwirth, diretor do Departamento de Estudos Jur\u00eddicos Globais da FLL, Chefe do Dept. dos Assuntos do Direito Internacional e Direito Inter-Regional Ng In Cheong, Oriana In\u00e1cio Pun, Secret\u00e1rio-Geral da Associa\u00e7\u00e3o dos Advogados de Macau, e Muruga Perumal Ramaswamy, professor associado na FLL. A confer\u00eancia foi apoiada pelo World Trade Center Macau Arbitration Center e pela Comiss\u00e3o de Arbitram de Xangai.<\/p>\r\n<table style=\"max-width: 100%; border-collapse: collapse; border-spacing: 0px; margin: 0px 0px 40px; font-size: 16px; text-align: justify; line-height: 1.9; width: 419.797px; height: 264px;\">\r\n<tbody>\r\n<tr>\r\n<td style=\"vertical-align: top; height: 21px; width: 413.797px;\" colspan=\"2\">\u00a0<\/td>\r\n<\/tr>\r\n<tr>\r\n<td style=\"vertical-align: top; height: 21px; width: 188.812px; min-width: 120px;\">\u00a0<\/td>\r\n<td style=\"vertical-align: top; height: 21px; width: 220.984px;\">\u00a0<\/td>\r\n<\/tr>\r\n<tr>\r\n<td style=\"vertical-align: top; height: 21px; width: 413.797px;\" colspan=\"2\">\u00a0<\/td>\r\n<\/tr>\r\n<tr>\r\n<td style=\"vertical-align: top; height: 12px; width: 413.797px;\" colspan=\"2\">\u00a0<\/td>\r\n<\/tr>\r\n<tr>\r\n<td style=\"vertical-align: top; height: 21px; width: 188.812px; min-width: 120px;\">\u00a0<\/td>\r\n<td style=\"vertical-align: top; height: 21px; width: 220.984px;\">\u00a0<\/td>\r\n<\/tr>\r\n<tr>\r\n<td style=\"vertical-align: top; height: 21px; width: 188.812px; min-width: 120px;\">\u00a0<\/td>\r\n<td style=\"vertical-align: top; height: 21px; width: 220.984px;\">\u00a0<\/td>\r\n<\/tr>\r\n<tr>\r\n<td style=\"vertical-align: top; height: 21px; width: 188.812px; min-width: 120px;\">\u00a0<\/td>\r\n<td style=\"vertical-align: top; height: 21px; width: 220.984px;\">\u00a0<\/td>\r\n<\/tr>\r\n<tr>\r\n<td style=\"vertical-align: top; height: 21px; width: 188.812px; min-width: 120px;\">\u00a0<\/td>\r\n<td style=\"vertical-align: top; height: 21px; width: 220.984px;\">\u00a0<\/td>\r\n<\/tr>\r\n<tr>\r\n<td style=\"vertical-align: top; height: 21px; width: 188.812px; min-width: 120px;\">\u00a0<\/td>\r\n<td style=\"vertical-align: top; height: 21px; width: 220.984px;\">\u00a0<\/td>\r\n<\/tr>\r\n<\/tbody>\r\n<\/table>","protected":false},"excerpt":{"rendered":"<p>No dia 2 de decembro de 2022, a Faculdade de Direito da Universidade de Macau (UM) e o Centro Regional da Comiss\u00e3o das Na\u00e7\u00f5es Unidas para o Direito Comercial Internacional&#8230;<\/p>\n","protected":false},"author":1,"featured_media":323460,"comment_status":"closed","ping_status":"closed","sticky":false,"template":"","format":"standard","meta":{"_acf_changed":false,"footnotes":""},"categories":[60],"tags":[],"class_list":["post-323459","post","type-post","status-publish","format-standard","has-post-thumbnail","hentry","category-press-release"],"acf":[],"yoast_head":"<!-- This site is optimized with the Yoast SEO plugin v24.5 - https:\/\/yoast.com\/wordpress\/plugins\/seo\/ -->\n<title>A UM e a Comiss\u00e3o das Na\u00e7\u00f5es Unidas realizam a confer\u00eancia conjunta do 10\u00ba anivers\u00e1rio para debater o passado, o presente e o futuro da harmoniza\u00e7\u00e3o do direito comercial internacional e os esfor\u00e7os da CNUDCI | Universidade de Macau<\/title>\n<meta name=\"description\" content=\"Universidade de Macau: Uma universidade abrangente p\u00fablica de n\u00edvel internacional fundada em 1981\" \/>\n<meta name=\"robots\" content=\"index, follow, max-snippet:-1, max-image-preview:large, max-video-preview:-1\" \/>\n<link rel=\"canonical\" href=\"https:\/\/www.um.edu.mo\/pt-pt\/news-and-press-releases\/press-release\/detail\/57274\/\" \/>\n<meta property=\"og:locale\" content=\"pt_PT\" \/>\n<meta property=\"og:type\" content=\"article\" \/>\n<meta property=\"og:title\" content=\"A UM e a Comiss\u00e3o das Na\u00e7\u00f5es Unidas realizam a confer\u00eancia conjunta do 10\u00ba anivers\u00e1rio para debater o passado, o presente e o futuro da harmoniza\u00e7\u00e3o do direito comercial internacional e os esfor\u00e7os da CNUDCI | Universidade de Macau\" \/>\n<meta property=\"og:description\" content=\"Universidade de Macau: Uma universidade abrangente p\u00fablica de n\u00edvel internacional fundada em 1981\" \/>\n<meta property=\"og:url\" content=\"https:\/\/www.um.edu.mo\/pt-pt\/news-and-press-releases\/press-release\/detail\/57274\/\" \/>\n<meta property=\"og:site_name\" content=\"Universidade de Macau\" \/>\n<meta property=\"article:publisher\" content=\"https:\/\/www.facebook.com\/universityofmacau\" \/>\n<meta property=\"article:published_time\" content=\"2023-12-01T10:28:42+00:00\" \/>\n<meta property=\"article:modified_time\" content=\"2024-04-08T07:57:00+00:00\" \/>\n<meta property=\"og:image\" content=\"https:\/\/www.um.edu.mo\/wp-content\/uploads\/2023\/12\/323459-1-scaled.jpg\" \/>\n\t<meta property=\"og:image:width\" content=\"2560\" \/>\n\t<meta property=\"og:image:height\" content=\"1707\" \/>\n\t<meta property=\"og:image:type\" content=\"image\/jpeg\" \/>\n<meta name=\"author\" content=\"web_admin\" \/>\n<meta name=\"twitter:card\" content=\"summary_large_image\" \/>\n<meta name=\"twitter:creator\" content=\"@UM_1981\" \/>\n<meta name=\"twitter:site\" content=\"@UM_1981\" \/>\n<meta name=\"twitter:label1\" content=\"Escrito por\" \/>\n\t<meta name=\"twitter:data1\" content=\"web_admin\" \/>\n\t<meta name=\"twitter:label2\" content=\"Tempo estimado de leitura\" \/>\n\t<meta name=\"twitter:data2\" content=\"4 minutos\" \/>\n<script type=\"application\/ld+json\" class=\"yoast-schema-graph\">{\"@context\":\"https:\/\/schema.org\",\"@graph\":[{\"@type\":\"Article\",\"@id\":\"https:\/\/www.um.edu.mo\/pt-pt\/news-and-press-releases\/press-release\/detail\/57274\/#article\",\"isPartOf\":{\"@id\":\"https:\/\/www.um.edu.mo\/pt-pt\/news-and-press-releases\/press-release\/detail\/57274\/\"},\"author\":{\"name\":\"web_admin\",\"@id\":\"https:\/\/www.um.edu.mo\/pt-pt\/#\/schema\/person\/bfdcd3a75d1b778a93663e5dee2e33bb\"},\"headline\":\"A UM e a Comiss\u00e3o das Na\u00e7\u00f5es Unidas realizam a confer\u00eancia conjunta do 10\u00ba anivers\u00e1rio para debater o passado, o presente e o futuro da harmoniza\u00e7\u00e3o do direito comercial internacional e os esfor\u00e7os da CNUDCI\",\"datePublished\":\"2023-12-01T10:28:42+00:00\",\"dateModified\":\"2024-04-08T07:57:00+00:00\",\"mainEntityOfPage\":{\"@id\":\"https:\/\/www.um.edu.mo\/pt-pt\/news-and-press-releases\/press-release\/detail\/57274\/\"},\"wordCount\":862,\"publisher\":{\"@id\":\"https:\/\/www.um.edu.mo\/pt-pt\/#organization\"},\"image\":{\"@id\":\"https:\/\/www.um.edu.mo\/pt-pt\/news-and-press-releases\/press-release\/detail\/57274\/#primaryimage\"},\"thumbnailUrl\":\"https:\/\/www.um.edu.mo\/wp-content\/uploads\/2023\/12\/323459-1-scaled.jpg\",\"articleSection\":[\"Comunicado de Imprensa\"],\"inLanguage\":\"pt-PT\"},{\"@type\":\"WebPage\",\"@id\":\"https:\/\/www.um.edu.mo\/pt-pt\/news-and-press-releases\/press-release\/detail\/57274\/\",\"url\":\"https:\/\/www.um.edu.mo\/pt-pt\/news-and-press-releases\/press-release\/detail\/57274\/\",\"name\":\"A UM e a Comiss\u00e3o das Na\u00e7\u00f5es Unidas realizam a confer\u00eancia conjunta do 10\u00ba anivers\u00e1rio para debater o passado, o presente e o futuro da harmoniza\u00e7\u00e3o do direito comercial internacional e os esfor\u00e7os da CNUDCI | Universidade de Macau\",\"isPartOf\":{\"@id\":\"https:\/\/www.um.edu.mo\/pt-pt\/#website\"},\"primaryImageOfPage\":{\"@id\":\"https:\/\/www.um.edu.mo\/pt-pt\/news-and-press-releases\/press-release\/detail\/57274\/#primaryimage\"},\"image\":{\"@id\":\"https:\/\/www.um.edu.mo\/pt-pt\/news-and-press-releases\/press-release\/detail\/57274\/#primaryimage\"},\"thumbnailUrl\":\"https:\/\/www.um.edu.mo\/wp-content\/uploads\/2023\/12\/323459-1-scaled.jpg\",\"datePublished\":\"2023-12-01T10:28:42+00:00\",\"dateModified\":\"2024-04-08T07:57:00+00:00\",\"description\":\"Universidade de Macau: Uma universidade abrangente p\u00fablica de n\u00edvel internacional fundada em 1981\",\"breadcrumb\":{\"@id\":\"https:\/\/www.um.edu.mo\/pt-pt\/news-and-press-releases\/press-release\/detail\/57274\/#breadcrumb\"},\"inLanguage\":\"pt-PT\",\"potentialAction\":[{\"@type\":\"ReadAction\",\"target\":[\"https:\/\/www.um.edu.mo\/pt-pt\/news-and-press-releases\/press-release\/detail\/57274\/\"]}]},{\"@type\":\"ImageObject\",\"inLanguage\":\"pt-PT\",\"@id\":\"https:\/\/www.um.edu.mo\/pt-pt\/news-and-press-releases\/press-release\/detail\/57274\/#primaryimage\",\"url\":\"https:\/\/www.um.edu.mo\/wp-content\/uploads\/2023\/12\/323459-1-scaled.jpg\",\"contentUrl\":\"https:\/\/www.um.edu.mo\/wp-content\/uploads\/2023\/12\/323459-1-scaled.jpg\",\"width\":2560,\"height\":1707},{\"@type\":\"BreadcrumbList\",\"@id\":\"https:\/\/www.um.edu.mo\/pt-pt\/news-and-press-releases\/press-release\/detail\/57274\/#breadcrumb\",\"itemListElement\":[{\"@type\":\"ListItem\",\"position\":1,\"name\":\"P\u00e1gina inicial\",\"item\":\"https:\/\/www.um.edu.mo\/pt-pt\/\"},{\"@type\":\"ListItem\",\"position\":2,\"name\":\"Not\u00edcias e Comunicados de Imprensa\",\"item\":\"https:\/\/www.um.edu.mo\/pt-pt\/category\/news-and-press-releases\/\"},{\"@type\":\"ListItem\",\"position\":3,\"name\":\"Comunicado de Imprensa\",\"item\":\"https:\/\/www.um.edu.mo\/pt-pt\/category\/news-and-press-releases\/press-release\/\"},{\"@type\":\"ListItem\",\"position\":4,\"name\":\"A UM e a Comiss\u00e3o das Na\u00e7\u00f5es Unidas realizam a confer\u00eancia conjunta do 10\u00ba anivers\u00e1rio para debater o passado, o presente e o futuro da harmoniza\u00e7\u00e3o do direito comercial internacional e os esfor\u00e7os da CNUDCI\"}]},{\"@type\":\"WebSite\",\"@id\":\"https:\/\/www.um.edu.mo\/pt-pt\/#website\",\"url\":\"https:\/\/www.um.edu.mo\/pt-pt\/\",\"name\":\"Universidade de Macau\",\"description\":\"\",\"publisher\":{\"@id\":\"https:\/\/www.um.edu.mo\/pt-pt\/#organization\"},\"potentialAction\":[{\"@type\":\"SearchAction\",\"target\":{\"@type\":\"EntryPoint\",\"urlTemplate\":\"https:\/\/www.um.edu.mo\/pt-pt\/?s={search_term_string}\"},\"query-input\":{\"@type\":\"PropertyValueSpecification\",\"valueRequired\":true,\"valueName\":\"search_term_string\"}}],\"inLanguage\":\"pt-PT\"},{\"@type\":\"Organization\",\"@id\":\"https:\/\/www.um.edu.mo\/pt-pt\/#organization\",\"name\":\"University of Macau\",\"url\":\"https:\/\/www.um.edu.mo\/pt-pt\/\",\"logo\":{\"@type\":\"ImageObject\",\"inLanguage\":\"pt-PT\",\"@id\":\"https:\/\/www.um.edu.mo\/pt-pt\/#\/schema\/logo\/image\/\",\"url\":\"https:\/\/www.um.edu.mo\/wp-content\/uploads\/2020\/09\/UM-Logo_V-Black.png\",\"contentUrl\":\"https:\/\/www.um.edu.mo\/wp-content\/uploads\/2020\/09\/UM-Logo_V-Black.png\",\"width\":3508,\"height\":2785,\"caption\":\"University of Macau\"},\"image\":{\"@id\":\"https:\/\/www.um.edu.mo\/pt-pt\/#\/schema\/logo\/image\/\"},\"sameAs\":[\"https:\/\/www.facebook.com\/universityofmacau\",\"https:\/\/x.com\/UM_1981\"]},{\"@type\":\"Person\",\"@id\":\"https:\/\/www.um.edu.mo\/pt-pt\/#\/schema\/person\/bfdcd3a75d1b778a93663e5dee2e33bb\",\"name\":\"web_admin\",\"image\":{\"@type\":\"ImageObject\",\"inLanguage\":\"pt-PT\",\"@id\":\"https:\/\/www.um.edu.mo\/pt-pt\/#\/schema\/person\/image\/\",\"url\":\"https:\/\/secure.gravatar.com\/avatar\/e230ccd9ba8eb5ce94ecf306e4a35399?s=96&d=mm&r=g\",\"contentUrl\":\"https:\/\/secure.gravatar.com\/avatar\/e230ccd9ba8eb5ce94ecf306e4a35399?s=96&d=mm&r=g\",\"caption\":\"web_admin\"}}]}<\/script>\n<!-- \/ Yoast SEO plugin. -->","yoast_head_json":{"title":"A UM e a Comiss\u00e3o das Na\u00e7\u00f5es Unidas realizam a confer\u00eancia conjunta do 10\u00ba anivers\u00e1rio para debater o passado, o presente e o futuro da harmoniza\u00e7\u00e3o do direito comercial internacional e os esfor\u00e7os da CNUDCI | Universidade de Macau","description":"Universidade de Macau: Uma universidade abrangente p\u00fablica de n\u00edvel internacional fundada em 1981","robots":{"index":"index","follow":"follow","max-snippet":"max-snippet:-1","max-image-preview":"max-image-preview:large","max-video-preview":"max-video-preview:-1"},"canonical":"https:\/\/www.um.edu.mo\/pt-pt\/news-and-press-releases\/press-release\/detail\/57274\/","og_locale":"pt_PT","og_type":"article","og_title":"A UM e a Comiss\u00e3o das Na\u00e7\u00f5es Unidas realizam a confer\u00eancia conjunta do 10\u00ba anivers\u00e1rio para debater o passado, o presente e o futuro da harmoniza\u00e7\u00e3o do direito comercial internacional e os esfor\u00e7os da CNUDCI | Universidade de Macau","og_description":"Universidade de Macau: Uma universidade abrangente p\u00fablica de n\u00edvel internacional fundada em 1981","og_url":"https:\/\/www.um.edu.mo\/pt-pt\/news-and-press-releases\/press-release\/detail\/57274\/","og_site_name":"Universidade de Macau","article_publisher":"https:\/\/www.facebook.com\/universityofmacau","article_published_time":"2023-12-01T10:28:42+00:00","article_modified_time":"2024-04-08T07:57:00+00:00","og_image":[{"width":2560,"height":1707,"url":"https:\/\/www.um.edu.mo\/wp-content\/uploads\/2023\/12\/323459-1-scaled.jpg","type":"image\/jpeg"}],"author":"web_admin","twitter_card":"summary_large_image","twitter_creator":"@UM_1981","twitter_site":"@UM_1981","twitter_misc":{"Escrito por":"web_admin","Tempo estimado de leitura":"4 minutos"},"schema":{"@context":"https:\/\/schema.org","@graph":[{"@type":"Article","@id":"https:\/\/www.um.edu.mo\/pt-pt\/news-and-press-releases\/press-release\/detail\/57274\/#article","isPartOf":{"@id":"https:\/\/www.um.edu.mo\/pt-pt\/news-and-press-releases\/press-release\/detail\/57274\/"},"author":{"name":"web_admin","@id":"https:\/\/www.um.edu.mo\/pt-pt\/#\/schema\/person\/bfdcd3a75d1b778a93663e5dee2e33bb"},"headline":"A UM e a Comiss\u00e3o das Na\u00e7\u00f5es Unidas realizam a confer\u00eancia conjunta do 10\u00ba anivers\u00e1rio para debater o passado, o presente e o futuro da harmoniza\u00e7\u00e3o do direito comercial internacional e os esfor\u00e7os da CNUDCI","datePublished":"2023-12-01T10:28:42+00:00","dateModified":"2024-04-08T07:57:00+00:00","mainEntityOfPage":{"@id":"https:\/\/www.um.edu.mo\/pt-pt\/news-and-press-releases\/press-release\/detail\/57274\/"},"wordCount":862,"publisher":{"@id":"https:\/\/www.um.edu.mo\/pt-pt\/#organization"},"image":{"@id":"https:\/\/www.um.edu.mo\/pt-pt\/news-and-press-releases\/press-release\/detail\/57274\/#primaryimage"},"thumbnailUrl":"https:\/\/www.um.edu.mo\/wp-content\/uploads\/2023\/12\/323459-1-scaled.jpg","articleSection":["Comunicado de Imprensa"],"inLanguage":"pt-PT"},{"@type":"WebPage","@id":"https:\/\/www.um.edu.mo\/pt-pt\/news-and-press-releases\/press-release\/detail\/57274\/","url":"https:\/\/www.um.edu.mo\/pt-pt\/news-and-press-releases\/press-release\/detail\/57274\/","name":"A UM e a Comiss\u00e3o das Na\u00e7\u00f5es Unidas realizam a confer\u00eancia conjunta do 10\u00ba anivers\u00e1rio para debater o passado, o presente e o futuro da harmoniza\u00e7\u00e3o do direito comercial internacional e os esfor\u00e7os da CNUDCI | Universidade de Macau","isPartOf":{"@id":"https:\/\/www.um.edu.mo\/pt-pt\/#website"},"primaryImageOfPage":{"@id":"https:\/\/www.um.edu.mo\/pt-pt\/news-and-press-releases\/press-release\/detail\/57274\/#primaryimage"},"image":{"@id":"https:\/\/www.um.edu.mo\/pt-pt\/news-and-press-releases\/press-release\/detail\/57274\/#primaryimage"},"thumbnailUrl":"https:\/\/www.um.edu.mo\/wp-content\/uploads\/2023\/12\/323459-1-scaled.jpg","datePublished":"2023-12-01T10:28:42+00:00","dateModified":"2024-04-08T07:57:00+00:00","description":"Universidade de Macau: Uma universidade abrangente p\u00fablica de n\u00edvel internacional fundada em 1981","breadcrumb":{"@id":"https:\/\/www.um.edu.mo\/pt-pt\/news-and-press-releases\/press-release\/detail\/57274\/#breadcrumb"},"inLanguage":"pt-PT","potentialAction":[{"@type":"ReadAction","target":["https:\/\/www.um.edu.mo\/pt-pt\/news-and-press-releases\/press-release\/detail\/57274\/"]}]},{"@type":"ImageObject","inLanguage":"pt-PT","@id":"https:\/\/www.um.edu.mo\/pt-pt\/news-and-press-releases\/press-release\/detail\/57274\/#primaryimage","url":"https:\/\/www.um.edu.mo\/wp-content\/uploads\/2023\/12\/323459-1-scaled.jpg","contentUrl":"https:\/\/www.um.edu.mo\/wp-content\/uploads\/2023\/12\/323459-1-scaled.jpg","width":2560,"height":1707},{"@type":"BreadcrumbList","@id":"https:\/\/www.um.edu.mo\/pt-pt\/news-and-press-releases\/press-release\/detail\/57274\/#breadcrumb","itemListElement":[{"@type":"ListItem","position":1,"name":"P\u00e1gina inicial","item":"https:\/\/www.um.edu.mo\/pt-pt\/"},{"@type":"ListItem","position":2,"name":"Not\u00edcias e Comunicados de Imprensa","item":"https:\/\/www.um.edu.mo\/pt-pt\/category\/news-and-press-releases\/"},{"@type":"ListItem","position":3,"name":"Comunicado de Imprensa","item":"https:\/\/www.um.edu.mo\/pt-pt\/category\/news-and-press-releases\/press-release\/"},{"@type":"ListItem","position":4,"name":"A UM e a Comiss\u00e3o das Na\u00e7\u00f5es Unidas realizam a confer\u00eancia conjunta do 10\u00ba anivers\u00e1rio para debater o passado, o presente e o futuro da harmoniza\u00e7\u00e3o do direito comercial internacional e os esfor\u00e7os da CNUDCI"}]},{"@type":"WebSite","@id":"https:\/\/www.um.edu.mo\/pt-pt\/#website","url":"https:\/\/www.um.edu.mo\/pt-pt\/","name":"Universidade de Macau","description":"","publisher":{"@id":"https:\/\/www.um.edu.mo\/pt-pt\/#organization"},"potentialAction":[{"@type":"SearchAction","target":{"@type":"EntryPoint","urlTemplate":"https:\/\/www.um.edu.mo\/pt-pt\/?s={search_term_string}"},"query-input":{"@type":"PropertyValueSpecification","valueRequired":true,"valueName":"search_term_string"}}],"inLanguage":"pt-PT"},{"@type":"Organization","@id":"https:\/\/www.um.edu.mo\/pt-pt\/#organization","name":"University of Macau","url":"https:\/\/www.um.edu.mo\/pt-pt\/","logo":{"@type":"ImageObject","inLanguage":"pt-PT","@id":"https:\/\/www.um.edu.mo\/pt-pt\/#\/schema\/logo\/image\/","url":"https:\/\/www.um.edu.mo\/wp-content\/uploads\/2020\/09\/UM-Logo_V-Black.png","contentUrl":"https:\/\/www.um.edu.mo\/wp-content\/uploads\/2020\/09\/UM-Logo_V-Black.png","width":3508,"height":2785,"caption":"University of Macau"},"image":{"@id":"https:\/\/www.um.edu.mo\/pt-pt\/#\/schema\/logo\/image\/"},"sameAs":["https:\/\/www.facebook.com\/universityofmacau","https:\/\/x.com\/UM_1981"]},{"@type":"Person","@id":"https:\/\/www.um.edu.mo\/pt-pt\/#\/schema\/person\/bfdcd3a75d1b778a93663e5dee2e33bb","name":"web_admin","image":{"@type":"ImageObject","inLanguage":"pt-PT","@id":"https:\/\/www.um.edu.mo\/pt-pt\/#\/schema\/person\/image\/","url":"https:\/\/secure.gravatar.com\/avatar\/e230ccd9ba8eb5ce94ecf306e4a35399?s=96&d=mm&r=g","contentUrl":"https:\/\/secure.gravatar.com\/avatar\/e230ccd9ba8eb5ce94ecf306e4a35399?s=96&d=mm&r=g","caption":"web_admin"}}]}},"_links":{"self":[{"href":"https:\/\/www.um.edu.mo\/pt-pt\/wp-json\/wp\/v2\/posts\/323459","targetHints":{"allow":["GET"]}}],"collection":[{"href":"https:\/\/www.um.edu.mo\/pt-pt\/wp-json\/wp\/v2\/posts"}],"about":[{"href":"https:\/\/www.um.edu.mo\/pt-pt\/wp-json\/wp\/v2\/types\/post"}],"author":[{"embeddable":true,"href":"https:\/\/www.um.edu.mo\/pt-pt\/wp-json\/wp\/v2\/users\/1"}],"replies":[{"embeddable":true,"href":"https:\/\/www.um.edu.mo\/pt-pt\/wp-json\/wp\/v2\/comments?post=323459"}],"version-history":[{"count":1,"href":"https:\/\/www.um.edu.mo\/pt-pt\/wp-json\/wp\/v2\/posts\/323459\/revisions"}],"predecessor-version":[{"id":336597,"href":"https:\/\/www.um.edu.mo\/pt-pt\/wp-json\/wp\/v2\/posts\/323459\/revisions\/336597"}],"wp:featuredmedia":[{"embeddable":true,"href":"https:\/\/www.um.edu.mo\/pt-pt\/wp-json\/wp\/v2\/media\/323460"}],"wp:attachment":[{"href":"https:\/\/www.um.edu.mo\/pt-pt\/wp-json\/wp\/v2\/media?parent=323459"}],"wp:term":[{"taxonomy":"category","embeddable":true,"href":"https:\/\/www.um.edu.mo\/pt-pt\/wp-json\/wp\/v2\/categories?post=323459"},{"taxonomy":"post_tag","embeddable":true,"href":"https:\/\/www.um.edu.mo\/pt-pt\/wp-json\/wp\/v2\/tags?post=323459"}],"curies":[{"name":"wp","href":"https:\/\/api.w.org\/{rel}","templated":true}]}}