{"id":301614,"date":"2023-05-25T17:39:00","date_gmt":"2023-05-25T09:39:00","guid":{"rendered":"https:\/\/www.um.edu.mo\/news-and-press-releases\/press-release\/detail\/55750-2\/"},"modified":"2024-04-08T16:03:58","modified_gmt":"2024-04-08T08:03:58","slug":"55750","status":"publish","type":"post","link":"https:\/\/www.um.edu.mo\/pt-pt\/news-and-press-releases\/press-release\/detail\/55750\/","title":{"rendered":"37.\u00ba Curso de Ver\u00e3o de L\u00edngua Portuguesa"},"content":{"rendered":"<p>O 37.\u00ba Curso de Ver\u00e3o \u00e9 organizado pelo Departamento de Portugu\u00eas da Faculdade de Letras da UM e faz parte dos programas de forma\u00e7\u00e3o de talentos bilingues da UM. Em 2023, vai decorrer presencialmente entre os dias 10 e 28 de Julho de 2023. A inscri\u00e7\u00e3o pode ser feita entre 15 de Maio e 18 de Junho, na p\u00e1gina electr\u00f3nica do Departamento.<\/p>\r\n<p>O Curso de Ver\u00e3o inclui cursos de l\u00edngua portuguesa, cursos tem\u00e1ticos e clubes dedicados a v\u00e1rias express\u00f5es art\u00edsticas. As aulas realizam-se entre as 8h45 e as 13h. Todos os cursos contribuem para o desenvolvimento das compet\u00eancias lingu\u00edstica, sociolingu\u00edstica, pragm\u00e1tica e sociocultural e da consci\u00eancia intercultural dos participantes.<\/p>\r\n<p>Os cursos de l\u00edngua est\u00e3o organizados em quatro n\u00edveis diferentes, correspondendo, em linhas gerais, aos n\u00edveis do Quadro Europeu Comum de Refer\u00eancia: b\u00e1sico (A1), elementar (A2), interm\u00e9dio (B1 e B2), avan\u00e7ado (n\u00edvel C). Os participantes s\u00e3o colocados na turma que melhor corresponder ao seu perfil lingu\u00edstico, tra\u00e7ado a partir das respostas ao teste de coloca\u00e7\u00e3o.\u00a0<\/p>\r\n<p>As aulas de l\u00edngua dos cursos A1 e A2 realizam-se entre as 9 e as 13h, no total de 60 horas lectivas.\u00a0As aulas de l\u00edngua dos cursos interm\u00e9dio (B1 e B2) e avan\u00e7ado (n\u00edvel C)\u00a0 \u00a0decorrem entre as 10h e as 13h, totalizando 45h. Os participantes nestes cursos disp\u00f5em tamb\u00e9m de uma oferta de cursos tem\u00e1ticos, que se realizam entre as 8h45 e as 9h45, perfazendo 15h horas lectivas.\u00a0\u00a0<\/p>\r\n<p>Os cursos de l\u00edngua podem ser complementados por 15 horas de estudo aut\u00f3nomo, orientado pelos professores. Al\u00e9m do desenvolvimento das compet\u00eancias receptivas e produtivas, escritas e orais, os cursos de l\u00edngua incluem sess\u00f5es dedicadas a quest\u00f5es da gram\u00e1tica, do vocabul\u00e1rio e a outras caracter\u00edsticas espec\u00edficas de cada n\u00edvel e relevantes para os estudantes.\u00a0<\/p>\r\n<p>A oferta de cursos tem\u00e1ticos inclui literatura, hist\u00f3ria, rela\u00e7\u00f5es internacionais, tradu\u00e7\u00e3o e t\u00f3picos de v\u00e1rias \u00e1reas sobre os pa\u00edses de l\u00edngua portuguesa.\u00a0<\/p>\r\n<p>Ao fim da tarde, os estudantes podem participar nos clubes dedicados a v\u00e1rias express\u00f5es art\u00edsticas associadas aos pa\u00edses de l\u00edngua portuguesa. Est\u00e3o previstos clubes de dan\u00e7a, m\u00fasica, poesia e linguagem cin\u00e9tica, gastronomia, enologia.\u00a0<\/p>\r\n<p>Os materiais did\u00e1ticos para os cursos e actividades culturais s\u00e3o gratuitos. No fim do curso, os participantes com frequ\u00eancia de 80% das aulas recebem o Certificado do 37.\u00ba Curso de Ver\u00e3o, no qual consta uma informa\u00e7\u00e3o sobre o seu progresso no curso. <a href=\"https:\/\/fah.um.edu.mo\/dportsummercourse2023\/\">https:\/\/fah.um.edu.mo\/dportsummercourse2023\/\u00a0<\/a><\/p>\r\n<p>&nbsp;<\/p>\r\n<table style=\"width: 44.7597%; height: 201px;\">\r\n<tbody>\r\n<tr style=\"height: 21px;\">\r\n<td style=\"height: 21px; width: 100.095%;\" colspan=\"2\">Source: Faculty of Arts and Humanities<\/td>\r\n<\/tr>\r\n<tr style=\"height: 21px;\">\r\n<td style=\"height: 21px; width: 56.3278%; min-width: 120px;\">\u00a0<\/td>\r\n<td style=\"height: 21px; width: 43.7669%;\">\u00a0<\/td>\r\n<\/tr>\r\n<tr style=\"height: 21px;\">\r\n<td style=\"height: 21px; width: 100.095%;\" colspan=\"2\">Media Contact Information:<\/td>\r\n<\/tr>\r\n<tr style=\"height: 21px;\">\r\n<td style=\"height: 12px; width: 100.095%;\" colspan=\"2\">Communications Office, University of Macau<\/td>\r\n<\/tr>\r\n<tr style=\"height: 21px;\">\r\n<td style=\"height: 21px; width: 56.3278%; min-width: 120px;\">\u00a0<\/td>\r\n<td style=\"height: 21px; width: 43.7669%;\">\u00a0<\/td>\r\n<\/tr>\r\n<tr style=\"height: 21px;\">\r\n<td style=\"height: 21px; width: 56.3278%; min-width: 120px;\">Albee Lei<\/td>\r\n<td style=\"height: 21px; width: 43.7669%;\">Tel: (853) 8822 8004<\/td>\r\n<\/tr>\r\n<tr style=\"height: 21px;\">\r\n<td style=\"height: 21px; width: 56.3278%; min-width: 120px;\">Bell Leong<\/td>\r\n<td style=\"height: 21px; width: 43.7669%;\">Tel: (853) 8822 8009<\/td>\r\n<\/tr>\r\n<tr style=\"height: 21px;\">\r\n<td style=\"height: 21px; width: 56.3278%; min-width: 120px;\">Email:<\/td>\r\n<td style=\"height: 21px; width: 43.7669%;\"><a style=\"font-family: Tahoma, Verdana, sans-serif; font-size: small;\" href=\"mailto:prs.media@um.edu.mo\">prs.media@um.edu.mo<\/a><\/td>\r\n<\/tr>\r\n<tr style=\"height: 21px;\">\r\n<td style=\"height: 21px; width: 56.3278%; min-width: 120px;\">\u00a0<\/td>\r\n<td style=\"height: 21px; width: 43.7669%;\">\u00a0<\/td>\r\n<\/tr>\r\n<tr style=\"height: 21px;\">\r\n<td style=\"height: 21px; width: 56.3278%; min-width: 120px;\">\u00a0<\/td>\r\n<td style=\"height: 21px; width: 43.7669%;\">\u00a0<\/td>\r\n<\/tr>\r\n<\/tbody>\r\n<\/table>","protected":false},"excerpt":{"rendered":"<p>O 37.\u00ba Curso de Ver\u00e3o \u00e9 organizado pelo Departamento de Portugu\u00eas da Faculdade de Letras da UM e faz parte dos programas de forma\u00e7\u00e3o de talentos bilingues da UM. Em&#8230;<\/p>\n","protected":false},"author":1,"featured_media":301615,"comment_status":"closed","ping_status":"closed","sticky":false,"template":"","format":"standard","meta":{"_acf_changed":false,"footnotes":""},"categories":[60],"tags":[],"class_list":["post-301614","post","type-post","status-publish","format-standard","has-post-thumbnail","hentry","category-press-release"],"acf":[],"yoast_head":"<!-- This site is optimized with the Yoast SEO plugin v24.5 - https:\/\/yoast.com\/wordpress\/plugins\/seo\/ -->\n<title>37.\u00ba Curso de Ver\u00e3o de L\u00edngua Portuguesa | Universidade de Macau<\/title>\n<meta name=\"description\" content=\"Universidade de Macau: Uma universidade abrangente p\u00fablica de n\u00edvel internacional fundada em 1981\" \/>\n<meta name=\"robots\" content=\"index, follow, max-snippet:-1, max-image-preview:large, max-video-preview:-1\" \/>\n<link rel=\"canonical\" href=\"https:\/\/www.um.edu.mo\/pt-pt\/news-and-press-releases\/press-release\/detail\/55750\/\" \/>\n<meta property=\"og:locale\" content=\"pt_PT\" \/>\n<meta property=\"og:type\" content=\"article\" \/>\n<meta property=\"og:title\" content=\"37.\u00ba Curso de Ver\u00e3o de L\u00edngua Portuguesa | Universidade de Macau\" \/>\n<meta property=\"og:description\" content=\"Universidade de Macau: Uma universidade abrangente p\u00fablica de n\u00edvel internacional fundada em 1981\" \/>\n<meta property=\"og:url\" content=\"https:\/\/www.um.edu.mo\/pt-pt\/news-and-press-releases\/press-release\/detail\/55750\/\" \/>\n<meta property=\"og:site_name\" content=\"Universidade de Macau\" \/>\n<meta property=\"article:publisher\" content=\"https:\/\/www.facebook.com\/universityofmacau\" \/>\n<meta property=\"article:published_time\" content=\"2023-05-25T09:39:00+00:00\" \/>\n<meta property=\"article:modified_time\" content=\"2024-04-08T08:03:58+00:00\" \/>\n<meta property=\"og:image\" content=\"https:\/\/www.um.edu.mo\/wp-content\/uploads\/2023\/05\/301614-1_resized.jpg\" \/>\n\t<meta property=\"og:image:width\" content=\"1654\" \/>\n\t<meta property=\"og:image:height\" content=\"2339\" \/>\n\t<meta property=\"og:image:type\" content=\"image\/jpeg\" \/>\n<meta name=\"author\" content=\"web_admin\" \/>\n<meta name=\"twitter:card\" content=\"summary_large_image\" \/>\n<meta name=\"twitter:creator\" content=\"@UM_1981\" \/>\n<meta name=\"twitter:site\" content=\"@UM_1981\" \/>\n<meta name=\"twitter:label1\" content=\"Escrito por\" \/>\n\t<meta name=\"twitter:data1\" content=\"web_admin\" \/>\n\t<meta name=\"twitter:label2\" content=\"Tempo estimado de leitura\" \/>\n\t<meta name=\"twitter:data2\" content=\"2 minutos\" \/>\n<script type=\"application\/ld+json\" class=\"yoast-schema-graph\">{\"@context\":\"https:\/\/schema.org\",\"@graph\":[{\"@type\":\"Article\",\"@id\":\"https:\/\/www.um.edu.mo\/pt-pt\/news-and-press-releases\/press-release\/detail\/55750\/#article\",\"isPartOf\":{\"@id\":\"https:\/\/www.um.edu.mo\/pt-pt\/news-and-press-releases\/press-release\/detail\/55750\/\"},\"author\":{\"name\":\"web_admin\",\"@id\":\"https:\/\/www.um.edu.mo\/pt-pt\/#\/schema\/person\/bfdcd3a75d1b778a93663e5dee2e33bb\"},\"headline\":\"37.\u00ba Curso de Ver\u00e3o de L\u00edngua Portuguesa\",\"datePublished\":\"2023-05-25T09:39:00+00:00\",\"dateModified\":\"2024-04-08T08:03:58+00:00\",\"mainEntityOfPage\":{\"@id\":\"https:\/\/www.um.edu.mo\/pt-pt\/news-and-press-releases\/press-release\/detail\/55750\/\"},\"wordCount\":484,\"publisher\":{\"@id\":\"https:\/\/www.um.edu.mo\/pt-pt\/#organization\"},\"image\":{\"@id\":\"https:\/\/www.um.edu.mo\/pt-pt\/news-and-press-releases\/press-release\/detail\/55750\/#primaryimage\"},\"thumbnailUrl\":\"https:\/\/www.um.edu.mo\/wp-content\/uploads\/2023\/05\/301614-1_resized.jpg\",\"articleSection\":[\"Comunicado de Imprensa\"],\"inLanguage\":\"pt-PT\"},{\"@type\":\"WebPage\",\"@id\":\"https:\/\/www.um.edu.mo\/pt-pt\/news-and-press-releases\/press-release\/detail\/55750\/\",\"url\":\"https:\/\/www.um.edu.mo\/pt-pt\/news-and-press-releases\/press-release\/detail\/55750\/\",\"name\":\"37.\u00ba Curso de Ver\u00e3o de L\u00edngua Portuguesa | Universidade de Macau\",\"isPartOf\":{\"@id\":\"https:\/\/www.um.edu.mo\/pt-pt\/#website\"},\"primaryImageOfPage\":{\"@id\":\"https:\/\/www.um.edu.mo\/pt-pt\/news-and-press-releases\/press-release\/detail\/55750\/#primaryimage\"},\"image\":{\"@id\":\"https:\/\/www.um.edu.mo\/pt-pt\/news-and-press-releases\/press-release\/detail\/55750\/#primaryimage\"},\"thumbnailUrl\":\"https:\/\/www.um.edu.mo\/wp-content\/uploads\/2023\/05\/301614-1_resized.jpg\",\"datePublished\":\"2023-05-25T09:39:00+00:00\",\"dateModified\":\"2024-04-08T08:03:58+00:00\",\"description\":\"Universidade de Macau: Uma universidade abrangente p\u00fablica de n\u00edvel internacional fundada em 1981\",\"breadcrumb\":{\"@id\":\"https:\/\/www.um.edu.mo\/pt-pt\/news-and-press-releases\/press-release\/detail\/55750\/#breadcrumb\"},\"inLanguage\":\"pt-PT\",\"potentialAction\":[{\"@type\":\"ReadAction\",\"target\":[\"https:\/\/www.um.edu.mo\/pt-pt\/news-and-press-releases\/press-release\/detail\/55750\/\"]}]},{\"@type\":\"ImageObject\",\"inLanguage\":\"pt-PT\",\"@id\":\"https:\/\/www.um.edu.mo\/pt-pt\/news-and-press-releases\/press-release\/detail\/55750\/#primaryimage\",\"url\":\"https:\/\/www.um.edu.mo\/wp-content\/uploads\/2023\/05\/301614-1_resized.jpg\",\"contentUrl\":\"https:\/\/www.um.edu.mo\/wp-content\/uploads\/2023\/05\/301614-1_resized.jpg\",\"width\":1654,\"height\":2339},{\"@type\":\"BreadcrumbList\",\"@id\":\"https:\/\/www.um.edu.mo\/pt-pt\/news-and-press-releases\/press-release\/detail\/55750\/#breadcrumb\",\"itemListElement\":[{\"@type\":\"ListItem\",\"position\":1,\"name\":\"P\u00e1gina inicial\",\"item\":\"https:\/\/www.um.edu.mo\/pt-pt\/\"},{\"@type\":\"ListItem\",\"position\":2,\"name\":\"Not\u00edcias e Comunicados de Imprensa\",\"item\":\"https:\/\/www.um.edu.mo\/pt-pt\/category\/news-and-press-releases\/\"},{\"@type\":\"ListItem\",\"position\":3,\"name\":\"Comunicado de Imprensa\",\"item\":\"https:\/\/www.um.edu.mo\/pt-pt\/category\/news-and-press-releases\/press-release\/\"},{\"@type\":\"ListItem\",\"position\":4,\"name\":\"37.\u00ba Curso de Ver\u00e3o de L\u00edngua Portuguesa\"}]},{\"@type\":\"WebSite\",\"@id\":\"https:\/\/www.um.edu.mo\/pt-pt\/#website\",\"url\":\"https:\/\/www.um.edu.mo\/pt-pt\/\",\"name\":\"Universidade de Macau\",\"description\":\"\",\"publisher\":{\"@id\":\"https:\/\/www.um.edu.mo\/pt-pt\/#organization\"},\"potentialAction\":[{\"@type\":\"SearchAction\",\"target\":{\"@type\":\"EntryPoint\",\"urlTemplate\":\"https:\/\/www.um.edu.mo\/pt-pt\/?s={search_term_string}\"},\"query-input\":{\"@type\":\"PropertyValueSpecification\",\"valueRequired\":true,\"valueName\":\"search_term_string\"}}],\"inLanguage\":\"pt-PT\"},{\"@type\":\"Organization\",\"@id\":\"https:\/\/www.um.edu.mo\/pt-pt\/#organization\",\"name\":\"University of Macau\",\"url\":\"https:\/\/www.um.edu.mo\/pt-pt\/\",\"logo\":{\"@type\":\"ImageObject\",\"inLanguage\":\"pt-PT\",\"@id\":\"https:\/\/www.um.edu.mo\/pt-pt\/#\/schema\/logo\/image\/\",\"url\":\"https:\/\/www.um.edu.mo\/wp-content\/uploads\/2020\/09\/UM-Logo_V-Black.png\",\"contentUrl\":\"https:\/\/www.um.edu.mo\/wp-content\/uploads\/2020\/09\/UM-Logo_V-Black.png\",\"width\":3508,\"height\":2785,\"caption\":\"University of Macau\"},\"image\":{\"@id\":\"https:\/\/www.um.edu.mo\/pt-pt\/#\/schema\/logo\/image\/\"},\"sameAs\":[\"https:\/\/www.facebook.com\/universityofmacau\",\"https:\/\/x.com\/UM_1981\"]},{\"@type\":\"Person\",\"@id\":\"https:\/\/www.um.edu.mo\/pt-pt\/#\/schema\/person\/bfdcd3a75d1b778a93663e5dee2e33bb\",\"name\":\"web_admin\",\"image\":{\"@type\":\"ImageObject\",\"inLanguage\":\"pt-PT\",\"@id\":\"https:\/\/www.um.edu.mo\/pt-pt\/#\/schema\/person\/image\/\",\"url\":\"https:\/\/secure.gravatar.com\/avatar\/e230ccd9ba8eb5ce94ecf306e4a35399?s=96&d=mm&r=g\",\"contentUrl\":\"https:\/\/secure.gravatar.com\/avatar\/e230ccd9ba8eb5ce94ecf306e4a35399?s=96&d=mm&r=g\",\"caption\":\"web_admin\"}}]}<\/script>\n<!-- \/ Yoast SEO plugin. -->","yoast_head_json":{"title":"37.\u00ba Curso de Ver\u00e3o de L\u00edngua Portuguesa | Universidade de Macau","description":"Universidade de Macau: Uma universidade abrangente p\u00fablica de n\u00edvel internacional fundada em 1981","robots":{"index":"index","follow":"follow","max-snippet":"max-snippet:-1","max-image-preview":"max-image-preview:large","max-video-preview":"max-video-preview:-1"},"canonical":"https:\/\/www.um.edu.mo\/pt-pt\/news-and-press-releases\/press-release\/detail\/55750\/","og_locale":"pt_PT","og_type":"article","og_title":"37.\u00ba Curso de Ver\u00e3o de L\u00edngua Portuguesa | Universidade de Macau","og_description":"Universidade de Macau: Uma universidade abrangente p\u00fablica de n\u00edvel internacional fundada em 1981","og_url":"https:\/\/www.um.edu.mo\/pt-pt\/news-and-press-releases\/press-release\/detail\/55750\/","og_site_name":"Universidade de Macau","article_publisher":"https:\/\/www.facebook.com\/universityofmacau","article_published_time":"2023-05-25T09:39:00+00:00","article_modified_time":"2024-04-08T08:03:58+00:00","og_image":[{"width":1654,"height":2339,"url":"https:\/\/www.um.edu.mo\/wp-content\/uploads\/2023\/05\/301614-1_resized.jpg","type":"image\/jpeg"}],"author":"web_admin","twitter_card":"summary_large_image","twitter_creator":"@UM_1981","twitter_site":"@UM_1981","twitter_misc":{"Escrito por":"web_admin","Tempo estimado de leitura":"2 minutos"},"schema":{"@context":"https:\/\/schema.org","@graph":[{"@type":"Article","@id":"https:\/\/www.um.edu.mo\/pt-pt\/news-and-press-releases\/press-release\/detail\/55750\/#article","isPartOf":{"@id":"https:\/\/www.um.edu.mo\/pt-pt\/news-and-press-releases\/press-release\/detail\/55750\/"},"author":{"name":"web_admin","@id":"https:\/\/www.um.edu.mo\/pt-pt\/#\/schema\/person\/bfdcd3a75d1b778a93663e5dee2e33bb"},"headline":"37.\u00ba Curso de Ver\u00e3o de L\u00edngua Portuguesa","datePublished":"2023-05-25T09:39:00+00:00","dateModified":"2024-04-08T08:03:58+00:00","mainEntityOfPage":{"@id":"https:\/\/www.um.edu.mo\/pt-pt\/news-and-press-releases\/press-release\/detail\/55750\/"},"wordCount":484,"publisher":{"@id":"https:\/\/www.um.edu.mo\/pt-pt\/#organization"},"image":{"@id":"https:\/\/www.um.edu.mo\/pt-pt\/news-and-press-releases\/press-release\/detail\/55750\/#primaryimage"},"thumbnailUrl":"https:\/\/www.um.edu.mo\/wp-content\/uploads\/2023\/05\/301614-1_resized.jpg","articleSection":["Comunicado de Imprensa"],"inLanguage":"pt-PT"},{"@type":"WebPage","@id":"https:\/\/www.um.edu.mo\/pt-pt\/news-and-press-releases\/press-release\/detail\/55750\/","url":"https:\/\/www.um.edu.mo\/pt-pt\/news-and-press-releases\/press-release\/detail\/55750\/","name":"37.\u00ba Curso de Ver\u00e3o de L\u00edngua Portuguesa | Universidade de Macau","isPartOf":{"@id":"https:\/\/www.um.edu.mo\/pt-pt\/#website"},"primaryImageOfPage":{"@id":"https:\/\/www.um.edu.mo\/pt-pt\/news-and-press-releases\/press-release\/detail\/55750\/#primaryimage"},"image":{"@id":"https:\/\/www.um.edu.mo\/pt-pt\/news-and-press-releases\/press-release\/detail\/55750\/#primaryimage"},"thumbnailUrl":"https:\/\/www.um.edu.mo\/wp-content\/uploads\/2023\/05\/301614-1_resized.jpg","datePublished":"2023-05-25T09:39:00+00:00","dateModified":"2024-04-08T08:03:58+00:00","description":"Universidade de Macau: Uma universidade abrangente p\u00fablica de n\u00edvel internacional fundada em 1981","breadcrumb":{"@id":"https:\/\/www.um.edu.mo\/pt-pt\/news-and-press-releases\/press-release\/detail\/55750\/#breadcrumb"},"inLanguage":"pt-PT","potentialAction":[{"@type":"ReadAction","target":["https:\/\/www.um.edu.mo\/pt-pt\/news-and-press-releases\/press-release\/detail\/55750\/"]}]},{"@type":"ImageObject","inLanguage":"pt-PT","@id":"https:\/\/www.um.edu.mo\/pt-pt\/news-and-press-releases\/press-release\/detail\/55750\/#primaryimage","url":"https:\/\/www.um.edu.mo\/wp-content\/uploads\/2023\/05\/301614-1_resized.jpg","contentUrl":"https:\/\/www.um.edu.mo\/wp-content\/uploads\/2023\/05\/301614-1_resized.jpg","width":1654,"height":2339},{"@type":"BreadcrumbList","@id":"https:\/\/www.um.edu.mo\/pt-pt\/news-and-press-releases\/press-release\/detail\/55750\/#breadcrumb","itemListElement":[{"@type":"ListItem","position":1,"name":"P\u00e1gina inicial","item":"https:\/\/www.um.edu.mo\/pt-pt\/"},{"@type":"ListItem","position":2,"name":"Not\u00edcias e Comunicados de Imprensa","item":"https:\/\/www.um.edu.mo\/pt-pt\/category\/news-and-press-releases\/"},{"@type":"ListItem","position":3,"name":"Comunicado de Imprensa","item":"https:\/\/www.um.edu.mo\/pt-pt\/category\/news-and-press-releases\/press-release\/"},{"@type":"ListItem","position":4,"name":"37.\u00ba Curso de Ver\u00e3o de L\u00edngua Portuguesa"}]},{"@type":"WebSite","@id":"https:\/\/www.um.edu.mo\/pt-pt\/#website","url":"https:\/\/www.um.edu.mo\/pt-pt\/","name":"Universidade de Macau","description":"","publisher":{"@id":"https:\/\/www.um.edu.mo\/pt-pt\/#organization"},"potentialAction":[{"@type":"SearchAction","target":{"@type":"EntryPoint","urlTemplate":"https:\/\/www.um.edu.mo\/pt-pt\/?s={search_term_string}"},"query-input":{"@type":"PropertyValueSpecification","valueRequired":true,"valueName":"search_term_string"}}],"inLanguage":"pt-PT"},{"@type":"Organization","@id":"https:\/\/www.um.edu.mo\/pt-pt\/#organization","name":"University of Macau","url":"https:\/\/www.um.edu.mo\/pt-pt\/","logo":{"@type":"ImageObject","inLanguage":"pt-PT","@id":"https:\/\/www.um.edu.mo\/pt-pt\/#\/schema\/logo\/image\/","url":"https:\/\/www.um.edu.mo\/wp-content\/uploads\/2020\/09\/UM-Logo_V-Black.png","contentUrl":"https:\/\/www.um.edu.mo\/wp-content\/uploads\/2020\/09\/UM-Logo_V-Black.png","width":3508,"height":2785,"caption":"University of Macau"},"image":{"@id":"https:\/\/www.um.edu.mo\/pt-pt\/#\/schema\/logo\/image\/"},"sameAs":["https:\/\/www.facebook.com\/universityofmacau","https:\/\/x.com\/UM_1981"]},{"@type":"Person","@id":"https:\/\/www.um.edu.mo\/pt-pt\/#\/schema\/person\/bfdcd3a75d1b778a93663e5dee2e33bb","name":"web_admin","image":{"@type":"ImageObject","inLanguage":"pt-PT","@id":"https:\/\/www.um.edu.mo\/pt-pt\/#\/schema\/person\/image\/","url":"https:\/\/secure.gravatar.com\/avatar\/e230ccd9ba8eb5ce94ecf306e4a35399?s=96&d=mm&r=g","contentUrl":"https:\/\/secure.gravatar.com\/avatar\/e230ccd9ba8eb5ce94ecf306e4a35399?s=96&d=mm&r=g","caption":"web_admin"}}]}},"_links":{"self":[{"href":"https:\/\/www.um.edu.mo\/pt-pt\/wp-json\/wp\/v2\/posts\/301614","targetHints":{"allow":["GET"]}}],"collection":[{"href":"https:\/\/www.um.edu.mo\/pt-pt\/wp-json\/wp\/v2\/posts"}],"about":[{"href":"https:\/\/www.um.edu.mo\/pt-pt\/wp-json\/wp\/v2\/types\/post"}],"author":[{"embeddable":true,"href":"https:\/\/www.um.edu.mo\/pt-pt\/wp-json\/wp\/v2\/users\/1"}],"replies":[{"embeddable":true,"href":"https:\/\/www.um.edu.mo\/pt-pt\/wp-json\/wp\/v2\/comments?post=301614"}],"version-history":[{"count":1,"href":"https:\/\/www.um.edu.mo\/pt-pt\/wp-json\/wp\/v2\/posts\/301614\/revisions"}],"predecessor-version":[{"id":336604,"href":"https:\/\/www.um.edu.mo\/pt-pt\/wp-json\/wp\/v2\/posts\/301614\/revisions\/336604"}],"wp:featuredmedia":[{"embeddable":true,"href":"https:\/\/www.um.edu.mo\/pt-pt\/wp-json\/wp\/v2\/media\/301615"}],"wp:attachment":[{"href":"https:\/\/www.um.edu.mo\/pt-pt\/wp-json\/wp\/v2\/media?parent=301614"}],"wp:term":[{"taxonomy":"category","embeddable":true,"href":"https:\/\/www.um.edu.mo\/pt-pt\/wp-json\/wp\/v2\/categories?post=301614"},{"taxonomy":"post_tag","embeddable":true,"href":"https:\/\/www.um.edu.mo\/pt-pt\/wp-json\/wp\/v2\/tags?post=301614"}],"curies":[{"name":"wp","href":"https:\/\/api.w.org\/{rel}","templated":true}]}}