{"id":294324,"date":"2023-03-16T19:01:00","date_gmt":"2023-03-16T11:01:00","guid":{"rendered":"https:\/\/www.um.edu.mo\/news-and-press-releases\/press-release\/detail\/55308-2\/"},"modified":"2023-03-17T10:13:28","modified_gmt":"2023-03-17T02:13:28","slug":"55308","status":"publish","type":"post","link":"https:\/\/www.um.edu.mo\/pt-pt\/news-and-press-releases\/press-release\/detail\/55308\/","title":{"rendered":"UM e Caritas de Macau co-organizam sess\u00e3o de partilha de experi\u00eancias no combate \u00e0 COVID-19"},"content":{"rendered":"\n                        \n                        <p>The Centre for Macau Studies (CMS) of the University of Macau (UM) and Caritas Macau today (16 March) co-organised an experience sharing session titled \u2018At the Front Line of the Community against the Epidemic: Caritas Macau\u2019s Experience in Coping with COVID-19\u2019. During the event, members of Caritas Macau, including representatives of five service units, namely Caritas-Life Hope Hotline of Macau, Complexo de Servi\u00e7os de Apoio Ao Cidad\u00e3o S\u00e9nior Retribui\u00e7\u00e3o, Brilho da Vida Elderly Centre, Casa Corsel, and WelAnser Centre, discussed the organisation\u2019s epidemic prevention strategy, psychological support service, temporary accommodation and assistance to people stranded in Macao, as well as services for the elderly and people with disabilities in residential care homes.<\/p><p>Agnes Lam Iok Fong, director of CMS, said that Caritas Macau stood at the forefront of social services when Macao\u2019s epidemic situation was uncertain. They assisted people who needed help in the most difficult times and their experience in coping with the epidemic is worth sharing and learning from. She added that through the sharing of Caritas Macau members, UM faculty members, students, and researchers can obtain first-hand information about frontline social services in Macao during the epidemic, and expressed hope that the sharing would inspire the UM members to expand their research and contribute to the community with their academic work.<\/p><p>According to Pun Chi Meng, secretary-general of Caritas Macau, when there is an epidemic, more people than usual need social services, especially the most vulnerable ones. As a social service organisation, Caritas Macau\u2019s priority at the time was to maintain its existing services in a way that did not increase the burden of the community and to help those in need as much as possible. Over the past three years, Caritas Macau and the general public have overcome many challenges and gained valuable experience together. In this process, members of Caritas Macau have strengthened their crisis response and interdisciplinary collaboration skills, which will help them face various uncertain situations in the future.&nbsp;<\/p><p>The event included presentations on different topics by members of Caritas Macau: Julia Lam, deputy service director of Caritas Macau, discussed the epidemic prevention strategy of the organisation; Ng Lai Ieng, director of Caritas-Life Hope Hotline of Macau, shared how Caritas Macau\u2019s hotline service provided psychological support for those in need during COVID-19; Ada Kuan, dean of Complexo de Servi\u00e7os de Apoio Ao Cidad\u00e3o S\u00e9nior Retribui\u00e7\u00e3o, discussed how the organisation protected the elderly and people with disabilities in residential care homes during the epidemic; Cheang Ka Leng, director of Brilho da Vida Elderly Centre, talked about the situation of the social housing building Edifcio Fai Fu when it became an epidemic containment zone; Ip Chi Leng, director of Casa Corcel, shared how Caritas Macau\u2019s temporary accommodation service assisted those stranded in Macao during the epidemic; and Chan Si Ian, director of WelAnser Centre, talked about how Caritas Macau\u2019s outreach programmes encouraged foreigners in Macao to join the battle against COVID-19. In addition to the speakers of Caritas Macau, the event was attended by Xu Jianhua, head of the Department of Sociology, as well as faculty members, students, and researchers of sociology, psychology, and Macau studies.<\/p><p><\/p><p><\/p><table style=\"width: 44.7597%;height: 201px\"> <tbody> <tr style=\"height: 21px\"> <td style=\"height: 21px;width: 100.095%\" colspan=\"2\">Source: Centre for Macau Studies<\/td> <\/tr> <tr style=\"height: 21px\"> <td style=\"height: 21px;width: 56.3278%;min-width: 120px\"> <\/td> <td style=\"height: 21px;width: 43.7669%\"> <\/td> <\/tr> <tr style=\"height: 21px\"> <td style=\"height: 21px;width: 100.095%\" colspan=\"2\">Media Contact Information:<\/td> <\/tr> <tr style=\"height: 21px\"> <td style=\"height: 12px;width: 100.095%\" colspan=\"2\">Communications Office, University of Macau<\/td> <\/tr> <tr style=\"height: 21px\"> <td style=\"height: 21px;width: 56.3278%;min-width: 120px\"> <\/td> <td style=\"height: 21px;width: 43.7669%\"> <\/td> <\/tr> <tr style=\"height: 21px\"> <td style=\"height: 21px;width: 56.3278%;min-width: 120px\">Albee Lei<\/td> <td style=\"height: 21px;width: 43.7669%\">Tel: (853) 8822 8004<\/td> <\/tr> <tr style=\"height: 21px\"> <td style=\"height: 21px;width: 56.3278%;min-width: 120px\">Debby Seng<\/td> <td style=\"height: 21px;width: 43.7669%\">Tel: (853) 8822 8014<\/td> <\/tr> <tr style=\"height: 21px\"> <td style=\"height: 21px;width: 56.3278%;min-width: 120px\">Email:<\/td> <td style=\"height: 21px;width: 43.7669%\"><a style=\"font-family: Tahoma, Verdana, sans-serif;font-size: small\" href=\"mailto:prs.media@um.edu.mo\">prs.media@um.edu.mo<\/a><\/td>\n<\/tr>\n<tr style=\"height: 21px\">\n<td style=\"height: 21px;width: 56.3278%;min-width: 120px\"> <\/td> <td style=\"height: 21px;width: 43.7669%\"> <\/td> <\/tr> <tr style=\"height: 21px\"> <td style=\"height: 21px;width: 56.3278%;min-width: 120px\"><\/td><td style=\"height: 21px;width: 43.7669%\"><\/td><\/tr>\n<\/tbody>\n<\/table>\n                        \n                        ","protected":false},"excerpt":{"rendered":"<p>The Centre for Macau Studies (CMS) of the University of Macau (UM) and Caritas Macau today (16 March) co-organised an experience sharing session titled \u2018At the Front Line of the&#8230;<\/p>\n","protected":false},"author":1,"featured_media":294352,"comment_status":"closed","ping_status":"closed","sticky":false,"template":"","format":"standard","meta":{"_acf_changed":false,"footnotes":""},"categories":[60],"tags":[],"class_list":["post-294324","post","type-post","status-publish","format-standard","has-post-thumbnail","hentry","category-press-release"],"acf":[],"yoast_head":"<!-- This site is optimized with the Yoast SEO plugin v24.5 - https:\/\/yoast.com\/wordpress\/plugins\/seo\/ -->\n<title>UM e Caritas de Macau co-organizam sess\u00e3o de partilha de experi\u00eancias no combate \u00e0 COVID-19 | Universidade de Macau<\/title>\n<meta name=\"description\" content=\"Universidade de Macau: Uma universidade abrangente p\u00fablica de n\u00edvel internacional fundada em 1981\" \/>\n<meta name=\"robots\" content=\"index, follow, max-snippet:-1, max-image-preview:large, max-video-preview:-1\" \/>\n<link rel=\"canonical\" href=\"https:\/\/www.um.edu.mo\/pt-pt\/news-and-press-releases\/press-release\/detail\/55308\/\" \/>\n<meta property=\"og:locale\" content=\"pt_PT\" \/>\n<meta property=\"og:type\" content=\"article\" \/>\n<meta property=\"og:title\" content=\"UM e Caritas de Macau co-organizam sess\u00e3o de partilha de experi\u00eancias no combate \u00e0 COVID-19 | Universidade de Macau\" \/>\n<meta property=\"og:description\" content=\"Universidade de Macau: Uma universidade abrangente p\u00fablica de n\u00edvel internacional fundada em 1981\" \/>\n<meta property=\"og:url\" content=\"https:\/\/www.um.edu.mo\/pt-pt\/news-and-press-releases\/press-release\/detail\/55308\/\" \/>\n<meta property=\"og:site_name\" content=\"Universidade de Macau\" \/>\n<meta property=\"article:publisher\" content=\"https:\/\/www.facebook.com\/universityofmacau\" \/>\n<meta property=\"article:published_time\" content=\"2023-03-16T11:01:00+00:00\" \/>\n<meta property=\"article:modified_time\" content=\"2023-03-17T02:13:28+00:00\" \/>\n<meta property=\"og:image\" content=\"https:\/\/www.um.edu.mo\/wp-content\/uploads\/2023\/03\/294324-1.jpg\" \/>\n\t<meta property=\"og:image:width\" content=\"1237\" \/>\n\t<meta property=\"og:image:height\" content=\"825\" \/>\n\t<meta property=\"og:image:type\" content=\"image\/jpeg\" \/>\n<meta name=\"author\" content=\"web_admin\" \/>\n<meta name=\"twitter:card\" content=\"summary_large_image\" \/>\n<meta name=\"twitter:creator\" content=\"@UM_1981\" \/>\n<meta name=\"twitter:site\" content=\"@UM_1981\" \/>\n<meta name=\"twitter:label1\" content=\"Escrito por\" \/>\n\t<meta name=\"twitter:data1\" content=\"web_admin\" \/>\n\t<meta name=\"twitter:label2\" content=\"Tempo estimado de leitura\" \/>\n\t<meta name=\"twitter:data2\" content=\"3 minutos\" \/>\n<script type=\"application\/ld+json\" class=\"yoast-schema-graph\">{\"@context\":\"https:\/\/schema.org\",\"@graph\":[{\"@type\":\"Article\",\"@id\":\"https:\/\/www.um.edu.mo\/pt-pt\/news-and-press-releases\/press-release\/detail\/55308\/#article\",\"isPartOf\":{\"@id\":\"https:\/\/www.um.edu.mo\/pt-pt\/news-and-press-releases\/press-release\/detail\/55308\/\"},\"author\":{\"name\":\"web_admin\",\"@id\":\"https:\/\/www.um.edu.mo\/pt-pt\/#\/schema\/person\/bfdcd3a75d1b778a93663e5dee2e33bb\"},\"headline\":\"UM e Caritas de Macau co-organizam sess\u00e3o de partilha de experi\u00eancias no combate \u00e0 COVID-19\",\"datePublished\":\"2023-03-16T11:01:00+00:00\",\"dateModified\":\"2023-03-17T02:13:28+00:00\",\"mainEntityOfPage\":{\"@id\":\"https:\/\/www.um.edu.mo\/pt-pt\/news-and-press-releases\/press-release\/detail\/55308\/\"},\"wordCount\":577,\"publisher\":{\"@id\":\"https:\/\/www.um.edu.mo\/pt-pt\/#organization\"},\"image\":{\"@id\":\"https:\/\/www.um.edu.mo\/pt-pt\/news-and-press-releases\/press-release\/detail\/55308\/#primaryimage\"},\"thumbnailUrl\":\"https:\/\/www.um.edu.mo\/wp-content\/uploads\/2023\/03\/294324-1.jpg\",\"articleSection\":[\"Comunicado de Imprensa\"],\"inLanguage\":\"pt-PT\"},{\"@type\":\"WebPage\",\"@id\":\"https:\/\/www.um.edu.mo\/pt-pt\/news-and-press-releases\/press-release\/detail\/55308\/\",\"url\":\"https:\/\/www.um.edu.mo\/pt-pt\/news-and-press-releases\/press-release\/detail\/55308\/\",\"name\":\"UM e Caritas de Macau co-organizam sess\u00e3o de partilha de experi\u00eancias no combate \u00e0 COVID-19 | Universidade de Macau\",\"isPartOf\":{\"@id\":\"https:\/\/www.um.edu.mo\/pt-pt\/#website\"},\"primaryImageOfPage\":{\"@id\":\"https:\/\/www.um.edu.mo\/pt-pt\/news-and-press-releases\/press-release\/detail\/55308\/#primaryimage\"},\"image\":{\"@id\":\"https:\/\/www.um.edu.mo\/pt-pt\/news-and-press-releases\/press-release\/detail\/55308\/#primaryimage\"},\"thumbnailUrl\":\"https:\/\/www.um.edu.mo\/wp-content\/uploads\/2023\/03\/294324-1.jpg\",\"datePublished\":\"2023-03-16T11:01:00+00:00\",\"dateModified\":\"2023-03-17T02:13:28+00:00\",\"description\":\"Universidade de Macau: Uma universidade abrangente p\u00fablica de n\u00edvel internacional fundada em 1981\",\"breadcrumb\":{\"@id\":\"https:\/\/www.um.edu.mo\/pt-pt\/news-and-press-releases\/press-release\/detail\/55308\/#breadcrumb\"},\"inLanguage\":\"pt-PT\",\"potentialAction\":[{\"@type\":\"ReadAction\",\"target\":[\"https:\/\/www.um.edu.mo\/pt-pt\/news-and-press-releases\/press-release\/detail\/55308\/\"]}]},{\"@type\":\"ImageObject\",\"inLanguage\":\"pt-PT\",\"@id\":\"https:\/\/www.um.edu.mo\/pt-pt\/news-and-press-releases\/press-release\/detail\/55308\/#primaryimage\",\"url\":\"https:\/\/www.um.edu.mo\/wp-content\/uploads\/2023\/03\/294324-1.jpg\",\"contentUrl\":\"https:\/\/www.um.edu.mo\/wp-content\/uploads\/2023\/03\/294324-1.jpg\",\"width\":1237,\"height\":825},{\"@type\":\"BreadcrumbList\",\"@id\":\"https:\/\/www.um.edu.mo\/pt-pt\/news-and-press-releases\/press-release\/detail\/55308\/#breadcrumb\",\"itemListElement\":[{\"@type\":\"ListItem\",\"position\":1,\"name\":\"P\u00e1gina inicial\",\"item\":\"https:\/\/www.um.edu.mo\/pt-pt\/\"},{\"@type\":\"ListItem\",\"position\":2,\"name\":\"Not\u00edcias e Comunicados de Imprensa\",\"item\":\"https:\/\/www.um.edu.mo\/pt-pt\/category\/news-and-press-releases\/\"},{\"@type\":\"ListItem\",\"position\":3,\"name\":\"Comunicado de Imprensa\",\"item\":\"https:\/\/www.um.edu.mo\/pt-pt\/category\/news-and-press-releases\/press-release\/\"},{\"@type\":\"ListItem\",\"position\":4,\"name\":\"UM e Caritas de Macau co-organizam sess\u00e3o de partilha de experi\u00eancias no combate \u00e0 COVID-19\"}]},{\"@type\":\"WebSite\",\"@id\":\"https:\/\/www.um.edu.mo\/pt-pt\/#website\",\"url\":\"https:\/\/www.um.edu.mo\/pt-pt\/\",\"name\":\"Universidade de Macau\",\"description\":\"\",\"publisher\":{\"@id\":\"https:\/\/www.um.edu.mo\/pt-pt\/#organization\"},\"potentialAction\":[{\"@type\":\"SearchAction\",\"target\":{\"@type\":\"EntryPoint\",\"urlTemplate\":\"https:\/\/www.um.edu.mo\/pt-pt\/?s={search_term_string}\"},\"query-input\":{\"@type\":\"PropertyValueSpecification\",\"valueRequired\":true,\"valueName\":\"search_term_string\"}}],\"inLanguage\":\"pt-PT\"},{\"@type\":\"Organization\",\"@id\":\"https:\/\/www.um.edu.mo\/pt-pt\/#organization\",\"name\":\"University of Macau\",\"url\":\"https:\/\/www.um.edu.mo\/pt-pt\/\",\"logo\":{\"@type\":\"ImageObject\",\"inLanguage\":\"pt-PT\",\"@id\":\"https:\/\/www.um.edu.mo\/pt-pt\/#\/schema\/logo\/image\/\",\"url\":\"https:\/\/www.um.edu.mo\/wp-content\/uploads\/2020\/09\/UM-Logo_V-Black.png\",\"contentUrl\":\"https:\/\/www.um.edu.mo\/wp-content\/uploads\/2020\/09\/UM-Logo_V-Black.png\",\"width\":3508,\"height\":2785,\"caption\":\"University of Macau\"},\"image\":{\"@id\":\"https:\/\/www.um.edu.mo\/pt-pt\/#\/schema\/logo\/image\/\"},\"sameAs\":[\"https:\/\/www.facebook.com\/universityofmacau\",\"https:\/\/x.com\/UM_1981\"]},{\"@type\":\"Person\",\"@id\":\"https:\/\/www.um.edu.mo\/pt-pt\/#\/schema\/person\/bfdcd3a75d1b778a93663e5dee2e33bb\",\"name\":\"web_admin\",\"image\":{\"@type\":\"ImageObject\",\"inLanguage\":\"pt-PT\",\"@id\":\"https:\/\/www.um.edu.mo\/pt-pt\/#\/schema\/person\/image\/\",\"url\":\"https:\/\/secure.gravatar.com\/avatar\/e230ccd9ba8eb5ce94ecf306e4a35399?s=96&d=mm&r=g\",\"contentUrl\":\"https:\/\/secure.gravatar.com\/avatar\/e230ccd9ba8eb5ce94ecf306e4a35399?s=96&d=mm&r=g\",\"caption\":\"web_admin\"}}]}<\/script>\n<!-- \/ Yoast SEO plugin. -->","yoast_head_json":{"title":"UM e Caritas de Macau co-organizam sess\u00e3o de partilha de experi\u00eancias no combate \u00e0 COVID-19 | Universidade de Macau","description":"Universidade de Macau: Uma universidade abrangente p\u00fablica de n\u00edvel internacional fundada em 1981","robots":{"index":"index","follow":"follow","max-snippet":"max-snippet:-1","max-image-preview":"max-image-preview:large","max-video-preview":"max-video-preview:-1"},"canonical":"https:\/\/www.um.edu.mo\/pt-pt\/news-and-press-releases\/press-release\/detail\/55308\/","og_locale":"pt_PT","og_type":"article","og_title":"UM e Caritas de Macau co-organizam sess\u00e3o de partilha de experi\u00eancias no combate \u00e0 COVID-19 | Universidade de Macau","og_description":"Universidade de Macau: Uma universidade abrangente p\u00fablica de n\u00edvel internacional fundada em 1981","og_url":"https:\/\/www.um.edu.mo\/pt-pt\/news-and-press-releases\/press-release\/detail\/55308\/","og_site_name":"Universidade de Macau","article_publisher":"https:\/\/www.facebook.com\/universityofmacau","article_published_time":"2023-03-16T11:01:00+00:00","article_modified_time":"2023-03-17T02:13:28+00:00","og_image":[{"width":1237,"height":825,"url":"https:\/\/www.um.edu.mo\/wp-content\/uploads\/2023\/03\/294324-1.jpg","type":"image\/jpeg"}],"author":"web_admin","twitter_card":"summary_large_image","twitter_creator":"@UM_1981","twitter_site":"@UM_1981","twitter_misc":{"Escrito por":"web_admin","Tempo estimado de leitura":"3 minutos"},"schema":{"@context":"https:\/\/schema.org","@graph":[{"@type":"Article","@id":"https:\/\/www.um.edu.mo\/pt-pt\/news-and-press-releases\/press-release\/detail\/55308\/#article","isPartOf":{"@id":"https:\/\/www.um.edu.mo\/pt-pt\/news-and-press-releases\/press-release\/detail\/55308\/"},"author":{"name":"web_admin","@id":"https:\/\/www.um.edu.mo\/pt-pt\/#\/schema\/person\/bfdcd3a75d1b778a93663e5dee2e33bb"},"headline":"UM e Caritas de Macau co-organizam sess\u00e3o de partilha de experi\u00eancias no combate \u00e0 COVID-19","datePublished":"2023-03-16T11:01:00+00:00","dateModified":"2023-03-17T02:13:28+00:00","mainEntityOfPage":{"@id":"https:\/\/www.um.edu.mo\/pt-pt\/news-and-press-releases\/press-release\/detail\/55308\/"},"wordCount":577,"publisher":{"@id":"https:\/\/www.um.edu.mo\/pt-pt\/#organization"},"image":{"@id":"https:\/\/www.um.edu.mo\/pt-pt\/news-and-press-releases\/press-release\/detail\/55308\/#primaryimage"},"thumbnailUrl":"https:\/\/www.um.edu.mo\/wp-content\/uploads\/2023\/03\/294324-1.jpg","articleSection":["Comunicado de Imprensa"],"inLanguage":"pt-PT"},{"@type":"WebPage","@id":"https:\/\/www.um.edu.mo\/pt-pt\/news-and-press-releases\/press-release\/detail\/55308\/","url":"https:\/\/www.um.edu.mo\/pt-pt\/news-and-press-releases\/press-release\/detail\/55308\/","name":"UM e Caritas de Macau co-organizam sess\u00e3o de partilha de experi\u00eancias no combate \u00e0 COVID-19 | Universidade de Macau","isPartOf":{"@id":"https:\/\/www.um.edu.mo\/pt-pt\/#website"},"primaryImageOfPage":{"@id":"https:\/\/www.um.edu.mo\/pt-pt\/news-and-press-releases\/press-release\/detail\/55308\/#primaryimage"},"image":{"@id":"https:\/\/www.um.edu.mo\/pt-pt\/news-and-press-releases\/press-release\/detail\/55308\/#primaryimage"},"thumbnailUrl":"https:\/\/www.um.edu.mo\/wp-content\/uploads\/2023\/03\/294324-1.jpg","datePublished":"2023-03-16T11:01:00+00:00","dateModified":"2023-03-17T02:13:28+00:00","description":"Universidade de Macau: Uma universidade abrangente p\u00fablica de n\u00edvel internacional fundada em 1981","breadcrumb":{"@id":"https:\/\/www.um.edu.mo\/pt-pt\/news-and-press-releases\/press-release\/detail\/55308\/#breadcrumb"},"inLanguage":"pt-PT","potentialAction":[{"@type":"ReadAction","target":["https:\/\/www.um.edu.mo\/pt-pt\/news-and-press-releases\/press-release\/detail\/55308\/"]}]},{"@type":"ImageObject","inLanguage":"pt-PT","@id":"https:\/\/www.um.edu.mo\/pt-pt\/news-and-press-releases\/press-release\/detail\/55308\/#primaryimage","url":"https:\/\/www.um.edu.mo\/wp-content\/uploads\/2023\/03\/294324-1.jpg","contentUrl":"https:\/\/www.um.edu.mo\/wp-content\/uploads\/2023\/03\/294324-1.jpg","width":1237,"height":825},{"@type":"BreadcrumbList","@id":"https:\/\/www.um.edu.mo\/pt-pt\/news-and-press-releases\/press-release\/detail\/55308\/#breadcrumb","itemListElement":[{"@type":"ListItem","position":1,"name":"P\u00e1gina inicial","item":"https:\/\/www.um.edu.mo\/pt-pt\/"},{"@type":"ListItem","position":2,"name":"Not\u00edcias e Comunicados de Imprensa","item":"https:\/\/www.um.edu.mo\/pt-pt\/category\/news-and-press-releases\/"},{"@type":"ListItem","position":3,"name":"Comunicado de Imprensa","item":"https:\/\/www.um.edu.mo\/pt-pt\/category\/news-and-press-releases\/press-release\/"},{"@type":"ListItem","position":4,"name":"UM e Caritas de Macau co-organizam sess\u00e3o de partilha de experi\u00eancias no combate \u00e0 COVID-19"}]},{"@type":"WebSite","@id":"https:\/\/www.um.edu.mo\/pt-pt\/#website","url":"https:\/\/www.um.edu.mo\/pt-pt\/","name":"Universidade de Macau","description":"","publisher":{"@id":"https:\/\/www.um.edu.mo\/pt-pt\/#organization"},"potentialAction":[{"@type":"SearchAction","target":{"@type":"EntryPoint","urlTemplate":"https:\/\/www.um.edu.mo\/pt-pt\/?s={search_term_string}"},"query-input":{"@type":"PropertyValueSpecification","valueRequired":true,"valueName":"search_term_string"}}],"inLanguage":"pt-PT"},{"@type":"Organization","@id":"https:\/\/www.um.edu.mo\/pt-pt\/#organization","name":"University of Macau","url":"https:\/\/www.um.edu.mo\/pt-pt\/","logo":{"@type":"ImageObject","inLanguage":"pt-PT","@id":"https:\/\/www.um.edu.mo\/pt-pt\/#\/schema\/logo\/image\/","url":"https:\/\/www.um.edu.mo\/wp-content\/uploads\/2020\/09\/UM-Logo_V-Black.png","contentUrl":"https:\/\/www.um.edu.mo\/wp-content\/uploads\/2020\/09\/UM-Logo_V-Black.png","width":3508,"height":2785,"caption":"University of Macau"},"image":{"@id":"https:\/\/www.um.edu.mo\/pt-pt\/#\/schema\/logo\/image\/"},"sameAs":["https:\/\/www.facebook.com\/universityofmacau","https:\/\/x.com\/UM_1981"]},{"@type":"Person","@id":"https:\/\/www.um.edu.mo\/pt-pt\/#\/schema\/person\/bfdcd3a75d1b778a93663e5dee2e33bb","name":"web_admin","image":{"@type":"ImageObject","inLanguage":"pt-PT","@id":"https:\/\/www.um.edu.mo\/pt-pt\/#\/schema\/person\/image\/","url":"https:\/\/secure.gravatar.com\/avatar\/e230ccd9ba8eb5ce94ecf306e4a35399?s=96&d=mm&r=g","contentUrl":"https:\/\/secure.gravatar.com\/avatar\/e230ccd9ba8eb5ce94ecf306e4a35399?s=96&d=mm&r=g","caption":"web_admin"}}]}},"_links":{"self":[{"href":"https:\/\/www.um.edu.mo\/pt-pt\/wp-json\/wp\/v2\/posts\/294324","targetHints":{"allow":["GET"]}}],"collection":[{"href":"https:\/\/www.um.edu.mo\/pt-pt\/wp-json\/wp\/v2\/posts"}],"about":[{"href":"https:\/\/www.um.edu.mo\/pt-pt\/wp-json\/wp\/v2\/types\/post"}],"author":[{"embeddable":true,"href":"https:\/\/www.um.edu.mo\/pt-pt\/wp-json\/wp\/v2\/users\/1"}],"replies":[{"embeddable":true,"href":"https:\/\/www.um.edu.mo\/pt-pt\/wp-json\/wp\/v2\/comments?post=294324"}],"version-history":[{"count":2,"href":"https:\/\/www.um.edu.mo\/pt-pt\/wp-json\/wp\/v2\/posts\/294324\/revisions"}],"predecessor-version":[{"id":294351,"href":"https:\/\/www.um.edu.mo\/pt-pt\/wp-json\/wp\/v2\/posts\/294324\/revisions\/294351"}],"wp:featuredmedia":[{"embeddable":true,"href":"https:\/\/www.um.edu.mo\/pt-pt\/wp-json\/wp\/v2\/media\/294352"}],"wp:attachment":[{"href":"https:\/\/www.um.edu.mo\/pt-pt\/wp-json\/wp\/v2\/media?parent=294324"}],"wp:term":[{"taxonomy":"category","embeddable":true,"href":"https:\/\/www.um.edu.mo\/pt-pt\/wp-json\/wp\/v2\/categories?post=294324"},{"taxonomy":"post_tag","embeddable":true,"href":"https:\/\/www.um.edu.mo\/pt-pt\/wp-json\/wp\/v2\/tags?post=294324"}],"curies":[{"name":"wp","href":"https:\/\/api.w.org\/{rel}","templated":true}]}}