{"id":283696,"date":"2022-11-23T14:52:00","date_gmt":"2022-11-23T06:52:00","guid":{"rendered":"https:\/\/www.um.edu.mo\/news-and-press-releases\/press-release\/detail\/54678-2\/"},"modified":"2023-01-10T11:55:08","modified_gmt":"2023-01-10T03:55:08","slug":"54678","status":"publish","type":"post","link":"https:\/\/www.um.edu.mo\/pt-pt\/news-and-press-releases\/press-release\/detail\/54678\/","title":{"rendered":"UM realiza F\u00f3rum de Humanidades de Macau sobre representa\u00e7\u00e3o teatral entre g\u00e9neros"},"content":{"rendered":"\n                        \n                        <p>The University of Macau\n(UM) Faculty of Arts and Humanities (FAH) recently held the Macao Humanities\nForum. The event featured Sun Mei, professor of the Department of Chinese\nLiterature at Taiwan Central University, who delivered a lecture titled \u2018On\nCross-gender Performance\u2019. Involving both in-person and virtual elements, the\nlecture attracted nearly 200 participants, including faculty members and\nstudents of UM.<\/p><p>At the forum, Joaquim\nKuong, assistant dean of the FAH, introduced the different types of Chinese\nopera <i>Xiqu. <\/i>Afterwards, Xu Jie, dean of the FAH, shared with the\naudience Prof Sun&#8217;s rich academic experiences and achievements in the fields of\nChinese opera <i>Xiqu<\/i>, comparative theatre, and cross-cultural studies, as\nwell as his deep connection with UM. During the lecture, Prof Sun firstly\nexplained the definitions of cross-gender performance and <i>fanchuan<\/i> in\ntheatre. He then briefly discussed the influence of cross-gender performance on\nthe art of theatrical performance from various perspectives, such as costume,\nmake-up, performance, interaction between performers, and the relationship\nbetween performers and audience. In addition, Prof Sun discussed the\nsocio-historical reasons for the emergence of cross-gender performance by\nciting examples from traditional Japanese theatre, William Shakespeare\u2019s\nElizabethan play <i>The Merchant of Venice<\/i>, and the film <i>Shakespeare in\nLove<\/i>.<\/p><p>\n\n\n\n\n\n\n\n<\/p><p>After the lecture, UM faculty members and students, as well as online\nparticipants, had a discussion on the theme with Prof Sun. Held every academic\nyear, the forum aims to provide a platform for world-renowned scholars from\ndifferent humanities fields to share their latest research results with the UM\ncommunity and local teachers and students. This was the second lecture of the\nforum in the 2022\/2023 academic year.<\/p><p><\/p><table style=\"width: 44.7597%;height: 201px\"> <tbody> <tr style=\"height: 21px\"> <td style=\"height: 21px;width: 100.095%\" colspan=\"2\">Source:&nbsp;&nbsp;Faculty of Arts and Humanities<\/td> <\/tr> <tr style=\"height: 21px\"> <td style=\"height: 21px;width: 56.3278%;min-width: 120px\"> <\/td> <td style=\"height: 21px;width: 43.7669%\"> <\/td> <\/tr> <tr style=\"height: 21px\"> <td style=\"height: 21px;width: 100.095%\" colspan=\"2\">Media Contact Information:<\/td> <\/tr> <tr style=\"height: 21px\"> <td style=\"height: 12px;width: 100.095%\" colspan=\"2\">Communications Office, University of Macau<\/td> <\/tr> <tr style=\"height: 21px\"> <td style=\"height: 21px;width: 56.3278%;min-width: 120px\"> <\/td> <td style=\"height: 21px;width: 43.7669%\"> <\/td> <\/tr> <tr style=\"height: 21px\"> <td style=\"height: 21px;width: 56.3278%;min-width: 120px\">Albee Lei<\/td> <td style=\"height: 21px;width: 43.7669%\">Tel: (853) 8822 8004<\/td> <\/tr> <tr style=\"height: 21px\"> <td style=\"height: 21px;width: 56.3278%;min-width: 120px\">Cathy Cheang<\/td> <td style=\"height: 21px;width: 43.7669%\">Tel: (853) 8822 8009<\/td> <\/tr> <tr style=\"height: 21px\"> <td style=\"height: 21px;width: 56.3278%;min-width: 120px\">Email:<\/td> <td style=\"height: 21px;width: 43.7669%\"><a href=\"mailto:prs.media@um.edu.mo\">prs.media@um.edu.mo<\/a><\/td>\n<\/tr>\n<tr style=\"height: 21px\">\n<td style=\"height: 21px;width: 56.3278%;min-width: 120px\"> <\/td> <td style=\"height: 21px;width: 43.7669%\"> <\/td> <\/tr> <tr style=\"height: 21px\"> <td style=\"height: 21px;width: 56.3278%;min-width: 120px\"><\/td><td style=\"height: 21px;width: 43.7669%\"><\/td><\/tr>\n<\/tbody>\n<\/table>\n                        \n                        ","protected":false},"excerpt":{"rendered":"<p>The University of Macau (UM) Faculty of Arts and Humanities (FAH) recently held the Macao Humanities Forum. The event featured Sun Mei, professor of the Department of Chinese Literature at&#8230;<\/p>\n","protected":false},"author":1,"featured_media":288097,"comment_status":"closed","ping_status":"closed","sticky":false,"template":"","format":"standard","meta":{"_acf_changed":false,"footnotes":""},"categories":[60],"tags":[],"class_list":["post-283696","post","type-post","status-publish","format-standard","has-post-thumbnail","hentry","category-press-release"],"acf":[],"yoast_head":"<!-- This site is optimized with the Yoast SEO plugin v24.5 - https:\/\/yoast.com\/wordpress\/plugins\/seo\/ -->\n<title>UM realiza F\u00f3rum de Humanidades de Macau sobre representa\u00e7\u00e3o teatral entre g\u00e9neros | Universidade de Macau<\/title>\n<meta name=\"description\" content=\"Universidade de Macau: Uma universidade abrangente p\u00fablica de n\u00edvel internacional fundada em 1981\" \/>\n<meta name=\"robots\" content=\"index, follow, max-snippet:-1, max-image-preview:large, max-video-preview:-1\" \/>\n<link rel=\"canonical\" href=\"https:\/\/www.um.edu.mo\/pt-pt\/news-and-press-releases\/press-release\/detail\/54678\/\" \/>\n<meta property=\"og:locale\" content=\"pt_PT\" \/>\n<meta property=\"og:type\" content=\"article\" \/>\n<meta property=\"og:title\" content=\"UM realiza F\u00f3rum de Humanidades de Macau sobre representa\u00e7\u00e3o teatral entre g\u00e9neros | Universidade de Macau\" \/>\n<meta property=\"og:description\" content=\"Universidade de Macau: Uma universidade abrangente p\u00fablica de n\u00edvel internacional fundada em 1981\" \/>\n<meta property=\"og:url\" content=\"https:\/\/www.um.edu.mo\/pt-pt\/news-and-press-releases\/press-release\/detail\/54678\/\" \/>\n<meta property=\"og:site_name\" content=\"Universidade de Macau\" \/>\n<meta property=\"article:publisher\" content=\"https:\/\/www.facebook.com\/universityofmacau\" \/>\n<meta property=\"article:published_time\" content=\"2022-11-23T06:52:00+00:00\" \/>\n<meta property=\"article:modified_time\" content=\"2023-01-10T03:55:08+00:00\" \/>\n<meta property=\"og:image\" content=\"https:\/\/www.um.edu.mo\/wp-content\/uploads\/2023\/01\/283696-1-scaled.jpg\" \/>\n\t<meta property=\"og:image:width\" content=\"2560\" \/>\n\t<meta property=\"og:image:height\" content=\"1990\" \/>\n\t<meta property=\"og:image:type\" content=\"image\/jpeg\" \/>\n<meta name=\"author\" content=\"web_admin\" \/>\n<meta name=\"twitter:card\" content=\"summary_large_image\" \/>\n<meta name=\"twitter:creator\" content=\"@UM_1981\" \/>\n<meta name=\"twitter:site\" content=\"@UM_1981\" \/>\n<meta name=\"twitter:label1\" content=\"Escrito por\" \/>\n\t<meta name=\"twitter:data1\" content=\"web_admin\" \/>\n\t<meta name=\"twitter:label2\" content=\"Tempo estimado de leitura\" \/>\n\t<meta name=\"twitter:data2\" content=\"1 minuto\" \/>\n<script type=\"application\/ld+json\" class=\"yoast-schema-graph\">{\"@context\":\"https:\/\/schema.org\",\"@graph\":[{\"@type\":\"Article\",\"@id\":\"https:\/\/www.um.edu.mo\/pt-pt\/news-and-press-releases\/press-release\/detail\/54678\/#article\",\"isPartOf\":{\"@id\":\"https:\/\/www.um.edu.mo\/pt-pt\/news-and-press-releases\/press-release\/detail\/54678\/\"},\"author\":{\"name\":\"web_admin\",\"@id\":\"https:\/\/www.um.edu.mo\/pt-pt\/#\/schema\/person\/bfdcd3a75d1b778a93663e5dee2e33bb\"},\"headline\":\"UM realiza F\u00f3rum de Humanidades de Macau sobre representa\u00e7\u00e3o teatral entre g\u00e9neros\",\"datePublished\":\"2022-11-23T06:52:00+00:00\",\"dateModified\":\"2023-01-10T03:55:08+00:00\",\"mainEntityOfPage\":{\"@id\":\"https:\/\/www.um.edu.mo\/pt-pt\/news-and-press-releases\/press-release\/detail\/54678\/\"},\"wordCount\":310,\"publisher\":{\"@id\":\"https:\/\/www.um.edu.mo\/pt-pt\/#organization\"},\"image\":{\"@id\":\"https:\/\/www.um.edu.mo\/pt-pt\/news-and-press-releases\/press-release\/detail\/54678\/#primaryimage\"},\"thumbnailUrl\":\"https:\/\/www.um.edu.mo\/wp-content\/uploads\/2023\/01\/283696-1-scaled.jpg\",\"articleSection\":[\"Comunicado de Imprensa\"],\"inLanguage\":\"pt-PT\"},{\"@type\":\"WebPage\",\"@id\":\"https:\/\/www.um.edu.mo\/pt-pt\/news-and-press-releases\/press-release\/detail\/54678\/\",\"url\":\"https:\/\/www.um.edu.mo\/pt-pt\/news-and-press-releases\/press-release\/detail\/54678\/\",\"name\":\"UM realiza F\u00f3rum de Humanidades de Macau sobre representa\u00e7\u00e3o teatral entre g\u00e9neros | Universidade de Macau\",\"isPartOf\":{\"@id\":\"https:\/\/www.um.edu.mo\/pt-pt\/#website\"},\"primaryImageOfPage\":{\"@id\":\"https:\/\/www.um.edu.mo\/pt-pt\/news-and-press-releases\/press-release\/detail\/54678\/#primaryimage\"},\"image\":{\"@id\":\"https:\/\/www.um.edu.mo\/pt-pt\/news-and-press-releases\/press-release\/detail\/54678\/#primaryimage\"},\"thumbnailUrl\":\"https:\/\/www.um.edu.mo\/wp-content\/uploads\/2023\/01\/283696-1-scaled.jpg\",\"datePublished\":\"2022-11-23T06:52:00+00:00\",\"dateModified\":\"2023-01-10T03:55:08+00:00\",\"description\":\"Universidade de Macau: Uma universidade abrangente p\u00fablica de n\u00edvel internacional fundada em 1981\",\"breadcrumb\":{\"@id\":\"https:\/\/www.um.edu.mo\/pt-pt\/news-and-press-releases\/press-release\/detail\/54678\/#breadcrumb\"},\"inLanguage\":\"pt-PT\",\"potentialAction\":[{\"@type\":\"ReadAction\",\"target\":[\"https:\/\/www.um.edu.mo\/pt-pt\/news-and-press-releases\/press-release\/detail\/54678\/\"]}]},{\"@type\":\"ImageObject\",\"inLanguage\":\"pt-PT\",\"@id\":\"https:\/\/www.um.edu.mo\/pt-pt\/news-and-press-releases\/press-release\/detail\/54678\/#primaryimage\",\"url\":\"https:\/\/www.um.edu.mo\/wp-content\/uploads\/2023\/01\/283696-1-scaled.jpg\",\"contentUrl\":\"https:\/\/www.um.edu.mo\/wp-content\/uploads\/2023\/01\/283696-1-scaled.jpg\",\"width\":2560,\"height\":1990},{\"@type\":\"BreadcrumbList\",\"@id\":\"https:\/\/www.um.edu.mo\/pt-pt\/news-and-press-releases\/press-release\/detail\/54678\/#breadcrumb\",\"itemListElement\":[{\"@type\":\"ListItem\",\"position\":1,\"name\":\"P\u00e1gina inicial\",\"item\":\"https:\/\/www.um.edu.mo\/pt-pt\/\"},{\"@type\":\"ListItem\",\"position\":2,\"name\":\"Not\u00edcias e Comunicados de Imprensa\",\"item\":\"https:\/\/www.um.edu.mo\/pt-pt\/category\/news-and-press-releases\/\"},{\"@type\":\"ListItem\",\"position\":3,\"name\":\"Comunicado de Imprensa\",\"item\":\"https:\/\/www.um.edu.mo\/pt-pt\/category\/news-and-press-releases\/press-release\/\"},{\"@type\":\"ListItem\",\"position\":4,\"name\":\"UM realiza F\u00f3rum de Humanidades de Macau sobre representa\u00e7\u00e3o teatral entre g\u00e9neros\"}]},{\"@type\":\"WebSite\",\"@id\":\"https:\/\/www.um.edu.mo\/pt-pt\/#website\",\"url\":\"https:\/\/www.um.edu.mo\/pt-pt\/\",\"name\":\"Universidade de Macau\",\"description\":\"\",\"publisher\":{\"@id\":\"https:\/\/www.um.edu.mo\/pt-pt\/#organization\"},\"potentialAction\":[{\"@type\":\"SearchAction\",\"target\":{\"@type\":\"EntryPoint\",\"urlTemplate\":\"https:\/\/www.um.edu.mo\/pt-pt\/?s={search_term_string}\"},\"query-input\":{\"@type\":\"PropertyValueSpecification\",\"valueRequired\":true,\"valueName\":\"search_term_string\"}}],\"inLanguage\":\"pt-PT\"},{\"@type\":\"Organization\",\"@id\":\"https:\/\/www.um.edu.mo\/pt-pt\/#organization\",\"name\":\"University of Macau\",\"url\":\"https:\/\/www.um.edu.mo\/pt-pt\/\",\"logo\":{\"@type\":\"ImageObject\",\"inLanguage\":\"pt-PT\",\"@id\":\"https:\/\/www.um.edu.mo\/pt-pt\/#\/schema\/logo\/image\/\",\"url\":\"https:\/\/www.um.edu.mo\/wp-content\/uploads\/2020\/09\/UM-Logo_V-Black.png\",\"contentUrl\":\"https:\/\/www.um.edu.mo\/wp-content\/uploads\/2020\/09\/UM-Logo_V-Black.png\",\"width\":3508,\"height\":2785,\"caption\":\"University of Macau\"},\"image\":{\"@id\":\"https:\/\/www.um.edu.mo\/pt-pt\/#\/schema\/logo\/image\/\"},\"sameAs\":[\"https:\/\/www.facebook.com\/universityofmacau\",\"https:\/\/x.com\/UM_1981\"]},{\"@type\":\"Person\",\"@id\":\"https:\/\/www.um.edu.mo\/pt-pt\/#\/schema\/person\/bfdcd3a75d1b778a93663e5dee2e33bb\",\"name\":\"web_admin\",\"image\":{\"@type\":\"ImageObject\",\"inLanguage\":\"pt-PT\",\"@id\":\"https:\/\/www.um.edu.mo\/pt-pt\/#\/schema\/person\/image\/\",\"url\":\"https:\/\/secure.gravatar.com\/avatar\/e230ccd9ba8eb5ce94ecf306e4a35399?s=96&d=mm&r=g\",\"contentUrl\":\"https:\/\/secure.gravatar.com\/avatar\/e230ccd9ba8eb5ce94ecf306e4a35399?s=96&d=mm&r=g\",\"caption\":\"web_admin\"}}]}<\/script>\n<!-- \/ Yoast SEO plugin. -->","yoast_head_json":{"title":"UM realiza F\u00f3rum de Humanidades de Macau sobre representa\u00e7\u00e3o teatral entre g\u00e9neros | Universidade de Macau","description":"Universidade de Macau: Uma universidade abrangente p\u00fablica de n\u00edvel internacional fundada em 1981","robots":{"index":"index","follow":"follow","max-snippet":"max-snippet:-1","max-image-preview":"max-image-preview:large","max-video-preview":"max-video-preview:-1"},"canonical":"https:\/\/www.um.edu.mo\/pt-pt\/news-and-press-releases\/press-release\/detail\/54678\/","og_locale":"pt_PT","og_type":"article","og_title":"UM realiza F\u00f3rum de Humanidades de Macau sobre representa\u00e7\u00e3o teatral entre g\u00e9neros | Universidade de Macau","og_description":"Universidade de Macau: Uma universidade abrangente p\u00fablica de n\u00edvel internacional fundada em 1981","og_url":"https:\/\/www.um.edu.mo\/pt-pt\/news-and-press-releases\/press-release\/detail\/54678\/","og_site_name":"Universidade de Macau","article_publisher":"https:\/\/www.facebook.com\/universityofmacau","article_published_time":"2022-11-23T06:52:00+00:00","article_modified_time":"2023-01-10T03:55:08+00:00","og_image":[{"width":2560,"height":1990,"url":"https:\/\/www.um.edu.mo\/wp-content\/uploads\/2023\/01\/283696-1-scaled.jpg","type":"image\/jpeg"}],"author":"web_admin","twitter_card":"summary_large_image","twitter_creator":"@UM_1981","twitter_site":"@UM_1981","twitter_misc":{"Escrito por":"web_admin","Tempo estimado de leitura":"1 minuto"},"schema":{"@context":"https:\/\/schema.org","@graph":[{"@type":"Article","@id":"https:\/\/www.um.edu.mo\/pt-pt\/news-and-press-releases\/press-release\/detail\/54678\/#article","isPartOf":{"@id":"https:\/\/www.um.edu.mo\/pt-pt\/news-and-press-releases\/press-release\/detail\/54678\/"},"author":{"name":"web_admin","@id":"https:\/\/www.um.edu.mo\/pt-pt\/#\/schema\/person\/bfdcd3a75d1b778a93663e5dee2e33bb"},"headline":"UM realiza F\u00f3rum de Humanidades de Macau sobre representa\u00e7\u00e3o teatral entre g\u00e9neros","datePublished":"2022-11-23T06:52:00+00:00","dateModified":"2023-01-10T03:55:08+00:00","mainEntityOfPage":{"@id":"https:\/\/www.um.edu.mo\/pt-pt\/news-and-press-releases\/press-release\/detail\/54678\/"},"wordCount":310,"publisher":{"@id":"https:\/\/www.um.edu.mo\/pt-pt\/#organization"},"image":{"@id":"https:\/\/www.um.edu.mo\/pt-pt\/news-and-press-releases\/press-release\/detail\/54678\/#primaryimage"},"thumbnailUrl":"https:\/\/www.um.edu.mo\/wp-content\/uploads\/2023\/01\/283696-1-scaled.jpg","articleSection":["Comunicado de Imprensa"],"inLanguage":"pt-PT"},{"@type":"WebPage","@id":"https:\/\/www.um.edu.mo\/pt-pt\/news-and-press-releases\/press-release\/detail\/54678\/","url":"https:\/\/www.um.edu.mo\/pt-pt\/news-and-press-releases\/press-release\/detail\/54678\/","name":"UM realiza F\u00f3rum de Humanidades de Macau sobre representa\u00e7\u00e3o teatral entre g\u00e9neros | Universidade de Macau","isPartOf":{"@id":"https:\/\/www.um.edu.mo\/pt-pt\/#website"},"primaryImageOfPage":{"@id":"https:\/\/www.um.edu.mo\/pt-pt\/news-and-press-releases\/press-release\/detail\/54678\/#primaryimage"},"image":{"@id":"https:\/\/www.um.edu.mo\/pt-pt\/news-and-press-releases\/press-release\/detail\/54678\/#primaryimage"},"thumbnailUrl":"https:\/\/www.um.edu.mo\/wp-content\/uploads\/2023\/01\/283696-1-scaled.jpg","datePublished":"2022-11-23T06:52:00+00:00","dateModified":"2023-01-10T03:55:08+00:00","description":"Universidade de Macau: Uma universidade abrangente p\u00fablica de n\u00edvel internacional fundada em 1981","breadcrumb":{"@id":"https:\/\/www.um.edu.mo\/pt-pt\/news-and-press-releases\/press-release\/detail\/54678\/#breadcrumb"},"inLanguage":"pt-PT","potentialAction":[{"@type":"ReadAction","target":["https:\/\/www.um.edu.mo\/pt-pt\/news-and-press-releases\/press-release\/detail\/54678\/"]}]},{"@type":"ImageObject","inLanguage":"pt-PT","@id":"https:\/\/www.um.edu.mo\/pt-pt\/news-and-press-releases\/press-release\/detail\/54678\/#primaryimage","url":"https:\/\/www.um.edu.mo\/wp-content\/uploads\/2023\/01\/283696-1-scaled.jpg","contentUrl":"https:\/\/www.um.edu.mo\/wp-content\/uploads\/2023\/01\/283696-1-scaled.jpg","width":2560,"height":1990},{"@type":"BreadcrumbList","@id":"https:\/\/www.um.edu.mo\/pt-pt\/news-and-press-releases\/press-release\/detail\/54678\/#breadcrumb","itemListElement":[{"@type":"ListItem","position":1,"name":"P\u00e1gina inicial","item":"https:\/\/www.um.edu.mo\/pt-pt\/"},{"@type":"ListItem","position":2,"name":"Not\u00edcias e Comunicados de Imprensa","item":"https:\/\/www.um.edu.mo\/pt-pt\/category\/news-and-press-releases\/"},{"@type":"ListItem","position":3,"name":"Comunicado de Imprensa","item":"https:\/\/www.um.edu.mo\/pt-pt\/category\/news-and-press-releases\/press-release\/"},{"@type":"ListItem","position":4,"name":"UM realiza F\u00f3rum de Humanidades de Macau sobre representa\u00e7\u00e3o teatral entre g\u00e9neros"}]},{"@type":"WebSite","@id":"https:\/\/www.um.edu.mo\/pt-pt\/#website","url":"https:\/\/www.um.edu.mo\/pt-pt\/","name":"Universidade de Macau","description":"","publisher":{"@id":"https:\/\/www.um.edu.mo\/pt-pt\/#organization"},"potentialAction":[{"@type":"SearchAction","target":{"@type":"EntryPoint","urlTemplate":"https:\/\/www.um.edu.mo\/pt-pt\/?s={search_term_string}"},"query-input":{"@type":"PropertyValueSpecification","valueRequired":true,"valueName":"search_term_string"}}],"inLanguage":"pt-PT"},{"@type":"Organization","@id":"https:\/\/www.um.edu.mo\/pt-pt\/#organization","name":"University of Macau","url":"https:\/\/www.um.edu.mo\/pt-pt\/","logo":{"@type":"ImageObject","inLanguage":"pt-PT","@id":"https:\/\/www.um.edu.mo\/pt-pt\/#\/schema\/logo\/image\/","url":"https:\/\/www.um.edu.mo\/wp-content\/uploads\/2020\/09\/UM-Logo_V-Black.png","contentUrl":"https:\/\/www.um.edu.mo\/wp-content\/uploads\/2020\/09\/UM-Logo_V-Black.png","width":3508,"height":2785,"caption":"University of Macau"},"image":{"@id":"https:\/\/www.um.edu.mo\/pt-pt\/#\/schema\/logo\/image\/"},"sameAs":["https:\/\/www.facebook.com\/universityofmacau","https:\/\/x.com\/UM_1981"]},{"@type":"Person","@id":"https:\/\/www.um.edu.mo\/pt-pt\/#\/schema\/person\/bfdcd3a75d1b778a93663e5dee2e33bb","name":"web_admin","image":{"@type":"ImageObject","inLanguage":"pt-PT","@id":"https:\/\/www.um.edu.mo\/pt-pt\/#\/schema\/person\/image\/","url":"https:\/\/secure.gravatar.com\/avatar\/e230ccd9ba8eb5ce94ecf306e4a35399?s=96&d=mm&r=g","contentUrl":"https:\/\/secure.gravatar.com\/avatar\/e230ccd9ba8eb5ce94ecf306e4a35399?s=96&d=mm&r=g","caption":"web_admin"}}]}},"_links":{"self":[{"href":"https:\/\/www.um.edu.mo\/pt-pt\/wp-json\/wp\/v2\/posts\/283696","targetHints":{"allow":["GET"]}}],"collection":[{"href":"https:\/\/www.um.edu.mo\/pt-pt\/wp-json\/wp\/v2\/posts"}],"about":[{"href":"https:\/\/www.um.edu.mo\/pt-pt\/wp-json\/wp\/v2\/types\/post"}],"author":[{"embeddable":true,"href":"https:\/\/www.um.edu.mo\/pt-pt\/wp-json\/wp\/v2\/users\/1"}],"replies":[{"embeddable":true,"href":"https:\/\/www.um.edu.mo\/pt-pt\/wp-json\/wp\/v2\/comments?post=283696"}],"version-history":[{"count":1,"href":"https:\/\/www.um.edu.mo\/pt-pt\/wp-json\/wp\/v2\/posts\/283696\/revisions"}],"predecessor-version":[{"id":288096,"href":"https:\/\/www.um.edu.mo\/pt-pt\/wp-json\/wp\/v2\/posts\/283696\/revisions\/288096"}],"wp:featuredmedia":[{"embeddable":true,"href":"https:\/\/www.um.edu.mo\/pt-pt\/wp-json\/wp\/v2\/media\/288097"}],"wp:attachment":[{"href":"https:\/\/www.um.edu.mo\/pt-pt\/wp-json\/wp\/v2\/media?parent=283696"}],"wp:term":[{"taxonomy":"category","embeddable":true,"href":"https:\/\/www.um.edu.mo\/pt-pt\/wp-json\/wp\/v2\/categories?post=283696"},{"taxonomy":"post_tag","embeddable":true,"href":"https:\/\/www.um.edu.mo\/pt-pt\/wp-json\/wp\/v2\/tags?post=283696"}],"curies":[{"name":"wp","href":"https:\/\/api.w.org\/{rel}","templated":true}]}}