{"id":249297,"date":"2021-09-23T18:09:00","date_gmt":"2021-09-23T10:09:00","guid":{"rendered":"https:\/\/www.um.edu.mo\/news-and-press-releases\/press-release\/detail\/52543-2\/"},"modified":"2021-09-23T18:09:00","modified_gmt":"2021-09-23T10:09:00","slug":"52543","status":"publish","type":"post","link":"https:\/\/www.um.edu.mo\/pt-pt\/news-and-press-releases\/press-release\/detail\/52543\/","title":{"rendered":"UM organizou online reuni\u00e3o anual da AULP"},"content":{"rendered":"\n                        \n                        <p>A Universidade de Macau (UM) organizou online a 30.\u00aa reuni\u00e3o anual da Associa\u00e7\u00e3o das Universidades de L\u00edngua Portuguesa (AULP), cujo tema foi o \u201cDi\u00e1logo de Culturas e Promo\u00e7\u00e3o do Ensino da L\u00edngua Portuguesa na China\u201d. A reuni\u00e3o contou com a presen\u00e7a de membros do Conselho Executivo da AULP e de representantes de Universidades de L\u00edngua Portuguesa, provenientes de Macau e de oito pa\u00edses. Al\u00e9m disso, na mesma ocasi\u00e3o, o Prof. Dr. Rui Martins foi nomeado membro honor\u00e1rio da AULP, pela sua dedica\u00e7\u00e3o significativa \u00e0 Associa\u00e7\u00e3o ao longo dos anos.<\/p><p>Esta foi a sexta edi\u00e7\u00e3o da reuni\u00e3o anual da AULP realizada em Macau. V\u00e1rias sess\u00f5es, incluindo a Assembleia Geral, a reuni\u00e3o do Conselho Executivo e sess\u00f5es de esclarecimento abertas, tiveram lugar durante os dois dias da reuni\u00e3o anual. Na Assembleia Geral, mais de 50 membros da AULP elegeram a Universidade de Coimbra como a pr\u00f3xima Presidente da Associa\u00e7\u00e3o para o mandato 2021-2024, enquanto a Universidade de Macau ir\u00e1 ocupar uma das Vice-Presid\u00eancias. Os membros da AULP tamb\u00e9m teceram elogios sobre a qualidade da reuni\u00e3o anual virtual deste ano, bem como os esfor\u00e7os envidados pela UM na organiza\u00e7\u00e3o da reuni\u00e3o em circunst\u00e2ncias t\u00e3o complexas. Adicionalmente, o presidente da AULP (tamb\u00e9m o reitor da Universidade Mandume Ya Ndemufayo), Prof. Dr. Orlando da Mata, nomeou o Prof. Dr. Rui Martins como membro honor\u00e1rio da Associa\u00e7\u00e3o, para reconhecer os seus contributos consider\u00e1veis e de longa data para a organiza\u00e7\u00e3o. Al\u00e9m disso, os membros da AULP decidiram que a 31.\u00aa reuni\u00e3o anual em 2022 se realizaria na Universidade de Coimbra, Portugal.<\/p><p>Numa das sess\u00f5es, o Prof. Dr. Rui Martins anunciou que a UM e o Instituto para o Desenvolvimento e Qualidade, Macau (IDQ-Macau) tinham desenvolvido e doado, em Outubro de 2020, prot\u00f3tipos de ventilador, de baixo custo e de alta qualidade, \u00e0 Universidade Mandume Ya Ndemufayo, Angola e \u00e0 Universidade Pedag\u00f3gica de Maputo, Mo\u00e7ambique. Esta iniciativa teve como objectivos apoiar Angola e Mo\u00e7ambique no combate contra a pandemia e promover a transfer\u00eancia de tecnologia e a coopera\u00e7\u00e3o a longo prazo entre as institui\u00e7\u00f5es dos Pa\u00edses de L\u00edngua Portuguesa (PLP). Os dois ventiladores obtiveram certifica\u00e7\u00e3o industrial e m\u00e9dica em ambos os pa\u00edses, estando em progresso o estudo sobre a possibilidade da produ\u00e7\u00e3o em massa desse equipamento.&nbsp;<\/p><p>Numa outra sess\u00e3o, o Prof. Dr. Rui Martins apresentou dois livros comemorativos escritos por acad\u00e9micos da UM, a saber: \u201cRecuperar Macau: A Sobrevida das Letras em Portugu\u00eas na Cidade Chinesa de Macau\u201d pela Prof.\u00aa Dr.\u00aa Fernanda Costa e \u201cFontes Hist\u00f3ricas sobre Macau no Arquivo Hist\u00f3rico de Goa. S\u00e9culos XVI a XIX: Um Cat\u00e1logo\u201d pelo Prof. Dr. Ant\u00f3nio Saldanha. Adicionalmente, na sess\u00e3o final, membros do Secretariado da AULP em Lisboa apresentaram o Programa Mobilidade AULP, que tem atra\u00eddo centenas de estudantes dos PLP para realizarem mobilidade acad\u00e9mica em universidades-membro da Associa\u00e7\u00e3o.<\/p><p>Enfrentando os desafios e dificuldades decorrentes da pandemia, os membros da AULP t\u00eam vindo a trabalhar estreitamente atrav\u00e9s de v\u00e1rias iniciativas e projectos. Como no presente ano se comemora o 40.\u00ba anivers\u00e1rio da UM, por iniciativa desta Universidade, foi criada a \u201cAlian\u00e7a Bibliotec\u00e1ria Acad\u00e9mica entre a Regi\u00e3o Administrativa Especial de Macau (China) e os Pa\u00edses de L\u00edngua Portuguesa\u201d (ABAMAPLP), por 20 universidades e institui\u00e7\u00f5es acad\u00e9micas de renome de Macau e dos PLP. A alian\u00e7a servir\u00e1 de plataforma para o interc\u00e2mbio acad\u00e9mico entre a China e os PLP, por interm\u00e9dio de Macau, e promover\u00e1 a partilha de recursos pedag\u00f3gicos em l\u00edngua portuguesa e a forma\u00e7\u00e3o de quadros profissionais bilingues chin\u00eas-portugu\u00eas.<\/p><p>A AULP \u00e9 uma organiza\u00e7\u00e3o acad\u00e9mica internacional, com mais de 200 membros de Portugal, Brasil, Angola, Mo\u00e7ambique, S\u00e3o Tom\u00e9 e Pr\u00edncipe, Cabo Verde, Guin\u00e9-Bissau, Timor-Leste e Macau, tendo como miss\u00e3o promover a coopera\u00e7\u00e3o e o interc\u00e2mbio de informa\u00e7\u00f5es entre os seus membros, e o desenvolvimento, a n\u00edvel mundial, da educa\u00e7\u00e3o e da l\u00edngua portuguesa. Presentemente, a Associa\u00e7\u00e3o tem sete institui\u00e7\u00f5es-membro de Macau: a UM, o Instituto Polit\u00e9cnico de Macau, o Instituto de Forma\u00e7\u00e3o Tur\u00edstica de Macau, a Universidade de S\u00e3o Jos\u00e9, a Universidade da Cidade de Macau, o Instituto Internacional de Macau e o Instituto de Estudos Europeus de Macau.<\/p><div><\/div><div><table style=\"width: 441.328px;height: 201px\"><tbody><tr style=\"height: 21px\"><td colspan=\"2\" style=\"height: 21px;width: 435.328px\">Source: UM Library<\/td><\/tr><tr style=\"height: 21px\"><td style=\"height: 21px;width: 243.203px;min-width: 120px\"><\/td><td style=\"height: 21px;width: 188.125px\"><\/td><\/tr><tr style=\"height: 21px\"><td colspan=\"2\" style=\"height: 21px;width: 435.328px\">Media Contact Information:<\/td><\/tr><tr style=\"height: 21px\"><td colspan=\"2\" style=\"height: 12px;width: 435.328px\">Communications Office, University of Macau<\/td><\/tr><tr style=\"height: 21px\"><td style=\"height: 21px;width: 243.203px;min-width: 120px\"><\/td><td style=\"height: 21px;width: 188.125px\"><\/td><\/tr><tr style=\"height: 21px\"><td style=\"height: 21px;width: 243.203px;min-width: 120px\">Albee Lei<\/td><td style=\"height: 21px;width: 188.125px\">Tel: (853) 8822 8004<\/td><\/tr><tr style=\"height: 21px\"><td style=\"height: 21px;width: 243.203px;min-width: 120px\">Judite Lam<\/td><td style=\"height: 21px;width: 188.125px\">Tel: (853) 8822 8022<\/td><\/tr><tr style=\"height: 21px\"><td style=\"height: 21px;width: 243.203px;min-width: 120px\">Email:<\/td><td style=\"height: 21px;width: 188.125px\"><a href=\"mailto:prs.media@um.edu.mo\">prs.media@um.edu.mo<\/a><\/td><\/tr><tr style=\"height: 21px\"><td style=\"height: 21px;width: 243.203px;min-width: 120px\"><\/td><td style=\"height: 21px;width: 188.125px\"><\/td><\/tr><tr style=\"height: 21px\"><td style=\"height: 21px;width: 243.203px;min-width: 120px\">UM 40th<\/td><td style=\"height: 21px;width: 188.125px\"><\/td><\/tr><tr style=\"height: 21px\"><td style=\"height: 21px;width: 243.203px;min-width: 120px\">anniversary website:<\/td><td style=\"height: 21px;width: 188.125px\"><a href=\"https:\/\/40.um.edu.mo\/\">40.um.edu.mo<\/a><\/td><\/tr><tr style=\"height: 21px\"><td style=\"height: 21px;width: 243.203px;min-width: 120px\">UM Website:<\/td><td style=\"height: 21px;width: 188.125px\"><a href=\"https:\/\/www.um.edu.mo\/\">www.um.edu.mo<\/a><\/td><\/tr><\/tbody><\/table><\/div><p><\/p>\n                        \n                        ","protected":false},"excerpt":{"rendered":"<p>A Universidade de Macau (UM) organizou online a 30.\u00aa reuni\u00e3o anual da Associa\u00e7\u00e3o das Universidades de L\u00edngua Portuguesa (AULP), cujo tema foi o \u201cDi\u00e1logo de Culturas e Promo\u00e7\u00e3o do Ensino&#8230;<\/p>\n","protected":false},"author":1,"featured_media":249298,"comment_status":"closed","ping_status":"closed","sticky":false,"template":"","format":"standard","meta":{"_acf_changed":false,"footnotes":""},"categories":[60],"tags":[],"class_list":["post-249297","post","type-post","status-publish","format-standard","has-post-thumbnail","hentry","category-press-release"],"acf":[],"yoast_head":"<!-- This site is optimized with the Yoast SEO plugin v24.5 - https:\/\/yoast.com\/wordpress\/plugins\/seo\/ -->\n<title>UM organizou online reuni\u00e3o anual da AULP | Universidade de Macau<\/title>\n<meta name=\"description\" content=\"Universidade de Macau: Uma universidade abrangente p\u00fablica de n\u00edvel internacional fundada em 1981\" \/>\n<meta name=\"robots\" content=\"index, follow, max-snippet:-1, max-image-preview:large, max-video-preview:-1\" \/>\n<link rel=\"canonical\" href=\"https:\/\/www.um.edu.mo\/pt-pt\/news-and-press-releases\/press-release\/detail\/52543\/\" \/>\n<meta property=\"og:locale\" content=\"pt_PT\" \/>\n<meta property=\"og:type\" content=\"article\" \/>\n<meta property=\"og:title\" content=\"UM organizou online reuni\u00e3o anual da AULP | Universidade de Macau\" \/>\n<meta property=\"og:description\" content=\"Universidade de Macau: Uma universidade abrangente p\u00fablica de n\u00edvel internacional fundada em 1981\" \/>\n<meta property=\"og:url\" content=\"https:\/\/www.um.edu.mo\/pt-pt\/news-and-press-releases\/press-release\/detail\/52543\/\" \/>\n<meta property=\"og:site_name\" content=\"Universidade de Macau\" \/>\n<meta property=\"article:publisher\" content=\"https:\/\/www.facebook.com\/universityofmacau\" \/>\n<meta property=\"article:published_time\" content=\"2021-09-23T10:09:00+00:00\" \/>\n<meta property=\"og:image\" content=\"https:\/\/www.um.edu.mo\/wp-content\/uploads\/2021\/09\/249297-1.jpg\" \/>\n\t<meta property=\"og:image:width\" content=\"1651\" \/>\n\t<meta property=\"og:image:height\" content=\"765\" \/>\n\t<meta property=\"og:image:type\" content=\"image\/jpeg\" \/>\n<meta name=\"author\" content=\"web_admin\" \/>\n<meta name=\"twitter:card\" content=\"summary_large_image\" \/>\n<meta name=\"twitter:creator\" content=\"@UM_1981\" \/>\n<meta name=\"twitter:site\" content=\"@UM_1981\" \/>\n<meta name=\"twitter:label1\" content=\"Escrito por\" \/>\n\t<meta name=\"twitter:data1\" content=\"web_admin\" \/>\n\t<meta name=\"twitter:label2\" content=\"Tempo estimado de leitura\" \/>\n\t<meta name=\"twitter:data2\" content=\"4 minutos\" \/>\n<script type=\"application\/ld+json\" class=\"yoast-schema-graph\">{\"@context\":\"https:\/\/schema.org\",\"@graph\":[{\"@type\":\"Article\",\"@id\":\"https:\/\/www.um.edu.mo\/pt-pt\/news-and-press-releases\/press-release\/detail\/52543\/#article\",\"isPartOf\":{\"@id\":\"https:\/\/www.um.edu.mo\/pt-pt\/news-and-press-releases\/press-release\/detail\/52543\/\"},\"author\":{\"name\":\"web_admin\",\"@id\":\"https:\/\/www.um.edu.mo\/pt-pt\/#\/schema\/person\/bfdcd3a75d1b778a93663e5dee2e33bb\"},\"headline\":\"UM organizou online reuni\u00e3o anual da AULP\",\"datePublished\":\"2021-09-23T10:09:00+00:00\",\"mainEntityOfPage\":{\"@id\":\"https:\/\/www.um.edu.mo\/pt-pt\/news-and-press-releases\/press-release\/detail\/52543\/\"},\"wordCount\":806,\"publisher\":{\"@id\":\"https:\/\/www.um.edu.mo\/pt-pt\/#organization\"},\"image\":{\"@id\":\"https:\/\/www.um.edu.mo\/pt-pt\/news-and-press-releases\/press-release\/detail\/52543\/#primaryimage\"},\"thumbnailUrl\":\"https:\/\/www.um.edu.mo\/wp-content\/uploads\/2021\/09\/249297-1.jpg\",\"articleSection\":[\"Comunicado de Imprensa\"],\"inLanguage\":\"pt-PT\"},{\"@type\":\"WebPage\",\"@id\":\"https:\/\/www.um.edu.mo\/pt-pt\/news-and-press-releases\/press-release\/detail\/52543\/\",\"url\":\"https:\/\/www.um.edu.mo\/pt-pt\/news-and-press-releases\/press-release\/detail\/52543\/\",\"name\":\"UM organizou online reuni\u00e3o anual da AULP | Universidade de Macau\",\"isPartOf\":{\"@id\":\"https:\/\/www.um.edu.mo\/pt-pt\/#website\"},\"primaryImageOfPage\":{\"@id\":\"https:\/\/www.um.edu.mo\/pt-pt\/news-and-press-releases\/press-release\/detail\/52543\/#primaryimage\"},\"image\":{\"@id\":\"https:\/\/www.um.edu.mo\/pt-pt\/news-and-press-releases\/press-release\/detail\/52543\/#primaryimage\"},\"thumbnailUrl\":\"https:\/\/www.um.edu.mo\/wp-content\/uploads\/2021\/09\/249297-1.jpg\",\"datePublished\":\"2021-09-23T10:09:00+00:00\",\"description\":\"Universidade de Macau: Uma universidade abrangente p\u00fablica de n\u00edvel internacional fundada em 1981\",\"breadcrumb\":{\"@id\":\"https:\/\/www.um.edu.mo\/pt-pt\/news-and-press-releases\/press-release\/detail\/52543\/#breadcrumb\"},\"inLanguage\":\"pt-PT\",\"potentialAction\":[{\"@type\":\"ReadAction\",\"target\":[\"https:\/\/www.um.edu.mo\/pt-pt\/news-and-press-releases\/press-release\/detail\/52543\/\"]}]},{\"@type\":\"ImageObject\",\"inLanguage\":\"pt-PT\",\"@id\":\"https:\/\/www.um.edu.mo\/pt-pt\/news-and-press-releases\/press-release\/detail\/52543\/#primaryimage\",\"url\":\"https:\/\/www.um.edu.mo\/wp-content\/uploads\/2021\/09\/249297-1.jpg\",\"contentUrl\":\"https:\/\/www.um.edu.mo\/wp-content\/uploads\/2021\/09\/249297-1.jpg\",\"width\":1651,\"height\":765},{\"@type\":\"BreadcrumbList\",\"@id\":\"https:\/\/www.um.edu.mo\/pt-pt\/news-and-press-releases\/press-release\/detail\/52543\/#breadcrumb\",\"itemListElement\":[{\"@type\":\"ListItem\",\"position\":1,\"name\":\"P\u00e1gina inicial\",\"item\":\"https:\/\/www.um.edu.mo\/pt-pt\/\"},{\"@type\":\"ListItem\",\"position\":2,\"name\":\"Not\u00edcias e Comunicados de Imprensa\",\"item\":\"https:\/\/www.um.edu.mo\/pt-pt\/category\/news-and-press-releases\/\"},{\"@type\":\"ListItem\",\"position\":3,\"name\":\"Comunicado de Imprensa\",\"item\":\"https:\/\/www.um.edu.mo\/pt-pt\/category\/news-and-press-releases\/press-release\/\"},{\"@type\":\"ListItem\",\"position\":4,\"name\":\"UM organizou online reuni\u00e3o anual da AULP\"}]},{\"@type\":\"WebSite\",\"@id\":\"https:\/\/www.um.edu.mo\/pt-pt\/#website\",\"url\":\"https:\/\/www.um.edu.mo\/pt-pt\/\",\"name\":\"Universidade de Macau\",\"description\":\"\",\"publisher\":{\"@id\":\"https:\/\/www.um.edu.mo\/pt-pt\/#organization\"},\"potentialAction\":[{\"@type\":\"SearchAction\",\"target\":{\"@type\":\"EntryPoint\",\"urlTemplate\":\"https:\/\/www.um.edu.mo\/pt-pt\/?s={search_term_string}\"},\"query-input\":{\"@type\":\"PropertyValueSpecification\",\"valueRequired\":true,\"valueName\":\"search_term_string\"}}],\"inLanguage\":\"pt-PT\"},{\"@type\":\"Organization\",\"@id\":\"https:\/\/www.um.edu.mo\/pt-pt\/#organization\",\"name\":\"University of Macau\",\"url\":\"https:\/\/www.um.edu.mo\/pt-pt\/\",\"logo\":{\"@type\":\"ImageObject\",\"inLanguage\":\"pt-PT\",\"@id\":\"https:\/\/www.um.edu.mo\/pt-pt\/#\/schema\/logo\/image\/\",\"url\":\"https:\/\/www.um.edu.mo\/wp-content\/uploads\/2020\/09\/UM-Logo_V-Black.png\",\"contentUrl\":\"https:\/\/www.um.edu.mo\/wp-content\/uploads\/2020\/09\/UM-Logo_V-Black.png\",\"width\":3508,\"height\":2785,\"caption\":\"University of Macau\"},\"image\":{\"@id\":\"https:\/\/www.um.edu.mo\/pt-pt\/#\/schema\/logo\/image\/\"},\"sameAs\":[\"https:\/\/www.facebook.com\/universityofmacau\",\"https:\/\/x.com\/UM_1981\"]},{\"@type\":\"Person\",\"@id\":\"https:\/\/www.um.edu.mo\/pt-pt\/#\/schema\/person\/bfdcd3a75d1b778a93663e5dee2e33bb\",\"name\":\"web_admin\",\"image\":{\"@type\":\"ImageObject\",\"inLanguage\":\"pt-PT\",\"@id\":\"https:\/\/www.um.edu.mo\/pt-pt\/#\/schema\/person\/image\/\",\"url\":\"https:\/\/secure.gravatar.com\/avatar\/e230ccd9ba8eb5ce94ecf306e4a35399?s=96&d=mm&r=g\",\"contentUrl\":\"https:\/\/secure.gravatar.com\/avatar\/e230ccd9ba8eb5ce94ecf306e4a35399?s=96&d=mm&r=g\",\"caption\":\"web_admin\"}}]}<\/script>\n<!-- \/ Yoast SEO plugin. -->","yoast_head_json":{"title":"UM organizou online reuni\u00e3o anual da AULP | Universidade de Macau","description":"Universidade de Macau: Uma universidade abrangente p\u00fablica de n\u00edvel internacional fundada em 1981","robots":{"index":"index","follow":"follow","max-snippet":"max-snippet:-1","max-image-preview":"max-image-preview:large","max-video-preview":"max-video-preview:-1"},"canonical":"https:\/\/www.um.edu.mo\/pt-pt\/news-and-press-releases\/press-release\/detail\/52543\/","og_locale":"pt_PT","og_type":"article","og_title":"UM organizou online reuni\u00e3o anual da AULP | Universidade de Macau","og_description":"Universidade de Macau: Uma universidade abrangente p\u00fablica de n\u00edvel internacional fundada em 1981","og_url":"https:\/\/www.um.edu.mo\/pt-pt\/news-and-press-releases\/press-release\/detail\/52543\/","og_site_name":"Universidade de Macau","article_publisher":"https:\/\/www.facebook.com\/universityofmacau","article_published_time":"2021-09-23T10:09:00+00:00","og_image":[{"width":1651,"height":765,"url":"https:\/\/www.um.edu.mo\/wp-content\/uploads\/2021\/09\/249297-1.jpg","type":"image\/jpeg"}],"author":"web_admin","twitter_card":"summary_large_image","twitter_creator":"@UM_1981","twitter_site":"@UM_1981","twitter_misc":{"Escrito por":"web_admin","Tempo estimado de leitura":"4 minutos"},"schema":{"@context":"https:\/\/schema.org","@graph":[{"@type":"Article","@id":"https:\/\/www.um.edu.mo\/pt-pt\/news-and-press-releases\/press-release\/detail\/52543\/#article","isPartOf":{"@id":"https:\/\/www.um.edu.mo\/pt-pt\/news-and-press-releases\/press-release\/detail\/52543\/"},"author":{"name":"web_admin","@id":"https:\/\/www.um.edu.mo\/pt-pt\/#\/schema\/person\/bfdcd3a75d1b778a93663e5dee2e33bb"},"headline":"UM organizou online reuni\u00e3o anual da AULP","datePublished":"2021-09-23T10:09:00+00:00","mainEntityOfPage":{"@id":"https:\/\/www.um.edu.mo\/pt-pt\/news-and-press-releases\/press-release\/detail\/52543\/"},"wordCount":806,"publisher":{"@id":"https:\/\/www.um.edu.mo\/pt-pt\/#organization"},"image":{"@id":"https:\/\/www.um.edu.mo\/pt-pt\/news-and-press-releases\/press-release\/detail\/52543\/#primaryimage"},"thumbnailUrl":"https:\/\/www.um.edu.mo\/wp-content\/uploads\/2021\/09\/249297-1.jpg","articleSection":["Comunicado de Imprensa"],"inLanguage":"pt-PT"},{"@type":"WebPage","@id":"https:\/\/www.um.edu.mo\/pt-pt\/news-and-press-releases\/press-release\/detail\/52543\/","url":"https:\/\/www.um.edu.mo\/pt-pt\/news-and-press-releases\/press-release\/detail\/52543\/","name":"UM organizou online reuni\u00e3o anual da AULP | Universidade de Macau","isPartOf":{"@id":"https:\/\/www.um.edu.mo\/pt-pt\/#website"},"primaryImageOfPage":{"@id":"https:\/\/www.um.edu.mo\/pt-pt\/news-and-press-releases\/press-release\/detail\/52543\/#primaryimage"},"image":{"@id":"https:\/\/www.um.edu.mo\/pt-pt\/news-and-press-releases\/press-release\/detail\/52543\/#primaryimage"},"thumbnailUrl":"https:\/\/www.um.edu.mo\/wp-content\/uploads\/2021\/09\/249297-1.jpg","datePublished":"2021-09-23T10:09:00+00:00","description":"Universidade de Macau: Uma universidade abrangente p\u00fablica de n\u00edvel internacional fundada em 1981","breadcrumb":{"@id":"https:\/\/www.um.edu.mo\/pt-pt\/news-and-press-releases\/press-release\/detail\/52543\/#breadcrumb"},"inLanguage":"pt-PT","potentialAction":[{"@type":"ReadAction","target":["https:\/\/www.um.edu.mo\/pt-pt\/news-and-press-releases\/press-release\/detail\/52543\/"]}]},{"@type":"ImageObject","inLanguage":"pt-PT","@id":"https:\/\/www.um.edu.mo\/pt-pt\/news-and-press-releases\/press-release\/detail\/52543\/#primaryimage","url":"https:\/\/www.um.edu.mo\/wp-content\/uploads\/2021\/09\/249297-1.jpg","contentUrl":"https:\/\/www.um.edu.mo\/wp-content\/uploads\/2021\/09\/249297-1.jpg","width":1651,"height":765},{"@type":"BreadcrumbList","@id":"https:\/\/www.um.edu.mo\/pt-pt\/news-and-press-releases\/press-release\/detail\/52543\/#breadcrumb","itemListElement":[{"@type":"ListItem","position":1,"name":"P\u00e1gina inicial","item":"https:\/\/www.um.edu.mo\/pt-pt\/"},{"@type":"ListItem","position":2,"name":"Not\u00edcias e Comunicados de Imprensa","item":"https:\/\/www.um.edu.mo\/pt-pt\/category\/news-and-press-releases\/"},{"@type":"ListItem","position":3,"name":"Comunicado de Imprensa","item":"https:\/\/www.um.edu.mo\/pt-pt\/category\/news-and-press-releases\/press-release\/"},{"@type":"ListItem","position":4,"name":"UM organizou online reuni\u00e3o anual da AULP"}]},{"@type":"WebSite","@id":"https:\/\/www.um.edu.mo\/pt-pt\/#website","url":"https:\/\/www.um.edu.mo\/pt-pt\/","name":"Universidade de Macau","description":"","publisher":{"@id":"https:\/\/www.um.edu.mo\/pt-pt\/#organization"},"potentialAction":[{"@type":"SearchAction","target":{"@type":"EntryPoint","urlTemplate":"https:\/\/www.um.edu.mo\/pt-pt\/?s={search_term_string}"},"query-input":{"@type":"PropertyValueSpecification","valueRequired":true,"valueName":"search_term_string"}}],"inLanguage":"pt-PT"},{"@type":"Organization","@id":"https:\/\/www.um.edu.mo\/pt-pt\/#organization","name":"University of Macau","url":"https:\/\/www.um.edu.mo\/pt-pt\/","logo":{"@type":"ImageObject","inLanguage":"pt-PT","@id":"https:\/\/www.um.edu.mo\/pt-pt\/#\/schema\/logo\/image\/","url":"https:\/\/www.um.edu.mo\/wp-content\/uploads\/2020\/09\/UM-Logo_V-Black.png","contentUrl":"https:\/\/www.um.edu.mo\/wp-content\/uploads\/2020\/09\/UM-Logo_V-Black.png","width":3508,"height":2785,"caption":"University of Macau"},"image":{"@id":"https:\/\/www.um.edu.mo\/pt-pt\/#\/schema\/logo\/image\/"},"sameAs":["https:\/\/www.facebook.com\/universityofmacau","https:\/\/x.com\/UM_1981"]},{"@type":"Person","@id":"https:\/\/www.um.edu.mo\/pt-pt\/#\/schema\/person\/bfdcd3a75d1b778a93663e5dee2e33bb","name":"web_admin","image":{"@type":"ImageObject","inLanguage":"pt-PT","@id":"https:\/\/www.um.edu.mo\/pt-pt\/#\/schema\/person\/image\/","url":"https:\/\/secure.gravatar.com\/avatar\/e230ccd9ba8eb5ce94ecf306e4a35399?s=96&d=mm&r=g","contentUrl":"https:\/\/secure.gravatar.com\/avatar\/e230ccd9ba8eb5ce94ecf306e4a35399?s=96&d=mm&r=g","caption":"web_admin"}}]}},"_links":{"self":[{"href":"https:\/\/www.um.edu.mo\/pt-pt\/wp-json\/wp\/v2\/posts\/249297","targetHints":{"allow":["GET"]}}],"collection":[{"href":"https:\/\/www.um.edu.mo\/pt-pt\/wp-json\/wp\/v2\/posts"}],"about":[{"href":"https:\/\/www.um.edu.mo\/pt-pt\/wp-json\/wp\/v2\/types\/post"}],"author":[{"embeddable":true,"href":"https:\/\/www.um.edu.mo\/pt-pt\/wp-json\/wp\/v2\/users\/1"}],"replies":[{"embeddable":true,"href":"https:\/\/www.um.edu.mo\/pt-pt\/wp-json\/wp\/v2\/comments?post=249297"}],"version-history":[{"count":0,"href":"https:\/\/www.um.edu.mo\/pt-pt\/wp-json\/wp\/v2\/posts\/249297\/revisions"}],"wp:featuredmedia":[{"embeddable":true,"href":"https:\/\/www.um.edu.mo\/pt-pt\/wp-json\/wp\/v2\/media\/249298"}],"wp:attachment":[{"href":"https:\/\/www.um.edu.mo\/pt-pt\/wp-json\/wp\/v2\/media?parent=249297"}],"wp:term":[{"taxonomy":"category","embeddable":true,"href":"https:\/\/www.um.edu.mo\/pt-pt\/wp-json\/wp\/v2\/categories?post=249297"},{"taxonomy":"post_tag","embeddable":true,"href":"https:\/\/www.um.edu.mo\/pt-pt\/wp-json\/wp\/v2\/tags?post=249297"}],"curies":[{"name":"wp","href":"https:\/\/api.w.org\/{rel}","templated":true}]}}