{"id":248913,"date":"2021-09-17T15:28:00","date_gmt":"2021-09-17T07:28:00","guid":{"rendered":"https:\/\/www.um.edu.mo\/news-and-press-releases\/press-release\/detail\/52499-2\/"},"modified":"2021-09-17T15:40:40","modified_gmt":"2021-09-17T07:40:40","slug":"52499","status":"publish","type":"post","link":"https:\/\/www.um.edu.mo\/pt-pt\/news-and-press-releases\/press-release\/detail\/52499\/","title":{"rendered":"Concurso de Curtas-Metragens para Estudantes das Institui\u00e7\u00f5es do Ensino Superior de Macau"},"content":{"rendered":"\n                        \n                        <div><div><p>Para incentivar os estudantes das institui\u00e7\u00f5es do ensino superior de Macau\na desenvolver o seu potencial criativo, o Centro de Ensino e Forma\u00e7\u00e3o Bilingue\nChin\u00eas-Portugu\u00eas (CPC) do Departamento de portugu\u00eas da Faculdade de letras da\nUniversidade de Macau (UM) organiza um \u201cConcurso de Curtas-Metragens para\nEstudantes das Institui\u00e7\u00f5es do Ensino Superior de Macau\u201d, para aumentar o\ninteresse dos estudantes pela l\u00edngua portuguesa e a consci\u00eancia deles\nrelativamente \u00e0 produ\u00e7\u00e3o de\nm\u00e9dia. Os estudantes das institui\u00e7\u00f5es do ensino superior de Macau s\u00e3o\nconvidados a mostrar a sua criatividade e a inscreverem-se. Os participantes\ndevem entregar os trabalhos at\u00e9 ao dia 12\/11\/2021.<\/p>\n\n<p>O tema do concurso \u00e9 \u201cpaix\u00e3o\u201d, com profundos e diversos significados na\nl\u00edngua portuguesa: o interesse por algo, a atrac\u00e7\u00e3o por algu\u00e9m, o amor, desejo\ne, at\u00e9 mesmo, o ressentimento e a dor, um sentimento intenso. Os participantes\nt\u00eam de criar uma curta-metragem expressando a paix\u00e3o, usando a imagina\u00e7\u00e3o e\ncriatividade para expressar essa emo\u00e7\u00e3o, a dura\u00e7\u00e3o do v\u00eddeo \u00e9 de 5 a 10\nminutos. Cada participante pode enviar apenas um trabalho.<\/p>\n\n<p>Os participantes s\u00e3o os estudantes de gradua\u00e7\u00e3o e p\u00f3s-gradua\u00e7\u00e3o: estudantes\nem regime de tempo integral das institui\u00e7\u00f5es do ensino superior de Macau. Cada\nparticipante pode inscrever-se individualmente ou em equipa de at\u00e9 3 pessoas no\nm\u00e1ximo. O per\u00edodo de inscri\u00e7\u00e3o e envio de trabalhos \u00e9 at\u00e9 12\/11\/2021, os\nparticipantes dever\u00e3o preencher o formul\u00e1rio de inscri\u00e7\u00e3o, acess\u00edvel em: <a href=\"https:\/\/forms.gle\/SxVhEpugrhgGVZSG7\">https:\/\/forms.gle\/SxVhEpugrhgGVZSG7<\/a>, o j\u00fari ir\u00e1\nselecionar um \u201c1\u00ba Pr\u00e9mio\u201d, dois \u201c2\u00ba Pr\u00e9mios\u201d, tr\u00eas \u201c3\u00ba Pr\u00e9mios\u201d e cinco\n\u201cPr\u00e9mios de M\u00e9rito\u201d; O 1\u00ba Pr\u00e9mio corresponde a um vale de oferta de MOP 8,000,\nO 2\u00ba Pr\u00e9mio a um vale de oferta no valor de MOP 5,000, O 3\u00ba Pr\u00e9mio corresponde\na um vale de oferta no valor de MOP 2,500 e o pr\u00e9mio de m\u00e9rito corresponde a um\nvale de oferta no valor de MOP 1,000. Os resultados ser\u00e3o publicados no <i>site<\/i> do CPC, no dia tr\u00eas de Dezembro de\n2021.<\/p>\n\n<p>Para mais informa\u00e7\u00f5es, visite o <i>site<\/i>\noficial do CPC: <a href=\"https:\/\/cpc.fah.um.edu.mo\/\">https:\/\/cpc.fah.um.edu.mo\/<\/a>, envie um email para <a href=\"mailto:bilingualcentre@um.edu.mo\">bilingualcentre@um.edu.mo<\/a> ou ligue para 8822 4532.<\/p><\/div><div><\/div><\/div><div><\/div><div><table style=\"width: 441.328px;height: 201px\"><tbody><tr style=\"height: 21px\"><td colspan=\"2\" style=\"height: 21px;width: 435.328px\">Source: Faculty of Arts and Humanities<\/td><\/tr><tr style=\"height: 21px\"><td style=\"height: 21px;width: 243.203px;min-width: 120px\"><\/td><td style=\"height: 21px;width: 188.125px\"><\/td><\/tr><tr style=\"height: 21px\"><td colspan=\"2\" style=\"height: 21px;width: 435.328px\">Media Contact Information:<\/td><\/tr><tr style=\"height: 21px\"><td colspan=\"2\" style=\"height: 12px;width: 435.328px\">Communications Office, University of Macau<\/td><\/tr><tr style=\"height: 21px\"><td style=\"height: 21px;width: 243.203px;min-width: 120px\"><\/td><td style=\"height: 21px;width: 188.125px\"><\/td><\/tr><tr style=\"height: 21px\"><td style=\"height: 21px;width: 243.203px;min-width: 120px\">Albee Lei<\/td><td style=\"height: 21px;width: 188.125px\">Tel: (853) 8822 8004<\/td><\/tr><tr style=\"height: 21px\"><td style=\"height: 21px;width: 243.203px;min-width: 120px\">Judite Lam<\/td><td style=\"height: 21px;width: 188.125px\">Tel: (853) 8822 8022<\/td><\/tr><tr style=\"height: 21px\"><td style=\"height: 21px;width: 243.203px;min-width: 120px\">Email:<\/td><td style=\"height: 21px;width: 188.125px\"><a href=\"mailto:prs.media@um.edu.mo\">prs.media@um.edu.mo<\/a><\/td><\/tr><tr style=\"height: 21px\"><td style=\"height: 21px;width: 243.203px;min-width: 120px\"><\/td><td style=\"height: 21px;width: 188.125px\"><\/td><\/tr><tr style=\"height: 21px\"><td style=\"height: 21px;width: 243.203px;min-width: 120px\">UM 40th<\/td><td style=\"height: 21px;width: 188.125px\"><\/td><\/tr><tr style=\"height: 21px\"><td style=\"height: 21px;width: 243.203px;min-width: 120px\">anniversary website:<\/td><td style=\"height: 21px;width: 188.125px\"><a href=\"https:\/\/40.um.edu.mo\/\">40.um.edu.mo<\/a><\/td><\/tr><tr style=\"height: 21px\"><td style=\"height: 21px;width: 243.203px;min-width: 120px\">UM Website:<\/td><td style=\"height: 21px;width: 188.125px\"><a href=\"https:\/\/www.um.edu.mo\/\">www.um.edu.mo<\/a><\/td><\/tr><\/tbody><\/table><p><\/p><\/div>\n                        \n                        ","protected":false},"excerpt":{"rendered":"<p>Para incentivar os estudantes das institui\u00e7\u00f5es do ensino superior de Macau a desenvolver o seu potencial criativo, o Centro de Ensino e Forma\u00e7\u00e3o Bilingue Chin\u00eas-Portugu\u00eas (CPC) do Departamento de portugu\u00eas&#8230;<\/p>\n","protected":false},"author":1,"featured_media":248920,"comment_status":"closed","ping_status":"closed","sticky":false,"template":"","format":"standard","meta":{"_acf_changed":false,"footnotes":""},"categories":[60],"tags":[],"class_list":["post-248913","post","type-post","status-publish","format-standard","has-post-thumbnail","hentry","category-press-release"],"acf":[],"yoast_head":"<!-- This site is optimized with the Yoast SEO plugin v24.5 - https:\/\/yoast.com\/wordpress\/plugins\/seo\/ -->\n<title>Concurso de Curtas-Metragens para Estudantes das Institui\u00e7\u00f5es do Ensino Superior de Macau | Universidade de Macau<\/title>\n<meta name=\"description\" content=\"Universidade de Macau: Uma universidade abrangente p\u00fablica de n\u00edvel internacional fundada em 1981\" \/>\n<meta name=\"robots\" content=\"index, follow, max-snippet:-1, max-image-preview:large, max-video-preview:-1\" \/>\n<link rel=\"canonical\" href=\"https:\/\/www.um.edu.mo\/pt-pt\/news-and-press-releases\/press-release\/detail\/52499\/\" \/>\n<meta property=\"og:locale\" content=\"pt_PT\" \/>\n<meta property=\"og:type\" content=\"article\" \/>\n<meta property=\"og:title\" content=\"Concurso de Curtas-Metragens para Estudantes das Institui\u00e7\u00f5es do Ensino Superior de Macau | Universidade de Macau\" \/>\n<meta property=\"og:description\" content=\"Universidade de Macau: Uma universidade abrangente p\u00fablica de n\u00edvel internacional fundada em 1981\" \/>\n<meta property=\"og:url\" content=\"https:\/\/www.um.edu.mo\/pt-pt\/news-and-press-releases\/press-release\/detail\/52499\/\" \/>\n<meta property=\"og:site_name\" content=\"Universidade de Macau\" \/>\n<meta property=\"article:publisher\" content=\"https:\/\/www.facebook.com\/universityofmacau\" \/>\n<meta property=\"article:published_time\" content=\"2021-09-17T07:28:00+00:00\" \/>\n<meta property=\"article:modified_time\" content=\"2021-09-17T07:40:40+00:00\" \/>\n<meta property=\"og:image\" content=\"https:\/\/www.um.edu.mo\/wp-content\/uploads\/2021\/09\/248913-1.jpg\" \/>\n\t<meta property=\"og:image:width\" content=\"1587\" \/>\n\t<meta property=\"og:image:height\" content=\"2245\" \/>\n\t<meta property=\"og:image:type\" content=\"image\/jpeg\" \/>\n<meta name=\"author\" content=\"web_admin\" \/>\n<meta name=\"twitter:card\" content=\"summary_large_image\" \/>\n<meta name=\"twitter:creator\" content=\"@UM_1981\" \/>\n<meta name=\"twitter:site\" content=\"@UM_1981\" \/>\n<meta name=\"twitter:label1\" content=\"Escrito por\" \/>\n\t<meta name=\"twitter:data1\" content=\"web_admin\" \/>\n\t<meta name=\"twitter:label2\" content=\"Tempo estimado de leitura\" \/>\n\t<meta name=\"twitter:data2\" content=\"2 minutos\" \/>\n<script type=\"application\/ld+json\" class=\"yoast-schema-graph\">{\"@context\":\"https:\/\/schema.org\",\"@graph\":[{\"@type\":\"Article\",\"@id\":\"https:\/\/www.um.edu.mo\/pt-pt\/news-and-press-releases\/press-release\/detail\/52499\/#article\",\"isPartOf\":{\"@id\":\"https:\/\/www.um.edu.mo\/pt-pt\/news-and-press-releases\/press-release\/detail\/52499\/\"},\"author\":{\"name\":\"web_admin\",\"@id\":\"https:\/\/www.um.edu.mo\/pt-pt\/#\/schema\/person\/bfdcd3a75d1b778a93663e5dee2e33bb\"},\"headline\":\"Concurso de Curtas-Metragens para Estudantes das Institui\u00e7\u00f5es do Ensino Superior de Macau\",\"datePublished\":\"2021-09-17T07:28:00+00:00\",\"dateModified\":\"2021-09-17T07:40:40+00:00\",\"mainEntityOfPage\":{\"@id\":\"https:\/\/www.um.edu.mo\/pt-pt\/news-and-press-releases\/press-release\/detail\/52499\/\"},\"wordCount\":428,\"publisher\":{\"@id\":\"https:\/\/www.um.edu.mo\/pt-pt\/#organization\"},\"image\":{\"@id\":\"https:\/\/www.um.edu.mo\/pt-pt\/news-and-press-releases\/press-release\/detail\/52499\/#primaryimage\"},\"thumbnailUrl\":\"https:\/\/www.um.edu.mo\/wp-content\/uploads\/2021\/09\/248913-1.jpg\",\"articleSection\":[\"Comunicado de Imprensa\"],\"inLanguage\":\"pt-PT\"},{\"@type\":\"WebPage\",\"@id\":\"https:\/\/www.um.edu.mo\/pt-pt\/news-and-press-releases\/press-release\/detail\/52499\/\",\"url\":\"https:\/\/www.um.edu.mo\/pt-pt\/news-and-press-releases\/press-release\/detail\/52499\/\",\"name\":\"Concurso de Curtas-Metragens para Estudantes das Institui\u00e7\u00f5es do Ensino Superior de Macau | Universidade de Macau\",\"isPartOf\":{\"@id\":\"https:\/\/www.um.edu.mo\/pt-pt\/#website\"},\"primaryImageOfPage\":{\"@id\":\"https:\/\/www.um.edu.mo\/pt-pt\/news-and-press-releases\/press-release\/detail\/52499\/#primaryimage\"},\"image\":{\"@id\":\"https:\/\/www.um.edu.mo\/pt-pt\/news-and-press-releases\/press-release\/detail\/52499\/#primaryimage\"},\"thumbnailUrl\":\"https:\/\/www.um.edu.mo\/wp-content\/uploads\/2021\/09\/248913-1.jpg\",\"datePublished\":\"2021-09-17T07:28:00+00:00\",\"dateModified\":\"2021-09-17T07:40:40+00:00\",\"description\":\"Universidade de Macau: Uma universidade abrangente p\u00fablica de n\u00edvel internacional fundada em 1981\",\"breadcrumb\":{\"@id\":\"https:\/\/www.um.edu.mo\/pt-pt\/news-and-press-releases\/press-release\/detail\/52499\/#breadcrumb\"},\"inLanguage\":\"pt-PT\",\"potentialAction\":[{\"@type\":\"ReadAction\",\"target\":[\"https:\/\/www.um.edu.mo\/pt-pt\/news-and-press-releases\/press-release\/detail\/52499\/\"]}]},{\"@type\":\"ImageObject\",\"inLanguage\":\"pt-PT\",\"@id\":\"https:\/\/www.um.edu.mo\/pt-pt\/news-and-press-releases\/press-release\/detail\/52499\/#primaryimage\",\"url\":\"https:\/\/www.um.edu.mo\/wp-content\/uploads\/2021\/09\/248913-1.jpg\",\"contentUrl\":\"https:\/\/www.um.edu.mo\/wp-content\/uploads\/2021\/09\/248913-1.jpg\",\"width\":1587,\"height\":2245},{\"@type\":\"BreadcrumbList\",\"@id\":\"https:\/\/www.um.edu.mo\/pt-pt\/news-and-press-releases\/press-release\/detail\/52499\/#breadcrumb\",\"itemListElement\":[{\"@type\":\"ListItem\",\"position\":1,\"name\":\"P\u00e1gina inicial\",\"item\":\"https:\/\/www.um.edu.mo\/pt-pt\/\"},{\"@type\":\"ListItem\",\"position\":2,\"name\":\"Not\u00edcias e Comunicados de Imprensa\",\"item\":\"https:\/\/www.um.edu.mo\/pt-pt\/category\/news-and-press-releases\/\"},{\"@type\":\"ListItem\",\"position\":3,\"name\":\"Comunicado de Imprensa\",\"item\":\"https:\/\/www.um.edu.mo\/pt-pt\/category\/news-and-press-releases\/press-release\/\"},{\"@type\":\"ListItem\",\"position\":4,\"name\":\"Concurso de Curtas-Metragens para Estudantes das Institui\u00e7\u00f5es do Ensino Superior de Macau\"}]},{\"@type\":\"WebSite\",\"@id\":\"https:\/\/www.um.edu.mo\/pt-pt\/#website\",\"url\":\"https:\/\/www.um.edu.mo\/pt-pt\/\",\"name\":\"Universidade de Macau\",\"description\":\"\",\"publisher\":{\"@id\":\"https:\/\/www.um.edu.mo\/pt-pt\/#organization\"},\"potentialAction\":[{\"@type\":\"SearchAction\",\"target\":{\"@type\":\"EntryPoint\",\"urlTemplate\":\"https:\/\/www.um.edu.mo\/pt-pt\/?s={search_term_string}\"},\"query-input\":{\"@type\":\"PropertyValueSpecification\",\"valueRequired\":true,\"valueName\":\"search_term_string\"}}],\"inLanguage\":\"pt-PT\"},{\"@type\":\"Organization\",\"@id\":\"https:\/\/www.um.edu.mo\/pt-pt\/#organization\",\"name\":\"University of Macau\",\"url\":\"https:\/\/www.um.edu.mo\/pt-pt\/\",\"logo\":{\"@type\":\"ImageObject\",\"inLanguage\":\"pt-PT\",\"@id\":\"https:\/\/www.um.edu.mo\/pt-pt\/#\/schema\/logo\/image\/\",\"url\":\"https:\/\/www.um.edu.mo\/wp-content\/uploads\/2020\/09\/UM-Logo_V-Black.png\",\"contentUrl\":\"https:\/\/www.um.edu.mo\/wp-content\/uploads\/2020\/09\/UM-Logo_V-Black.png\",\"width\":3508,\"height\":2785,\"caption\":\"University of Macau\"},\"image\":{\"@id\":\"https:\/\/www.um.edu.mo\/pt-pt\/#\/schema\/logo\/image\/\"},\"sameAs\":[\"https:\/\/www.facebook.com\/universityofmacau\",\"https:\/\/x.com\/UM_1981\"]},{\"@type\":\"Person\",\"@id\":\"https:\/\/www.um.edu.mo\/pt-pt\/#\/schema\/person\/bfdcd3a75d1b778a93663e5dee2e33bb\",\"name\":\"web_admin\",\"image\":{\"@type\":\"ImageObject\",\"inLanguage\":\"pt-PT\",\"@id\":\"https:\/\/www.um.edu.mo\/pt-pt\/#\/schema\/person\/image\/\",\"url\":\"https:\/\/secure.gravatar.com\/avatar\/e230ccd9ba8eb5ce94ecf306e4a35399?s=96&d=mm&r=g\",\"contentUrl\":\"https:\/\/secure.gravatar.com\/avatar\/e230ccd9ba8eb5ce94ecf306e4a35399?s=96&d=mm&r=g\",\"caption\":\"web_admin\"}}]}<\/script>\n<!-- \/ Yoast SEO plugin. -->","yoast_head_json":{"title":"Concurso de Curtas-Metragens para Estudantes das Institui\u00e7\u00f5es do Ensino Superior de Macau | Universidade de Macau","description":"Universidade de Macau: Uma universidade abrangente p\u00fablica de n\u00edvel internacional fundada em 1981","robots":{"index":"index","follow":"follow","max-snippet":"max-snippet:-1","max-image-preview":"max-image-preview:large","max-video-preview":"max-video-preview:-1"},"canonical":"https:\/\/www.um.edu.mo\/pt-pt\/news-and-press-releases\/press-release\/detail\/52499\/","og_locale":"pt_PT","og_type":"article","og_title":"Concurso de Curtas-Metragens para Estudantes das Institui\u00e7\u00f5es do Ensino Superior de Macau | Universidade de Macau","og_description":"Universidade de Macau: Uma universidade abrangente p\u00fablica de n\u00edvel internacional fundada em 1981","og_url":"https:\/\/www.um.edu.mo\/pt-pt\/news-and-press-releases\/press-release\/detail\/52499\/","og_site_name":"Universidade de Macau","article_publisher":"https:\/\/www.facebook.com\/universityofmacau","article_published_time":"2021-09-17T07:28:00+00:00","article_modified_time":"2021-09-17T07:40:40+00:00","og_image":[{"width":1587,"height":2245,"url":"https:\/\/www.um.edu.mo\/wp-content\/uploads\/2021\/09\/248913-1.jpg","type":"image\/jpeg"}],"author":"web_admin","twitter_card":"summary_large_image","twitter_creator":"@UM_1981","twitter_site":"@UM_1981","twitter_misc":{"Escrito por":"web_admin","Tempo estimado de leitura":"2 minutos"},"schema":{"@context":"https:\/\/schema.org","@graph":[{"@type":"Article","@id":"https:\/\/www.um.edu.mo\/pt-pt\/news-and-press-releases\/press-release\/detail\/52499\/#article","isPartOf":{"@id":"https:\/\/www.um.edu.mo\/pt-pt\/news-and-press-releases\/press-release\/detail\/52499\/"},"author":{"name":"web_admin","@id":"https:\/\/www.um.edu.mo\/pt-pt\/#\/schema\/person\/bfdcd3a75d1b778a93663e5dee2e33bb"},"headline":"Concurso de Curtas-Metragens para Estudantes das Institui\u00e7\u00f5es do Ensino Superior de Macau","datePublished":"2021-09-17T07:28:00+00:00","dateModified":"2021-09-17T07:40:40+00:00","mainEntityOfPage":{"@id":"https:\/\/www.um.edu.mo\/pt-pt\/news-and-press-releases\/press-release\/detail\/52499\/"},"wordCount":428,"publisher":{"@id":"https:\/\/www.um.edu.mo\/pt-pt\/#organization"},"image":{"@id":"https:\/\/www.um.edu.mo\/pt-pt\/news-and-press-releases\/press-release\/detail\/52499\/#primaryimage"},"thumbnailUrl":"https:\/\/www.um.edu.mo\/wp-content\/uploads\/2021\/09\/248913-1.jpg","articleSection":["Comunicado de Imprensa"],"inLanguage":"pt-PT"},{"@type":"WebPage","@id":"https:\/\/www.um.edu.mo\/pt-pt\/news-and-press-releases\/press-release\/detail\/52499\/","url":"https:\/\/www.um.edu.mo\/pt-pt\/news-and-press-releases\/press-release\/detail\/52499\/","name":"Concurso de Curtas-Metragens para Estudantes das Institui\u00e7\u00f5es do Ensino Superior de Macau | Universidade de Macau","isPartOf":{"@id":"https:\/\/www.um.edu.mo\/pt-pt\/#website"},"primaryImageOfPage":{"@id":"https:\/\/www.um.edu.mo\/pt-pt\/news-and-press-releases\/press-release\/detail\/52499\/#primaryimage"},"image":{"@id":"https:\/\/www.um.edu.mo\/pt-pt\/news-and-press-releases\/press-release\/detail\/52499\/#primaryimage"},"thumbnailUrl":"https:\/\/www.um.edu.mo\/wp-content\/uploads\/2021\/09\/248913-1.jpg","datePublished":"2021-09-17T07:28:00+00:00","dateModified":"2021-09-17T07:40:40+00:00","description":"Universidade de Macau: Uma universidade abrangente p\u00fablica de n\u00edvel internacional fundada em 1981","breadcrumb":{"@id":"https:\/\/www.um.edu.mo\/pt-pt\/news-and-press-releases\/press-release\/detail\/52499\/#breadcrumb"},"inLanguage":"pt-PT","potentialAction":[{"@type":"ReadAction","target":["https:\/\/www.um.edu.mo\/pt-pt\/news-and-press-releases\/press-release\/detail\/52499\/"]}]},{"@type":"ImageObject","inLanguage":"pt-PT","@id":"https:\/\/www.um.edu.mo\/pt-pt\/news-and-press-releases\/press-release\/detail\/52499\/#primaryimage","url":"https:\/\/www.um.edu.mo\/wp-content\/uploads\/2021\/09\/248913-1.jpg","contentUrl":"https:\/\/www.um.edu.mo\/wp-content\/uploads\/2021\/09\/248913-1.jpg","width":1587,"height":2245},{"@type":"BreadcrumbList","@id":"https:\/\/www.um.edu.mo\/pt-pt\/news-and-press-releases\/press-release\/detail\/52499\/#breadcrumb","itemListElement":[{"@type":"ListItem","position":1,"name":"P\u00e1gina inicial","item":"https:\/\/www.um.edu.mo\/pt-pt\/"},{"@type":"ListItem","position":2,"name":"Not\u00edcias e Comunicados de Imprensa","item":"https:\/\/www.um.edu.mo\/pt-pt\/category\/news-and-press-releases\/"},{"@type":"ListItem","position":3,"name":"Comunicado de Imprensa","item":"https:\/\/www.um.edu.mo\/pt-pt\/category\/news-and-press-releases\/press-release\/"},{"@type":"ListItem","position":4,"name":"Concurso de Curtas-Metragens para Estudantes das Institui\u00e7\u00f5es do Ensino Superior de Macau"}]},{"@type":"WebSite","@id":"https:\/\/www.um.edu.mo\/pt-pt\/#website","url":"https:\/\/www.um.edu.mo\/pt-pt\/","name":"Universidade de Macau","description":"","publisher":{"@id":"https:\/\/www.um.edu.mo\/pt-pt\/#organization"},"potentialAction":[{"@type":"SearchAction","target":{"@type":"EntryPoint","urlTemplate":"https:\/\/www.um.edu.mo\/pt-pt\/?s={search_term_string}"},"query-input":{"@type":"PropertyValueSpecification","valueRequired":true,"valueName":"search_term_string"}}],"inLanguage":"pt-PT"},{"@type":"Organization","@id":"https:\/\/www.um.edu.mo\/pt-pt\/#organization","name":"University of Macau","url":"https:\/\/www.um.edu.mo\/pt-pt\/","logo":{"@type":"ImageObject","inLanguage":"pt-PT","@id":"https:\/\/www.um.edu.mo\/pt-pt\/#\/schema\/logo\/image\/","url":"https:\/\/www.um.edu.mo\/wp-content\/uploads\/2020\/09\/UM-Logo_V-Black.png","contentUrl":"https:\/\/www.um.edu.mo\/wp-content\/uploads\/2020\/09\/UM-Logo_V-Black.png","width":3508,"height":2785,"caption":"University of Macau"},"image":{"@id":"https:\/\/www.um.edu.mo\/pt-pt\/#\/schema\/logo\/image\/"},"sameAs":["https:\/\/www.facebook.com\/universityofmacau","https:\/\/x.com\/UM_1981"]},{"@type":"Person","@id":"https:\/\/www.um.edu.mo\/pt-pt\/#\/schema\/person\/bfdcd3a75d1b778a93663e5dee2e33bb","name":"web_admin","image":{"@type":"ImageObject","inLanguage":"pt-PT","@id":"https:\/\/www.um.edu.mo\/pt-pt\/#\/schema\/person\/image\/","url":"https:\/\/secure.gravatar.com\/avatar\/e230ccd9ba8eb5ce94ecf306e4a35399?s=96&d=mm&r=g","contentUrl":"https:\/\/secure.gravatar.com\/avatar\/e230ccd9ba8eb5ce94ecf306e4a35399?s=96&d=mm&r=g","caption":"web_admin"}}]}},"_links":{"self":[{"href":"https:\/\/www.um.edu.mo\/pt-pt\/wp-json\/wp\/v2\/posts\/248913","targetHints":{"allow":["GET"]}}],"collection":[{"href":"https:\/\/www.um.edu.mo\/pt-pt\/wp-json\/wp\/v2\/posts"}],"about":[{"href":"https:\/\/www.um.edu.mo\/pt-pt\/wp-json\/wp\/v2\/types\/post"}],"author":[{"embeddable":true,"href":"https:\/\/www.um.edu.mo\/pt-pt\/wp-json\/wp\/v2\/users\/1"}],"replies":[{"embeddable":true,"href":"https:\/\/www.um.edu.mo\/pt-pt\/wp-json\/wp\/v2\/comments?post=248913"}],"version-history":[{"count":1,"href":"https:\/\/www.um.edu.mo\/pt-pt\/wp-json\/wp\/v2\/posts\/248913\/revisions"}],"predecessor-version":[{"id":248919,"href":"https:\/\/www.um.edu.mo\/pt-pt\/wp-json\/wp\/v2\/posts\/248913\/revisions\/248919"}],"wp:featuredmedia":[{"embeddable":true,"href":"https:\/\/www.um.edu.mo\/pt-pt\/wp-json\/wp\/v2\/media\/248920"}],"wp:attachment":[{"href":"https:\/\/www.um.edu.mo\/pt-pt\/wp-json\/wp\/v2\/media?parent=248913"}],"wp:term":[{"taxonomy":"category","embeddable":true,"href":"https:\/\/www.um.edu.mo\/pt-pt\/wp-json\/wp\/v2\/categories?post=248913"},{"taxonomy":"post_tag","embeddable":true,"href":"https:\/\/www.um.edu.mo\/pt-pt\/wp-json\/wp\/v2\/tags?post=248913"}],"curies":[{"name":"wp","href":"https:\/\/api.w.org\/{rel}","templated":true}]}}