{"id":19884,"date":"2020-04-23T11:25:00","date_gmt":"2020-04-23T10:25:00","guid":{"rendered":"https:\/\/www.um.edu.mo\/50090-pt_pt\/"},"modified":"2020-04-23T11:25:00","modified_gmt":"2020-04-23T10:25:00","slug":"50090","status":"publish","type":"post","link":"https:\/\/www.um.edu.mo\/pt-pt\/news-and-press-releases\/press-release\/detail\/50090\/","title":{"rendered":"UM organiza semin\u00e1rio sobre o relat\u00f3rio das LAG da RAE de Macau"},"content":{"rendered":"\n                        \n                        <p>The Centre for Macau Studies (CMS) of the University of Macau (UM) yesterday (22 April) held an online seminar on the Macao SAR government\u2019s policy address for the Year 2020, which is the first policy address of the fifth leadership of the Macao SAR government. As per its usual practice, after the chief executive gave the annual address, the centre arranged for experts and scholars to discuss and analyse the policy\u2019s content in order to provide opinions to the government for reference. Because of the epidemic, this year\u2019s seminar was held online for the first time in the university\u2019s history.<\/p><p>The forum was chaired by Agnes Lam, director of the CMS. During the seminar, participants generally expressed a positive attitude towards this year\u2019s policy address, which they believe focuses on responding to the epidemic and stabilising the economy, while being progressive and realistic for the city\u2019s future development.<\/p><p>According to Ge Wei, vice rector (research) of UM, sustainable development of higher education calls for industrialisation, which involves the recruitment of top-tier scholars globally and more non-local students. This is of great significance to increasing the overall quality of higher education in Macao. He also points out that the merger of the Higher Education Bureau and the Education and Youth Affairs Bureau is conducive to higher education development in the SAR. He notes that this year\u2019s policy address also touches on smart city development, digital government, water management, and civil servant training. UM has set up relevant state key laboratories and research centres in these areas and will fully cooperate with the SAR government and assume its responsibility as a public university to contribute to this region or beyond.<\/p><p>In terms of public administration, Hu Weixing, dean of the Faculty of Social Sciences (FSS), says the policy address presents some thoughts on promoting reforms, covers some of the deep-rooted issues in Macao, and highlights public administration, legal reform, economic diversification, social structure, and regional collaboration. However, Prof Hu believes that to successfully implement these reforms, it is necessary to clarify the relationship between power and responsibility. Eilo Yu Wing Yat, an associate professor in the FSS, says that in a refreshing departure from previous focus on \u2018cash handout\u2019, this year\u2019s policy address resumes a more \u2018rational\u2019 discussion on livelihood issues. However, in terms of public administration reform, it is mostly just a rehash of the old rhetoric, and interdepartmental collaboration will remain as a challenge for the government. Prof Yu adds that in the past, policies proposed by the government usually took a long time to implement; he hopes the government can make improvements in this area and attach greater importance to communication and collaboration with the people.<\/p><p>Kwan Fung, an assistant professor in the FSS, says that one cannot discuss the issue of economic diversification in Macao without discussing the gaming industry, which is however not given much emphasis in the policy address. Dr Kwan believes that some information on gaming licenses should be released, because the gaming licenses, gaming industry, and economic diversification in Macao are all closely related. Dr Kwan also suggests that the SAR government should create a timetable for implementing legal reforms, which should specify which laws should be reviewed and revised, as well as when and how to amend them, in order to increase efficiency.&nbsp;<\/p><p>Lok Wai Kin, a professor in the Faculty of Law, says that the policy address proposes six sets of conceptual relationships, namely \u2018one country\u2019 versus \u2018two systems\u2019, \u2018Macao\u2019s development\u2019 versus \u2018mainland\u2019s development\u2019, \u2018economic diversification\u2019 versus \u2018single-pillar economic structure\u2019, \u2018nurturing local talent\u2019 versus \u2018attracting non-local talent\u2019, \u2018economic growth\u2019 versus \u2018people\u2019s livelihood\u2019, and \u2018reform\u2019 versus \u2018stability\u2019. Prof Lok believes that whether these relationships can be handled properly is a test of the SAR government\u2019s governance capacity. In terms of legal reform, Prof Lok believes that detailed and reasonable planning is important, and the improvement of laws cannot be achieved without the improvement of the economy and people&#8217;s livelihood.<\/p><p>Davis Fong Ka Chio, director of the Institute for the Study of Commercial Gaming, says this year\u2019s policy address boldly puts forward some projects that has for a long time remained merely ideas, including extending the free port policy, calculating the percentage of Hengqin\u2019s GDP attributable to Macao, and registration-related issues in Chinese medicine, which will all help the long-term development of Macao but require national support in order to succeed. Jacky So, a chair professor in the Faculty of Business Administration, says that Macao&#8217;s heavy reliance on the gaming industry is both a disadvantage and an advantage. Prof So believes that Hengqin can play an important role in the diversification of Macao\u2019s economy, as Macao can set up financial institutions in Hengqin to handle bonds, RMB settlement, and other related transactions. He believes that with a clear positioning plan, the financial industry will have great potentialilty in Macao. However, Prof So also warns that as the government is vigorously trying to boost consumption, too much hot money may cause some economic problems.&nbsp;<\/p><p>Samuel Tong Kai Chung, president of the Macao Political Economy Research Association, believes that the Individual Visit Scheme in mainland China may not be able to immediately promote economic growth in Macao as expected after the epidemic comes to an end. A major problem facing Macao is its small scale of economy, and economic diversification does not equal industrial diversification. Dr Tong believes that to achieve economic diversification in Macao, regional collaboration is necessary, and the most feasible way to do this is to collaborate with Hengqin. He says that Macao should also establish more agreements for regional collaboration with mainland China and foreign countries.<\/p><p>Zhu Shoutong, interim director of the Centre for Chinese History and Culture, believes that this year\u2019s policy address combines talent exchange with promoting cultural diversity, which is a new way of thinking about promoting cultural diversity. According to Prof Zhu, Chinese culture is the mainstream of the variety of cultures in Macao, and promoting Chinese history and culture should be pursued from the perspective of nurturing local talent and attracting non-local talent. Alfred Wong Seng Fat, an associate professor in the Faculty of Science and Technology, believes that the epidemic has highlighted the inadequacy of smart city development in Macao as many public services are still in-person services. Similar to Typhoon Hato, the epidemic is testing the resilience of the city. Regarding problems in public transport, Prof Wong believes that the solutions lie in collaboration between urban planning, urban renewal, and smart city development. Chan Kin Sun, an assistant professor in the FSS, says that a unified mechanism for releasing information should be established in all cities of the Greater Bay Area. Dr Chan also believes that some social services, such as smart pension and precise pension, should be included in smart city development, because they can help improving the quality of social services.<\/p><p>Source: Centre for Macau Studies<\/p><p>Media Contact Information:&nbsp; &nbsp; &nbsp; &nbsp; &nbsp; &nbsp; &nbsp; &nbsp;&nbsp;Communications Office, University of Macau<\/p><p><\/p><p><\/p><p><\/p><p><\/p><p><\/p><p><\/p><p><\/p><p><\/p><p><\/p><p><\/p><p><\/p><p><\/p><p><\/p><p><\/p><p><\/p><p><\/p><p><\/p><p>Albee Lei &nbsp;Tel\uff1a(853) 88228004Kelvin U &nbsp;Tel\uff1a(853) 88224322Email\uff1aprs.media@um.edu.moUM Website\uff1awww.um.edu.mo<\/p><p><\/p><p><\/p>\n                        \n                        ","protected":false},"excerpt":{"rendered":"<p>The Centre for Macau Studies (CMS) of the University of Macau (UM) yesterday (22 April) held an online seminar on the Macao SAR government\u2019s policy address for the Year 2020,&#8230;<\/p>\n","protected":false},"author":1,"featured_media":19885,"comment_status":"closed","ping_status":"open","sticky":false,"template":"","format":"standard","meta":{"_acf_changed":false,"footnotes":""},"categories":[60],"tags":[],"class_list":["post-19884","post","type-post","status-publish","format-standard","has-post-thumbnail","hentry","category-press-release"],"acf":[],"yoast_head":"<!-- This site is optimized with the Yoast SEO plugin v24.5 - https:\/\/yoast.com\/wordpress\/plugins\/seo\/ -->\n<title>UM organiza semin\u00e1rio sobre o relat\u00f3rio das LAG da RAE de Macau | Universidade de Macau<\/title>\n<meta name=\"description\" content=\"Universidade de Macau: Uma universidade abrangente p\u00fablica de n\u00edvel internacional fundada em 1981\" \/>\n<meta name=\"robots\" content=\"index, follow, max-snippet:-1, max-image-preview:large, max-video-preview:-1\" \/>\n<link rel=\"canonical\" href=\"https:\/\/www.um.edu.mo\/pt-pt\/news-and-press-releases\/press-release\/detail\/50090\/\" \/>\n<meta property=\"og:locale\" content=\"pt_PT\" \/>\n<meta property=\"og:type\" content=\"article\" \/>\n<meta property=\"og:title\" content=\"UM organiza semin\u00e1rio sobre o relat\u00f3rio das LAG da RAE de Macau | Universidade de Macau\" \/>\n<meta property=\"og:description\" content=\"Universidade de Macau: Uma universidade abrangente p\u00fablica de n\u00edvel internacional fundada em 1981\" \/>\n<meta property=\"og:url\" content=\"https:\/\/www.um.edu.mo\/pt-pt\/news-and-press-releases\/press-release\/detail\/50090\/\" \/>\n<meta property=\"og:site_name\" content=\"Universidade de Macau\" \/>\n<meta property=\"article:publisher\" content=\"https:\/\/www.facebook.com\/universityofmacau\" \/>\n<meta property=\"article:published_time\" content=\"2020-04-23T10:25:00+00:00\" \/>\n<meta property=\"og:image\" content=\"https:\/\/www.um.edu.mo\/wp-content\/uploads\/2020\/09\/1_resized-107.jpg\" \/>\n\t<meta property=\"og:image:width\" content=\"1576\" \/>\n\t<meta property=\"og:image:height\" content=\"1050\" \/>\n\t<meta property=\"og:image:type\" content=\"image\/jpeg\" \/>\n<meta name=\"author\" content=\"web_admin\" \/>\n<meta name=\"twitter:card\" content=\"summary_large_image\" \/>\n<meta name=\"twitter:creator\" content=\"@UM_1981\" \/>\n<meta name=\"twitter:site\" content=\"@UM_1981\" \/>\n<meta name=\"twitter:label1\" content=\"Escrito por\" \/>\n\t<meta name=\"twitter:data1\" content=\"web_admin\" \/>\n\t<meta name=\"twitter:label2\" content=\"Tempo estimado de leitura\" \/>\n\t<meta name=\"twitter:data2\" content=\"6 minutos\" \/>\n<script type=\"application\/ld+json\" class=\"yoast-schema-graph\">{\"@context\":\"https:\/\/schema.org\",\"@graph\":[{\"@type\":\"Article\",\"@id\":\"https:\/\/www.um.edu.mo\/pt-pt\/news-and-press-releases\/press-release\/detail\/50090\/#article\",\"isPartOf\":{\"@id\":\"https:\/\/www.um.edu.mo\/pt-pt\/news-and-press-releases\/press-release\/detail\/50090\/\"},\"author\":{\"name\":\"web_admin\",\"@id\":\"https:\/\/www.um.edu.mo\/pt-pt\/#\/schema\/person\/bfdcd3a75d1b778a93663e5dee2e33bb\"},\"headline\":\"UM organiza semin\u00e1rio sobre o relat\u00f3rio das LAG da RAE de Macau\",\"datePublished\":\"2020-04-23T10:25:00+00:00\",\"mainEntityOfPage\":{\"@id\":\"https:\/\/www.um.edu.mo\/pt-pt\/news-and-press-releases\/press-release\/detail\/50090\/\"},\"wordCount\":1209,\"publisher\":{\"@id\":\"https:\/\/www.um.edu.mo\/pt-pt\/#organization\"},\"image\":{\"@id\":\"https:\/\/www.um.edu.mo\/pt-pt\/news-and-press-releases\/press-release\/detail\/50090\/#primaryimage\"},\"thumbnailUrl\":\"https:\/\/www.um.edu.mo\/wp-content\/uploads\/2020\/09\/1_resized-107.jpg\",\"articleSection\":[\"Comunicado de Imprensa\"],\"inLanguage\":\"pt-PT\"},{\"@type\":\"WebPage\",\"@id\":\"https:\/\/www.um.edu.mo\/pt-pt\/news-and-press-releases\/press-release\/detail\/50090\/\",\"url\":\"https:\/\/www.um.edu.mo\/pt-pt\/news-and-press-releases\/press-release\/detail\/50090\/\",\"name\":\"UM organiza semin\u00e1rio sobre o relat\u00f3rio das LAG da RAE de Macau | Universidade de Macau\",\"isPartOf\":{\"@id\":\"https:\/\/www.um.edu.mo\/pt-pt\/#website\"},\"primaryImageOfPage\":{\"@id\":\"https:\/\/www.um.edu.mo\/pt-pt\/news-and-press-releases\/press-release\/detail\/50090\/#primaryimage\"},\"image\":{\"@id\":\"https:\/\/www.um.edu.mo\/pt-pt\/news-and-press-releases\/press-release\/detail\/50090\/#primaryimage\"},\"thumbnailUrl\":\"https:\/\/www.um.edu.mo\/wp-content\/uploads\/2020\/09\/1_resized-107.jpg\",\"datePublished\":\"2020-04-23T10:25:00+00:00\",\"description\":\"Universidade de Macau: Uma universidade abrangente p\u00fablica de n\u00edvel internacional fundada em 1981\",\"breadcrumb\":{\"@id\":\"https:\/\/www.um.edu.mo\/pt-pt\/news-and-press-releases\/press-release\/detail\/50090\/#breadcrumb\"},\"inLanguage\":\"pt-PT\",\"potentialAction\":[{\"@type\":\"ReadAction\",\"target\":[\"https:\/\/www.um.edu.mo\/pt-pt\/news-and-press-releases\/press-release\/detail\/50090\/\"]}]},{\"@type\":\"ImageObject\",\"inLanguage\":\"pt-PT\",\"@id\":\"https:\/\/www.um.edu.mo\/pt-pt\/news-and-press-releases\/press-release\/detail\/50090\/#primaryimage\",\"url\":\"https:\/\/www.um.edu.mo\/wp-content\/uploads\/2020\/09\/1_resized-107.jpg\",\"contentUrl\":\"https:\/\/www.um.edu.mo\/wp-content\/uploads\/2020\/09\/1_resized-107.jpg\",\"width\":1576,\"height\":1050},{\"@type\":\"BreadcrumbList\",\"@id\":\"https:\/\/www.um.edu.mo\/pt-pt\/news-and-press-releases\/press-release\/detail\/50090\/#breadcrumb\",\"itemListElement\":[{\"@type\":\"ListItem\",\"position\":1,\"name\":\"P\u00e1gina inicial\",\"item\":\"https:\/\/www.um.edu.mo\/pt-pt\/\"},{\"@type\":\"ListItem\",\"position\":2,\"name\":\"Not\u00edcias e Comunicados de Imprensa\",\"item\":\"https:\/\/www.um.edu.mo\/pt-pt\/category\/news-and-press-releases\/\"},{\"@type\":\"ListItem\",\"position\":3,\"name\":\"Comunicado de Imprensa\",\"item\":\"https:\/\/www.um.edu.mo\/pt-pt\/category\/news-and-press-releases\/press-release\/\"},{\"@type\":\"ListItem\",\"position\":4,\"name\":\"UM organiza semin\u00e1rio sobre o relat\u00f3rio das LAG da RAE de Macau\"}]},{\"@type\":\"WebSite\",\"@id\":\"https:\/\/www.um.edu.mo\/pt-pt\/#website\",\"url\":\"https:\/\/www.um.edu.mo\/pt-pt\/\",\"name\":\"Universidade de Macau\",\"description\":\"\",\"publisher\":{\"@id\":\"https:\/\/www.um.edu.mo\/pt-pt\/#organization\"},\"potentialAction\":[{\"@type\":\"SearchAction\",\"target\":{\"@type\":\"EntryPoint\",\"urlTemplate\":\"https:\/\/www.um.edu.mo\/pt-pt\/?s={search_term_string}\"},\"query-input\":{\"@type\":\"PropertyValueSpecification\",\"valueRequired\":true,\"valueName\":\"search_term_string\"}}],\"inLanguage\":\"pt-PT\"},{\"@type\":\"Organization\",\"@id\":\"https:\/\/www.um.edu.mo\/pt-pt\/#organization\",\"name\":\"University of Macau\",\"url\":\"https:\/\/www.um.edu.mo\/pt-pt\/\",\"logo\":{\"@type\":\"ImageObject\",\"inLanguage\":\"pt-PT\",\"@id\":\"https:\/\/www.um.edu.mo\/pt-pt\/#\/schema\/logo\/image\/\",\"url\":\"https:\/\/www.um.edu.mo\/wp-content\/uploads\/2020\/09\/UM-Logo_V-Black.png\",\"contentUrl\":\"https:\/\/www.um.edu.mo\/wp-content\/uploads\/2020\/09\/UM-Logo_V-Black.png\",\"width\":3508,\"height\":2785,\"caption\":\"University of Macau\"},\"image\":{\"@id\":\"https:\/\/www.um.edu.mo\/pt-pt\/#\/schema\/logo\/image\/\"},\"sameAs\":[\"https:\/\/www.facebook.com\/universityofmacau\",\"https:\/\/x.com\/UM_1981\"]},{\"@type\":\"Person\",\"@id\":\"https:\/\/www.um.edu.mo\/pt-pt\/#\/schema\/person\/bfdcd3a75d1b778a93663e5dee2e33bb\",\"name\":\"web_admin\",\"image\":{\"@type\":\"ImageObject\",\"inLanguage\":\"pt-PT\",\"@id\":\"https:\/\/www.um.edu.mo\/pt-pt\/#\/schema\/person\/image\/\",\"url\":\"https:\/\/secure.gravatar.com\/avatar\/e230ccd9ba8eb5ce94ecf306e4a35399?s=96&d=mm&r=g\",\"contentUrl\":\"https:\/\/secure.gravatar.com\/avatar\/e230ccd9ba8eb5ce94ecf306e4a35399?s=96&d=mm&r=g\",\"caption\":\"web_admin\"}}]}<\/script>\n<!-- \/ Yoast SEO plugin. -->","yoast_head_json":{"title":"UM organiza semin\u00e1rio sobre o relat\u00f3rio das LAG da RAE de Macau | Universidade de Macau","description":"Universidade de Macau: Uma universidade abrangente p\u00fablica de n\u00edvel internacional fundada em 1981","robots":{"index":"index","follow":"follow","max-snippet":"max-snippet:-1","max-image-preview":"max-image-preview:large","max-video-preview":"max-video-preview:-1"},"canonical":"https:\/\/www.um.edu.mo\/pt-pt\/news-and-press-releases\/press-release\/detail\/50090\/","og_locale":"pt_PT","og_type":"article","og_title":"UM organiza semin\u00e1rio sobre o relat\u00f3rio das LAG da RAE de Macau | Universidade de Macau","og_description":"Universidade de Macau: Uma universidade abrangente p\u00fablica de n\u00edvel internacional fundada em 1981","og_url":"https:\/\/www.um.edu.mo\/pt-pt\/news-and-press-releases\/press-release\/detail\/50090\/","og_site_name":"Universidade de Macau","article_publisher":"https:\/\/www.facebook.com\/universityofmacau","article_published_time":"2020-04-23T10:25:00+00:00","og_image":[{"width":1576,"height":1050,"url":"https:\/\/www.um.edu.mo\/wp-content\/uploads\/2020\/09\/1_resized-107.jpg","type":"image\/jpeg"}],"author":"web_admin","twitter_card":"summary_large_image","twitter_creator":"@UM_1981","twitter_site":"@UM_1981","twitter_misc":{"Escrito por":"web_admin","Tempo estimado de leitura":"6 minutos"},"schema":{"@context":"https:\/\/schema.org","@graph":[{"@type":"Article","@id":"https:\/\/www.um.edu.mo\/pt-pt\/news-and-press-releases\/press-release\/detail\/50090\/#article","isPartOf":{"@id":"https:\/\/www.um.edu.mo\/pt-pt\/news-and-press-releases\/press-release\/detail\/50090\/"},"author":{"name":"web_admin","@id":"https:\/\/www.um.edu.mo\/pt-pt\/#\/schema\/person\/bfdcd3a75d1b778a93663e5dee2e33bb"},"headline":"UM organiza semin\u00e1rio sobre o relat\u00f3rio das LAG da RAE de Macau","datePublished":"2020-04-23T10:25:00+00:00","mainEntityOfPage":{"@id":"https:\/\/www.um.edu.mo\/pt-pt\/news-and-press-releases\/press-release\/detail\/50090\/"},"wordCount":1209,"publisher":{"@id":"https:\/\/www.um.edu.mo\/pt-pt\/#organization"},"image":{"@id":"https:\/\/www.um.edu.mo\/pt-pt\/news-and-press-releases\/press-release\/detail\/50090\/#primaryimage"},"thumbnailUrl":"https:\/\/www.um.edu.mo\/wp-content\/uploads\/2020\/09\/1_resized-107.jpg","articleSection":["Comunicado de Imprensa"],"inLanguage":"pt-PT"},{"@type":"WebPage","@id":"https:\/\/www.um.edu.mo\/pt-pt\/news-and-press-releases\/press-release\/detail\/50090\/","url":"https:\/\/www.um.edu.mo\/pt-pt\/news-and-press-releases\/press-release\/detail\/50090\/","name":"UM organiza semin\u00e1rio sobre o relat\u00f3rio das LAG da RAE de Macau | Universidade de Macau","isPartOf":{"@id":"https:\/\/www.um.edu.mo\/pt-pt\/#website"},"primaryImageOfPage":{"@id":"https:\/\/www.um.edu.mo\/pt-pt\/news-and-press-releases\/press-release\/detail\/50090\/#primaryimage"},"image":{"@id":"https:\/\/www.um.edu.mo\/pt-pt\/news-and-press-releases\/press-release\/detail\/50090\/#primaryimage"},"thumbnailUrl":"https:\/\/www.um.edu.mo\/wp-content\/uploads\/2020\/09\/1_resized-107.jpg","datePublished":"2020-04-23T10:25:00+00:00","description":"Universidade de Macau: Uma universidade abrangente p\u00fablica de n\u00edvel internacional fundada em 1981","breadcrumb":{"@id":"https:\/\/www.um.edu.mo\/pt-pt\/news-and-press-releases\/press-release\/detail\/50090\/#breadcrumb"},"inLanguage":"pt-PT","potentialAction":[{"@type":"ReadAction","target":["https:\/\/www.um.edu.mo\/pt-pt\/news-and-press-releases\/press-release\/detail\/50090\/"]}]},{"@type":"ImageObject","inLanguage":"pt-PT","@id":"https:\/\/www.um.edu.mo\/pt-pt\/news-and-press-releases\/press-release\/detail\/50090\/#primaryimage","url":"https:\/\/www.um.edu.mo\/wp-content\/uploads\/2020\/09\/1_resized-107.jpg","contentUrl":"https:\/\/www.um.edu.mo\/wp-content\/uploads\/2020\/09\/1_resized-107.jpg","width":1576,"height":1050},{"@type":"BreadcrumbList","@id":"https:\/\/www.um.edu.mo\/pt-pt\/news-and-press-releases\/press-release\/detail\/50090\/#breadcrumb","itemListElement":[{"@type":"ListItem","position":1,"name":"P\u00e1gina inicial","item":"https:\/\/www.um.edu.mo\/pt-pt\/"},{"@type":"ListItem","position":2,"name":"Not\u00edcias e Comunicados de Imprensa","item":"https:\/\/www.um.edu.mo\/pt-pt\/category\/news-and-press-releases\/"},{"@type":"ListItem","position":3,"name":"Comunicado de Imprensa","item":"https:\/\/www.um.edu.mo\/pt-pt\/category\/news-and-press-releases\/press-release\/"},{"@type":"ListItem","position":4,"name":"UM organiza semin\u00e1rio sobre o relat\u00f3rio das LAG da RAE de Macau"}]},{"@type":"WebSite","@id":"https:\/\/www.um.edu.mo\/pt-pt\/#website","url":"https:\/\/www.um.edu.mo\/pt-pt\/","name":"Universidade de Macau","description":"","publisher":{"@id":"https:\/\/www.um.edu.mo\/pt-pt\/#organization"},"potentialAction":[{"@type":"SearchAction","target":{"@type":"EntryPoint","urlTemplate":"https:\/\/www.um.edu.mo\/pt-pt\/?s={search_term_string}"},"query-input":{"@type":"PropertyValueSpecification","valueRequired":true,"valueName":"search_term_string"}}],"inLanguage":"pt-PT"},{"@type":"Organization","@id":"https:\/\/www.um.edu.mo\/pt-pt\/#organization","name":"University of Macau","url":"https:\/\/www.um.edu.mo\/pt-pt\/","logo":{"@type":"ImageObject","inLanguage":"pt-PT","@id":"https:\/\/www.um.edu.mo\/pt-pt\/#\/schema\/logo\/image\/","url":"https:\/\/www.um.edu.mo\/wp-content\/uploads\/2020\/09\/UM-Logo_V-Black.png","contentUrl":"https:\/\/www.um.edu.mo\/wp-content\/uploads\/2020\/09\/UM-Logo_V-Black.png","width":3508,"height":2785,"caption":"University of Macau"},"image":{"@id":"https:\/\/www.um.edu.mo\/pt-pt\/#\/schema\/logo\/image\/"},"sameAs":["https:\/\/www.facebook.com\/universityofmacau","https:\/\/x.com\/UM_1981"]},{"@type":"Person","@id":"https:\/\/www.um.edu.mo\/pt-pt\/#\/schema\/person\/bfdcd3a75d1b778a93663e5dee2e33bb","name":"web_admin","image":{"@type":"ImageObject","inLanguage":"pt-PT","@id":"https:\/\/www.um.edu.mo\/pt-pt\/#\/schema\/person\/image\/","url":"https:\/\/secure.gravatar.com\/avatar\/e230ccd9ba8eb5ce94ecf306e4a35399?s=96&d=mm&r=g","contentUrl":"https:\/\/secure.gravatar.com\/avatar\/e230ccd9ba8eb5ce94ecf306e4a35399?s=96&d=mm&r=g","caption":"web_admin"}}]}},"_links":{"self":[{"href":"https:\/\/www.um.edu.mo\/pt-pt\/wp-json\/wp\/v2\/posts\/19884","targetHints":{"allow":["GET"]}}],"collection":[{"href":"https:\/\/www.um.edu.mo\/pt-pt\/wp-json\/wp\/v2\/posts"}],"about":[{"href":"https:\/\/www.um.edu.mo\/pt-pt\/wp-json\/wp\/v2\/types\/post"}],"author":[{"embeddable":true,"href":"https:\/\/www.um.edu.mo\/pt-pt\/wp-json\/wp\/v2\/users\/1"}],"replies":[{"embeddable":true,"href":"https:\/\/www.um.edu.mo\/pt-pt\/wp-json\/wp\/v2\/comments?post=19884"}],"version-history":[{"count":0,"href":"https:\/\/www.um.edu.mo\/pt-pt\/wp-json\/wp\/v2\/posts\/19884\/revisions"}],"wp:featuredmedia":[{"embeddable":true,"href":"https:\/\/www.um.edu.mo\/pt-pt\/wp-json\/wp\/v2\/media\/19885"}],"wp:attachment":[{"href":"https:\/\/www.um.edu.mo\/pt-pt\/wp-json\/wp\/v2\/media?parent=19884"}],"wp:term":[{"taxonomy":"category","embeddable":true,"href":"https:\/\/www.um.edu.mo\/pt-pt\/wp-json\/wp\/v2\/categories?post=19884"},{"taxonomy":"post_tag","embeddable":true,"href":"https:\/\/www.um.edu.mo\/pt-pt\/wp-json\/wp\/v2\/tags?post=19884"}],"curies":[{"name":"wp","href":"https:\/\/api.w.org\/{rel}","templated":true}]}}