{"id":195888,"date":"2011-01-05T12:35:50","date_gmt":"2011-01-05T04:35:50","guid":{"rendered":"https:\/\/www.um.edu.mo\/sem-categoria\/2011\/01\/14567-pt_pt\/"},"modified":"2011-01-05T12:35:50","modified_gmt":"2011-01-05T04:35:50","slug":"14567","status":"publish","type":"post","link":"https:\/\/www.um.edu.mo\/pt-pt\/news-and-press-releases\/press-release\/detail\/14567\/","title":{"rendered":"A UM vai lan\u00e7ar um novo modelo de curr\u00edculo a n\u00edvel de licenciatura e dois novos cursos"},"content":{"rendered":"<table align=\"right\" border=\"0\" cellpadding=\"0\" cellspacing=\"0\" style=\"padding-left: 10px; padding-bottom: 10px;\">\n\t<tbody>\n\t\t<tr>\n\t\t\t<td align=\"center\">\n\t\t\t\t<img decoding=\"async\" alt=\"a.jpg\" border=\"0\" width=\"250\" src=\"https:\/\/news.um.edu.mo\/nrs\/faces\/binary?id=7_2BTklAmvc788E6kKaURk_2FEJDxXzLSfDK6kl5wNxzRbaBAwOX9Upjqg_3D_3D&#038;w=250\"\/><\/td>\n\t\t<\/tr>\n\t\t<tr>\n\t\t\t<td align=\"center\">\n\t\t\t\t&nbsp;<\/td>\n\t\t<\/tr>\n\t\t<tr>\n\t\t\t<td align=\"center\">\n\t\t\t\t<img decoding=\"async\" alt=\"1.JPG\" border=\"0\" width=\"250\" src=\"https:\/\/news.um.edu.mo\/nrs\/faces\/binary?id=7_2BTklAmvc788E6kKaURk_2FEJDxXzLSfDKVG3HS35RjhgOS3TYDnbk4Q_3D_3D&#038;w=250\"\/><\/td>\n\t\t<\/tr>\n\t\t<tr>\n\t\t\t<td align=\"center\">\n\t\t\t\t&nbsp;<\/td>\n\t\t<\/tr>\n\t<\/tbody>\n<\/table>\n<p>\n\tA partir do Outono deste ano, Universidade de Macau (UM) vai implementar um novo modelo de curr&iacute;culo composto por quatro componentes e vai lan&ccedil;ar dois novos cursos, nomeadamente a Licenciatura em Ci&ecirc;ncias em Ci&ecirc;ncias Biom&eacute;dicas e a Licenciatura em Ci&ecirc;ncias em Matem&aacute;tica, tendo como objectivos aumentar as compet&ecirc;ncias dos estudantes em v&aacute;rios campos e oferecer-lhes mais oportunidades quanto &agrave; procura de emprego e &agrave; prossecu&ccedil;&atilde;o da educa&ccedil;&atilde;o.<\/p>\n<p>\n\tOntem (5 de Janeiro de 2010), a UM deu uma confer&ecirc;ncia de imprensa sobre o plano de recrutamento de estudantes para o ano acad&eacute;mico de 2011\/2012, no decorrer da qual o Vice-Reitor da UM, Prof. Simon Ho, o chefe do Departamento de Matem&aacute;tica da Faculdade de Ci&ecirc;ncias e Tecnologia (FST), Prof. Qian Tao, o director interino da Faculdade de Ci&ecirc;ncias da Educa&ccedil;&atilde;o, e o Dr. Leong Ieng Tak; Prof. Cheng Chun Wai, o director Prof. Wang Yitao e o Prof. Lee Ming Yuen do Instituto de Ci&ecirc;ncias M&eacute;dicas Chinesas (ICMS), e o Secret&aacute;rio Paul Pang disponibilizaram informa&ccedil;&otilde;es pormenorizadas sobre o plano de recrutamento de estudantes para a novo ano acad&eacute;mico.<\/p>\n<p>\n\tA fim de produzir quadros qualificados com um amplo conhecimento geral, a UM tem vindo a tomar v&aacute;rias medidas, incluindo a cria&ccedil;&atilde;o de um Col&eacute;gio de Honra e dos Col&eacute;gios Residenciais e o refor&ccedil;o do interc&acirc;mbio internacional dos estudantes. No ano lectivo de 2011\/2012, a UM ir&aacute; implementar um novo modelo de curr&iacute;culo a n&iacute;vel de licenciatura, o qual &eacute; composto por quatro elementos principais, nomeadamente a educa&ccedil;&atilde;o especializada, a educa&ccedil;&atilde;o hol&iacute;stica, a investiga&ccedil;&atilde;o e est&aacute;gio, e a educa&ccedil;&atilde;o atrav&eacute;s das actividades comunit&aacute;rias. As disciplinas de Educa&ccedil;&atilde;o Hol&iacute;stica ser&atilde;o incorporadas em todos os cursos de licenciatura, excepto no Curso de Licenciatura em Direito em L&iacute;ngua Chinesa (noite) e no Curso de Licenciatura em Direito em L&iacute;ngua Portuguesa (noite). Estas disciplinas cobrir&atilde;o quatro &aacute;reas principais, nomeadamente as L&iacute;nguas e a Comunica&ccedil;&atilde;o, as Ci&ecirc;ncias e a Tecnologia da Informa&ccedil;&atilde;o, a Sociedade e a Cultura e o Desenvolvimento Pessoal. Sendo o ingl&ecirc;s a principal l&iacute;ngua veicular, as disciplinas de Educa&ccedil;&atilde;o Hol&iacute;stica concentram-se nas quest&otilde;es principais enfrentadas pela humanidade e visam desenvolver a capacidade dos estudantes para o pensamento independente, alargar as suas vis&otilde;es e melhorar a sua profici&ecirc;ncia em l&iacute;nguas estrangeiras e a sua competitividade geral.<\/p>\n<p>\n\tPara al&eacute;m do novo modelo de curr&iacute;culo, a UM ir&aacute; lan&ccedil;ar igualmente dois novos cursos de licenciatura no novo ano acad&eacute;mico, nomeadamente a Licenciatura em Ci&ecirc;ncias em Ci&ecirc;ncias Biom&eacute;dicas e a Licenciatura em Ci&ecirc;ncias em Matem&aacute;tica. A UM obteve a aprova&ccedil;&atilde;o do Minist&eacute;rio das Ci&ecirc;ncias e Tecnologia para criar um laborat&oacute;rio chave estatal (state key laboratory) de medicina chinesa e, a fim de formar mais especialistas neste campo, o ICMS da UM ir&aacute; lan&ccedil;ar a Licenciatura em Ci&ecirc;ncias em Ci&ecirc;ncias Biom&eacute;dicas. Este curso consiste num leque de temas interdisciplinares relacionados com a sa&uacute;de e as doen&ccedil;as humanas. O objectivo do curso &eacute; ensinar os conhecimentos fundamentais em biologia e as teorias m&eacute;dicas modernas, bem como desenvolver as capacidades dos estudantes para levarem a cabo investiga&ccedil;&atilde;o interdisciplinar fundamental, diagn&oacute;stico m&eacute;dico e desenvolvimento de novos medicamentos e produtos farmac&ecirc;uticos. O curso dar&aacute; aos estudantes v&aacute;rias oportunidades para porem os seus conhecimentos te&oacute;ricos em pr&aacute;tica e para adquirirem diversas compet&ecirc;ncias no campo biom&eacute;dico. O curso compreender&aacute; um largo leque de t&oacute;picos e preparar&aacute; os estudantes para empregos em v&aacute;rios campos, incluindo o ensino, o servi&ccedil;o de sa&uacute;de, a investiga&ccedil;&atilde;o e o trabalho nas empresas farmac&ecirc;uticas.<\/p>\n<p>\n\tO outro novo curso de Licenciatura em Ci&ecirc;ncias em Matem&aacute;tica, ser&aacute; lan&ccedil;ado conjuntamente pela FST e pela Faculdade de Ci&ecirc;ncias da Educa&ccedil;&atilde;o. Este curso integra duas &aacute;reas&mdash; Matem&aacute;tica e Aplica&ccedil;&otilde;es e Matem&aacute;tica Educacional, e visa optimizar as perspectivas de emprego e de prossecu&ccedil;&atilde;o de estudos de p&oacute;s-gradua&ccedil;&atilde;o por parte dos estudantes. A forma&ccedil;&atilde;o profissional b&aacute;sica deste curso ir&aacute; aumentar efectivamente as v&aacute;rias compet&ecirc;ncias dos estudantes, tais como a indu&ccedil;&atilde;o, a quantifica&ccedil;&atilde;o, o racioc&iacute;nio l&oacute;gico e a an&aacute;lise, oferecendo assim mais escolhas para os estudantes. Os licenciados deste curso, quer queiram entrar no mercado de trabalho, quer queiram prosseguir os seus estudos, ser&atilde;o competitivos em v&aacute;rios campos, tais como os estudos actuariais, os seguros, a gest&atilde;o da informa&ccedil;&atilde;o, a estat&iacute;stica, as finan&ccedil;as, a gest&atilde;o financeira, o software de computadores, a doc&ecirc;ncia no ensino secund&aacute;rio, o jogo, a an&aacute;lise de dados t&eacute;cnicos, o trabalho no governo e a gest&atilde;o cient&iacute;fica. Os licenciados da &aacute;rea da Matem&aacute;tica Educacional que estiverem interessados na doc&ecirc;ncia em escolas secund&aacute;rias ser&atilde;o reconhecidos pelo Governo da RAEM como detentores de qualifica&ccedil;&otilde;es vocacionais equivalentes.<\/p>\n<p>\n\tAs candidaturas para os cursos de licenciatura para o ano acad&eacute;mico de 2011\/2012 ser&atilde;o realizadas em tr&ecirc;s etapas. Entre 3 e 21 de Janeiro de 2011 para as candidaturas por Admiss&atilde;o Recomendada por Director da Escola. Entre 7 e 25 de Fevereiro de 2011 para as candidaturas de Admiss&atilde;o por Exame. Entre 1e 29 de Abril de 2011 para as candidaturas por Admiss&atilde;o Directa e por Transfer&ecirc;ncia. Para ver as regras e os regulamentos detalhados referentes &agrave; admiss&atilde;o, por favor visite o nosso site http:\/\/www.umac.mo\/reg\/index_tc.php durante os referidos per&iacute;odos de candidatura. Para informa&ccedil;&otilde;es, por favor contacte-nos pelo telefone 83974007 ou mande um email para o endere&ccedil;o admission@um.edu.mo.<br \/>\n\t&nbsp;<\/p>\n<p>\n\t<br \/>\n\t&nbsp;<\/p>","protected":false},"excerpt":{"rendered":"<p>&nbsp; &nbsp; A partir do Outono deste ano, Universidade de Macau (UM) vai implementar um novo modelo de curr&iacute;culo composto por quatro componentes e vai lan&ccedil;ar dois novos cursos, nomeadamente&#8230;<\/p>\n","protected":false},"author":1,"featured_media":109787,"comment_status":"open","ping_status":"open","sticky":false,"template":"","format":"standard","meta":{"_acf_changed":false,"footnotes":""},"categories":[60],"tags":[],"class_list":["post-195888","post","type-post","status-publish","format-standard","has-post-thumbnail","hentry","category-press-release"],"acf":[],"yoast_head":"<!-- This site is optimized with the Yoast SEO plugin v24.5 - https:\/\/yoast.com\/wordpress\/plugins\/seo\/ -->\n<title>A UM vai lan\u00e7ar um novo modelo de curr\u00edculo a n\u00edvel de licenciatura e dois novos cursos | Universidade de Macau<\/title>\n<meta name=\"description\" content=\"Universidade de Macau: Uma universidade abrangente p\u00fablica de n\u00edvel internacional fundada em 1981\" \/>\n<meta name=\"robots\" content=\"index, follow, max-snippet:-1, max-image-preview:large, max-video-preview:-1\" \/>\n<link rel=\"canonical\" href=\"https:\/\/www.um.edu.mo\/pt-pt\/news-and-press-releases\/press-release\/detail\/14567\/\" \/>\n<meta property=\"og:locale\" content=\"pt_PT\" \/>\n<meta property=\"og:type\" content=\"article\" \/>\n<meta property=\"og:title\" content=\"A UM vai lan\u00e7ar um novo modelo de curr\u00edculo a n\u00edvel de licenciatura e dois novos cursos | Universidade de Macau\" \/>\n<meta property=\"og:description\" content=\"Universidade de Macau: Uma universidade abrangente p\u00fablica de n\u00edvel internacional fundada em 1981\" \/>\n<meta property=\"og:url\" content=\"https:\/\/www.um.edu.mo\/pt-pt\/news-and-press-releases\/press-release\/detail\/14567\/\" \/>\n<meta property=\"og:site_name\" content=\"Universidade de Macau\" \/>\n<meta property=\"article:publisher\" content=\"https:\/\/www.facebook.com\/universityofmacau\" \/>\n<meta property=\"article:published_time\" content=\"2011-01-05T04:35:50+00:00\" \/>\n<meta property=\"og:image\" content=\"https:\/\/www.um.edu.mo\/wp-content\/uploads\/nrs\/14567-85102.jpg\" \/>\n\t<meta property=\"og:image:width\" content=\"1500\" \/>\n\t<meta property=\"og:image:height\" content=\"998\" \/>\n\t<meta property=\"og:image:type\" content=\"image\/jpeg\" \/>\n<meta name=\"author\" content=\"web_admin\" \/>\n<meta name=\"twitter:card\" content=\"summary_large_image\" \/>\n<meta name=\"twitter:creator\" content=\"@UM_1981\" \/>\n<meta name=\"twitter:site\" content=\"@UM_1981\" \/>\n<meta name=\"twitter:label1\" content=\"Escrito por\" \/>\n\t<meta name=\"twitter:data1\" content=\"web_admin\" \/>\n\t<meta name=\"twitter:label2\" content=\"Tempo estimado de leitura\" \/>\n\t<meta name=\"twitter:data2\" content=\"6 minutos\" \/>\n<script type=\"application\/ld+json\" class=\"yoast-schema-graph\">{\"@context\":\"https:\/\/schema.org\",\"@graph\":[{\"@type\":\"Article\",\"@id\":\"https:\/\/www.um.edu.mo\/pt-pt\/news-and-press-releases\/press-release\/detail\/14567\/#article\",\"isPartOf\":{\"@id\":\"https:\/\/www.um.edu.mo\/pt-pt\/news-and-press-releases\/press-release\/detail\/14567\/\"},\"author\":{\"name\":\"web_admin\",\"@id\":\"https:\/\/www.um.edu.mo\/pt-pt\/#\/schema\/person\/bfdcd3a75d1b778a93663e5dee2e33bb\"},\"headline\":\"A UM vai lan\u00e7ar um novo modelo de curr\u00edculo a n\u00edvel de licenciatura e dois novos cursos\",\"datePublished\":\"2011-01-05T04:35:50+00:00\",\"mainEntityOfPage\":{\"@id\":\"https:\/\/www.um.edu.mo\/pt-pt\/news-and-press-releases\/press-release\/detail\/14567\/\"},\"wordCount\":1182,\"commentCount\":0,\"publisher\":{\"@id\":\"https:\/\/www.um.edu.mo\/pt-pt\/#organization\"},\"image\":{\"@id\":\"https:\/\/www.um.edu.mo\/pt-pt\/news-and-press-releases\/press-release\/detail\/14567\/#primaryimage\"},\"thumbnailUrl\":\"https:\/\/www.um.edu.mo\/wp-content\/uploads\/nrs\/14567-85102.jpg\",\"articleSection\":[\"Comunicado de Imprensa\"],\"inLanguage\":\"pt-PT\"},{\"@type\":\"WebPage\",\"@id\":\"https:\/\/www.um.edu.mo\/pt-pt\/news-and-press-releases\/press-release\/detail\/14567\/\",\"url\":\"https:\/\/www.um.edu.mo\/pt-pt\/news-and-press-releases\/press-release\/detail\/14567\/\",\"name\":\"A UM vai lan\u00e7ar um novo modelo de curr\u00edculo a n\u00edvel de licenciatura e dois novos cursos | Universidade de Macau\",\"isPartOf\":{\"@id\":\"https:\/\/www.um.edu.mo\/pt-pt\/#website\"},\"primaryImageOfPage\":{\"@id\":\"https:\/\/www.um.edu.mo\/pt-pt\/news-and-press-releases\/press-release\/detail\/14567\/#primaryimage\"},\"image\":{\"@id\":\"https:\/\/www.um.edu.mo\/pt-pt\/news-and-press-releases\/press-release\/detail\/14567\/#primaryimage\"},\"thumbnailUrl\":\"https:\/\/www.um.edu.mo\/wp-content\/uploads\/nrs\/14567-85102.jpg\",\"datePublished\":\"2011-01-05T04:35:50+00:00\",\"description\":\"Universidade de Macau: Uma universidade abrangente p\u00fablica de n\u00edvel internacional fundada em 1981\",\"breadcrumb\":{\"@id\":\"https:\/\/www.um.edu.mo\/pt-pt\/news-and-press-releases\/press-release\/detail\/14567\/#breadcrumb\"},\"inLanguage\":\"pt-PT\",\"potentialAction\":[{\"@type\":\"ReadAction\",\"target\":[\"https:\/\/www.um.edu.mo\/pt-pt\/news-and-press-releases\/press-release\/detail\/14567\/\"]}]},{\"@type\":\"ImageObject\",\"inLanguage\":\"pt-PT\",\"@id\":\"https:\/\/www.um.edu.mo\/pt-pt\/news-and-press-releases\/press-release\/detail\/14567\/#primaryimage\",\"url\":\"https:\/\/www.um.edu.mo\/wp-content\/uploads\/nrs\/14567-85102.jpg\",\"contentUrl\":\"https:\/\/www.um.edu.mo\/wp-content\/uploads\/nrs\/14567-85102.jpg\",\"width\":1500,\"height\":998},{\"@type\":\"BreadcrumbList\",\"@id\":\"https:\/\/www.um.edu.mo\/pt-pt\/news-and-press-releases\/press-release\/detail\/14567\/#breadcrumb\",\"itemListElement\":[{\"@type\":\"ListItem\",\"position\":1,\"name\":\"P\u00e1gina inicial\",\"item\":\"https:\/\/www.um.edu.mo\/pt-pt\/\"},{\"@type\":\"ListItem\",\"position\":2,\"name\":\"Not\u00edcias e Comunicados de Imprensa\",\"item\":\"https:\/\/www.um.edu.mo\/pt-pt\/category\/news-and-press-releases\/\"},{\"@type\":\"ListItem\",\"position\":3,\"name\":\"Comunicado de Imprensa\",\"item\":\"https:\/\/www.um.edu.mo\/pt-pt\/category\/news-and-press-releases\/press-release\/\"},{\"@type\":\"ListItem\",\"position\":4,\"name\":\"A UM vai lan\u00e7ar um novo modelo de curr\u00edculo a n\u00edvel de licenciatura e dois novos cursos\"}]},{\"@type\":\"WebSite\",\"@id\":\"https:\/\/www.um.edu.mo\/pt-pt\/#website\",\"url\":\"https:\/\/www.um.edu.mo\/pt-pt\/\",\"name\":\"Universidade de Macau\",\"description\":\"\",\"publisher\":{\"@id\":\"https:\/\/www.um.edu.mo\/pt-pt\/#organization\"},\"potentialAction\":[{\"@type\":\"SearchAction\",\"target\":{\"@type\":\"EntryPoint\",\"urlTemplate\":\"https:\/\/www.um.edu.mo\/pt-pt\/?s={search_term_string}\"},\"query-input\":{\"@type\":\"PropertyValueSpecification\",\"valueRequired\":true,\"valueName\":\"search_term_string\"}}],\"inLanguage\":\"pt-PT\"},{\"@type\":\"Organization\",\"@id\":\"https:\/\/www.um.edu.mo\/pt-pt\/#organization\",\"name\":\"University of Macau\",\"url\":\"https:\/\/www.um.edu.mo\/pt-pt\/\",\"logo\":{\"@type\":\"ImageObject\",\"inLanguage\":\"pt-PT\",\"@id\":\"https:\/\/www.um.edu.mo\/pt-pt\/#\/schema\/logo\/image\/\",\"url\":\"https:\/\/www.um.edu.mo\/wp-content\/uploads\/2020\/09\/UM-Logo_V-Black.png\",\"contentUrl\":\"https:\/\/www.um.edu.mo\/wp-content\/uploads\/2020\/09\/UM-Logo_V-Black.png\",\"width\":3508,\"height\":2785,\"caption\":\"University of Macau\"},\"image\":{\"@id\":\"https:\/\/www.um.edu.mo\/pt-pt\/#\/schema\/logo\/image\/\"},\"sameAs\":[\"https:\/\/www.facebook.com\/universityofmacau\",\"https:\/\/x.com\/UM_1981\"]},{\"@type\":\"Person\",\"@id\":\"https:\/\/www.um.edu.mo\/pt-pt\/#\/schema\/person\/bfdcd3a75d1b778a93663e5dee2e33bb\",\"name\":\"web_admin\",\"image\":{\"@type\":\"ImageObject\",\"inLanguage\":\"pt-PT\",\"@id\":\"https:\/\/www.um.edu.mo\/pt-pt\/#\/schema\/person\/image\/\",\"url\":\"https:\/\/secure.gravatar.com\/avatar\/e230ccd9ba8eb5ce94ecf306e4a35399?s=96&d=mm&r=g\",\"contentUrl\":\"https:\/\/secure.gravatar.com\/avatar\/e230ccd9ba8eb5ce94ecf306e4a35399?s=96&d=mm&r=g\",\"caption\":\"web_admin\"}}]}<\/script>\n<!-- \/ Yoast SEO plugin. -->","yoast_head_json":{"title":"A UM vai lan\u00e7ar um novo modelo de curr\u00edculo a n\u00edvel de licenciatura e dois novos cursos | Universidade de Macau","description":"Universidade de Macau: Uma universidade abrangente p\u00fablica de n\u00edvel internacional fundada em 1981","robots":{"index":"index","follow":"follow","max-snippet":"max-snippet:-1","max-image-preview":"max-image-preview:large","max-video-preview":"max-video-preview:-1"},"canonical":"https:\/\/www.um.edu.mo\/pt-pt\/news-and-press-releases\/press-release\/detail\/14567\/","og_locale":"pt_PT","og_type":"article","og_title":"A UM vai lan\u00e7ar um novo modelo de curr\u00edculo a n\u00edvel de licenciatura e dois novos cursos | Universidade de Macau","og_description":"Universidade de Macau: Uma universidade abrangente p\u00fablica de n\u00edvel internacional fundada em 1981","og_url":"https:\/\/www.um.edu.mo\/pt-pt\/news-and-press-releases\/press-release\/detail\/14567\/","og_site_name":"Universidade de Macau","article_publisher":"https:\/\/www.facebook.com\/universityofmacau","article_published_time":"2011-01-05T04:35:50+00:00","og_image":[{"width":1500,"height":998,"url":"https:\/\/www.um.edu.mo\/wp-content\/uploads\/nrs\/14567-85102.jpg","type":"image\/jpeg"}],"author":"web_admin","twitter_card":"summary_large_image","twitter_creator":"@UM_1981","twitter_site":"@UM_1981","twitter_misc":{"Escrito por":"web_admin","Tempo estimado de leitura":"6 minutos"},"schema":{"@context":"https:\/\/schema.org","@graph":[{"@type":"Article","@id":"https:\/\/www.um.edu.mo\/pt-pt\/news-and-press-releases\/press-release\/detail\/14567\/#article","isPartOf":{"@id":"https:\/\/www.um.edu.mo\/pt-pt\/news-and-press-releases\/press-release\/detail\/14567\/"},"author":{"name":"web_admin","@id":"https:\/\/www.um.edu.mo\/pt-pt\/#\/schema\/person\/bfdcd3a75d1b778a93663e5dee2e33bb"},"headline":"A UM vai lan\u00e7ar um novo modelo de curr\u00edculo a n\u00edvel de licenciatura e dois novos cursos","datePublished":"2011-01-05T04:35:50+00:00","mainEntityOfPage":{"@id":"https:\/\/www.um.edu.mo\/pt-pt\/news-and-press-releases\/press-release\/detail\/14567\/"},"wordCount":1182,"commentCount":0,"publisher":{"@id":"https:\/\/www.um.edu.mo\/pt-pt\/#organization"},"image":{"@id":"https:\/\/www.um.edu.mo\/pt-pt\/news-and-press-releases\/press-release\/detail\/14567\/#primaryimage"},"thumbnailUrl":"https:\/\/www.um.edu.mo\/wp-content\/uploads\/nrs\/14567-85102.jpg","articleSection":["Comunicado de Imprensa"],"inLanguage":"pt-PT"},{"@type":"WebPage","@id":"https:\/\/www.um.edu.mo\/pt-pt\/news-and-press-releases\/press-release\/detail\/14567\/","url":"https:\/\/www.um.edu.mo\/pt-pt\/news-and-press-releases\/press-release\/detail\/14567\/","name":"A UM vai lan\u00e7ar um novo modelo de curr\u00edculo a n\u00edvel de licenciatura e dois novos cursos | Universidade de Macau","isPartOf":{"@id":"https:\/\/www.um.edu.mo\/pt-pt\/#website"},"primaryImageOfPage":{"@id":"https:\/\/www.um.edu.mo\/pt-pt\/news-and-press-releases\/press-release\/detail\/14567\/#primaryimage"},"image":{"@id":"https:\/\/www.um.edu.mo\/pt-pt\/news-and-press-releases\/press-release\/detail\/14567\/#primaryimage"},"thumbnailUrl":"https:\/\/www.um.edu.mo\/wp-content\/uploads\/nrs\/14567-85102.jpg","datePublished":"2011-01-05T04:35:50+00:00","description":"Universidade de Macau: Uma universidade abrangente p\u00fablica de n\u00edvel internacional fundada em 1981","breadcrumb":{"@id":"https:\/\/www.um.edu.mo\/pt-pt\/news-and-press-releases\/press-release\/detail\/14567\/#breadcrumb"},"inLanguage":"pt-PT","potentialAction":[{"@type":"ReadAction","target":["https:\/\/www.um.edu.mo\/pt-pt\/news-and-press-releases\/press-release\/detail\/14567\/"]}]},{"@type":"ImageObject","inLanguage":"pt-PT","@id":"https:\/\/www.um.edu.mo\/pt-pt\/news-and-press-releases\/press-release\/detail\/14567\/#primaryimage","url":"https:\/\/www.um.edu.mo\/wp-content\/uploads\/nrs\/14567-85102.jpg","contentUrl":"https:\/\/www.um.edu.mo\/wp-content\/uploads\/nrs\/14567-85102.jpg","width":1500,"height":998},{"@type":"BreadcrumbList","@id":"https:\/\/www.um.edu.mo\/pt-pt\/news-and-press-releases\/press-release\/detail\/14567\/#breadcrumb","itemListElement":[{"@type":"ListItem","position":1,"name":"P\u00e1gina inicial","item":"https:\/\/www.um.edu.mo\/pt-pt\/"},{"@type":"ListItem","position":2,"name":"Not\u00edcias e Comunicados de Imprensa","item":"https:\/\/www.um.edu.mo\/pt-pt\/category\/news-and-press-releases\/"},{"@type":"ListItem","position":3,"name":"Comunicado de Imprensa","item":"https:\/\/www.um.edu.mo\/pt-pt\/category\/news-and-press-releases\/press-release\/"},{"@type":"ListItem","position":4,"name":"A UM vai lan\u00e7ar um novo modelo de curr\u00edculo a n\u00edvel de licenciatura e dois novos cursos"}]},{"@type":"WebSite","@id":"https:\/\/www.um.edu.mo\/pt-pt\/#website","url":"https:\/\/www.um.edu.mo\/pt-pt\/","name":"Universidade de Macau","description":"","publisher":{"@id":"https:\/\/www.um.edu.mo\/pt-pt\/#organization"},"potentialAction":[{"@type":"SearchAction","target":{"@type":"EntryPoint","urlTemplate":"https:\/\/www.um.edu.mo\/pt-pt\/?s={search_term_string}"},"query-input":{"@type":"PropertyValueSpecification","valueRequired":true,"valueName":"search_term_string"}}],"inLanguage":"pt-PT"},{"@type":"Organization","@id":"https:\/\/www.um.edu.mo\/pt-pt\/#organization","name":"University of Macau","url":"https:\/\/www.um.edu.mo\/pt-pt\/","logo":{"@type":"ImageObject","inLanguage":"pt-PT","@id":"https:\/\/www.um.edu.mo\/pt-pt\/#\/schema\/logo\/image\/","url":"https:\/\/www.um.edu.mo\/wp-content\/uploads\/2020\/09\/UM-Logo_V-Black.png","contentUrl":"https:\/\/www.um.edu.mo\/wp-content\/uploads\/2020\/09\/UM-Logo_V-Black.png","width":3508,"height":2785,"caption":"University of Macau"},"image":{"@id":"https:\/\/www.um.edu.mo\/pt-pt\/#\/schema\/logo\/image\/"},"sameAs":["https:\/\/www.facebook.com\/universityofmacau","https:\/\/x.com\/UM_1981"]},{"@type":"Person","@id":"https:\/\/www.um.edu.mo\/pt-pt\/#\/schema\/person\/bfdcd3a75d1b778a93663e5dee2e33bb","name":"web_admin","image":{"@type":"ImageObject","inLanguage":"pt-PT","@id":"https:\/\/www.um.edu.mo\/pt-pt\/#\/schema\/person\/image\/","url":"https:\/\/secure.gravatar.com\/avatar\/e230ccd9ba8eb5ce94ecf306e4a35399?s=96&d=mm&r=g","contentUrl":"https:\/\/secure.gravatar.com\/avatar\/e230ccd9ba8eb5ce94ecf306e4a35399?s=96&d=mm&r=g","caption":"web_admin"}}]}},"_links":{"self":[{"href":"https:\/\/www.um.edu.mo\/pt-pt\/wp-json\/wp\/v2\/posts\/195888","targetHints":{"allow":["GET"]}}],"collection":[{"href":"https:\/\/www.um.edu.mo\/pt-pt\/wp-json\/wp\/v2\/posts"}],"about":[{"href":"https:\/\/www.um.edu.mo\/pt-pt\/wp-json\/wp\/v2\/types\/post"}],"author":[{"embeddable":true,"href":"https:\/\/www.um.edu.mo\/pt-pt\/wp-json\/wp\/v2\/users\/1"}],"replies":[{"embeddable":true,"href":"https:\/\/www.um.edu.mo\/pt-pt\/wp-json\/wp\/v2\/comments?post=195888"}],"version-history":[{"count":0,"href":"https:\/\/www.um.edu.mo\/pt-pt\/wp-json\/wp\/v2\/posts\/195888\/revisions"}],"wp:featuredmedia":[{"embeddable":true,"href":"https:\/\/www.um.edu.mo\/pt-pt\/wp-json\/wp\/v2\/media\/109787"}],"wp:attachment":[{"href":"https:\/\/www.um.edu.mo\/pt-pt\/wp-json\/wp\/v2\/media?parent=195888"}],"wp:term":[{"taxonomy":"category","embeddable":true,"href":"https:\/\/www.um.edu.mo\/pt-pt\/wp-json\/wp\/v2\/categories?post=195888"},{"taxonomy":"post_tag","embeddable":true,"href":"https:\/\/www.um.edu.mo\/pt-pt\/wp-json\/wp\/v2\/tags?post=195888"}],"curies":[{"name":"wp","href":"https:\/\/api.w.org\/{rel}","templated":true}]}}