{"id":195843,"date":"2011-03-31T17:03:00","date_gmt":"2011-03-31T09:03:00","guid":{"rendered":"https:\/\/www.um.edu.mo\/sem-categoria\/2011\/03\/16068-pt_pt\/"},"modified":"2011-03-31T17:03:00","modified_gmt":"2011-03-31T09:03:00","slug":"16068","status":"publish","type":"post","link":"https:\/\/www.um.edu.mo\/pt-pt\/news-and-press-releases\/press-release\/detail\/16068\/","title":{"rendered":"Delega\u00e7\u00e3o da UM Visita Portugal e Estabelece Acordos de Coopera\u00e7\u00e3o"},"content":{"rendered":"<table align=\"right\" border=\"0\" cellpadding=\"0\" cellspacing=\"0\" style=\"padding-left: 10px; padding-bottom: 10px; width: 150px; height: 516px;\">\n\t<tbody>\n\t\t<tr>\n\t\t\t<td align=\"center\">\n\t\t\t\t<img decoding=\"async\" alt=\"p1_thumbnail.jpg\" border=\"0\" width=\"250\" src=\"https:\/\/news.um.edu.mo\/nrs\/faces\/binary?id=gAnXYdDY74ULkn_2Fgc_2FZkqxqakyTq2UTMrumJsKHoM72vC_2Bvhw4drachHqck_2FTujh&#038;w=250\"\/><\/td>\n\t\t<\/tr>\n\t\t<tr>\n\t\t\t<td align=\"center\">\n\t\t\t\tAssinatura dos protocolos, com a presen&ccedil;a do Reitor da UM (centro) e do Presidente da Funda&ccedil;&atilde;o para a Ci&ecirc;ncia e a Tecnologia, Professor Doutor Jo&atilde;o Sentieiro (segundo &agrave; esquerda)<\/td>\n\t\t<\/tr>\n\t\t<tr>\n\t\t\t<td align=\"center\">\n\t\t\t\t<img decoding=\"async\" alt=\"p2_thumbnail.jpg\" border=\"0\" width=\"250\" src=\"https:\/\/news.um.edu.mo\/nrs\/faces\/binary?id=gAnXYdDY74ULkn_2Fgc_2FZkqxqakyTq2UTM8h6jfb_2BO95k_2B0LKvh4j_2BjMHTXSBkN6ba&#038;w=250\"\/><\/td>\n\t\t<\/tr>\n\t\t<tr>\n\t\t\t<td align=\"center\">\n\t\t\t\tEncontro entre a delega&ccedil;&atilde;o da UM e o Ministro da Ci&ecirc;ncia Tecnologia e Ensino Superior de Portugal (quarto &agrave; direita)<\/td>\n\t\t<\/tr>\n\t<\/tbody>\n<\/table>\n<p>\n\t<wbr><wbr><wbr><wbr>Uma delega&ccedil;&atilde;o da Universidade de Macau (UM), liderada pelo seu Reitor Professor Doutor Wei Zhao visitou Portugal durante os dias 18 a 27 de Mar&ccedil;o e estabeleceu v&aacute;rios protocolos de coopera&ccedil;&atilde;o com as institui&ccedil;&otilde;es portuguesas de ensino superior. <\/wbr><\/wbr><\/wbr><\/wbr><\/p>\n<p>\n\t<wbr><wbr><wbr><wbr>\n\t<p>\n\t\tPara al&eacute;m do Reitor, integraram ainda a delega&ccedil;&atilde;o o Vice-Reitor da UM Professor Doutor Rui Martins e directores das faculdades da institui&ccedil;&atilde;o. A delega&ccedil;&atilde;o visitou oito estabelecimentos de ensino superior, nomeadamente, Universidade Nova de Lisboa, Universidade do Porto, Universidade do Minho, Universidade de Aveiro, Universidade de Coimbra, Universidade T&eacute;cnica de Lisboa, Universidade de Lisboa e Instituto Universit&aacute;rio de Lisboa &ndash; ISCTE, tendo estabelecido v&aacute;rios acordos de coopera&ccedil;&atilde;o e parceria acad&eacute;mica. A assinatura destes acordos visa refor&ccedil;ar os la&ccedil;os acad&eacute;micos e o mecanismo de interc&acirc;mbio de estudantes com as institui&ccedil;&otilde;es portuguesas e ir&aacute; trazer benef&iacute;cios duradouros para a forma&ccedil;&atilde;o de quadros qualificados e para o desenvolvimento do ensino superior em Macau.<\/p>\n\t<p>\n\t\tFoi igualmente assinado um protocolo para a cria&ccedil;&atilde;o da C&aacute;tedra Cam&otilde;es, a &uacute;nica posi&ccedil;&atilde;o deste g&eacute;nero no mundo, no departamento de portugu&ecirc;s da UM, que conta como patrocinadores a Funda&ccedil;&atilde;o para a Ci&ecirc;ncia e a Tecnologia, a Funda&ccedil;&atilde;o Oriente, o Centro Cient&iacute;fico e Cultural de Macau e o BNU (Macau). Neste &acirc;mbito, a UM ir&aacute; recrutar um acad&eacute;mico de prest&iacute;gio na &aacute;rea da l&iacute;ngua e cultura portuguesas para este cargo.<\/p>\n\t<p>\n\t\tAntes de visitar as Universidades portuguesas, o Professor Doutor Wei Zhao foi homenageado por 12 Universidades portuguesas que lhe conferiram o t&iacute;tulo &quot;Doutor Honoris Causa&quot; numa cerim&oacute;nia realizada na Academia das Ci&ecirc;ncias de Lisboa. Esta honra visa galardoar os seus contributos significativos para a promo&ccedil;&atilde;o da coopera&ccedil;&atilde;o e interc&acirc;mbio entre as institui&ccedil;&otilde;es de ensino superior de Macau e de Portugal. O Professor Doutor Zhao participou ainda numa audi&ecirc;ncia com o Presidente da Rep&uacute;blica Prof. An&iacute;bal Cavaco Silva.<\/p>\n\t<p>\n\t\tO Ministro da Ci&ecirc;ncia Tecnologia e Ensino Superior de Portugal Professor Mariano Gago encontrou duas vezes com a delega&ccedil;&atilde;o da UM, tendo abordado quest&otilde;es como a coopera&ccedil;&atilde;o entre Macau e Portugal no ensino superior, as estrat&eacute;gias para o desenvolvimento universit&aacute;rio e formas de interc&acirc;mbio do pessoal.<br \/>\n\t\t&nbsp;<\/p>\n\t<\/wbr><\/wbr><\/wbr><\/wbr><\/p>","protected":false},"excerpt":{"rendered":"<p>Assinatura dos protocolos, com a presen&ccedil;a do Reitor da UM (centro) e do Presidente da Funda&ccedil;&atilde;o para a Ci&ecirc;ncia e a Tecnologia, Professor Doutor Jo&atilde;o Sentieiro (segundo &agrave; esquerda) Encontro&#8230;<\/p>\n","protected":false},"author":1,"featured_media":110073,"comment_status":"open","ping_status":"open","sticky":false,"template":"","format":"standard","meta":{"_acf_changed":false,"footnotes":""},"categories":[60],"tags":[],"class_list":["post-195843","post","type-post","status-publish","format-standard","has-post-thumbnail","hentry","category-press-release"],"acf":[],"yoast_head":"<!-- This site is optimized with the Yoast SEO plugin v24.5 - https:\/\/yoast.com\/wordpress\/plugins\/seo\/ -->\n<title>Delega\u00e7\u00e3o da UM Visita Portugal e Estabelece Acordos de Coopera\u00e7\u00e3o | Universidade de Macau<\/title>\n<meta name=\"description\" content=\"Universidade de Macau: Uma universidade abrangente p\u00fablica de n\u00edvel internacional fundada em 1981\" \/>\n<meta name=\"robots\" content=\"index, follow, max-snippet:-1, max-image-preview:large, max-video-preview:-1\" \/>\n<link rel=\"canonical\" href=\"https:\/\/www.um.edu.mo\/pt-pt\/news-and-press-releases\/press-release\/detail\/16068\/\" \/>\n<meta property=\"og:locale\" content=\"pt_PT\" \/>\n<meta property=\"og:type\" content=\"article\" \/>\n<meta property=\"og:title\" content=\"Delega\u00e7\u00e3o da UM Visita Portugal e Estabelece Acordos de Coopera\u00e7\u00e3o | Universidade de Macau\" \/>\n<meta property=\"og:description\" content=\"Universidade de Macau: Uma universidade abrangente p\u00fablica de n\u00edvel internacional fundada em 1981\" \/>\n<meta property=\"og:url\" content=\"https:\/\/www.um.edu.mo\/pt-pt\/news-and-press-releases\/press-release\/detail\/16068\/\" \/>\n<meta property=\"og:site_name\" content=\"Universidade de Macau\" \/>\n<meta property=\"article:publisher\" content=\"https:\/\/www.facebook.com\/universityofmacau\" \/>\n<meta property=\"article:published_time\" content=\"2011-03-31T09:03:00+00:00\" \/>\n<meta property=\"og:image\" content=\"https:\/\/www.um.edu.mo\/wp-content\/uploads\/nrs\/16068-85154.jpg\" \/>\n\t<meta property=\"og:image:width\" content=\"600\" \/>\n\t<meta property=\"og:image:height\" content=\"450\" \/>\n\t<meta property=\"og:image:type\" content=\"image\/jpeg\" \/>\n<meta name=\"author\" content=\"web_admin\" \/>\n<meta name=\"twitter:card\" content=\"summary_large_image\" \/>\n<meta name=\"twitter:creator\" content=\"@UM_1981\" \/>\n<meta name=\"twitter:site\" content=\"@UM_1981\" \/>\n<meta name=\"twitter:label1\" content=\"Escrito por\" \/>\n\t<meta name=\"twitter:data1\" content=\"web_admin\" \/>\n\t<meta name=\"twitter:label2\" content=\"Tempo estimado de leitura\" \/>\n\t<meta name=\"twitter:data2\" content=\"3 minutos\" \/>\n<script type=\"application\/ld+json\" class=\"yoast-schema-graph\">{\"@context\":\"https:\/\/schema.org\",\"@graph\":[{\"@type\":\"Article\",\"@id\":\"https:\/\/www.um.edu.mo\/pt-pt\/news-and-press-releases\/press-release\/detail\/16068\/#article\",\"isPartOf\":{\"@id\":\"https:\/\/www.um.edu.mo\/pt-pt\/news-and-press-releases\/press-release\/detail\/16068\/\"},\"author\":{\"name\":\"web_admin\",\"@id\":\"https:\/\/www.um.edu.mo\/pt-pt\/#\/schema\/person\/bfdcd3a75d1b778a93663e5dee2e33bb\"},\"headline\":\"Delega\u00e7\u00e3o da UM Visita Portugal e Estabelece Acordos de Coopera\u00e7\u00e3o\",\"datePublished\":\"2011-03-31T09:03:00+00:00\",\"mainEntityOfPage\":{\"@id\":\"https:\/\/www.um.edu.mo\/pt-pt\/news-and-press-releases\/press-release\/detail\/16068\/\"},\"wordCount\":541,\"commentCount\":0,\"publisher\":{\"@id\":\"https:\/\/www.um.edu.mo\/pt-pt\/#organization\"},\"image\":{\"@id\":\"https:\/\/www.um.edu.mo\/pt-pt\/news-and-press-releases\/press-release\/detail\/16068\/#primaryimage\"},\"thumbnailUrl\":\"https:\/\/www.um.edu.mo\/wp-content\/uploads\/nrs\/16068-85154.jpg\",\"articleSection\":[\"Comunicado de Imprensa\"],\"inLanguage\":\"pt-PT\"},{\"@type\":\"WebPage\",\"@id\":\"https:\/\/www.um.edu.mo\/pt-pt\/news-and-press-releases\/press-release\/detail\/16068\/\",\"url\":\"https:\/\/www.um.edu.mo\/pt-pt\/news-and-press-releases\/press-release\/detail\/16068\/\",\"name\":\"Delega\u00e7\u00e3o da UM Visita Portugal e Estabelece Acordos de Coopera\u00e7\u00e3o | Universidade de Macau\",\"isPartOf\":{\"@id\":\"https:\/\/www.um.edu.mo\/pt-pt\/#website\"},\"primaryImageOfPage\":{\"@id\":\"https:\/\/www.um.edu.mo\/pt-pt\/news-and-press-releases\/press-release\/detail\/16068\/#primaryimage\"},\"image\":{\"@id\":\"https:\/\/www.um.edu.mo\/pt-pt\/news-and-press-releases\/press-release\/detail\/16068\/#primaryimage\"},\"thumbnailUrl\":\"https:\/\/www.um.edu.mo\/wp-content\/uploads\/nrs\/16068-85154.jpg\",\"datePublished\":\"2011-03-31T09:03:00+00:00\",\"description\":\"Universidade de Macau: Uma universidade abrangente p\u00fablica de n\u00edvel internacional fundada em 1981\",\"breadcrumb\":{\"@id\":\"https:\/\/www.um.edu.mo\/pt-pt\/news-and-press-releases\/press-release\/detail\/16068\/#breadcrumb\"},\"inLanguage\":\"pt-PT\",\"potentialAction\":[{\"@type\":\"ReadAction\",\"target\":[\"https:\/\/www.um.edu.mo\/pt-pt\/news-and-press-releases\/press-release\/detail\/16068\/\"]}]},{\"@type\":\"ImageObject\",\"inLanguage\":\"pt-PT\",\"@id\":\"https:\/\/www.um.edu.mo\/pt-pt\/news-and-press-releases\/press-release\/detail\/16068\/#primaryimage\",\"url\":\"https:\/\/www.um.edu.mo\/wp-content\/uploads\/nrs\/16068-85154.jpg\",\"contentUrl\":\"https:\/\/www.um.edu.mo\/wp-content\/uploads\/nrs\/16068-85154.jpg\",\"width\":600,\"height\":450},{\"@type\":\"BreadcrumbList\",\"@id\":\"https:\/\/www.um.edu.mo\/pt-pt\/news-and-press-releases\/press-release\/detail\/16068\/#breadcrumb\",\"itemListElement\":[{\"@type\":\"ListItem\",\"position\":1,\"name\":\"P\u00e1gina inicial\",\"item\":\"https:\/\/www.um.edu.mo\/pt-pt\/\"},{\"@type\":\"ListItem\",\"position\":2,\"name\":\"Not\u00edcias e Comunicados de Imprensa\",\"item\":\"https:\/\/www.um.edu.mo\/pt-pt\/category\/news-and-press-releases\/\"},{\"@type\":\"ListItem\",\"position\":3,\"name\":\"Comunicado de Imprensa\",\"item\":\"https:\/\/www.um.edu.mo\/pt-pt\/category\/news-and-press-releases\/press-release\/\"},{\"@type\":\"ListItem\",\"position\":4,\"name\":\"Delega\u00e7\u00e3o da UM Visita Portugal e Estabelece Acordos de Coopera\u00e7\u00e3o\"}]},{\"@type\":\"WebSite\",\"@id\":\"https:\/\/www.um.edu.mo\/pt-pt\/#website\",\"url\":\"https:\/\/www.um.edu.mo\/pt-pt\/\",\"name\":\"Universidade de Macau\",\"description\":\"\",\"publisher\":{\"@id\":\"https:\/\/www.um.edu.mo\/pt-pt\/#organization\"},\"potentialAction\":[{\"@type\":\"SearchAction\",\"target\":{\"@type\":\"EntryPoint\",\"urlTemplate\":\"https:\/\/www.um.edu.mo\/pt-pt\/?s={search_term_string}\"},\"query-input\":{\"@type\":\"PropertyValueSpecification\",\"valueRequired\":true,\"valueName\":\"search_term_string\"}}],\"inLanguage\":\"pt-PT\"},{\"@type\":\"Organization\",\"@id\":\"https:\/\/www.um.edu.mo\/pt-pt\/#organization\",\"name\":\"University of Macau\",\"url\":\"https:\/\/www.um.edu.mo\/pt-pt\/\",\"logo\":{\"@type\":\"ImageObject\",\"inLanguage\":\"pt-PT\",\"@id\":\"https:\/\/www.um.edu.mo\/pt-pt\/#\/schema\/logo\/image\/\",\"url\":\"https:\/\/www.um.edu.mo\/wp-content\/uploads\/2020\/09\/UM-Logo_V-Black.png\",\"contentUrl\":\"https:\/\/www.um.edu.mo\/wp-content\/uploads\/2020\/09\/UM-Logo_V-Black.png\",\"width\":3508,\"height\":2785,\"caption\":\"University of Macau\"},\"image\":{\"@id\":\"https:\/\/www.um.edu.mo\/pt-pt\/#\/schema\/logo\/image\/\"},\"sameAs\":[\"https:\/\/www.facebook.com\/universityofmacau\",\"https:\/\/x.com\/UM_1981\"]},{\"@type\":\"Person\",\"@id\":\"https:\/\/www.um.edu.mo\/pt-pt\/#\/schema\/person\/bfdcd3a75d1b778a93663e5dee2e33bb\",\"name\":\"web_admin\",\"image\":{\"@type\":\"ImageObject\",\"inLanguage\":\"pt-PT\",\"@id\":\"https:\/\/www.um.edu.mo\/pt-pt\/#\/schema\/person\/image\/\",\"url\":\"https:\/\/secure.gravatar.com\/avatar\/e230ccd9ba8eb5ce94ecf306e4a35399?s=96&d=mm&r=g\",\"contentUrl\":\"https:\/\/secure.gravatar.com\/avatar\/e230ccd9ba8eb5ce94ecf306e4a35399?s=96&d=mm&r=g\",\"caption\":\"web_admin\"}}]}<\/script>\n<!-- \/ Yoast SEO plugin. -->","yoast_head_json":{"title":"Delega\u00e7\u00e3o da UM Visita Portugal e Estabelece Acordos de Coopera\u00e7\u00e3o | Universidade de Macau","description":"Universidade de Macau: Uma universidade abrangente p\u00fablica de n\u00edvel internacional fundada em 1981","robots":{"index":"index","follow":"follow","max-snippet":"max-snippet:-1","max-image-preview":"max-image-preview:large","max-video-preview":"max-video-preview:-1"},"canonical":"https:\/\/www.um.edu.mo\/pt-pt\/news-and-press-releases\/press-release\/detail\/16068\/","og_locale":"pt_PT","og_type":"article","og_title":"Delega\u00e7\u00e3o da UM Visita Portugal e Estabelece Acordos de Coopera\u00e7\u00e3o | Universidade de Macau","og_description":"Universidade de Macau: Uma universidade abrangente p\u00fablica de n\u00edvel internacional fundada em 1981","og_url":"https:\/\/www.um.edu.mo\/pt-pt\/news-and-press-releases\/press-release\/detail\/16068\/","og_site_name":"Universidade de Macau","article_publisher":"https:\/\/www.facebook.com\/universityofmacau","article_published_time":"2011-03-31T09:03:00+00:00","og_image":[{"width":600,"height":450,"url":"https:\/\/www.um.edu.mo\/wp-content\/uploads\/nrs\/16068-85154.jpg","type":"image\/jpeg"}],"author":"web_admin","twitter_card":"summary_large_image","twitter_creator":"@UM_1981","twitter_site":"@UM_1981","twitter_misc":{"Escrito por":"web_admin","Tempo estimado de leitura":"3 minutos"},"schema":{"@context":"https:\/\/schema.org","@graph":[{"@type":"Article","@id":"https:\/\/www.um.edu.mo\/pt-pt\/news-and-press-releases\/press-release\/detail\/16068\/#article","isPartOf":{"@id":"https:\/\/www.um.edu.mo\/pt-pt\/news-and-press-releases\/press-release\/detail\/16068\/"},"author":{"name":"web_admin","@id":"https:\/\/www.um.edu.mo\/pt-pt\/#\/schema\/person\/bfdcd3a75d1b778a93663e5dee2e33bb"},"headline":"Delega\u00e7\u00e3o da UM Visita Portugal e Estabelece Acordos de Coopera\u00e7\u00e3o","datePublished":"2011-03-31T09:03:00+00:00","mainEntityOfPage":{"@id":"https:\/\/www.um.edu.mo\/pt-pt\/news-and-press-releases\/press-release\/detail\/16068\/"},"wordCount":541,"commentCount":0,"publisher":{"@id":"https:\/\/www.um.edu.mo\/pt-pt\/#organization"},"image":{"@id":"https:\/\/www.um.edu.mo\/pt-pt\/news-and-press-releases\/press-release\/detail\/16068\/#primaryimage"},"thumbnailUrl":"https:\/\/www.um.edu.mo\/wp-content\/uploads\/nrs\/16068-85154.jpg","articleSection":["Comunicado de Imprensa"],"inLanguage":"pt-PT"},{"@type":"WebPage","@id":"https:\/\/www.um.edu.mo\/pt-pt\/news-and-press-releases\/press-release\/detail\/16068\/","url":"https:\/\/www.um.edu.mo\/pt-pt\/news-and-press-releases\/press-release\/detail\/16068\/","name":"Delega\u00e7\u00e3o da UM Visita Portugal e Estabelece Acordos de Coopera\u00e7\u00e3o | Universidade de Macau","isPartOf":{"@id":"https:\/\/www.um.edu.mo\/pt-pt\/#website"},"primaryImageOfPage":{"@id":"https:\/\/www.um.edu.mo\/pt-pt\/news-and-press-releases\/press-release\/detail\/16068\/#primaryimage"},"image":{"@id":"https:\/\/www.um.edu.mo\/pt-pt\/news-and-press-releases\/press-release\/detail\/16068\/#primaryimage"},"thumbnailUrl":"https:\/\/www.um.edu.mo\/wp-content\/uploads\/nrs\/16068-85154.jpg","datePublished":"2011-03-31T09:03:00+00:00","description":"Universidade de Macau: Uma universidade abrangente p\u00fablica de n\u00edvel internacional fundada em 1981","breadcrumb":{"@id":"https:\/\/www.um.edu.mo\/pt-pt\/news-and-press-releases\/press-release\/detail\/16068\/#breadcrumb"},"inLanguage":"pt-PT","potentialAction":[{"@type":"ReadAction","target":["https:\/\/www.um.edu.mo\/pt-pt\/news-and-press-releases\/press-release\/detail\/16068\/"]}]},{"@type":"ImageObject","inLanguage":"pt-PT","@id":"https:\/\/www.um.edu.mo\/pt-pt\/news-and-press-releases\/press-release\/detail\/16068\/#primaryimage","url":"https:\/\/www.um.edu.mo\/wp-content\/uploads\/nrs\/16068-85154.jpg","contentUrl":"https:\/\/www.um.edu.mo\/wp-content\/uploads\/nrs\/16068-85154.jpg","width":600,"height":450},{"@type":"BreadcrumbList","@id":"https:\/\/www.um.edu.mo\/pt-pt\/news-and-press-releases\/press-release\/detail\/16068\/#breadcrumb","itemListElement":[{"@type":"ListItem","position":1,"name":"P\u00e1gina inicial","item":"https:\/\/www.um.edu.mo\/pt-pt\/"},{"@type":"ListItem","position":2,"name":"Not\u00edcias e Comunicados de Imprensa","item":"https:\/\/www.um.edu.mo\/pt-pt\/category\/news-and-press-releases\/"},{"@type":"ListItem","position":3,"name":"Comunicado de Imprensa","item":"https:\/\/www.um.edu.mo\/pt-pt\/category\/news-and-press-releases\/press-release\/"},{"@type":"ListItem","position":4,"name":"Delega\u00e7\u00e3o da UM Visita Portugal e Estabelece Acordos de Coopera\u00e7\u00e3o"}]},{"@type":"WebSite","@id":"https:\/\/www.um.edu.mo\/pt-pt\/#website","url":"https:\/\/www.um.edu.mo\/pt-pt\/","name":"Universidade de Macau","description":"","publisher":{"@id":"https:\/\/www.um.edu.mo\/pt-pt\/#organization"},"potentialAction":[{"@type":"SearchAction","target":{"@type":"EntryPoint","urlTemplate":"https:\/\/www.um.edu.mo\/pt-pt\/?s={search_term_string}"},"query-input":{"@type":"PropertyValueSpecification","valueRequired":true,"valueName":"search_term_string"}}],"inLanguage":"pt-PT"},{"@type":"Organization","@id":"https:\/\/www.um.edu.mo\/pt-pt\/#organization","name":"University of Macau","url":"https:\/\/www.um.edu.mo\/pt-pt\/","logo":{"@type":"ImageObject","inLanguage":"pt-PT","@id":"https:\/\/www.um.edu.mo\/pt-pt\/#\/schema\/logo\/image\/","url":"https:\/\/www.um.edu.mo\/wp-content\/uploads\/2020\/09\/UM-Logo_V-Black.png","contentUrl":"https:\/\/www.um.edu.mo\/wp-content\/uploads\/2020\/09\/UM-Logo_V-Black.png","width":3508,"height":2785,"caption":"University of Macau"},"image":{"@id":"https:\/\/www.um.edu.mo\/pt-pt\/#\/schema\/logo\/image\/"},"sameAs":["https:\/\/www.facebook.com\/universityofmacau","https:\/\/x.com\/UM_1981"]},{"@type":"Person","@id":"https:\/\/www.um.edu.mo\/pt-pt\/#\/schema\/person\/bfdcd3a75d1b778a93663e5dee2e33bb","name":"web_admin","image":{"@type":"ImageObject","inLanguage":"pt-PT","@id":"https:\/\/www.um.edu.mo\/pt-pt\/#\/schema\/person\/image\/","url":"https:\/\/secure.gravatar.com\/avatar\/e230ccd9ba8eb5ce94ecf306e4a35399?s=96&d=mm&r=g","contentUrl":"https:\/\/secure.gravatar.com\/avatar\/e230ccd9ba8eb5ce94ecf306e4a35399?s=96&d=mm&r=g","caption":"web_admin"}}]}},"_links":{"self":[{"href":"https:\/\/www.um.edu.mo\/pt-pt\/wp-json\/wp\/v2\/posts\/195843","targetHints":{"allow":["GET"]}}],"collection":[{"href":"https:\/\/www.um.edu.mo\/pt-pt\/wp-json\/wp\/v2\/posts"}],"about":[{"href":"https:\/\/www.um.edu.mo\/pt-pt\/wp-json\/wp\/v2\/types\/post"}],"author":[{"embeddable":true,"href":"https:\/\/www.um.edu.mo\/pt-pt\/wp-json\/wp\/v2\/users\/1"}],"replies":[{"embeddable":true,"href":"https:\/\/www.um.edu.mo\/pt-pt\/wp-json\/wp\/v2\/comments?post=195843"}],"version-history":[{"count":0,"href":"https:\/\/www.um.edu.mo\/pt-pt\/wp-json\/wp\/v2\/posts\/195843\/revisions"}],"wp:featuredmedia":[{"embeddable":true,"href":"https:\/\/www.um.edu.mo\/pt-pt\/wp-json\/wp\/v2\/media\/110073"}],"wp:attachment":[{"href":"https:\/\/www.um.edu.mo\/pt-pt\/wp-json\/wp\/v2\/media?parent=195843"}],"wp:term":[{"taxonomy":"category","embeddable":true,"href":"https:\/\/www.um.edu.mo\/pt-pt\/wp-json\/wp\/v2\/categories?post=195843"},{"taxonomy":"post_tag","embeddable":true,"href":"https:\/\/www.um.edu.mo\/pt-pt\/wp-json\/wp\/v2\/tags?post=195843"}],"curies":[{"name":"wp","href":"https:\/\/api.w.org\/{rel}","templated":true}]}}