{"id":195752,"date":"2011-07-25T12:18:26","date_gmt":"2011-07-25T04:18:26","guid":{"rendered":"https:\/\/www.um.edu.mo\/sem-categoria\/2011\/07\/17118-pt_pt\/"},"modified":"2011-07-25T12:18:26","modified_gmt":"2011-07-25T04:18:26","slug":"17118","status":"publish","type":"post","link":"https:\/\/www.um.edu.mo\/pt-pt\/news-and-press-releases\/press-release\/detail\/17118\/","title":{"rendered":"Professor da UM obt\u00e9m o pr\u00e9mio da melhor comunica\u00e7\u00e3o numa confer\u00eancia internacional sobre sistema de servi\u00e7os e gest\u00e3o de servi\u00e7os"},"content":{"rendered":"<table align=\"right\" border=\"0\" cellpadding=\"0\" cellspacing=\"0\" style=\"padding-left: 10px; padding-bottom: 10px; width: 185px; height: 210px;\">\n\t<tbody>\n\t\t<tr>\n\t\t\t<td align=\"center\">\n\t\t\t\t<a href=\"https:\/\/news.um.edu.mo\/nrs\/binary?id=eD91KtKcA6EYhZTeBBwByFjgCiVLvmBS_2BIKtPZJCYjw50q7DuYFc7A_3D_3D\"> <img decoding=\"async\" alt=\"1.jpg\" border=\"0\" width=\"250\" src=\"https:\/\/news.um.edu.mo\/nrs\/faces\/binary?id=eD91KtKcA6EYhZTeBBwByFjgCiVLvmBS_2BIKtPZJCYjw50q7DuYFc7A_3D_3D&#038;w=250\"\/> <\/a><\/td>\n\t\t<\/tr>\n\t\t<tr>\n\t\t\t<td align=\"center\">\n\t\t\t\t&nbsp;(Right) FBA professor Lian Zhaotong receives the best paper award at ICSSM 11<\/td>\n\t\t<\/tr>\n\t<\/tbody>\n<\/table>\n<p>\n\tProf. Lian Zhaotong, professor in the Faculty of Business Administration at the University of Macau (UM), won the best paper at the 8th International Conference on Service System and Service Management (ICSSSM 11), co-organized by IEEE Systems, Man and Cybernetics Society, Tsinghua University and the Chinese University of Hong Kong, in the Business School of Nankai University, Tianjin.<\/p>\n<p>\n\tThe paper, co-authored by Prof. Lian and Prof. Zhou Wenhui, associate professor of South China University of Technology, titled &ldquo;A Tandem Service System with a Sharing Buffer&rdquo;, was selected from 467 candidate papers from 16 countries and regions. Only two papers were selected for the best paper award in the conference.<\/p>\n<p>\n\tIn the paper, it addresses a two-stage tandem service system. With the construction of Markov process, the study devises the stationary probability distribution of the system and the sojourn time distribution. Given some constrains on the minimum loss probability and the maximum awaiting time, the study found out the optimal buffer size and the shared-buffer size by minimizing the total buffer costs. The results show that by adopting the buffer-sharing policy, the customer acceptance fraction and the delivery reliability are more sensitive to buffer size comparing with the buffer-allocation policy.<\/p>\n<p>\n\tICSSSM is one of the major conferences on service systems and service management among the industries of International service management, operations management and business administration in the world. It has been successfully held in Beijing, Chongqing, Xiamen, Troyes, France, Melbourne and Tokyo. This year, a total of 467 papers were submitted to the conference, but only 130 papers were accepted for publication. Approximately 250 scholars from around the world attended the conference.<\/p>\n<p>\n\tProf. Lian is the programme coordinator of Business Information Systems Programme in UM&rsquo;s FBA and the visiting professor of South China University of Technology. He is mainly engaged in logistics and supply chain management, service operations management, stochastic models and e-commerce studies. He earned his doctoral degree at the Hong Kong University of Science and Technology and received the postdoctoral education at Florida State University. After graduation, he has been working as a research staff in the Department of Industrial Engineering at the University of Massachusetts for years. Prof. Lian has published more than 20 papers at the prestigious journals in the area of operations research.<br \/>\n\t&nbsp;<\/p>","protected":false},"excerpt":{"rendered":"<p>&nbsp;(Right) FBA professor Lian Zhaotong receives the best paper award at ICSSM 11 Prof. Lian Zhaotong, professor in the Faculty of Business Administration at the University of Macau (UM), won&#8230;<\/p>\n","protected":false},"author":1,"featured_media":110493,"comment_status":"open","ping_status":"open","sticky":false,"template":"","format":"standard","meta":{"_acf_changed":false,"footnotes":""},"categories":[60],"tags":[],"class_list":["post-195752","post","type-post","status-publish","format-standard","has-post-thumbnail","hentry","category-press-release"],"acf":[],"yoast_head":"<!-- This site is optimized with the Yoast SEO plugin v24.5 - https:\/\/yoast.com\/wordpress\/plugins\/seo\/ -->\n<title>Professor da UM obt\u00e9m o pr\u00e9mio da melhor comunica\u00e7\u00e3o numa confer\u00eancia internacional sobre sistema de servi\u00e7os e gest\u00e3o de servi\u00e7os | Universidade de Macau<\/title>\n<meta name=\"description\" content=\"Universidade de Macau: Uma universidade abrangente p\u00fablica de n\u00edvel internacional fundada em 1981\" \/>\n<meta name=\"robots\" content=\"index, follow, max-snippet:-1, max-image-preview:large, max-video-preview:-1\" \/>\n<link rel=\"canonical\" href=\"https:\/\/www.um.edu.mo\/pt-pt\/news-and-press-releases\/press-release\/detail\/17118\/\" \/>\n<meta property=\"og:locale\" content=\"pt_PT\" \/>\n<meta property=\"og:type\" content=\"article\" \/>\n<meta property=\"og:title\" content=\"Professor da UM obt\u00e9m o pr\u00e9mio da melhor comunica\u00e7\u00e3o numa confer\u00eancia internacional sobre sistema de servi\u00e7os e gest\u00e3o de servi\u00e7os | Universidade de Macau\" \/>\n<meta property=\"og:description\" content=\"Universidade de Macau: Uma universidade abrangente p\u00fablica de n\u00edvel internacional fundada em 1981\" \/>\n<meta property=\"og:url\" content=\"https:\/\/www.um.edu.mo\/pt-pt\/news-and-press-releases\/press-release\/detail\/17118\/\" \/>\n<meta property=\"og:site_name\" content=\"Universidade de Macau\" \/>\n<meta property=\"article:publisher\" content=\"https:\/\/www.facebook.com\/universityofmacau\" \/>\n<meta property=\"article:published_time\" content=\"2011-07-25T04:18:26+00:00\" \/>\n<meta property=\"og:image\" content=\"https:\/\/www.um.edu.mo\/wp-content\/uploads\/nrs\/17118-84977.jpg\" \/>\n\t<meta property=\"og:image:width\" content=\"584\" \/>\n\t<meta property=\"og:image:height\" content=\"443\" \/>\n\t<meta property=\"og:image:type\" content=\"image\/jpeg\" \/>\n<meta name=\"author\" content=\"web_admin\" \/>\n<meta name=\"twitter:card\" content=\"summary_large_image\" \/>\n<meta name=\"twitter:creator\" content=\"@UM_1981\" \/>\n<meta name=\"twitter:site\" content=\"@UM_1981\" \/>\n<meta name=\"twitter:label1\" content=\"Escrito por\" \/>\n\t<meta name=\"twitter:data1\" content=\"web_admin\" \/>\n\t<meta name=\"twitter:label2\" content=\"Tempo estimado de leitura\" \/>\n\t<meta name=\"twitter:data2\" content=\"2 minutos\" \/>\n<script type=\"application\/ld+json\" class=\"yoast-schema-graph\">{\"@context\":\"https:\/\/schema.org\",\"@graph\":[{\"@type\":\"Article\",\"@id\":\"https:\/\/www.um.edu.mo\/pt-pt\/news-and-press-releases\/press-release\/detail\/17118\/#article\",\"isPartOf\":{\"@id\":\"https:\/\/www.um.edu.mo\/pt-pt\/news-and-press-releases\/press-release\/detail\/17118\/\"},\"author\":{\"name\":\"web_admin\",\"@id\":\"https:\/\/www.um.edu.mo\/pt-pt\/#\/schema\/person\/bfdcd3a75d1b778a93663e5dee2e33bb\"},\"headline\":\"Professor da UM obt\u00e9m o pr\u00e9mio da melhor comunica\u00e7\u00e3o numa confer\u00eancia internacional sobre sistema de servi\u00e7os e gest\u00e3o de servi\u00e7os\",\"datePublished\":\"2011-07-25T04:18:26+00:00\",\"mainEntityOfPage\":{\"@id\":\"https:\/\/www.um.edu.mo\/pt-pt\/news-and-press-releases\/press-release\/detail\/17118\/\"},\"wordCount\":415,\"commentCount\":0,\"publisher\":{\"@id\":\"https:\/\/www.um.edu.mo\/pt-pt\/#organization\"},\"image\":{\"@id\":\"https:\/\/www.um.edu.mo\/pt-pt\/news-and-press-releases\/press-release\/detail\/17118\/#primaryimage\"},\"thumbnailUrl\":\"https:\/\/www.um.edu.mo\/wp-content\/uploads\/nrs\/17118-84977.jpg\",\"articleSection\":[\"Comunicado de Imprensa\"],\"inLanguage\":\"pt-PT\"},{\"@type\":\"WebPage\",\"@id\":\"https:\/\/www.um.edu.mo\/pt-pt\/news-and-press-releases\/press-release\/detail\/17118\/\",\"url\":\"https:\/\/www.um.edu.mo\/pt-pt\/news-and-press-releases\/press-release\/detail\/17118\/\",\"name\":\"Professor da UM obt\u00e9m o pr\u00e9mio da melhor comunica\u00e7\u00e3o numa confer\u00eancia internacional sobre sistema de servi\u00e7os e gest\u00e3o de servi\u00e7os | Universidade de Macau\",\"isPartOf\":{\"@id\":\"https:\/\/www.um.edu.mo\/pt-pt\/#website\"},\"primaryImageOfPage\":{\"@id\":\"https:\/\/www.um.edu.mo\/pt-pt\/news-and-press-releases\/press-release\/detail\/17118\/#primaryimage\"},\"image\":{\"@id\":\"https:\/\/www.um.edu.mo\/pt-pt\/news-and-press-releases\/press-release\/detail\/17118\/#primaryimage\"},\"thumbnailUrl\":\"https:\/\/www.um.edu.mo\/wp-content\/uploads\/nrs\/17118-84977.jpg\",\"datePublished\":\"2011-07-25T04:18:26+00:00\",\"description\":\"Universidade de Macau: Uma universidade abrangente p\u00fablica de n\u00edvel internacional fundada em 1981\",\"breadcrumb\":{\"@id\":\"https:\/\/www.um.edu.mo\/pt-pt\/news-and-press-releases\/press-release\/detail\/17118\/#breadcrumb\"},\"inLanguage\":\"pt-PT\",\"potentialAction\":[{\"@type\":\"ReadAction\",\"target\":[\"https:\/\/www.um.edu.mo\/pt-pt\/news-and-press-releases\/press-release\/detail\/17118\/\"]}]},{\"@type\":\"ImageObject\",\"inLanguage\":\"pt-PT\",\"@id\":\"https:\/\/www.um.edu.mo\/pt-pt\/news-and-press-releases\/press-release\/detail\/17118\/#primaryimage\",\"url\":\"https:\/\/www.um.edu.mo\/wp-content\/uploads\/nrs\/17118-84977.jpg\",\"contentUrl\":\"https:\/\/www.um.edu.mo\/wp-content\/uploads\/nrs\/17118-84977.jpg\",\"width\":584,\"height\":443},{\"@type\":\"BreadcrumbList\",\"@id\":\"https:\/\/www.um.edu.mo\/pt-pt\/news-and-press-releases\/press-release\/detail\/17118\/#breadcrumb\",\"itemListElement\":[{\"@type\":\"ListItem\",\"position\":1,\"name\":\"P\u00e1gina inicial\",\"item\":\"https:\/\/www.um.edu.mo\/pt-pt\/\"},{\"@type\":\"ListItem\",\"position\":2,\"name\":\"Not\u00edcias e Comunicados de Imprensa\",\"item\":\"https:\/\/www.um.edu.mo\/pt-pt\/category\/news-and-press-releases\/\"},{\"@type\":\"ListItem\",\"position\":3,\"name\":\"Comunicado de Imprensa\",\"item\":\"https:\/\/www.um.edu.mo\/pt-pt\/category\/news-and-press-releases\/press-release\/\"},{\"@type\":\"ListItem\",\"position\":4,\"name\":\"Professor da UM obt\u00e9m o pr\u00e9mio da melhor comunica\u00e7\u00e3o numa confer\u00eancia internacional sobre sistema de servi\u00e7os e gest\u00e3o de servi\u00e7os\"}]},{\"@type\":\"WebSite\",\"@id\":\"https:\/\/www.um.edu.mo\/pt-pt\/#website\",\"url\":\"https:\/\/www.um.edu.mo\/pt-pt\/\",\"name\":\"Universidade de Macau\",\"description\":\"\",\"publisher\":{\"@id\":\"https:\/\/www.um.edu.mo\/pt-pt\/#organization\"},\"potentialAction\":[{\"@type\":\"SearchAction\",\"target\":{\"@type\":\"EntryPoint\",\"urlTemplate\":\"https:\/\/www.um.edu.mo\/pt-pt\/?s={search_term_string}\"},\"query-input\":{\"@type\":\"PropertyValueSpecification\",\"valueRequired\":true,\"valueName\":\"search_term_string\"}}],\"inLanguage\":\"pt-PT\"},{\"@type\":\"Organization\",\"@id\":\"https:\/\/www.um.edu.mo\/pt-pt\/#organization\",\"name\":\"University of Macau\",\"url\":\"https:\/\/www.um.edu.mo\/pt-pt\/\",\"logo\":{\"@type\":\"ImageObject\",\"inLanguage\":\"pt-PT\",\"@id\":\"https:\/\/www.um.edu.mo\/pt-pt\/#\/schema\/logo\/image\/\",\"url\":\"https:\/\/www.um.edu.mo\/wp-content\/uploads\/2020\/09\/UM-Logo_V-Black.png\",\"contentUrl\":\"https:\/\/www.um.edu.mo\/wp-content\/uploads\/2020\/09\/UM-Logo_V-Black.png\",\"width\":3508,\"height\":2785,\"caption\":\"University of Macau\"},\"image\":{\"@id\":\"https:\/\/www.um.edu.mo\/pt-pt\/#\/schema\/logo\/image\/\"},\"sameAs\":[\"https:\/\/www.facebook.com\/universityofmacau\",\"https:\/\/x.com\/UM_1981\"]},{\"@type\":\"Person\",\"@id\":\"https:\/\/www.um.edu.mo\/pt-pt\/#\/schema\/person\/bfdcd3a75d1b778a93663e5dee2e33bb\",\"name\":\"web_admin\",\"image\":{\"@type\":\"ImageObject\",\"inLanguage\":\"pt-PT\",\"@id\":\"https:\/\/www.um.edu.mo\/pt-pt\/#\/schema\/person\/image\/\",\"url\":\"https:\/\/secure.gravatar.com\/avatar\/e230ccd9ba8eb5ce94ecf306e4a35399?s=96&d=mm&r=g\",\"contentUrl\":\"https:\/\/secure.gravatar.com\/avatar\/e230ccd9ba8eb5ce94ecf306e4a35399?s=96&d=mm&r=g\",\"caption\":\"web_admin\"}}]}<\/script>\n<!-- \/ Yoast SEO plugin. -->","yoast_head_json":{"title":"Professor da UM obt\u00e9m o pr\u00e9mio da melhor comunica\u00e7\u00e3o numa confer\u00eancia internacional sobre sistema de servi\u00e7os e gest\u00e3o de servi\u00e7os | Universidade de Macau","description":"Universidade de Macau: Uma universidade abrangente p\u00fablica de n\u00edvel internacional fundada em 1981","robots":{"index":"index","follow":"follow","max-snippet":"max-snippet:-1","max-image-preview":"max-image-preview:large","max-video-preview":"max-video-preview:-1"},"canonical":"https:\/\/www.um.edu.mo\/pt-pt\/news-and-press-releases\/press-release\/detail\/17118\/","og_locale":"pt_PT","og_type":"article","og_title":"Professor da UM obt\u00e9m o pr\u00e9mio da melhor comunica\u00e7\u00e3o numa confer\u00eancia internacional sobre sistema de servi\u00e7os e gest\u00e3o de servi\u00e7os | Universidade de Macau","og_description":"Universidade de Macau: Uma universidade abrangente p\u00fablica de n\u00edvel internacional fundada em 1981","og_url":"https:\/\/www.um.edu.mo\/pt-pt\/news-and-press-releases\/press-release\/detail\/17118\/","og_site_name":"Universidade de Macau","article_publisher":"https:\/\/www.facebook.com\/universityofmacau","article_published_time":"2011-07-25T04:18:26+00:00","og_image":[{"width":584,"height":443,"url":"https:\/\/www.um.edu.mo\/wp-content\/uploads\/nrs\/17118-84977.jpg","type":"image\/jpeg"}],"author":"web_admin","twitter_card":"summary_large_image","twitter_creator":"@UM_1981","twitter_site":"@UM_1981","twitter_misc":{"Escrito por":"web_admin","Tempo estimado de leitura":"2 minutos"},"schema":{"@context":"https:\/\/schema.org","@graph":[{"@type":"Article","@id":"https:\/\/www.um.edu.mo\/pt-pt\/news-and-press-releases\/press-release\/detail\/17118\/#article","isPartOf":{"@id":"https:\/\/www.um.edu.mo\/pt-pt\/news-and-press-releases\/press-release\/detail\/17118\/"},"author":{"name":"web_admin","@id":"https:\/\/www.um.edu.mo\/pt-pt\/#\/schema\/person\/bfdcd3a75d1b778a93663e5dee2e33bb"},"headline":"Professor da UM obt\u00e9m o pr\u00e9mio da melhor comunica\u00e7\u00e3o numa confer\u00eancia internacional sobre sistema de servi\u00e7os e gest\u00e3o de servi\u00e7os","datePublished":"2011-07-25T04:18:26+00:00","mainEntityOfPage":{"@id":"https:\/\/www.um.edu.mo\/pt-pt\/news-and-press-releases\/press-release\/detail\/17118\/"},"wordCount":415,"commentCount":0,"publisher":{"@id":"https:\/\/www.um.edu.mo\/pt-pt\/#organization"},"image":{"@id":"https:\/\/www.um.edu.mo\/pt-pt\/news-and-press-releases\/press-release\/detail\/17118\/#primaryimage"},"thumbnailUrl":"https:\/\/www.um.edu.mo\/wp-content\/uploads\/nrs\/17118-84977.jpg","articleSection":["Comunicado de Imprensa"],"inLanguage":"pt-PT"},{"@type":"WebPage","@id":"https:\/\/www.um.edu.mo\/pt-pt\/news-and-press-releases\/press-release\/detail\/17118\/","url":"https:\/\/www.um.edu.mo\/pt-pt\/news-and-press-releases\/press-release\/detail\/17118\/","name":"Professor da UM obt\u00e9m o pr\u00e9mio da melhor comunica\u00e7\u00e3o numa confer\u00eancia internacional sobre sistema de servi\u00e7os e gest\u00e3o de servi\u00e7os | Universidade de Macau","isPartOf":{"@id":"https:\/\/www.um.edu.mo\/pt-pt\/#website"},"primaryImageOfPage":{"@id":"https:\/\/www.um.edu.mo\/pt-pt\/news-and-press-releases\/press-release\/detail\/17118\/#primaryimage"},"image":{"@id":"https:\/\/www.um.edu.mo\/pt-pt\/news-and-press-releases\/press-release\/detail\/17118\/#primaryimage"},"thumbnailUrl":"https:\/\/www.um.edu.mo\/wp-content\/uploads\/nrs\/17118-84977.jpg","datePublished":"2011-07-25T04:18:26+00:00","description":"Universidade de Macau: Uma universidade abrangente p\u00fablica de n\u00edvel internacional fundada em 1981","breadcrumb":{"@id":"https:\/\/www.um.edu.mo\/pt-pt\/news-and-press-releases\/press-release\/detail\/17118\/#breadcrumb"},"inLanguage":"pt-PT","potentialAction":[{"@type":"ReadAction","target":["https:\/\/www.um.edu.mo\/pt-pt\/news-and-press-releases\/press-release\/detail\/17118\/"]}]},{"@type":"ImageObject","inLanguage":"pt-PT","@id":"https:\/\/www.um.edu.mo\/pt-pt\/news-and-press-releases\/press-release\/detail\/17118\/#primaryimage","url":"https:\/\/www.um.edu.mo\/wp-content\/uploads\/nrs\/17118-84977.jpg","contentUrl":"https:\/\/www.um.edu.mo\/wp-content\/uploads\/nrs\/17118-84977.jpg","width":584,"height":443},{"@type":"BreadcrumbList","@id":"https:\/\/www.um.edu.mo\/pt-pt\/news-and-press-releases\/press-release\/detail\/17118\/#breadcrumb","itemListElement":[{"@type":"ListItem","position":1,"name":"P\u00e1gina inicial","item":"https:\/\/www.um.edu.mo\/pt-pt\/"},{"@type":"ListItem","position":2,"name":"Not\u00edcias e Comunicados de Imprensa","item":"https:\/\/www.um.edu.mo\/pt-pt\/category\/news-and-press-releases\/"},{"@type":"ListItem","position":3,"name":"Comunicado de Imprensa","item":"https:\/\/www.um.edu.mo\/pt-pt\/category\/news-and-press-releases\/press-release\/"},{"@type":"ListItem","position":4,"name":"Professor da UM obt\u00e9m o pr\u00e9mio da melhor comunica\u00e7\u00e3o numa confer\u00eancia internacional sobre sistema de servi\u00e7os e gest\u00e3o de servi\u00e7os"}]},{"@type":"WebSite","@id":"https:\/\/www.um.edu.mo\/pt-pt\/#website","url":"https:\/\/www.um.edu.mo\/pt-pt\/","name":"Universidade de Macau","description":"","publisher":{"@id":"https:\/\/www.um.edu.mo\/pt-pt\/#organization"},"potentialAction":[{"@type":"SearchAction","target":{"@type":"EntryPoint","urlTemplate":"https:\/\/www.um.edu.mo\/pt-pt\/?s={search_term_string}"},"query-input":{"@type":"PropertyValueSpecification","valueRequired":true,"valueName":"search_term_string"}}],"inLanguage":"pt-PT"},{"@type":"Organization","@id":"https:\/\/www.um.edu.mo\/pt-pt\/#organization","name":"University of Macau","url":"https:\/\/www.um.edu.mo\/pt-pt\/","logo":{"@type":"ImageObject","inLanguage":"pt-PT","@id":"https:\/\/www.um.edu.mo\/pt-pt\/#\/schema\/logo\/image\/","url":"https:\/\/www.um.edu.mo\/wp-content\/uploads\/2020\/09\/UM-Logo_V-Black.png","contentUrl":"https:\/\/www.um.edu.mo\/wp-content\/uploads\/2020\/09\/UM-Logo_V-Black.png","width":3508,"height":2785,"caption":"University of Macau"},"image":{"@id":"https:\/\/www.um.edu.mo\/pt-pt\/#\/schema\/logo\/image\/"},"sameAs":["https:\/\/www.facebook.com\/universityofmacau","https:\/\/x.com\/UM_1981"]},{"@type":"Person","@id":"https:\/\/www.um.edu.mo\/pt-pt\/#\/schema\/person\/bfdcd3a75d1b778a93663e5dee2e33bb","name":"web_admin","image":{"@type":"ImageObject","inLanguage":"pt-PT","@id":"https:\/\/www.um.edu.mo\/pt-pt\/#\/schema\/person\/image\/","url":"https:\/\/secure.gravatar.com\/avatar\/e230ccd9ba8eb5ce94ecf306e4a35399?s=96&d=mm&r=g","contentUrl":"https:\/\/secure.gravatar.com\/avatar\/e230ccd9ba8eb5ce94ecf306e4a35399?s=96&d=mm&r=g","caption":"web_admin"}}]}},"_links":{"self":[{"href":"https:\/\/www.um.edu.mo\/pt-pt\/wp-json\/wp\/v2\/posts\/195752","targetHints":{"allow":["GET"]}}],"collection":[{"href":"https:\/\/www.um.edu.mo\/pt-pt\/wp-json\/wp\/v2\/posts"}],"about":[{"href":"https:\/\/www.um.edu.mo\/pt-pt\/wp-json\/wp\/v2\/types\/post"}],"author":[{"embeddable":true,"href":"https:\/\/www.um.edu.mo\/pt-pt\/wp-json\/wp\/v2\/users\/1"}],"replies":[{"embeddable":true,"href":"https:\/\/www.um.edu.mo\/pt-pt\/wp-json\/wp\/v2\/comments?post=195752"}],"version-history":[{"count":0,"href":"https:\/\/www.um.edu.mo\/pt-pt\/wp-json\/wp\/v2\/posts\/195752\/revisions"}],"wp:featuredmedia":[{"embeddable":true,"href":"https:\/\/www.um.edu.mo\/pt-pt\/wp-json\/wp\/v2\/media\/110493"}],"wp:attachment":[{"href":"https:\/\/www.um.edu.mo\/pt-pt\/wp-json\/wp\/v2\/media?parent=195752"}],"wp:term":[{"taxonomy":"category","embeddable":true,"href":"https:\/\/www.um.edu.mo\/pt-pt\/wp-json\/wp\/v2\/categories?post=195752"},{"taxonomy":"post_tag","embeddable":true,"href":"https:\/\/www.um.edu.mo\/pt-pt\/wp-json\/wp\/v2\/tags?post=195752"}],"curies":[{"name":"wp","href":"https:\/\/api.w.org\/{rel}","templated":true}]}}