{"id":195153,"date":"2013-11-12T17:41:14","date_gmt":"2013-11-12T09:41:14","guid":{"rendered":"https:\/\/www.um.edu.mo\/sem-categoria\/2013\/11\/26301-pt_pt\/"},"modified":"2013-11-12T17:41:14","modified_gmt":"2013-11-12T09:41:14","slug":"26301","status":"publish","type":"post","link":"https:\/\/www.um.edu.mo\/pt-pt\/news-and-press-releases\/press-release\/detail\/26301\/","title":{"rendered":"O Professor Lampo Leong falou sobre as oportunidades possibilitadas por uma educa\u00e7\u00e3o integral"},"content":{"rendered":"<p>Prof. Lampo Leong, a renowned artist and professor of art at the University of Missouri-Columbia, will give the 36th Lecture of the University of Macau Distinguished Lecture Series, on 20 November (Wednesday), in Room HG03, Ho Yin Convention Centre, UM. The title of the lecture is&nbsp;\u201cA Well-rounded Education Generates Opportunities and Possibilities\u201d. The lecture will begin at 14:15. It will be conducted in Putonghua, with simultaneous interpretation into English. All are welcome. For enquiries, please call 83974918 or email to <a href=\"mailto:scd.DLS@um.edu.mo\">scd.DLS@um.edu.mo<\/a>.<\/p>\n<p><br\/><\/p>\n<p>For full version, please refer to Chinese. <br\/><br\/>Should you have any enquiries about the press release, please feel free to contact Ms. Kristy Fok at\uff08853\uff098397 4325 or prs.media@um.edu.mo or visit UM webpage www.umac.mo. <br\/><\/p><br\/><br\/><br\/><br\/>","protected":false},"excerpt":{"rendered":"<p>Prof. Lampo Leong, a renowned artist and professor of art at the University of Missouri-Columbia, will give the 36th Lecture of the University of Macau Distinguished Lecture Series, on 20&#8230;<\/p>\n","protected":false},"author":1,"featured_media":0,"comment_status":"open","ping_status":"open","sticky":false,"template":"","format":"standard","meta":{"_acf_changed":false,"footnotes":""},"categories":[60],"tags":[],"class_list":["post-195153","post","type-post","status-publish","format-standard","hentry","category-press-release"],"acf":[],"yoast_head":"<!-- This site is optimized with the Yoast SEO plugin v24.5 - https:\/\/yoast.com\/wordpress\/plugins\/seo\/ -->\n<title>O Professor Lampo Leong falou sobre as oportunidades possibilitadas por uma educa\u00e7\u00e3o integral | Universidade de Macau<\/title>\n<meta name=\"description\" content=\"Universidade de Macau: Uma universidade abrangente p\u00fablica de n\u00edvel internacional fundada em 1981\" \/>\n<meta name=\"robots\" content=\"index, follow, max-snippet:-1, max-image-preview:large, max-video-preview:-1\" \/>\n<link rel=\"canonical\" href=\"https:\/\/www.um.edu.mo\/pt-pt\/news-and-press-releases\/press-release\/detail\/26301\/\" \/>\n<meta property=\"og:locale\" content=\"pt_PT\" \/>\n<meta property=\"og:type\" content=\"article\" \/>\n<meta property=\"og:title\" content=\"O Professor Lampo Leong falou sobre as oportunidades possibilitadas por uma educa\u00e7\u00e3o integral | Universidade de Macau\" \/>\n<meta property=\"og:description\" content=\"Universidade de Macau: Uma universidade abrangente p\u00fablica de n\u00edvel internacional fundada em 1981\" \/>\n<meta property=\"og:url\" content=\"https:\/\/www.um.edu.mo\/pt-pt\/news-and-press-releases\/press-release\/detail\/26301\/\" \/>\n<meta property=\"og:site_name\" content=\"Universidade de Macau\" \/>\n<meta property=\"article:publisher\" content=\"https:\/\/www.facebook.com\/universityofmacau\" \/>\n<meta property=\"article:published_time\" content=\"2013-11-12T09:41:14+00:00\" \/>\n<meta name=\"author\" content=\"web_admin\" \/>\n<meta name=\"twitter:card\" content=\"summary_large_image\" \/>\n<meta name=\"twitter:creator\" content=\"@UM_1981\" \/>\n<meta name=\"twitter:site\" content=\"@UM_1981\" \/>\n<meta name=\"twitter:label1\" content=\"Escrito por\" \/>\n\t<meta name=\"twitter:data1\" content=\"web_admin\" \/>\n\t<meta name=\"twitter:label2\" content=\"Tempo estimado de leitura\" \/>\n\t<meta name=\"twitter:data2\" content=\"1 minuto\" \/>\n<script type=\"application\/ld+json\" class=\"yoast-schema-graph\">{\"@context\":\"https:\/\/schema.org\",\"@graph\":[{\"@type\":\"Article\",\"@id\":\"https:\/\/www.um.edu.mo\/pt-pt\/news-and-press-releases\/press-release\/detail\/26301\/#article\",\"isPartOf\":{\"@id\":\"https:\/\/www.um.edu.mo\/pt-pt\/news-and-press-releases\/press-release\/detail\/26301\/\"},\"author\":{\"name\":\"web_admin\",\"@id\":\"https:\/\/www.um.edu.mo\/pt-pt\/#\/schema\/person\/bfdcd3a75d1b778a93663e5dee2e33bb\"},\"headline\":\"O Professor Lampo Leong falou sobre as oportunidades possibilitadas por uma educa\u00e7\u00e3o integral\",\"datePublished\":\"2013-11-12T09:41:14+00:00\",\"mainEntityOfPage\":{\"@id\":\"https:\/\/www.um.edu.mo\/pt-pt\/news-and-press-releases\/press-release\/detail\/26301\/\"},\"wordCount\":136,\"commentCount\":0,\"publisher\":{\"@id\":\"https:\/\/www.um.edu.mo\/pt-pt\/#organization\"},\"articleSection\":[\"Comunicado de Imprensa\"],\"inLanguage\":\"pt-PT\"},{\"@type\":\"WebPage\",\"@id\":\"https:\/\/www.um.edu.mo\/pt-pt\/news-and-press-releases\/press-release\/detail\/26301\/\",\"url\":\"https:\/\/www.um.edu.mo\/pt-pt\/news-and-press-releases\/press-release\/detail\/26301\/\",\"name\":\"O Professor Lampo Leong falou sobre as oportunidades possibilitadas por uma educa\u00e7\u00e3o integral | Universidade de Macau\",\"isPartOf\":{\"@id\":\"https:\/\/www.um.edu.mo\/pt-pt\/#website\"},\"datePublished\":\"2013-11-12T09:41:14+00:00\",\"description\":\"Universidade de Macau: Uma universidade abrangente p\u00fablica de n\u00edvel internacional fundada em 1981\",\"breadcrumb\":{\"@id\":\"https:\/\/www.um.edu.mo\/pt-pt\/news-and-press-releases\/press-release\/detail\/26301\/#breadcrumb\"},\"inLanguage\":\"pt-PT\",\"potentialAction\":[{\"@type\":\"ReadAction\",\"target\":[\"https:\/\/www.um.edu.mo\/pt-pt\/news-and-press-releases\/press-release\/detail\/26301\/\"]}]},{\"@type\":\"BreadcrumbList\",\"@id\":\"https:\/\/www.um.edu.mo\/pt-pt\/news-and-press-releases\/press-release\/detail\/26301\/#breadcrumb\",\"itemListElement\":[{\"@type\":\"ListItem\",\"position\":1,\"name\":\"P\u00e1gina inicial\",\"item\":\"https:\/\/www.um.edu.mo\/pt-pt\/\"},{\"@type\":\"ListItem\",\"position\":2,\"name\":\"Not\u00edcias e Comunicados de Imprensa\",\"item\":\"https:\/\/www.um.edu.mo\/pt-pt\/category\/news-and-press-releases\/\"},{\"@type\":\"ListItem\",\"position\":3,\"name\":\"Comunicado de Imprensa\",\"item\":\"https:\/\/www.um.edu.mo\/pt-pt\/category\/news-and-press-releases\/press-release\/\"},{\"@type\":\"ListItem\",\"position\":4,\"name\":\"O Professor Lampo Leong falou sobre as oportunidades possibilitadas por uma educa\u00e7\u00e3o integral\"}]},{\"@type\":\"WebSite\",\"@id\":\"https:\/\/www.um.edu.mo\/pt-pt\/#website\",\"url\":\"https:\/\/www.um.edu.mo\/pt-pt\/\",\"name\":\"Universidade de Macau\",\"description\":\"\",\"publisher\":{\"@id\":\"https:\/\/www.um.edu.mo\/pt-pt\/#organization\"},\"potentialAction\":[{\"@type\":\"SearchAction\",\"target\":{\"@type\":\"EntryPoint\",\"urlTemplate\":\"https:\/\/www.um.edu.mo\/pt-pt\/?s={search_term_string}\"},\"query-input\":{\"@type\":\"PropertyValueSpecification\",\"valueRequired\":true,\"valueName\":\"search_term_string\"}}],\"inLanguage\":\"pt-PT\"},{\"@type\":\"Organization\",\"@id\":\"https:\/\/www.um.edu.mo\/pt-pt\/#organization\",\"name\":\"University of Macau\",\"url\":\"https:\/\/www.um.edu.mo\/pt-pt\/\",\"logo\":{\"@type\":\"ImageObject\",\"inLanguage\":\"pt-PT\",\"@id\":\"https:\/\/www.um.edu.mo\/pt-pt\/#\/schema\/logo\/image\/\",\"url\":\"https:\/\/www.um.edu.mo\/wp-content\/uploads\/2020\/09\/UM-Logo_V-Black.png\",\"contentUrl\":\"https:\/\/www.um.edu.mo\/wp-content\/uploads\/2020\/09\/UM-Logo_V-Black.png\",\"width\":3508,\"height\":2785,\"caption\":\"University of Macau\"},\"image\":{\"@id\":\"https:\/\/www.um.edu.mo\/pt-pt\/#\/schema\/logo\/image\/\"},\"sameAs\":[\"https:\/\/www.facebook.com\/universityofmacau\",\"https:\/\/x.com\/UM_1981\"]},{\"@type\":\"Person\",\"@id\":\"https:\/\/www.um.edu.mo\/pt-pt\/#\/schema\/person\/bfdcd3a75d1b778a93663e5dee2e33bb\",\"name\":\"web_admin\",\"image\":{\"@type\":\"ImageObject\",\"inLanguage\":\"pt-PT\",\"@id\":\"https:\/\/www.um.edu.mo\/pt-pt\/#\/schema\/person\/image\/\",\"url\":\"https:\/\/secure.gravatar.com\/avatar\/e230ccd9ba8eb5ce94ecf306e4a35399?s=96&d=mm&r=g\",\"contentUrl\":\"https:\/\/secure.gravatar.com\/avatar\/e230ccd9ba8eb5ce94ecf306e4a35399?s=96&d=mm&r=g\",\"caption\":\"web_admin\"}}]}<\/script>\n<!-- \/ Yoast SEO plugin. -->","yoast_head_json":{"title":"O Professor Lampo Leong falou sobre as oportunidades possibilitadas por uma educa\u00e7\u00e3o integral | Universidade de Macau","description":"Universidade de Macau: Uma universidade abrangente p\u00fablica de n\u00edvel internacional fundada em 1981","robots":{"index":"index","follow":"follow","max-snippet":"max-snippet:-1","max-image-preview":"max-image-preview:large","max-video-preview":"max-video-preview:-1"},"canonical":"https:\/\/www.um.edu.mo\/pt-pt\/news-and-press-releases\/press-release\/detail\/26301\/","og_locale":"pt_PT","og_type":"article","og_title":"O Professor Lampo Leong falou sobre as oportunidades possibilitadas por uma educa\u00e7\u00e3o integral | Universidade de Macau","og_description":"Universidade de Macau: Uma universidade abrangente p\u00fablica de n\u00edvel internacional fundada em 1981","og_url":"https:\/\/www.um.edu.mo\/pt-pt\/news-and-press-releases\/press-release\/detail\/26301\/","og_site_name":"Universidade de Macau","article_publisher":"https:\/\/www.facebook.com\/universityofmacau","article_published_time":"2013-11-12T09:41:14+00:00","author":"web_admin","twitter_card":"summary_large_image","twitter_creator":"@UM_1981","twitter_site":"@UM_1981","twitter_misc":{"Escrito por":"web_admin","Tempo estimado de leitura":"1 minuto"},"schema":{"@context":"https:\/\/schema.org","@graph":[{"@type":"Article","@id":"https:\/\/www.um.edu.mo\/pt-pt\/news-and-press-releases\/press-release\/detail\/26301\/#article","isPartOf":{"@id":"https:\/\/www.um.edu.mo\/pt-pt\/news-and-press-releases\/press-release\/detail\/26301\/"},"author":{"name":"web_admin","@id":"https:\/\/www.um.edu.mo\/pt-pt\/#\/schema\/person\/bfdcd3a75d1b778a93663e5dee2e33bb"},"headline":"O Professor Lampo Leong falou sobre as oportunidades possibilitadas por uma educa\u00e7\u00e3o integral","datePublished":"2013-11-12T09:41:14+00:00","mainEntityOfPage":{"@id":"https:\/\/www.um.edu.mo\/pt-pt\/news-and-press-releases\/press-release\/detail\/26301\/"},"wordCount":136,"commentCount":0,"publisher":{"@id":"https:\/\/www.um.edu.mo\/pt-pt\/#organization"},"articleSection":["Comunicado de Imprensa"],"inLanguage":"pt-PT"},{"@type":"WebPage","@id":"https:\/\/www.um.edu.mo\/pt-pt\/news-and-press-releases\/press-release\/detail\/26301\/","url":"https:\/\/www.um.edu.mo\/pt-pt\/news-and-press-releases\/press-release\/detail\/26301\/","name":"O Professor Lampo Leong falou sobre as oportunidades possibilitadas por uma educa\u00e7\u00e3o integral | Universidade de Macau","isPartOf":{"@id":"https:\/\/www.um.edu.mo\/pt-pt\/#website"},"datePublished":"2013-11-12T09:41:14+00:00","description":"Universidade de Macau: Uma universidade abrangente p\u00fablica de n\u00edvel internacional fundada em 1981","breadcrumb":{"@id":"https:\/\/www.um.edu.mo\/pt-pt\/news-and-press-releases\/press-release\/detail\/26301\/#breadcrumb"},"inLanguage":"pt-PT","potentialAction":[{"@type":"ReadAction","target":["https:\/\/www.um.edu.mo\/pt-pt\/news-and-press-releases\/press-release\/detail\/26301\/"]}]},{"@type":"BreadcrumbList","@id":"https:\/\/www.um.edu.mo\/pt-pt\/news-and-press-releases\/press-release\/detail\/26301\/#breadcrumb","itemListElement":[{"@type":"ListItem","position":1,"name":"P\u00e1gina inicial","item":"https:\/\/www.um.edu.mo\/pt-pt\/"},{"@type":"ListItem","position":2,"name":"Not\u00edcias e Comunicados de Imprensa","item":"https:\/\/www.um.edu.mo\/pt-pt\/category\/news-and-press-releases\/"},{"@type":"ListItem","position":3,"name":"Comunicado de Imprensa","item":"https:\/\/www.um.edu.mo\/pt-pt\/category\/news-and-press-releases\/press-release\/"},{"@type":"ListItem","position":4,"name":"O Professor Lampo Leong falou sobre as oportunidades possibilitadas por uma educa\u00e7\u00e3o integral"}]},{"@type":"WebSite","@id":"https:\/\/www.um.edu.mo\/pt-pt\/#website","url":"https:\/\/www.um.edu.mo\/pt-pt\/","name":"Universidade de Macau","description":"","publisher":{"@id":"https:\/\/www.um.edu.mo\/pt-pt\/#organization"},"potentialAction":[{"@type":"SearchAction","target":{"@type":"EntryPoint","urlTemplate":"https:\/\/www.um.edu.mo\/pt-pt\/?s={search_term_string}"},"query-input":{"@type":"PropertyValueSpecification","valueRequired":true,"valueName":"search_term_string"}}],"inLanguage":"pt-PT"},{"@type":"Organization","@id":"https:\/\/www.um.edu.mo\/pt-pt\/#organization","name":"University of Macau","url":"https:\/\/www.um.edu.mo\/pt-pt\/","logo":{"@type":"ImageObject","inLanguage":"pt-PT","@id":"https:\/\/www.um.edu.mo\/pt-pt\/#\/schema\/logo\/image\/","url":"https:\/\/www.um.edu.mo\/wp-content\/uploads\/2020\/09\/UM-Logo_V-Black.png","contentUrl":"https:\/\/www.um.edu.mo\/wp-content\/uploads\/2020\/09\/UM-Logo_V-Black.png","width":3508,"height":2785,"caption":"University of Macau"},"image":{"@id":"https:\/\/www.um.edu.mo\/pt-pt\/#\/schema\/logo\/image\/"},"sameAs":["https:\/\/www.facebook.com\/universityofmacau","https:\/\/x.com\/UM_1981"]},{"@type":"Person","@id":"https:\/\/www.um.edu.mo\/pt-pt\/#\/schema\/person\/bfdcd3a75d1b778a93663e5dee2e33bb","name":"web_admin","image":{"@type":"ImageObject","inLanguage":"pt-PT","@id":"https:\/\/www.um.edu.mo\/pt-pt\/#\/schema\/person\/image\/","url":"https:\/\/secure.gravatar.com\/avatar\/e230ccd9ba8eb5ce94ecf306e4a35399?s=96&d=mm&r=g","contentUrl":"https:\/\/secure.gravatar.com\/avatar\/e230ccd9ba8eb5ce94ecf306e4a35399?s=96&d=mm&r=g","caption":"web_admin"}}]}},"_links":{"self":[{"href":"https:\/\/www.um.edu.mo\/pt-pt\/wp-json\/wp\/v2\/posts\/195153","targetHints":{"allow":["GET"]}}],"collection":[{"href":"https:\/\/www.um.edu.mo\/pt-pt\/wp-json\/wp\/v2\/posts"}],"about":[{"href":"https:\/\/www.um.edu.mo\/pt-pt\/wp-json\/wp\/v2\/types\/post"}],"author":[{"embeddable":true,"href":"https:\/\/www.um.edu.mo\/pt-pt\/wp-json\/wp\/v2\/users\/1"}],"replies":[{"embeddable":true,"href":"https:\/\/www.um.edu.mo\/pt-pt\/wp-json\/wp\/v2\/comments?post=195153"}],"version-history":[{"count":0,"href":"https:\/\/www.um.edu.mo\/pt-pt\/wp-json\/wp\/v2\/posts\/195153\/revisions"}],"wp:attachment":[{"href":"https:\/\/www.um.edu.mo\/pt-pt\/wp-json\/wp\/v2\/media?parent=195153"}],"wp:term":[{"taxonomy":"category","embeddable":true,"href":"https:\/\/www.um.edu.mo\/pt-pt\/wp-json\/wp\/v2\/categories?post=195153"},{"taxonomy":"post_tag","embeddable":true,"href":"https:\/\/www.um.edu.mo\/pt-pt\/wp-json\/wp\/v2\/tags?post=195153"}],"curies":[{"name":"wp","href":"https:\/\/api.w.org\/{rel}","templated":true}]}}