{"id":194733,"date":"2015-07-17T18:48:38","date_gmt":"2015-07-17T10:48:38","guid":{"rendered":"https:\/\/www.um.edu.mo\/sem-categoria\/2015\/07\/33828-pt_pt\/"},"modified":"2015-07-17T18:48:38","modified_gmt":"2015-07-17T10:48:38","slug":"33828","status":"publish","type":"post","link":"https:\/\/www.um.edu.mo\/pt-pt\/news-and-press-releases\/press-release\/detail\/33828\/","title":{"rendered":"O Reitor da Universidade de Macau (UM) fez um discurso em Portugu\u00eas no XXV Encontro da Associa\u00e7\u00e3o das Universidades de L\u00edngua Portuguesa (AULP), destacando o papel da UM na vida desta Associa\u00e7\u00e3o"},"content":{"rendered":"<p>Na sess\u00e3o solene de abertura\ndo XXV Encontro da AULP, realizada no passado dia 15 de Julho de 2015, na\ncidade da Praia, Cabo Verde, e que contou a presen\u00e7a do Primeiro-ministro da\nRep\u00fablica de Cabo Verde, Doutor Jos\u00e9 Maria Neves, do Ministro do Ensino Superior,\nCi\u00eancia e Inova\u00e7\u00e3o de Cabo Verde, Prof. Doutor Ant\u00f3nio Correia e Silva, do\nSecret\u00e1rio para os Assuntos Sociais e Cultura de Macau, Doutor Alexis Tam, o\nReitor da UM, Prof. Doutor Wei Zhao, proferiu um discurso em Portugu\u00eas, que\nrecebeu grandes aplausos de todos os presentes nesta cerim\u00f3nia. <\/p><p>&nbsp;<\/p><p>No seu discurso, o Reitor da\nUM destacou o facto de a UM ter assumido a presid\u00eancia da AULP ap\u00f3s 28 anos de\nacompanhamento da vida desta Associa\u00e7\u00e3o. O mesmo respons\u00e1vel salientou que o\nPortugu\u00eas \u00e9 uma das l\u00ednguas oficiais de Macau e a UM \u00e9 a institui\u00e7\u00e3o de ensino\nsuperior da \u00c1sia com maior presen\u00e7a da L\u00edngua Portuguesa, em particular nos\ncursos ministrados pela Faculdade de Direito e pelo Departamento de Portugu\u00eas.\nO dirigente da UM afirmou ainda que a UM, na Presid\u00eancia da AULP, continuar\u00e1 a\ndesenvolver todos os esfor\u00e7os necess\u00e1rios para ampliar a comunica\u00e7\u00e3o entre as\nuniversidades membros da AULP, em prol do desenvolvimento colectivo do ensino e\nda l\u00edngua portuguesa no mundo. <\/p><p>&nbsp;<\/p><p>Depois desta sess\u00e3o solene,\nfoi assinado o Acordo de Coopera\u00e7\u00e3o entre a Direc\u00e7\u00e3o-Geral do Ensino Superior\ndo Minist\u00e9rio do Ensino Superior,&nbsp;\nCi\u00eancia e Inova\u00e7\u00e3o de Cabo Verde e a Universidade de Macau. Este acordo\ntem como objectivo fomentar a colabora\u00e7\u00e3o acad\u00e9mica entre as duas partes,\nnomeadamente, atrav\u00e9s da forma\u00e7\u00e3o de estudantes. <\/p><p>&nbsp;<\/p><p>\n\n\n\n\n\n\n\n\n\n\n\nNo mesmo dia, realizou-se a reuni\u00e3o do Conselho de\nAdministra\u00e7\u00e3o da AULP, presidido pelo Vice-Reitor (Investiga\u00e7\u00e3o Cient\u00edfica) da\nUM, Prof. Doutor Rui Martins, onde foi debatido, entre outros assuntos, o plano\nda actividade associativa para o pr\u00f3ximo tri\u00e9nio, sob a iniciativa da UM e a\nque se associaram todas as institui\u00e7\u00f5es representadas no Conselho.<\/p><p><br\/><\/p><p>Source:&nbsp;Rector&#8217;s Office<\/p><p>Media Contact Information:<\/p><p>Communications Office, University of Macau<\/p><p>Albee Lei &nbsp;Tel\uff1a(853) 88228004<\/p><p>Kristy Fok &nbsp;Tel\uff1a(853) 88228006<\/p><p>Email\uff1aprs.media@um.edu.mo<\/p><p><\/p><p><\/p><p><\/p><p><\/p><p><\/p><p><\/p><p><\/p><p><\/p><p>UM Website\uff1awww.umac.mo<\/p><p><\/p>","protected":false},"excerpt":{"rendered":"<p>Na sess\u00e3o solene de abertura do XXV Encontro da AULP, realizada no passado dia 15 de Julho de 2015, na cidade da Praia, Cabo Verde, e que contou a presen\u00e7a&#8230;<\/p>\n","protected":false},"author":1,"featured_media":121665,"comment_status":"open","ping_status":"open","sticky":false,"template":"","format":"standard","meta":{"_acf_changed":false,"footnotes":""},"categories":[60],"tags":[],"class_list":["post-194733","post","type-post","status-publish","format-standard","has-post-thumbnail","hentry","category-press-release"],"acf":[],"yoast_head":"<!-- This site is optimized with the Yoast SEO plugin v24.5 - https:\/\/yoast.com\/wordpress\/plugins\/seo\/ -->\n<title>O Reitor da Universidade de Macau (UM) fez um discurso em Portugu\u00eas no XXV Encontro da Associa\u00e7\u00e3o das Universidades de L\u00edngua Portuguesa (AULP), destacando o papel da UM na vida desta Associa\u00e7\u00e3o | Universidade de Macau<\/title>\n<meta name=\"description\" content=\"Universidade de Macau: Uma universidade abrangente p\u00fablica de n\u00edvel internacional fundada em 1981\" \/>\n<meta name=\"robots\" content=\"index, follow, max-snippet:-1, max-image-preview:large, max-video-preview:-1\" \/>\n<link rel=\"canonical\" href=\"https:\/\/www.um.edu.mo\/pt-pt\/news-and-press-releases\/press-release\/detail\/33828\/\" \/>\n<meta property=\"og:locale\" content=\"pt_PT\" \/>\n<meta property=\"og:type\" content=\"article\" \/>\n<meta property=\"og:title\" content=\"O Reitor da Universidade de Macau (UM) fez um discurso em Portugu\u00eas no XXV Encontro da Associa\u00e7\u00e3o das Universidades de L\u00edngua Portuguesa (AULP), destacando o papel da UM na vida desta Associa\u00e7\u00e3o | Universidade de Macau\" \/>\n<meta property=\"og:description\" content=\"Universidade de Macau: Uma universidade abrangente p\u00fablica de n\u00edvel internacional fundada em 1981\" \/>\n<meta property=\"og:url\" content=\"https:\/\/www.um.edu.mo\/pt-pt\/news-and-press-releases\/press-release\/detail\/33828\/\" \/>\n<meta property=\"og:site_name\" content=\"Universidade de Macau\" \/>\n<meta property=\"article:publisher\" content=\"https:\/\/www.facebook.com\/universityofmacau\" \/>\n<meta property=\"article:published_time\" content=\"2015-07-17T10:48:38+00:00\" \/>\n<meta property=\"og:image\" content=\"https:\/\/www.um.edu.mo\/wp-content\/uploads\/nrs\/33828-81424.jpg\" \/>\n\t<meta property=\"og:image:width\" content=\"480\" \/>\n\t<meta property=\"og:image:height\" content=\"200\" \/>\n\t<meta property=\"og:image:type\" content=\"image\/jpeg\" \/>\n<meta name=\"author\" content=\"web_admin\" \/>\n<meta name=\"twitter:card\" content=\"summary_large_image\" \/>\n<meta name=\"twitter:creator\" content=\"@UM_1981\" \/>\n<meta name=\"twitter:site\" content=\"@UM_1981\" \/>\n<meta name=\"twitter:label1\" content=\"Escrito por\" \/>\n\t<meta name=\"twitter:data1\" content=\"web_admin\" \/>\n\t<meta name=\"twitter:label2\" content=\"Tempo estimado de leitura\" \/>\n\t<meta name=\"twitter:data2\" content=\"2 minutos\" \/>\n<script type=\"application\/ld+json\" class=\"yoast-schema-graph\">{\"@context\":\"https:\/\/schema.org\",\"@graph\":[{\"@type\":\"Article\",\"@id\":\"https:\/\/www.um.edu.mo\/pt-pt\/news-and-press-releases\/press-release\/detail\/33828\/#article\",\"isPartOf\":{\"@id\":\"https:\/\/www.um.edu.mo\/pt-pt\/news-and-press-releases\/press-release\/detail\/33828\/\"},\"author\":{\"name\":\"web_admin\",\"@id\":\"https:\/\/www.um.edu.mo\/pt-pt\/#\/schema\/person\/bfdcd3a75d1b778a93663e5dee2e33bb\"},\"headline\":\"O Reitor da Universidade de Macau (UM) fez um discurso em Portugu\u00eas no XXV Encontro da Associa\u00e7\u00e3o das Universidades de L\u00edngua Portuguesa (AULP), destacando o papel da UM na vida desta Associa\u00e7\u00e3o\",\"datePublished\":\"2015-07-17T10:48:38+00:00\",\"mainEntityOfPage\":{\"@id\":\"https:\/\/www.um.edu.mo\/pt-pt\/news-and-press-releases\/press-release\/detail\/33828\/\"},\"wordCount\":422,\"commentCount\":0,\"publisher\":{\"@id\":\"https:\/\/www.um.edu.mo\/pt-pt\/#organization\"},\"image\":{\"@id\":\"https:\/\/www.um.edu.mo\/pt-pt\/news-and-press-releases\/press-release\/detail\/33828\/#primaryimage\"},\"thumbnailUrl\":\"https:\/\/www.um.edu.mo\/wp-content\/uploads\/nrs\/33828-81424.jpg\",\"articleSection\":[\"Comunicado de Imprensa\"],\"inLanguage\":\"pt-PT\"},{\"@type\":\"WebPage\",\"@id\":\"https:\/\/www.um.edu.mo\/pt-pt\/news-and-press-releases\/press-release\/detail\/33828\/\",\"url\":\"https:\/\/www.um.edu.mo\/pt-pt\/news-and-press-releases\/press-release\/detail\/33828\/\",\"name\":\"O Reitor da Universidade de Macau (UM) fez um discurso em Portugu\u00eas no XXV Encontro da Associa\u00e7\u00e3o das Universidades de L\u00edngua Portuguesa (AULP), destacando o papel da UM na vida desta Associa\u00e7\u00e3o | Universidade de Macau\",\"isPartOf\":{\"@id\":\"https:\/\/www.um.edu.mo\/pt-pt\/#website\"},\"primaryImageOfPage\":{\"@id\":\"https:\/\/www.um.edu.mo\/pt-pt\/news-and-press-releases\/press-release\/detail\/33828\/#primaryimage\"},\"image\":{\"@id\":\"https:\/\/www.um.edu.mo\/pt-pt\/news-and-press-releases\/press-release\/detail\/33828\/#primaryimage\"},\"thumbnailUrl\":\"https:\/\/www.um.edu.mo\/wp-content\/uploads\/nrs\/33828-81424.jpg\",\"datePublished\":\"2015-07-17T10:48:38+00:00\",\"description\":\"Universidade de Macau: Uma universidade abrangente p\u00fablica de n\u00edvel internacional fundada em 1981\",\"breadcrumb\":{\"@id\":\"https:\/\/www.um.edu.mo\/pt-pt\/news-and-press-releases\/press-release\/detail\/33828\/#breadcrumb\"},\"inLanguage\":\"pt-PT\",\"potentialAction\":[{\"@type\":\"ReadAction\",\"target\":[\"https:\/\/www.um.edu.mo\/pt-pt\/news-and-press-releases\/press-release\/detail\/33828\/\"]}]},{\"@type\":\"ImageObject\",\"inLanguage\":\"pt-PT\",\"@id\":\"https:\/\/www.um.edu.mo\/pt-pt\/news-and-press-releases\/press-release\/detail\/33828\/#primaryimage\",\"url\":\"https:\/\/www.um.edu.mo\/wp-content\/uploads\/nrs\/33828-81424.jpg\",\"contentUrl\":\"https:\/\/www.um.edu.mo\/wp-content\/uploads\/nrs\/33828-81424.jpg\",\"width\":480,\"height\":200,\"caption\":\"Realizou-se a cerim\u00f3nia de abertura do XXV Encontro da AULP\"},{\"@type\":\"BreadcrumbList\",\"@id\":\"https:\/\/www.um.edu.mo\/pt-pt\/news-and-press-releases\/press-release\/detail\/33828\/#breadcrumb\",\"itemListElement\":[{\"@type\":\"ListItem\",\"position\":1,\"name\":\"P\u00e1gina inicial\",\"item\":\"https:\/\/www.um.edu.mo\/pt-pt\/\"},{\"@type\":\"ListItem\",\"position\":2,\"name\":\"Not\u00edcias e Comunicados de Imprensa\",\"item\":\"https:\/\/www.um.edu.mo\/pt-pt\/category\/news-and-press-releases\/\"},{\"@type\":\"ListItem\",\"position\":3,\"name\":\"Comunicado de Imprensa\",\"item\":\"https:\/\/www.um.edu.mo\/pt-pt\/category\/news-and-press-releases\/press-release\/\"},{\"@type\":\"ListItem\",\"position\":4,\"name\":\"O Reitor da Universidade de Macau (UM) fez um discurso em Portugu\u00eas no XXV Encontro da Associa\u00e7\u00e3o das Universidades de L\u00edngua Portuguesa (AULP), destacando o papel da UM na vida desta Associa\u00e7\u00e3o\"}]},{\"@type\":\"WebSite\",\"@id\":\"https:\/\/www.um.edu.mo\/pt-pt\/#website\",\"url\":\"https:\/\/www.um.edu.mo\/pt-pt\/\",\"name\":\"Universidade de Macau\",\"description\":\"\",\"publisher\":{\"@id\":\"https:\/\/www.um.edu.mo\/pt-pt\/#organization\"},\"potentialAction\":[{\"@type\":\"SearchAction\",\"target\":{\"@type\":\"EntryPoint\",\"urlTemplate\":\"https:\/\/www.um.edu.mo\/pt-pt\/?s={search_term_string}\"},\"query-input\":{\"@type\":\"PropertyValueSpecification\",\"valueRequired\":true,\"valueName\":\"search_term_string\"}}],\"inLanguage\":\"pt-PT\"},{\"@type\":\"Organization\",\"@id\":\"https:\/\/www.um.edu.mo\/pt-pt\/#organization\",\"name\":\"University of Macau\",\"url\":\"https:\/\/www.um.edu.mo\/pt-pt\/\",\"logo\":{\"@type\":\"ImageObject\",\"inLanguage\":\"pt-PT\",\"@id\":\"https:\/\/www.um.edu.mo\/pt-pt\/#\/schema\/logo\/image\/\",\"url\":\"https:\/\/www.um.edu.mo\/wp-content\/uploads\/2020\/09\/UM-Logo_V-Black.png\",\"contentUrl\":\"https:\/\/www.um.edu.mo\/wp-content\/uploads\/2020\/09\/UM-Logo_V-Black.png\",\"width\":3508,\"height\":2785,\"caption\":\"University of Macau\"},\"image\":{\"@id\":\"https:\/\/www.um.edu.mo\/pt-pt\/#\/schema\/logo\/image\/\"},\"sameAs\":[\"https:\/\/www.facebook.com\/universityofmacau\",\"https:\/\/x.com\/UM_1981\"]},{\"@type\":\"Person\",\"@id\":\"https:\/\/www.um.edu.mo\/pt-pt\/#\/schema\/person\/bfdcd3a75d1b778a93663e5dee2e33bb\",\"name\":\"web_admin\",\"image\":{\"@type\":\"ImageObject\",\"inLanguage\":\"pt-PT\",\"@id\":\"https:\/\/www.um.edu.mo\/pt-pt\/#\/schema\/person\/image\/\",\"url\":\"https:\/\/secure.gravatar.com\/avatar\/e230ccd9ba8eb5ce94ecf306e4a35399?s=96&d=mm&r=g\",\"contentUrl\":\"https:\/\/secure.gravatar.com\/avatar\/e230ccd9ba8eb5ce94ecf306e4a35399?s=96&d=mm&r=g\",\"caption\":\"web_admin\"}}]}<\/script>\n<!-- \/ Yoast SEO plugin. -->","yoast_head_json":{"title":"O Reitor da Universidade de Macau (UM) fez um discurso em Portugu\u00eas no XXV Encontro da Associa\u00e7\u00e3o das Universidades de L\u00edngua Portuguesa (AULP), destacando o papel da UM na vida desta Associa\u00e7\u00e3o | Universidade de Macau","description":"Universidade de Macau: Uma universidade abrangente p\u00fablica de n\u00edvel internacional fundada em 1981","robots":{"index":"index","follow":"follow","max-snippet":"max-snippet:-1","max-image-preview":"max-image-preview:large","max-video-preview":"max-video-preview:-1"},"canonical":"https:\/\/www.um.edu.mo\/pt-pt\/news-and-press-releases\/press-release\/detail\/33828\/","og_locale":"pt_PT","og_type":"article","og_title":"O Reitor da Universidade de Macau (UM) fez um discurso em Portugu\u00eas no XXV Encontro da Associa\u00e7\u00e3o das Universidades de L\u00edngua Portuguesa (AULP), destacando o papel da UM na vida desta Associa\u00e7\u00e3o | Universidade de Macau","og_description":"Universidade de Macau: Uma universidade abrangente p\u00fablica de n\u00edvel internacional fundada em 1981","og_url":"https:\/\/www.um.edu.mo\/pt-pt\/news-and-press-releases\/press-release\/detail\/33828\/","og_site_name":"Universidade de Macau","article_publisher":"https:\/\/www.facebook.com\/universityofmacau","article_published_time":"2015-07-17T10:48:38+00:00","og_image":[{"width":480,"height":200,"url":"https:\/\/www.um.edu.mo\/wp-content\/uploads\/nrs\/33828-81424.jpg","type":"image\/jpeg"}],"author":"web_admin","twitter_card":"summary_large_image","twitter_creator":"@UM_1981","twitter_site":"@UM_1981","twitter_misc":{"Escrito por":"web_admin","Tempo estimado de leitura":"2 minutos"},"schema":{"@context":"https:\/\/schema.org","@graph":[{"@type":"Article","@id":"https:\/\/www.um.edu.mo\/pt-pt\/news-and-press-releases\/press-release\/detail\/33828\/#article","isPartOf":{"@id":"https:\/\/www.um.edu.mo\/pt-pt\/news-and-press-releases\/press-release\/detail\/33828\/"},"author":{"name":"web_admin","@id":"https:\/\/www.um.edu.mo\/pt-pt\/#\/schema\/person\/bfdcd3a75d1b778a93663e5dee2e33bb"},"headline":"O Reitor da Universidade de Macau (UM) fez um discurso em Portugu\u00eas no XXV Encontro da Associa\u00e7\u00e3o das Universidades de L\u00edngua Portuguesa (AULP), destacando o papel da UM na vida desta Associa\u00e7\u00e3o","datePublished":"2015-07-17T10:48:38+00:00","mainEntityOfPage":{"@id":"https:\/\/www.um.edu.mo\/pt-pt\/news-and-press-releases\/press-release\/detail\/33828\/"},"wordCount":422,"commentCount":0,"publisher":{"@id":"https:\/\/www.um.edu.mo\/pt-pt\/#organization"},"image":{"@id":"https:\/\/www.um.edu.mo\/pt-pt\/news-and-press-releases\/press-release\/detail\/33828\/#primaryimage"},"thumbnailUrl":"https:\/\/www.um.edu.mo\/wp-content\/uploads\/nrs\/33828-81424.jpg","articleSection":["Comunicado de Imprensa"],"inLanguage":"pt-PT"},{"@type":"WebPage","@id":"https:\/\/www.um.edu.mo\/pt-pt\/news-and-press-releases\/press-release\/detail\/33828\/","url":"https:\/\/www.um.edu.mo\/pt-pt\/news-and-press-releases\/press-release\/detail\/33828\/","name":"O Reitor da Universidade de Macau (UM) fez um discurso em Portugu\u00eas no XXV Encontro da Associa\u00e7\u00e3o das Universidades de L\u00edngua Portuguesa (AULP), destacando o papel da UM na vida desta Associa\u00e7\u00e3o | Universidade de Macau","isPartOf":{"@id":"https:\/\/www.um.edu.mo\/pt-pt\/#website"},"primaryImageOfPage":{"@id":"https:\/\/www.um.edu.mo\/pt-pt\/news-and-press-releases\/press-release\/detail\/33828\/#primaryimage"},"image":{"@id":"https:\/\/www.um.edu.mo\/pt-pt\/news-and-press-releases\/press-release\/detail\/33828\/#primaryimage"},"thumbnailUrl":"https:\/\/www.um.edu.mo\/wp-content\/uploads\/nrs\/33828-81424.jpg","datePublished":"2015-07-17T10:48:38+00:00","description":"Universidade de Macau: Uma universidade abrangente p\u00fablica de n\u00edvel internacional fundada em 1981","breadcrumb":{"@id":"https:\/\/www.um.edu.mo\/pt-pt\/news-and-press-releases\/press-release\/detail\/33828\/#breadcrumb"},"inLanguage":"pt-PT","potentialAction":[{"@type":"ReadAction","target":["https:\/\/www.um.edu.mo\/pt-pt\/news-and-press-releases\/press-release\/detail\/33828\/"]}]},{"@type":"ImageObject","inLanguage":"pt-PT","@id":"https:\/\/www.um.edu.mo\/pt-pt\/news-and-press-releases\/press-release\/detail\/33828\/#primaryimage","url":"https:\/\/www.um.edu.mo\/wp-content\/uploads\/nrs\/33828-81424.jpg","contentUrl":"https:\/\/www.um.edu.mo\/wp-content\/uploads\/nrs\/33828-81424.jpg","width":480,"height":200,"caption":"Realizou-se a cerim\u00f3nia de abertura do XXV Encontro da AULP"},{"@type":"BreadcrumbList","@id":"https:\/\/www.um.edu.mo\/pt-pt\/news-and-press-releases\/press-release\/detail\/33828\/#breadcrumb","itemListElement":[{"@type":"ListItem","position":1,"name":"P\u00e1gina inicial","item":"https:\/\/www.um.edu.mo\/pt-pt\/"},{"@type":"ListItem","position":2,"name":"Not\u00edcias e Comunicados de Imprensa","item":"https:\/\/www.um.edu.mo\/pt-pt\/category\/news-and-press-releases\/"},{"@type":"ListItem","position":3,"name":"Comunicado de Imprensa","item":"https:\/\/www.um.edu.mo\/pt-pt\/category\/news-and-press-releases\/press-release\/"},{"@type":"ListItem","position":4,"name":"O Reitor da Universidade de Macau (UM) fez um discurso em Portugu\u00eas no XXV Encontro da Associa\u00e7\u00e3o das Universidades de L\u00edngua Portuguesa (AULP), destacando o papel da UM na vida desta Associa\u00e7\u00e3o"}]},{"@type":"WebSite","@id":"https:\/\/www.um.edu.mo\/pt-pt\/#website","url":"https:\/\/www.um.edu.mo\/pt-pt\/","name":"Universidade de Macau","description":"","publisher":{"@id":"https:\/\/www.um.edu.mo\/pt-pt\/#organization"},"potentialAction":[{"@type":"SearchAction","target":{"@type":"EntryPoint","urlTemplate":"https:\/\/www.um.edu.mo\/pt-pt\/?s={search_term_string}"},"query-input":{"@type":"PropertyValueSpecification","valueRequired":true,"valueName":"search_term_string"}}],"inLanguage":"pt-PT"},{"@type":"Organization","@id":"https:\/\/www.um.edu.mo\/pt-pt\/#organization","name":"University of Macau","url":"https:\/\/www.um.edu.mo\/pt-pt\/","logo":{"@type":"ImageObject","inLanguage":"pt-PT","@id":"https:\/\/www.um.edu.mo\/pt-pt\/#\/schema\/logo\/image\/","url":"https:\/\/www.um.edu.mo\/wp-content\/uploads\/2020\/09\/UM-Logo_V-Black.png","contentUrl":"https:\/\/www.um.edu.mo\/wp-content\/uploads\/2020\/09\/UM-Logo_V-Black.png","width":3508,"height":2785,"caption":"University of Macau"},"image":{"@id":"https:\/\/www.um.edu.mo\/pt-pt\/#\/schema\/logo\/image\/"},"sameAs":["https:\/\/www.facebook.com\/universityofmacau","https:\/\/x.com\/UM_1981"]},{"@type":"Person","@id":"https:\/\/www.um.edu.mo\/pt-pt\/#\/schema\/person\/bfdcd3a75d1b778a93663e5dee2e33bb","name":"web_admin","image":{"@type":"ImageObject","inLanguage":"pt-PT","@id":"https:\/\/www.um.edu.mo\/pt-pt\/#\/schema\/person\/image\/","url":"https:\/\/secure.gravatar.com\/avatar\/e230ccd9ba8eb5ce94ecf306e4a35399?s=96&d=mm&r=g","contentUrl":"https:\/\/secure.gravatar.com\/avatar\/e230ccd9ba8eb5ce94ecf306e4a35399?s=96&d=mm&r=g","caption":"web_admin"}}]}},"_links":{"self":[{"href":"https:\/\/www.um.edu.mo\/pt-pt\/wp-json\/wp\/v2\/posts\/194733","targetHints":{"allow":["GET"]}}],"collection":[{"href":"https:\/\/www.um.edu.mo\/pt-pt\/wp-json\/wp\/v2\/posts"}],"about":[{"href":"https:\/\/www.um.edu.mo\/pt-pt\/wp-json\/wp\/v2\/types\/post"}],"author":[{"embeddable":true,"href":"https:\/\/www.um.edu.mo\/pt-pt\/wp-json\/wp\/v2\/users\/1"}],"replies":[{"embeddable":true,"href":"https:\/\/www.um.edu.mo\/pt-pt\/wp-json\/wp\/v2\/comments?post=194733"}],"version-history":[{"count":0,"href":"https:\/\/www.um.edu.mo\/pt-pt\/wp-json\/wp\/v2\/posts\/194733\/revisions"}],"wp:featuredmedia":[{"embeddable":true,"href":"https:\/\/www.um.edu.mo\/pt-pt\/wp-json\/wp\/v2\/media\/121665"}],"wp:attachment":[{"href":"https:\/\/www.um.edu.mo\/pt-pt\/wp-json\/wp\/v2\/media?parent=194733"}],"wp:term":[{"taxonomy":"category","embeddable":true,"href":"https:\/\/www.um.edu.mo\/pt-pt\/wp-json\/wp\/v2\/categories?post=194733"},{"taxonomy":"post_tag","embeddable":true,"href":"https:\/\/www.um.edu.mo\/pt-pt\/wp-json\/wp\/v2\/tags?post=194733"}],"curies":[{"name":"wp","href":"https:\/\/api.w.org\/{rel}","templated":true}]}}