{"id":194160,"date":"2017-07-28T16:07:00","date_gmt":"2017-07-28T08:07:00","guid":{"rendered":"https:\/\/www.um.edu.mo\/sem-categoria\/2017\/07\/42416-pt_pt\/"},"modified":"2017-07-28T16:07:00","modified_gmt":"2017-07-28T08:07:00","slug":"42416","status":"publish","type":"post","link":"https:\/\/www.um.edu.mo\/pt-pt\/news-and-press-releases\/press-release\/detail\/42416\/","title":{"rendered":"Investigadora da UM publica trabalho em Molecular Cell"},"content":{"rendered":"<p>A doutora\nVivien Ya-Fan Wang, professora assistente da Faculdade de Ci\u00eancias da Sa\u00fada da\nUniversidade de Macau publicou recentemente um trabalho de investiga\u00e7\u00e3o em <i>Molecular Cell<\/i>. Editada por <i>Cell Press<\/i> e com regime de revis\u00e3o por\npares,<i> Molecular Cell<\/i> \u00e9 uma\nprestigiada revista cient\u00edfica de biologia de maior impacto mundial,\nespecializada em pesquisas de biologia celular a n\u00edvel molecular, com \u00eanfase a\nnovos conhecimentos da respectiva \u00e1rea.<\/p><p>Vivien Wang dedicou os \u00faltimos\nanos a investigar a regula\u00e7\u00e3o da via de sinaliza\u00e7\u00e3o do factor de transcri\u00e7\u00e3o\nNF-kappB (kB) e o\nrespectivo mecanismo molecular. A fam\u00edlia de factores de transcri\u00e7\u00e3o NF-kB desempenha um\npapel crucial no sistema imunit\u00e1rio atrav\u00e9s da regula\u00e7\u00e3o de v\u00e1rios processos\nfisiol\u00f3gicos tais como a imunidade inata e adquirida, a inflama\u00e7\u00e3o, a\nsobreviv\u00eancia e a prolifera\u00e7\u00e3o celular. Publicado em <i>Molecular Cell<\/i>, vol. 67, o trabalho de pesquisa de Vivien Wang \u00e9\nintitulado \u201c<i>A fosforila\u00e7\u00e3o de Bcl3 por\nAkt, Erk2 e IKK \u00e9 requerida para a respectiva actividade transcricional<\/i>\u201d (\u201c<i>Bcl3 Phosphorylation by Akt,\nErk2, and IKK Is Required for Its Transcriptional Activity<\/i>\u201d).\nBcl3 \u00e9 uma oncoprote\u00edna e um co-regulador espec\u00edfico da fam\u00edlia de NF-kB. As pesquisas\ndos \u00faltimos 25 anos demonstram que actividades an\u00f3malas de Bcl3 induzem\nmalignidade e Bcl3 existe em forma de fosfo-prote\u00edna em muitas c\u00e9lulas\ncancerosas, tais como do cancro da mama, do cancro colo-rectal, do cancro do\npulm\u00e3o, etc. Todavia, sabia-se muito pouco sobre a regula\u00e7\u00e3o da respectiva\nfosforila\u00e7\u00e3o a n\u00edvel molecular e sobre a sua via reguladora de integra\u00e7\u00e3o no\ngene. O presente estudo resolveu a quest\u00e3o h\u00e1 muito tempo em aberto, i.e. a\nmaneira como Bcl3 funciona enquanto regulador transcricional atrav\u00e9s da\nfosforila\u00e7\u00e3o. Por meio da identifica\u00e7\u00e3o de 27 s\u00edtios de fosforila\u00e7\u00e3o, esta\npesquisa demonstra que pelo menos 3 s\u00edtios precisam de ser fosforilados para a\nfun\u00e7\u00e3o de transcri\u00e7\u00e3o de Bcl3 com NF-kB.\nAl\u00e9m disso, Akt, Erk2 e IKK s\u00e3o\ncinases que catalisam esses processos de fosfo-modifica\u00e7\u00e3o.\nEsta descoberta abre uma nova perspectiva sobre a activa\u00e7\u00e3o da sinaliza\u00e7\u00e3o de\nNF-kB e revela a\nliga\u00e7\u00e3o directa entre PI3K-Akt e MAP na sinaliza\u00e7\u00e3o para a activa\u00e7\u00e3o do NF-kB focalizando-se\nexclusivamente no factor Bcl3. O estabelecimento da converg\u00eancia entre estas\ntr\u00eas vias de sinaliza\u00e7\u00e3o interligadas na activa\u00e7\u00e3o de NF-kB, poder\u00e1\npotencialmente vir a fornecer uma nova base te\u00f3rica para o tratamento de muitas\ndoen\u00e7as, tais como doen\u00e7as infecciosas, doen\u00e7as imunol\u00f3gicas, tumorig\u00e9nese e\ndiversos cancros.<\/p><p>Vivien Wang \u00e9\ncientista local. Ap\u00f3s a conclus\u00e3o da educa\u00e7\u00e3o secund\u00e1ria na Escola Pui Ching de\nMacau, obteve graus acad\u00e9micos de licenciatura, mestrado e doutoramento na\nUniversidade de Calif\u00f3rnia, San Diego (UCSD), tendo-se posteriormente deslocado\n\u00e0 Nova Iorque para desenvolver trabalhos de pesquisa de p\u00f3s-doutoramento\nna Columbia University. Em resposta \u00e0 pol\u00edtica do governo da RAEM de\ndesenvolvimento e de incentivo aos talentos locais, ela ingressou na Faculdade\nde Ci\u00eancias da Sa\u00fade da Universidade de Macau em Setembro de 2015. Desde o seu\nregresso a Macau, Vivien Wang tem desenvolvido v\u00e1rios projectos de pesquisa\ncient\u00edfica, e participado em programas de forma\u00e7\u00e3o da nova gera\u00e7\u00e3o de\ncient\u00edstas locais, com o objectivo de elevar o n\u00edvel geral de pesquisa e investiga\u00e7\u00e3o\nem biologia e em ci\u00eancias da sa\u00fade da Macau. Tem igualmente dedicado esfor\u00e7os\nna divulga\u00e7\u00e3o cient\u00edfica atrav\u00e9s de aulas e actividades de campo organizadas\naos estudantes de ensino secund\u00e1rio, dando-lhes importantes informa\u00e7\u00f5es sobre a\nvida universit\u00e1ria.<\/p><p>\n\n\n\n\n\n<\/p><p>O presente projecto de\ninvestiga\u00e7\u00e3o de Vivien Wang \u00e9 financiado pelo Fundo para o Desenvolvimento das\nCi\u00eancias e da Tecnologia de Macau. Para mais informa\u00e7\u00f5es sobre o trabalho de investiga\u00e7\u00e3o acima\nreferido, pode visitar website: <a href=\"http:\/\/www.sciencedirect.com\/science\/article\/pii\/S1097276517304380?via%3Dihub\">https:\/\/doi.org\/10.1016\/j.molcel.2017.06.011<\/a><u><\/u><\/p><p><br\/><\/p><p>Origem de not\u00edcias:&nbsp;Faculdade de Ci\u00eancias da Sa\u00fade<\/p><p>Contacto com m\u00e9dia:<br style=\"box-sizing: border-box;\"\/>Departamento de Comunica\u00e7\u00e3o da Universidade de Macau<\/p><p><\/p><p>Tel: (853) 88228004<br style=\"box-sizing: border-box;\"\/>Tel: (853) 88224322<br style=\"box-sizing: border-box;\"\/>E-mail:&nbsp;<a style=\"box-sizing: border-box; background-color: transparent; color: rgb(51, 122, 183); text-decoration-line: none;\" href=\"mailto:prs.media@um.edu.mo\">prs.media@um.edu.mo<\/a><br style=\"box-sizing: border-box;\"\/>P\u00e1gina principal da Universidade de Macau: www.umac.mo<\/p><p><\/p>","protected":false},"excerpt":{"rendered":"<p>A doutora Vivien Ya-Fan Wang, professora assistente da Faculdade de Ci\u00eancias da Sa\u00fada da Universidade de Macau publicou recentemente um trabalho de investiga\u00e7\u00e3o em Molecular Cell. Editada por Cell Press&#8230;<\/p>\n","protected":false},"author":1,"featured_media":128336,"comment_status":"open","ping_status":"open","sticky":false,"template":"","format":"standard","meta":{"_acf_changed":false,"footnotes":""},"categories":[60],"tags":[],"class_list":["post-194160","post","type-post","status-publish","format-standard","has-post-thumbnail","hentry","category-press-release"],"acf":[],"yoast_head":"<!-- This site is optimized with the Yoast SEO plugin v24.5 - https:\/\/yoast.com\/wordpress\/plugins\/seo\/ -->\n<title>Investigadora da UM publica trabalho em Molecular Cell | Universidade de Macau<\/title>\n<meta name=\"description\" content=\"Universidade de Macau: Uma universidade abrangente p\u00fablica de n\u00edvel internacional fundada em 1981\" \/>\n<meta name=\"robots\" content=\"index, follow, max-snippet:-1, max-image-preview:large, max-video-preview:-1\" \/>\n<link rel=\"canonical\" href=\"https:\/\/www.um.edu.mo\/pt-pt\/news-and-press-releases\/press-release\/detail\/42416\/\" \/>\n<meta property=\"og:locale\" content=\"pt_PT\" \/>\n<meta property=\"og:type\" content=\"article\" \/>\n<meta property=\"og:title\" content=\"Investigadora da UM publica trabalho em Molecular Cell | Universidade de Macau\" \/>\n<meta property=\"og:description\" content=\"Universidade de Macau: Uma universidade abrangente p\u00fablica de n\u00edvel internacional fundada em 1981\" \/>\n<meta property=\"og:url\" content=\"https:\/\/www.um.edu.mo\/pt-pt\/news-and-press-releases\/press-release\/detail\/42416\/\" \/>\n<meta property=\"og:site_name\" content=\"Universidade de Macau\" \/>\n<meta property=\"article:publisher\" content=\"https:\/\/www.facebook.com\/universityofmacau\" \/>\n<meta property=\"article:published_time\" content=\"2017-07-28T08:07:00+00:00\" \/>\n<meta property=\"og:image\" content=\"https:\/\/www.um.edu.mo\/wp-content\/uploads\/nrs\/42416-79237.jpg\" \/>\n\t<meta property=\"og:image:width\" content=\"5760\" \/>\n\t<meta property=\"og:image:height\" content=\"3840\" \/>\n\t<meta property=\"og:image:type\" content=\"image\/jpeg\" \/>\n<meta name=\"author\" content=\"web_admin\" \/>\n<meta name=\"twitter:card\" content=\"summary_large_image\" \/>\n<meta name=\"twitter:creator\" content=\"@UM_1981\" \/>\n<meta name=\"twitter:site\" content=\"@UM_1981\" \/>\n<meta name=\"twitter:label1\" content=\"Escrito por\" \/>\n\t<meta name=\"twitter:data1\" content=\"web_admin\" \/>\n\t<meta name=\"twitter:label2\" content=\"Tempo estimado de leitura\" \/>\n\t<meta name=\"twitter:data2\" content=\"3 minutos\" \/>\n<script type=\"application\/ld+json\" class=\"yoast-schema-graph\">{\"@context\":\"https:\/\/schema.org\",\"@graph\":[{\"@type\":\"Article\",\"@id\":\"https:\/\/www.um.edu.mo\/pt-pt\/news-and-press-releases\/press-release\/detail\/42416\/#article\",\"isPartOf\":{\"@id\":\"https:\/\/www.um.edu.mo\/pt-pt\/news-and-press-releases\/press-release\/detail\/42416\/\"},\"author\":{\"name\":\"web_admin\",\"@id\":\"https:\/\/www.um.edu.mo\/pt-pt\/#\/schema\/person\/bfdcd3a75d1b778a93663e5dee2e33bb\"},\"headline\":\"Investigadora da UM publica trabalho em Molecular Cell\",\"datePublished\":\"2017-07-28T08:07:00+00:00\",\"mainEntityOfPage\":{\"@id\":\"https:\/\/www.um.edu.mo\/pt-pt\/news-and-press-releases\/press-release\/detail\/42416\/\"},\"wordCount\":710,\"commentCount\":0,\"publisher\":{\"@id\":\"https:\/\/www.um.edu.mo\/pt-pt\/#organization\"},\"image\":{\"@id\":\"https:\/\/www.um.edu.mo\/pt-pt\/news-and-press-releases\/press-release\/detail\/42416\/#primaryimage\"},\"thumbnailUrl\":\"https:\/\/www.um.edu.mo\/wp-content\/uploads\/nrs\/42416-79237.jpg\",\"articleSection\":[\"Comunicado de Imprensa\"],\"inLanguage\":\"pt-PT\"},{\"@type\":\"WebPage\",\"@id\":\"https:\/\/www.um.edu.mo\/pt-pt\/news-and-press-releases\/press-release\/detail\/42416\/\",\"url\":\"https:\/\/www.um.edu.mo\/pt-pt\/news-and-press-releases\/press-release\/detail\/42416\/\",\"name\":\"Investigadora da UM publica trabalho em Molecular Cell | Universidade de Macau\",\"isPartOf\":{\"@id\":\"https:\/\/www.um.edu.mo\/pt-pt\/#website\"},\"primaryImageOfPage\":{\"@id\":\"https:\/\/www.um.edu.mo\/pt-pt\/news-and-press-releases\/press-release\/detail\/42416\/#primaryimage\"},\"image\":{\"@id\":\"https:\/\/www.um.edu.mo\/pt-pt\/news-and-press-releases\/press-release\/detail\/42416\/#primaryimage\"},\"thumbnailUrl\":\"https:\/\/www.um.edu.mo\/wp-content\/uploads\/nrs\/42416-79237.jpg\",\"datePublished\":\"2017-07-28T08:07:00+00:00\",\"description\":\"Universidade de Macau: Uma universidade abrangente p\u00fablica de n\u00edvel internacional fundada em 1981\",\"breadcrumb\":{\"@id\":\"https:\/\/www.um.edu.mo\/pt-pt\/news-and-press-releases\/press-release\/detail\/42416\/#breadcrumb\"},\"inLanguage\":\"pt-PT\",\"potentialAction\":[{\"@type\":\"ReadAction\",\"target\":[\"https:\/\/www.um.edu.mo\/pt-pt\/news-and-press-releases\/press-release\/detail\/42416\/\"]}]},{\"@type\":\"ImageObject\",\"inLanguage\":\"pt-PT\",\"@id\":\"https:\/\/www.um.edu.mo\/pt-pt\/news-and-press-releases\/press-release\/detail\/42416\/#primaryimage\",\"url\":\"https:\/\/www.um.edu.mo\/wp-content\/uploads\/nrs\/42416-79237.jpg\",\"contentUrl\":\"https:\/\/www.um.edu.mo\/wp-content\/uploads\/nrs\/42416-79237.jpg\",\"width\":5760,\"height\":3840,\"caption\":\"Vivien Wang da UM publica trabalho em Molecular Cell\"},{\"@type\":\"BreadcrumbList\",\"@id\":\"https:\/\/www.um.edu.mo\/pt-pt\/news-and-press-releases\/press-release\/detail\/42416\/#breadcrumb\",\"itemListElement\":[{\"@type\":\"ListItem\",\"position\":1,\"name\":\"P\u00e1gina inicial\",\"item\":\"https:\/\/www.um.edu.mo\/pt-pt\/\"},{\"@type\":\"ListItem\",\"position\":2,\"name\":\"Not\u00edcias e Comunicados de Imprensa\",\"item\":\"https:\/\/www.um.edu.mo\/pt-pt\/category\/news-and-press-releases\/\"},{\"@type\":\"ListItem\",\"position\":3,\"name\":\"Comunicado de Imprensa\",\"item\":\"https:\/\/www.um.edu.mo\/pt-pt\/category\/news-and-press-releases\/press-release\/\"},{\"@type\":\"ListItem\",\"position\":4,\"name\":\"Investigadora da UM publica trabalho em Molecular Cell\"}]},{\"@type\":\"WebSite\",\"@id\":\"https:\/\/www.um.edu.mo\/pt-pt\/#website\",\"url\":\"https:\/\/www.um.edu.mo\/pt-pt\/\",\"name\":\"Universidade de Macau\",\"description\":\"\",\"publisher\":{\"@id\":\"https:\/\/www.um.edu.mo\/pt-pt\/#organization\"},\"potentialAction\":[{\"@type\":\"SearchAction\",\"target\":{\"@type\":\"EntryPoint\",\"urlTemplate\":\"https:\/\/www.um.edu.mo\/pt-pt\/?s={search_term_string}\"},\"query-input\":{\"@type\":\"PropertyValueSpecification\",\"valueRequired\":true,\"valueName\":\"search_term_string\"}}],\"inLanguage\":\"pt-PT\"},{\"@type\":\"Organization\",\"@id\":\"https:\/\/www.um.edu.mo\/pt-pt\/#organization\",\"name\":\"University of Macau\",\"url\":\"https:\/\/www.um.edu.mo\/pt-pt\/\",\"logo\":{\"@type\":\"ImageObject\",\"inLanguage\":\"pt-PT\",\"@id\":\"https:\/\/www.um.edu.mo\/pt-pt\/#\/schema\/logo\/image\/\",\"url\":\"https:\/\/www.um.edu.mo\/wp-content\/uploads\/2020\/09\/UM-Logo_V-Black.png\",\"contentUrl\":\"https:\/\/www.um.edu.mo\/wp-content\/uploads\/2020\/09\/UM-Logo_V-Black.png\",\"width\":3508,\"height\":2785,\"caption\":\"University of Macau\"},\"image\":{\"@id\":\"https:\/\/www.um.edu.mo\/pt-pt\/#\/schema\/logo\/image\/\"},\"sameAs\":[\"https:\/\/www.facebook.com\/universityofmacau\",\"https:\/\/x.com\/UM_1981\"]},{\"@type\":\"Person\",\"@id\":\"https:\/\/www.um.edu.mo\/pt-pt\/#\/schema\/person\/bfdcd3a75d1b778a93663e5dee2e33bb\",\"name\":\"web_admin\",\"image\":{\"@type\":\"ImageObject\",\"inLanguage\":\"pt-PT\",\"@id\":\"https:\/\/www.um.edu.mo\/pt-pt\/#\/schema\/person\/image\/\",\"url\":\"https:\/\/secure.gravatar.com\/avatar\/e230ccd9ba8eb5ce94ecf306e4a35399?s=96&d=mm&r=g\",\"contentUrl\":\"https:\/\/secure.gravatar.com\/avatar\/e230ccd9ba8eb5ce94ecf306e4a35399?s=96&d=mm&r=g\",\"caption\":\"web_admin\"}}]}<\/script>\n<!-- \/ Yoast SEO plugin. -->","yoast_head_json":{"title":"Investigadora da UM publica trabalho em Molecular Cell | Universidade de Macau","description":"Universidade de Macau: Uma universidade abrangente p\u00fablica de n\u00edvel internacional fundada em 1981","robots":{"index":"index","follow":"follow","max-snippet":"max-snippet:-1","max-image-preview":"max-image-preview:large","max-video-preview":"max-video-preview:-1"},"canonical":"https:\/\/www.um.edu.mo\/pt-pt\/news-and-press-releases\/press-release\/detail\/42416\/","og_locale":"pt_PT","og_type":"article","og_title":"Investigadora da UM publica trabalho em Molecular Cell | Universidade de Macau","og_description":"Universidade de Macau: Uma universidade abrangente p\u00fablica de n\u00edvel internacional fundada em 1981","og_url":"https:\/\/www.um.edu.mo\/pt-pt\/news-and-press-releases\/press-release\/detail\/42416\/","og_site_name":"Universidade de Macau","article_publisher":"https:\/\/www.facebook.com\/universityofmacau","article_published_time":"2017-07-28T08:07:00+00:00","og_image":[{"width":5760,"height":3840,"url":"https:\/\/www.um.edu.mo\/wp-content\/uploads\/nrs\/42416-79237.jpg","type":"image\/jpeg"}],"author":"web_admin","twitter_card":"summary_large_image","twitter_creator":"@UM_1981","twitter_site":"@UM_1981","twitter_misc":{"Escrito por":"web_admin","Tempo estimado de leitura":"3 minutos"},"schema":{"@context":"https:\/\/schema.org","@graph":[{"@type":"Article","@id":"https:\/\/www.um.edu.mo\/pt-pt\/news-and-press-releases\/press-release\/detail\/42416\/#article","isPartOf":{"@id":"https:\/\/www.um.edu.mo\/pt-pt\/news-and-press-releases\/press-release\/detail\/42416\/"},"author":{"name":"web_admin","@id":"https:\/\/www.um.edu.mo\/pt-pt\/#\/schema\/person\/bfdcd3a75d1b778a93663e5dee2e33bb"},"headline":"Investigadora da UM publica trabalho em Molecular Cell","datePublished":"2017-07-28T08:07:00+00:00","mainEntityOfPage":{"@id":"https:\/\/www.um.edu.mo\/pt-pt\/news-and-press-releases\/press-release\/detail\/42416\/"},"wordCount":710,"commentCount":0,"publisher":{"@id":"https:\/\/www.um.edu.mo\/pt-pt\/#organization"},"image":{"@id":"https:\/\/www.um.edu.mo\/pt-pt\/news-and-press-releases\/press-release\/detail\/42416\/#primaryimage"},"thumbnailUrl":"https:\/\/www.um.edu.mo\/wp-content\/uploads\/nrs\/42416-79237.jpg","articleSection":["Comunicado de Imprensa"],"inLanguage":"pt-PT"},{"@type":"WebPage","@id":"https:\/\/www.um.edu.mo\/pt-pt\/news-and-press-releases\/press-release\/detail\/42416\/","url":"https:\/\/www.um.edu.mo\/pt-pt\/news-and-press-releases\/press-release\/detail\/42416\/","name":"Investigadora da UM publica trabalho em Molecular Cell | Universidade de Macau","isPartOf":{"@id":"https:\/\/www.um.edu.mo\/pt-pt\/#website"},"primaryImageOfPage":{"@id":"https:\/\/www.um.edu.mo\/pt-pt\/news-and-press-releases\/press-release\/detail\/42416\/#primaryimage"},"image":{"@id":"https:\/\/www.um.edu.mo\/pt-pt\/news-and-press-releases\/press-release\/detail\/42416\/#primaryimage"},"thumbnailUrl":"https:\/\/www.um.edu.mo\/wp-content\/uploads\/nrs\/42416-79237.jpg","datePublished":"2017-07-28T08:07:00+00:00","description":"Universidade de Macau: Uma universidade abrangente p\u00fablica de n\u00edvel internacional fundada em 1981","breadcrumb":{"@id":"https:\/\/www.um.edu.mo\/pt-pt\/news-and-press-releases\/press-release\/detail\/42416\/#breadcrumb"},"inLanguage":"pt-PT","potentialAction":[{"@type":"ReadAction","target":["https:\/\/www.um.edu.mo\/pt-pt\/news-and-press-releases\/press-release\/detail\/42416\/"]}]},{"@type":"ImageObject","inLanguage":"pt-PT","@id":"https:\/\/www.um.edu.mo\/pt-pt\/news-and-press-releases\/press-release\/detail\/42416\/#primaryimage","url":"https:\/\/www.um.edu.mo\/wp-content\/uploads\/nrs\/42416-79237.jpg","contentUrl":"https:\/\/www.um.edu.mo\/wp-content\/uploads\/nrs\/42416-79237.jpg","width":5760,"height":3840,"caption":"Vivien Wang da UM publica trabalho em Molecular Cell"},{"@type":"BreadcrumbList","@id":"https:\/\/www.um.edu.mo\/pt-pt\/news-and-press-releases\/press-release\/detail\/42416\/#breadcrumb","itemListElement":[{"@type":"ListItem","position":1,"name":"P\u00e1gina inicial","item":"https:\/\/www.um.edu.mo\/pt-pt\/"},{"@type":"ListItem","position":2,"name":"Not\u00edcias e Comunicados de Imprensa","item":"https:\/\/www.um.edu.mo\/pt-pt\/category\/news-and-press-releases\/"},{"@type":"ListItem","position":3,"name":"Comunicado de Imprensa","item":"https:\/\/www.um.edu.mo\/pt-pt\/category\/news-and-press-releases\/press-release\/"},{"@type":"ListItem","position":4,"name":"Investigadora da UM publica trabalho em Molecular Cell"}]},{"@type":"WebSite","@id":"https:\/\/www.um.edu.mo\/pt-pt\/#website","url":"https:\/\/www.um.edu.mo\/pt-pt\/","name":"Universidade de Macau","description":"","publisher":{"@id":"https:\/\/www.um.edu.mo\/pt-pt\/#organization"},"potentialAction":[{"@type":"SearchAction","target":{"@type":"EntryPoint","urlTemplate":"https:\/\/www.um.edu.mo\/pt-pt\/?s={search_term_string}"},"query-input":{"@type":"PropertyValueSpecification","valueRequired":true,"valueName":"search_term_string"}}],"inLanguage":"pt-PT"},{"@type":"Organization","@id":"https:\/\/www.um.edu.mo\/pt-pt\/#organization","name":"University of Macau","url":"https:\/\/www.um.edu.mo\/pt-pt\/","logo":{"@type":"ImageObject","inLanguage":"pt-PT","@id":"https:\/\/www.um.edu.mo\/pt-pt\/#\/schema\/logo\/image\/","url":"https:\/\/www.um.edu.mo\/wp-content\/uploads\/2020\/09\/UM-Logo_V-Black.png","contentUrl":"https:\/\/www.um.edu.mo\/wp-content\/uploads\/2020\/09\/UM-Logo_V-Black.png","width":3508,"height":2785,"caption":"University of Macau"},"image":{"@id":"https:\/\/www.um.edu.mo\/pt-pt\/#\/schema\/logo\/image\/"},"sameAs":["https:\/\/www.facebook.com\/universityofmacau","https:\/\/x.com\/UM_1981"]},{"@type":"Person","@id":"https:\/\/www.um.edu.mo\/pt-pt\/#\/schema\/person\/bfdcd3a75d1b778a93663e5dee2e33bb","name":"web_admin","image":{"@type":"ImageObject","inLanguage":"pt-PT","@id":"https:\/\/www.um.edu.mo\/pt-pt\/#\/schema\/person\/image\/","url":"https:\/\/secure.gravatar.com\/avatar\/e230ccd9ba8eb5ce94ecf306e4a35399?s=96&d=mm&r=g","contentUrl":"https:\/\/secure.gravatar.com\/avatar\/e230ccd9ba8eb5ce94ecf306e4a35399?s=96&d=mm&r=g","caption":"web_admin"}}]}},"_links":{"self":[{"href":"https:\/\/www.um.edu.mo\/pt-pt\/wp-json\/wp\/v2\/posts\/194160","targetHints":{"allow":["GET"]}}],"collection":[{"href":"https:\/\/www.um.edu.mo\/pt-pt\/wp-json\/wp\/v2\/posts"}],"about":[{"href":"https:\/\/www.um.edu.mo\/pt-pt\/wp-json\/wp\/v2\/types\/post"}],"author":[{"embeddable":true,"href":"https:\/\/www.um.edu.mo\/pt-pt\/wp-json\/wp\/v2\/users\/1"}],"replies":[{"embeddable":true,"href":"https:\/\/www.um.edu.mo\/pt-pt\/wp-json\/wp\/v2\/comments?post=194160"}],"version-history":[{"count":0,"href":"https:\/\/www.um.edu.mo\/pt-pt\/wp-json\/wp\/v2\/posts\/194160\/revisions"}],"wp:featuredmedia":[{"embeddable":true,"href":"https:\/\/www.um.edu.mo\/pt-pt\/wp-json\/wp\/v2\/media\/128336"}],"wp:attachment":[{"href":"https:\/\/www.um.edu.mo\/pt-pt\/wp-json\/wp\/v2\/media?parent=194160"}],"wp:term":[{"taxonomy":"category","embeddable":true,"href":"https:\/\/www.um.edu.mo\/pt-pt\/wp-json\/wp\/v2\/categories?post=194160"},{"taxonomy":"post_tag","embeddable":true,"href":"https:\/\/www.um.edu.mo\/pt-pt\/wp-json\/wp\/v2\/tags?post=194160"}],"curies":[{"name":"wp","href":"https:\/\/api.w.org\/{rel}","templated":true}]}}