{"id":162252,"date":"2019-02-15T03:41:45","date_gmt":"2019-02-14T19:41:45","guid":{"rendered":"https:\/\/www.um.edu.mo\/um-today\/2019\/02\/2019-02-15-pt_pt\/"},"modified":"2019-02-15T03:41:45","modified_gmt":"2019-02-14T19:41:45","slug":"20190215","status":"publish","type":"post","link":"https:\/\/www.um.edu.mo\/pt-pt\/um-today\/detail\/20190215\/","title":{"rendered":"2019-02-15"},"content":{"rendered":"\n                    \n                    <table width=\"737\" border=\"0\" cellpadding=\"0\" cellspacing=\"0\"><tr><td>\n            <img decoding=\"async\" src=\"http:\/\/www.um.edu.mo\/co\/images\/um_today_banner.jpg\" height=\"123\" width=\"737\" \/>\n        <\/td><\/tr><tr><td><table><tr><td width=\"380\" align=\"left\"><a href=\"https:\/\/www.um.edu.mo\/news-centre\/news-and-events\/um-today\/detail\/20190215\/\">Web version \u7db2\u9801\u7248<\/a><\/td><td>\n                        <p align=\"right\"><font size=\"2\">\u60f3\u77e5\u9053\u66f4\u591a\u7cbe\u5f69\u8cc7\u8a0a\uff0c\u8acb\u700f\u89bd\u6fb3\u5927\u5fae\u4fe1\u53ca\u81c9\u66f8\u3002<\/font><br \/><font size=\"2\">For more information, please follow us on WeChat or Facebook.<\/font><\/p>\n                    <\/td><\/tr><\/table><\/td><\/tr><tr><td><font size=\"-1\">\n            <div style=\"font-size: small\"><br \/><\/div>\n          <\/font><table width=\"100%\" border=\"0\" cellpadding=\"5\" cellspacing=\"0\"><tr><th bgcolor=\"#69B3E7\" width=\"110\" style=\"border-bottom: 2px dotted black;border-right: 2px dotted black\"><font color=\"black\" size=\"4\">Time <\/font><font color=\"black\" size=\"3\">\u6642\u9593<\/font><\/th><th bgcolor=\"#69B3E7\" style=\"border-bottom: 2px dotted black;border-right: 2px dotted black\"><font color=\"black\" size=\"4\">\n                    Today\u2019s Events \u4eca\u65e5\u6d3b\u52d5\n                  <\/font><\/th><th bgcolor=\"#69B3E7\" width=\"165\" valign=\"top\" style=\"border-bottom: 2px dotted black\"><font color=\"black\" size=\"4\">Venue <\/font><font color=\"black\" size=\"3\">\u5730\u9ede<\/font><\/th><\/tr><tr><td align=\"center\" style=\"border-right: 2px dotted black\" valign=\"top\"><font size=\"-1\">\n                        09:00\n                        <\/font><\/td><td style=\"border-right: 2px dotted black\" valign=\"top\"><a href=\"http:\/\/www.um.edu.mo\/news-centre\/news-and-events\/event-calendar\/20190215\/#47017\"><font size=\"-1\" color=\"purple\">Bank of China Trophy One Million Dollar Macao Regional Entrepreneurship Competition (Application Period: 07\/01\/2019 \u2013 20\/02\/2019)<\/font><\/a><font size=\"-1\"> (cont)<\/font><br \/><a href=\"http:\/\/www.um.edu.mo\/zh-hant\/news-centre\/news-and-events\/event-calendar\/20190215\/#47017\"><font size=\"-1\" color=\"purple\">\u4e2d\u9280\u76c3\u767e\u842c\u734e\u91d1\u6fb3\u9580\u5340\u5275\u696d\u5927\u8cfd\u4e2d\u9280\u76c3\u767e\u842c\u734e\u91d1\u6fb3\u9580\u5340\u5275\u696d\u5927\u8cfd (\u5831\u540d\u65e5\u671f: 07\/01\/2019 \u2013 20\/02\/2019)<\/font><\/a><\/td><td align=\"center\" valign=\"top\" width=\"165\"><font size=\"-1\">\n                        E31, Student Activity Centre 2nd Floor \/ N1-1001, Centre for Innovation and Entrepreneurship \n                      <\/font><\/td><\/tr><tr><td align=\"center\" style=\"border-right: 2px dotted black\" valign=\"top\"><font size=\"-1\">\n                        09:00\n                        \n                          &#8211; 00:00<\/font><\/td><td style=\"border-right: 2px dotted black\" valign=\"top\"><a href=\"http:\/\/www.um.edu.mo\/news-centre\/news-and-events\/event-calendar\/20190215\/#46564\"><font size=\"-1\" color=\"purple\">Application to Postgraduate Programmes 2019\/2020<\/font><\/a><font size=\"-1\"> (cont)<\/font><br \/><a href=\"http:\/\/www.um.edu.mo\/zh-hant\/news-centre\/news-and-events\/event-calendar\/20190215\/#46564\"><font size=\"-1\" color=\"purple\">2019\/2020\u5b78\u5e74\u7814\u7a76\u751f\u8ab2\u7a0b\u62db\u751f\u5831\u540d<\/font><\/a><\/td><td align=\"center\" valign=\"top\" width=\"165\"><font size=\"-1\">\n                        N6-Room G001, Administration Building, Graduate School\n                      <\/font><\/td><\/tr><tr><td align=\"center\" style=\"border-right: 2px dotted black\" valign=\"top\"><font size=\"-1\">\n                        09:30\n                        <\/font><\/td><td style=\"border-right: 2px dotted black\" valign=\"top\"><a href=\"http:\/\/www.um.edu.mo\/news-centre\/news-and-events\/event-calendar\/20190215\/#46788\"><font size=\"-1\" color=\"purple\">Admission to Bachelor\u2019s Degree Programmes 2019\/2020 by Direct Admission (Application Period: 03\/12\/2018 \u2013 18\/04\/2019)<\/font><\/a><font size=\"-1\"> (cont)<\/font><br \/><a href=\"http:\/\/www.um.edu.mo\/zh-hant\/news-centre\/news-and-events\/event-calendar\/20190215\/#46788\"><font size=\"-1\" color=\"purple\">2019\/2020\u5b78\u5e74\u5b78\u58eb\u5b78\u4f4d\u8ab2\u7a0b\u62db\u751f\u5831\u540d\uff1a\u76f4\u63a5\u5165\u5b78\uff08\u5831\u540d\u65e5\u671f\uff1a03\/12\/2018 \u2013 18\/04\/2019\uff09<\/font><\/a><\/td><td align=\"center\" valign=\"top\" width=\"165\"><font size=\"-1\">\n                        Online Application: https:\/\/reg.um.edu.mo\/admission\/\n                      <\/font><\/td><\/tr><tr><td align=\"center\" style=\"border-right: 2px dotted black\" valign=\"top\"><font size=\"-1\">\n                        13:00\n                        \n                          &#8211; 14:00<\/font><\/td><td style=\"border-right: 2px dotted black\" valign=\"top\"><a href=\"http:\/\/www.um.edu.mo\/news-centre\/news-and-events\/event-calendar\/20190215\/#47150\"><font size=\"-1\" color=\"blue\">Honours College Tutor Programme<\/font><\/a><font size=\"-1\"><\/font><br \/><a href=\"http:\/\/www.um.edu.mo\/zh-hant\/news-centre\/news-and-events\/event-calendar\/20190215\/#47150\"><font size=\"-1\" color=\"blue\">\u69ae\u8b7d\u5b78\u9662\u5b78\u7fd2\u6307\u5c0e\u8a08\u5283 <\/font><\/a><\/td><td align=\"center\" valign=\"top\" width=\"165\"><font size=\"-1\">\n                        E12, G\/F Learning Common\n                      <\/font><\/td><\/tr><tr><td align=\"center\" style=\"border-right: 2px dotted black\" valign=\"top\"><font size=\"-1\">\n                        14:30\n                        \n                          &#8211; 16:00<\/font><\/td><td style=\"border-right: 2px dotted black\" valign=\"top\"><a href=\"http:\/\/www.um.edu.mo\/news-centre\/news-and-events\/event-calendar\/20190215\/#47164\"><font size=\"-1\" color=\"blue\">Innovation and Entrepreneurship Talk Series: &#8220;Baidu Brain 3.0: The Evolution of Baidu AI&#8221;<\/font><\/a><font size=\"-1\"><\/font><br \/><a href=\"http:\/\/www.um.edu.mo\/zh-hant\/news-centre\/news-and-events\/event-calendar\/20190215\/#47164\"><font size=\"-1\" color=\"blue\">\u5275\u696d\u5275\u65b0\u8b1b\u5ea7\u7cfb\u5217:\u300a\u767e\u5ea6\u5927\u8166 3.0\ufe30\u767e\u5ea6 AI \u7684\u9032\u5316\u4e4b\u8def\u300b<\/font><\/a><\/td><td align=\"center\" valign=\"top\" width=\"165\"><font size=\"-1\">\n                        N1-1004, Centre for Innovation, Guest House, University of Macau\n                      <\/font><\/td><\/tr><tr><td align=\"center\" style=\"border-right: 2px dotted black\" valign=\"top\"><font size=\"-1\">\n                        15:00\n                        \n                          &#8211; 16:00<\/font><\/td><td style=\"border-right: 2px dotted black\" valign=\"top\"><a href=\"http:\/\/www.um.edu.mo\/news-centre\/news-and-events\/event-calendar\/20190215\/#47154\"><font size=\"-1\" color=\"blue\">Student Activity: English Chatroom <\/font><\/a><font size=\"-1\"><\/font><br \/><a href=\"http:\/\/www.um.edu.mo\/zh-hant\/news-centre\/news-and-events\/event-calendar\/20190215\/#47154\"><font size=\"-1\" color=\"blue\">\u5b78\u751f\u6d3b\u52d5:\u300cEnglish Chatroom\u300d<\/font><\/a><\/td><td align=\"center\" valign=\"top\" width=\"165\"><font size=\"-1\">\n                        E7-1025, Central Teaching Building\n                      <\/font><\/td><\/tr><tr><td align=\"center\" style=\"border-right: 2px dotted black\" valign=\"top\"><font size=\"-1\">\n                        17:30\n                        \n                          &#8211; 20:30<\/font><\/td><td style=\"border-right: 2px dotted black\" valign=\"top\"><a href=\"http:\/\/www.um.edu.mo\/news-centre\/news-and-events\/event-calendar\/20190215\/#47189\"><font size=\"-1\" color=\"blue\">FAH-CPC Seminar: Linguistic Changes &#8211; Evidence from Romance Dialects <\/font><\/a><font size=\"-1\"><\/font><br \/><a href=\"http:\/\/www.um.edu.mo\/zh-hant\/news-centre\/news-and-events\/event-calendar\/20190215\/#47189\"><font size=\"-1\" color=\"blue\">\u4eba\u6587\u5b78\u9662\u4e2d\u8461\u96d9\u8a9e\u6559\u5b78\u66a8\u57f9\u8a13\u4e2d\u5fc3\u8b1b\u5ea7: \u8a9e\u8a00\u7684\u8b8a\u9077 &#8211; \u4f86\u81ea\u6d6a\u6f2b\u65b9\u8a00\u7684\u8b49\u64da<\/font><\/a><\/td><td align=\"center\" valign=\"top\" width=\"165\"><font size=\"-1\">\n                        E21-1043, Humanities and Social Sciences Building\n                      <\/font><\/td><\/tr><tr><td colspan=\"3\" align=\"right\" style=\"border-top: 1px dashed black\"><font size=\"-1\" color=\"#202020\"><a href='http:\/\/www.um.edu.mo\/news-centre\/news-and-events\/event-calendar\/201902'>All events this month<\/a> <a href='http:\/\/www.um.edu.mo\/zh-hant\/news-centre\/news-and-events\/event-calendar\/201902'>\u672c\u6708\u6d3b\u52d5<\/a> \/ <a href='https:\/\/isw.um.edu.mo\/nrsadmin\/faces\/createEvent'>Add events \u4e0a\u8f09\u6d3b\u52d5<\/a><\/font><\/td><\/tr><\/table><br \/><table width=\"100%\" border=\"0\" cellpadding=\"5\" cellspacing=\"0\"><tr><th bgcolor=\"#69B3E7\" style=\"border-bottom: 2px dotted black;border-right: 2px dotted black\"><font color=\"black\" size=\"4\">\n                    News &amp; Upcoming Activities \u65b0\u805e\u53ca\u6d3b\u52d5\u9810\u544a\n                    <\/font><\/th><th bgcolor=\"#69B3E7\" width=\"140\" style=\"border-bottom: 2px dotted black\"><font color=\"black\" size=\"4\">Dept. <\/font><font color=\"black\" size=\"3\">\u90e8\u9580<\/font><\/th><\/tr><tr><td style=\"border-right: 2px dotted black\"><a href=\"http:\/\/um2.um.edu.mo\/apps\/com\/bulletin.nsf\/nrsview\/D73A27C0FB9FBDA8482583A1003630F0\"><font size=\"-1\" color=\"#202020\">Sports: UMSU Archery Association &#8211; Bow Basic Class (7 Classes will be organized during 27 Feb to 1 May) &#8211; Registration Deadline: before each class<\/font><\/a><br \/><a href=\"http:\/\/um2.um.edu.mo\/apps\/com\/bulletin.nsf\/nrsview\/D73A27C0FB9FBDA8482583A1003630F0\"><font size=\"-1\" color=\"#202020\">\u9ad4\u80b2: \u6fb3\u5927\u5b78\u751f\u6703\u5c04\u7bad\u5b78\u6703 &#8211; \u5c04\u7bad\u57fa\u790e\u73ed (2\u670827\u65e5\u81f35\u67081\u65e5\u671f\u9593\u5c07\u958b\u8fa6\u4e03\u73ed) &#8211; \u622a\u6b62\u5831\u540d\u65e5\u671f : \u6bcf\u73ed\u958b\u8ab2\u4e4b\u524d<\/font><\/a><\/td><td align=\"center\" valign=\"top\" width=\"140\"><font size=\"-1\">OSA<\/font><\/td><\/tr><tr><td style=\"border-right: 2px dotted black\"><a href=\"http:\/\/um2.um.edu.mo\/apps\/com\/bulletin.nsf\/nrsview\/625A298DD70CB372482583A10034033F\"><font size=\"-1\" color=\"#202020\">Sports: UMSU Archery Association &#8211; Archery Experience Class (4 classes : 16; 21; 22; 23 Feb) &#8211; Registration Deadline: 3 days before each class<\/font><\/a><br \/><a href=\"http:\/\/um2.um.edu.mo\/apps\/com\/bulletin.nsf\/nrsview\/625A298DD70CB372482583A10034033F\"><font size=\"-1\" color=\"#202020\">\u9ad4\u80b2: \u6fb3\u5927\u5b78\u751f\u6703\u5c04\u7bad\u5b78\u6703 &#8211; \u5c04\u7bad\u9ad4\u9a57\u73ed (4\u73ed : 2\u670816\u65e5;21\u65e5; 22\u65e5; 23\u65e5) &#8211; \u622a\u6b62\u5831\u540d\u65e5\u671f : \u6bcf\u73ed\u958b\u8ab2\u524d3\u5929<\/font><\/a><\/td><td align=\"center\" valign=\"top\" width=\"140\"><font size=\"-1\">OSA<\/font><\/td><\/tr><tr><td style=\"border-right: 2px dotted black\"><a href=\"http:\/\/um2.um.edu.mo\/apps\/com\/bulletin.nsf\/nrsview\/406841D86E4B59EE482583A100329E49\"><font size=\"-1\" color=\"#202020\">Sports : UMSU Diabolo Sports Association &#8211; 2019 Diabolo Interest Course (Registration Deadline: 24 Feb)<\/font><\/a><br \/><a href=\"http:\/\/um2.um.edu.mo\/apps\/com\/bulletin.nsf\/nrsview\/406841D86E4B59EE482583A100329E49\"><font size=\"-1\" color=\"#202020\">\u9ad4\u80b2 : \u6fb3\u5927\u5b78\u751f\u6703  \u626f\u9234\u904b\u52d5\u5b78\u6703 \u2014 2019\u626f\u9234\u904b\u52d5\u8208\u8da3\u73ed (\u622a\u6b62\u5831\u540d\u65e5\u671f: 2\u670824\u65e5)<\/font><\/a><\/td><td align=\"center\" valign=\"top\" width=\"140\"><font size=\"-1\">OSA<\/font><\/td><\/tr><tr><td style=\"border-right: 2px dotted black\"><a href=\"http:\/\/um2.um.edu.mo\/apps\/com\/bulletin.nsf\/nrsview\/34B9A66CBFAF6937482583A100371EF9\"><font size=\"-1\" color=\"#202020\">2018\/2019 FAH Bentobox Lecture #5 &#8211;  Prof. Younhee Kim and  Prof. Gabriel Antunes de Araujo (Mar 14)<\/font><\/a><br \/><a href=\"http:\/\/um2.um.edu.mo\/apps\/com\/bulletin.nsf\/nrsview\/34B9A66CBFAF6937482583A100371EF9\"><font size=\"-1\" color=\"#202020\">2018\/2019\u4eba\u6587\u5b78\u9662\u5348\u9910\u8b1b\u5ea7 #5 \u2014 Younhee Kim\u6559\u6388\u53caGabriel Antunes de Araujo\u6559\u6388\uff083\u670814\u65e5\uff09<\/font><\/a><\/td><td align=\"center\" valign=\"top\" width=\"140\"><font size=\"-1\">FAH<\/font><\/td><\/tr><tr><td style=\"border-right: 2px dotted black\"><a href=\"http:\/\/um2.um.edu.mo\/apps\/com\/bulletin.nsf\/nrsview\/D55BD6D3610F6183482583A100345617\"><font size=\"-1\" color=\"#202020\">Reminder: Red Packet Recycling Scheme 2019<\/font><\/a><br \/><a href=\"http:\/\/um2.um.edu.mo\/apps\/com\/bulletin.nsf\/nrsview\/D55BD6D3610F6183482583A100345617\"><font size=\"-1\" color=\"#202020\">\u63d0\u63d0\u60a8\uff1a\u5229\u662f\u5c01\u56de\u6536\u6d3b\u52d52019<\/font><\/a><\/td><td align=\"center\" valign=\"top\" width=\"140\"><font size=\"-1\">HSEO<\/font><\/td><\/tr><tr><td style=\"border-right: 2px dotted black\"><a href=\"http:\/\/um2.um.edu.mo\/apps\/com\/bulletin.nsf\/nrsview\/A69DEB7B53083D10482583A1002EE66B\"><font size=\"-1\" color=\"#202020\">CKPC Inspiring Seminar Series: The Evolution of Display in Human Society by Prof. Wang Shuangpeng<\/font><\/a><br \/><a href=\"http:\/\/um2.um.edu.mo\/apps\/com\/bulletin.nsf\/nrsview\/A69DEB7B53083D10482583A1002EE66B\"><font size=\"-1\" color=\"#202020\">\u66f9\u5149\u5f6a\u66f8\u9662\u555f\u767c\u8b1b\u5ea7\u7cfb\u5217: \u738b\u96d9\u9d6c\u6559\u6388\u4e4b&#8221;\u770b\u5f97\u898b&#8221;\u7684\u9032\u6b65<\/font><\/a><\/td><td align=\"center\" valign=\"top\" width=\"140\"><font size=\"-1\">CKPC<\/font><\/td><\/tr><tr><td style=\"border-right: 2px dotted black\"><a href=\"http:\/\/um2.um.edu.mo\/apps\/com\/bulletin.nsf\/nrsview\/4BC6B491CF6E0F1B482583A1001B09B9\"><font size=\"-1\" color=\"#202020\">CKLC Conversational English Workshop Series: Where to Travel in 2019? [20 Feb 19:30; 1 SP and 12 CS]<\/font><\/a><br \/><a href=\"http:\/\/um2.um.edu.mo\/apps\/com\/bulletin.nsf\/nrsview\/4BC6B491CF6E0F1B482583A1001B09B9\"><font size=\"-1\" color=\"#202020\">\u5f35\u5d11\u5d19\u66f8\u9662\u82f1\u8a9e\u7cfb\u5217\u5de5\u4f5c\u574a: 2019\u5e74\u65c5\u884c\u53bb\u54ea\u597d\uff1f[2\u670820\u65e5 19:30; 1\u7c92\u81f3\u53fb\u661f\u53ca12CS]<\/font><\/a><\/td><td align=\"center\" valign=\"top\" width=\"140\"><font size=\"-1\">CKLC<\/font><\/td><\/tr><tr><td style=\"border-right: 2px dotted black\"><a href=\"http:\/\/um2.um.edu.mo\/apps\/com\/bulletin.nsf\/nrsview\/22C99C13028A10BA482583A100168B13\"><font size=\"-1\" color=\"#202020\">MLC Looking into Different Industries Talk Series: Fitness Industry (18 Feb 20:00; 1 SP and 15 CS)<\/font><\/a><br \/><a href=\"http:\/\/um2.um.edu.mo\/apps\/com\/bulletin.nsf\/nrsview\/22C99C13028A10BA482583A100168B13\"><font size=\"-1\" color=\"#202020\">\u99ac\u842c\u797a\u7f85\u67cf\u5fc3\u66f8\u9662 \u884c\u696d\u9762\u9762\u7747\u8b1b\u5ea7\u7cfb\u5217\uff1a\u5065\u8eab\u884c\u696d (2\u670818\u65e5 20:00; 1\u7c92\u81f3\u53fb\u661f\u53ca15CS)<\/font><\/a><\/td><td align=\"center\" valign=\"top\" width=\"140\"><font size=\"-1\">MLC<\/font><\/td><\/tr><tr><td colspan=\"2\" align=\"right\" style=\"border-top: 1px dashed black\"><font size=\"-1\" color=\"#202020\"><a href='https:\/\/www.um.edu.mo\/news-centre\/news-and-events\/news-and-press-releases.html'>More news<\/a> <a href='http:\/\/www.um.edu.mo\/zh-hant\/news-centre\/news-and-events\/news-and-press-releases.html'>\u66f4\u591a\u65b0\u805e<\/a><\/font> \/\n                  <font size=\"-1\" color=\"#202020\"><a href=\"http:\/\/isw.um.edu.mo\/nsp\">Add news \u4e0a\u8f09\u65b0\u805e<\/a><\/font><\/td><\/tr><\/table><br \/><table width=\"100%\" border=\"0\" cellpadding=\"5\" cellspacing=\"0\"><tr><th bgcolor=\"#69B3E7\" style=\"border-bottom: 2px dotted black;border-right: 2px dotted black\"><font color=\"black\" size=\"4\">\n                    Internal Notice \u6821\u5167\u901a\u544a\n                    <\/font><\/th><th bgcolor=\"#69B3E7\" width=\"100\" style=\"border-bottom: 2px dotted black\"><font color=\"black\" size=\"4\">Dept. <\/font><font color=\"black\" size=\"3\">\u90e8\u9580<\/font><\/th><\/tr><tr><td style=\"border-right: 2px dotted black\"><a href=\"http:\/\/um2.um.edu.mo\/apps\/com\/bulletin.nsf\/nrsview\/16480DDFA9CAD0EC482583A1002C505B\"><font size=\"-1\" color=\"#202020\">New batch of Seminar Series of Innovation and Entrepreneurship is now open for application, application deadline extended to 13th March 2019<\/font><\/a><br \/><a href=\"http:\/\/um2.um.edu.mo\/apps\/com\/bulletin.nsf\/nrsview\/16480DDFA9CAD0EC482583A1002C505B\"><font size=\"-1\" color=\"#202020\">\u65b0\u4e00\u671f\u5275\u65b0\u5275\u696d\u8b1b\u5802\u7cfb\u5217\u73fe\u6b63\u63a5\u53d7\u5831\u540d\uff0c\u5831\u540d\u65e5\u671f\u5ef6\u81f32019\u5e743\u670813\u65e5<\/font><\/a><\/td><td align=\"center\" valign=\"top\" width=\"140\"><font size=\"-1\">ICI<\/font><\/td><\/tr><tr><td style=\"border-right: 2px dotted black\"><a href=\"http:\/\/um2.um.edu.mo\/apps\/com\/bulletin.nsf\/nrsview\/1F4A8CB4A702C956482583A00038C2D2\"><font size=\"-1\" color=\"#202020\">2018\/2019 1st semester Student Feedback Questionnaire (SFQ) has been completed successfully<\/font><\/a><br \/><a href=\"http:\/\/um2.um.edu.mo\/apps\/com\/bulletin.nsf\/nrsview\/1F4A8CB4A702C956482583A00038C2D2\"><font size=\"-1\" color=\"#202020\">2018\/2019\u7b2c\u4e00\u5b78\u671f\u7db2\u4e0a\u5b78\u751f\u610f\u898b\u554f\u5377\u8abf\u67e5\u5df2\u9806\u5229\u8209\u884c<\/font><\/a><\/td><td align=\"center\" valign=\"top\" width=\"140\"><font size=\"-1\">RTO<\/font><\/td><\/tr><tr><td style=\"border-right: 2px dotted black\"><a href=\"http:\/\/um2.um.edu.mo\/apps\/com\/bulletin.nsf\/nrsview\/008CF5917043316D482583A10030C7F4\"><font size=\"-1\" color=\"#202020\">Centro de Forma\u00e7\u00e3o Jur\u00eddica e Judici\u00e1ria (CFJJ): Training Courses<\/font><\/a><br \/><a href=\"http:\/\/um2.um.edu.mo\/apps\/com\/bulletin.nsf\/nrsview\/008CF5917043316D482583A10030C7F4\"><font size=\"-1\" color=\"#202020\">\u6cd5\u5f8b\u53ca\u53f8\u6cd5\u57f9\u8a13\u4e2d\u5fc3: \u57f9\u8a13\u8ab2\u7a0b<\/font><\/a><\/td><td align=\"center\" valign=\"top\" width=\"140\"><font size=\"-1\">ADMO-HRS<\/font><\/td><\/tr><tr><td style=\"border-right: 2px dotted black\"><a href=\"http:\/\/um2.um.edu.mo\/apps\/com\/bulletin.nsf\/nrsview\/02887D9F0BAF2075482583A10016D864\"><font size=\"-1\" color=\"#202020\">\u6eab\u99a8\u63d0\u793a\uff1a\u70ba\u914d\u5408&#8221;\u8b66\u6c11\u540c\u5fc3\u6b61\u6a02\u8dd1\u5065\u6b65\u884c&#8221;\u800c\u5be6\u65bd\u7684\u7279\u5225\u4ea4\u9053\u5b89\u6392\uff0c\u6d3b\u52d5\u65e5\u671f\uff1a2019\u5e7402\u670817\u65e5<\/font><\/a><br \/><a href=\"http:\/\/um2.um.edu.mo\/apps\/com\/bulletin.nsf\/nrsview\/02887D9F0BAF2075482583A10016D864\"><font size=\"-1\" color=\"#202020\">Reminder: Special traffic arrangement will be implemented for the event held by Policia Judiciaria on 2019\/02\/17<\/font><\/a><\/td><td align=\"center\" valign=\"top\" width=\"140\"><font size=\"-1\">CMDO-STS<\/font><\/td><\/tr><tr><td style=\"border-right: 2px dotted black\"><a href=\"http:\/\/um2.um.edu.mo\/apps\/com\/bulletin.nsf\/nrsview\/804EDD2E91567E57482583A100094451\"><font size=\"-1\" color=\"#202020\">PhD Oral Defence in the Institute of Chinese Medical Sciences, by Ms LIAO Qiwen, on 19 February 2019<\/font><\/a><br \/><a href=\"http:\/\/um2.um.edu.mo\/apps\/com\/bulletin.nsf\/nrsview\/804EDD2E91567E57482583A100094451\"><font size=\"-1\" color=\"#202020\"><\/font><\/a><\/td><td align=\"center\" valign=\"top\" width=\"140\"><font size=\"-1\">ICMS<\/font><\/td><\/tr><tr><td style=\"border-right: 2px dotted black\"><a href=\"http:\/\/um2.um.edu.mo\/apps\/com\/bulletin.nsf\/nrsview\/8ABEAA47D44FE80C482583910008696D\"><font size=\"-1\" color=\"#202020\">S8 University Mall Family Recreation Area is now open<\/font><\/a><br \/><a href=\"http:\/\/um2.um.edu.mo\/apps\/com\/bulletin.nsf\/nrsview\/8ABEAA47D44FE80C482583910008696D\"><font size=\"-1\" color=\"#202020\">S8\u8588\u8403\u574a\u5bb6\u5ead\u4f11\u61a9\u5340\u73fe\u5df2\u6295\u5165\u4f7f\u7528<\/font><\/a><\/td><td align=\"center\" valign=\"top\" width=\"140\"><font size=\"-1\">CMDO-FDS<\/font><\/td><\/tr><tr><td colspan=\"2\" align=\"right\" style=\"border-top: 1px dashed black\"><font size=\"-1\" color=\"#202020\"><a href='https:\/\/www.um.edu.mo\/staff\/university-almanac-information\/e-bulletin-board-for-staff.html'>All active notices<\/a> <a href='http:\/\/www.um.edu.mo\/zh-hant\/staff\/university-almanac-information\/e-bulletin-board-for-staff.html'>\u6240\u6709\u5167\u90e8\u901a\u544a<\/a><\/font><\/td><\/tr><\/table><br \/><table width=\"100%\" border=\"0\" cellpadding=\"5\" cellspacing=\"0\"><tr><th bgcolor=\"#69B3E7\" style=\"border-bottom: 2px dotted black;border-right: 2px dotted black\"><font color=\"black\" size=\"4\">\n                    Student Notice \u5b78\u751f\u901a\u544a\n                    <\/font><\/th><th bgcolor=\"#69B3E7\" width=\"100\" style=\"border-bottom: 2px dotted black\"><font color=\"black\" size=\"4\">Dept. <\/font><font color=\"black\" size=\"3\">\u90e8\u9580<\/font><\/th><\/tr><tr><td style=\"border-right: 2px dotted black\"><a href=\"http:\/\/um2.um.edu.mo\/apps\/com\/bulletin.nsf\/nrsview\/284B612405F8798E482583A1002E4668\"><font size=\"-1\" color=\"#202020\">Graduation Committee, UMPA: Graduation Photo-taking Timetable 2019<\/font><\/a><br \/><a href=\"http:\/\/um2.um.edu.mo\/apps\/com\/bulletin.nsf\/nrsview\/284B612405F8798E482583A1002E4668\"><font size=\"-1\" color=\"#202020\">\u6fb3\u9580\u5927\u5b78\u7814\u7a76\u751f\u6703\u7562\u696d\u751f\u59d4\u54e1\u6703: 2019 \u7562\u696d\u7167\u62cd\u651d\u6642\u9593\u8868<\/font><\/a><\/td><td align=\"center\" valign=\"top\" width=\"140\"><font size=\"-1\">SAO-SDS<\/font><\/td><\/tr><tr><td style=\"border-right: 2px dotted black\"><a href=\"http:\/\/um2.um.edu.mo\/apps\/com\/bulletin.nsf\/nrsview\/4F6F07E710320217482583A10015D5DB\"><font size=\"-1\" color=\"#202020\">[Reminder] Arrangement of Temporary Accommodation for Parents of Class of 2019 Graduation Photo Shooting (Application: 13-20Feb, at E31-2006, 10:00-17:30)<\/font><\/a><br \/><a href=\"http:\/\/um2.um.edu.mo\/apps\/com\/bulletin.nsf\/nrsview\/4F6F07E710320217482583A10015D5DB\"><font size=\"-1\" color=\"#202020\">[\u63d0\u63d0\u4f60] 2019\u7562\u696d\u7167\u62cd\u651d &#8211; \u7562\u696d\u751f\u5bb6\u9577\u81e8\u6642\u4f4f\u5bbf\u5b89\u6392 (\u5831\u540d: 2\u670813-20\u65e5, E31-2006, 10:00-17:30)<\/font><\/a><\/td><td align=\"center\" valign=\"top\" width=\"140\"><font size=\"-1\">SAO-SDS<\/font><\/td><\/tr><tr><td style=\"border-right: 2px dotted black\"><a href=\"http:\/\/um2.um.edu.mo\/apps\/com\/bulletin.nsf\/nrsview\/DBC1C77E0099C9FB482583A10018D0F3\"><font size=\"-1\" color=\"#202020\">Reminder: The deadline of 2019 Summer Programme application is 15 February, 2019 (Friday)<\/font><\/a><br \/><a href=\"http:\/\/um2.um.edu.mo\/apps\/com\/bulletin.nsf\/nrsview\/DBC1C77E0099C9FB482583A10018D0F3\"><font size=\"-1\" color=\"#202020\">\u63d0\u63d0\u4f60: \u6691\u671f\u4ea4\u6d41\u8a08\u5283\u5831\u540d\u622a\u6b62\u65e5\u671f\u70ba 2\u670815\u65e5 (\u661f\u671f\u4e94)<\/font><\/a><\/td><td align=\"center\" valign=\"top\" width=\"140\"><font size=\"-1\">SAO-SDS<\/font><\/td><\/tr><tr><td style=\"border-right: 2px dotted black\"><a href=\"http:\/\/um2.um.edu.mo\/apps\/com\/bulletin.nsf\/nrsview\/421B4009F0AC8770482583A00037D76B\"><font size=\"-1\" color=\"#202020\">External Activity: DSES: \u201cTo Be and to Know Portuguese \u2013 Summer Course in Portugal 2018\u201d -\u201cBasic Course in Portuguese\u201d -\u201cEaster Class\u201d (Application Deadline: 18 Feb, 2019)<\/font><\/a><br \/><a href=\"http:\/\/um2.um.edu.mo\/apps\/com\/bulletin.nsf\/nrsview\/421B4009F0AC8770482583A00037D76B\"><font size=\"-1\" color=\"#202020\">\u6821\u5916\u6d3b\u52d5: \u9ad8\u7b49\u6559\u80b2\u5c40\uff1a\u201c2019\u8461\u8a9e\u9054\u4eba\u2500\u8461\u8404\u7259\u590f\u4ee4\u71df\u201d \u8461\u8a9e\u57fa\u790e\u57f9\u8a13\u73ed-\u5fa9\u6d3b\u7bc0\u73ed\uff08\u622a\u6b62\u5831\u540d\u65e5\u671f\uff1a2019\u5e742\u670818\u65e5\uff09<\/font><\/a><\/td><td align=\"center\" valign=\"top\" width=\"140\"><font size=\"-1\">SAO<\/font><\/td><\/tr><tr><td style=\"border-right: 2px dotted black\"><a href=\"http:\/\/um2.um.edu.mo\/apps\/com\/bulletin.nsf\/nrsview\/C61FA9D4AA2A4DD9482583A1000CCC61\"><font size=\"-1\" color=\"#202020\">[Quota Full] Az Leaders Workshop Series: Illustrator Workshop (Registration at E31-2006, first-come-first-served)<\/font><\/a><br \/><a href=\"http:\/\/um2.um.edu.mo\/apps\/com\/bulletin.nsf\/nrsview\/C61FA9D4AA2A4DD9482583A1000CCC61\"><font size=\"-1\" color=\"#202020\">[\u540d\u984d\u5df2\u6eff] Az \u9818\u4102\u5de5\u4f5c\u574a\u7cfb\u5217\uff1aIllustrator \u6392\u7248\u8ab2\u7a0b \uff08\u5831\u540d\u5730\u9ede: E31-2006, \u984d\u6eff\u5373\u6b62\uff09<\/font><\/a><\/td><td align=\"center\" valign=\"top\" width=\"140\"><font size=\"-1\">SAO-SDS<\/font><\/td><\/tr><tr><td style=\"border-right: 2px dotted black\"><a href=\"http:\/\/um2.um.edu.mo\/apps\/com\/bulletin.nsf\/nrsview\/09EE5155EC342624482583A10008894C\"><font size=\"-1\" color=\"#202020\">Az Leaders Workshop Series: Public Relations Etiquette Workshop (Registration at E31-2006, first-come-first-served)<\/font><\/a><br \/><a href=\"http:\/\/um2.um.edu.mo\/apps\/com\/bulletin.nsf\/nrsview\/09EE5155EC342624482583A10008894C\"><font size=\"-1\" color=\"#202020\">Az \u9818\u4102\u5de5\u4f5c\u574a\u7cfb\u5217\uff1a\u516c\u95dc\u79ae\u5100\u5de5\u4f5c\u574a \uff08\u5831\u540d\u5730\u9ede: E31-2006, \u984d\u6eff\u5373\u6b62\uff09<\/font><\/a><\/td><td align=\"center\" valign=\"top\" width=\"140\"><font size=\"-1\">SAO-SDS<\/font><\/td><\/tr><tr><td style=\"border-right: 2px dotted black\"><a href=\"http:\/\/um2.um.edu.mo\/apps\/com\/bulletin.nsf\/nrsview\/59CD2F687F50F1CD482583A1000AAD5D\"><font size=\"-1\" color=\"#202020\">Morning Express: UM Today \u300a\u4eca\u65e5\u6fb3\u5927\u300b(for students), 14\/02\/2019<\/font><\/a><br \/><a href=\"http:\/\/um2.um.edu.mo\/apps\/com\/bulletin.nsf\/nrsview\/59CD2F687F50F1CD482583A1000AAD5D\"><font size=\"-1\" color=\"#202020\"><\/font><\/a><\/td><td align=\"center\" valign=\"top\" width=\"140\"><font size=\"-1\">CO<\/font><\/td><\/tr><tr><td colspan=\"2\" align=\"right\" style=\"border-top: 1px dashed black\"><font size=\"-1\" color=\"#202020\"><a href='https:\/\/www.um.edu.mo\/students\/university-almanac-information\/e-bulletin-for-students.html'>All active student notice<\/a> <a href='http:\/\/www.um.edu.mo\/zh-hant\/student\/university-almanac-information\/e-bulletin-for-students.html'>\u6240\u6709\u5b78\u751f\u901a\u544a<\/a><\/font><\/td><\/tr><\/table><br \/><font size=\"-1\">\n          <table width=\"100%\" cellspacing=\"0\" cellpadding=\"5\">\n<tbody>\n<tr>\n<td width=\"33%\"><font size=\"-1\"><a href=\"https:\/\/isw.um.edu.mo\/umresource\/\">Banner Booking \u501f\u7528\u6a6b\u984d<\/a><\/font><\/td>\n<td width=\"33%\"><font size=\"-1\"><a href=\"https:\/\/isw.um.edu.mo\/nsp\">Add News and Events \u4e0a\u8f09\u65b0\u805e\u53ca\u6d3b\u52d5<\/a><\/font><\/td>\n<td width=\"33%\"><font size=\"-1\"><a href=\"https:\/\/fmm.cmdo.um.edu.mo\/wp-content\/uploads\/2016\/12\/unclaimed-mail-2018-9.pdf\">List for Undeliverable Mail \u5f85\u9818\u90f5\u4ef6\u8868<\/a><\/font><\/td><\/tr>\n<tr>\n<td><font size=\"-1\"><a href=\"https:\/\/isw.um.edu.mo\/umresource\/\">Equipment Booking \u501f\u7528\u7269\u54c1<\/a><\/font><\/td>\n<td><a href=\"https:\/\/isw.um.edu.mo\/eleave\/\"><font size=\"-1\">Leave Application System \u4f11\u5047\u7533\u8acb<\/font><\/a><\/td>\n<td><a href=\"https:\/\/um2.um.edu.mo\/apps\/com\/umlostfound.nsf\/eng\"><font size=\"-1\">Lost and Found \u5931\u7269\u8a8d\u9818<\/font><\/a><\/td><\/tr>\n<tr>\n<td><a href=\"https:\/\/isw.um.edu.mo\/cdweb\/\"><font size=\"-1\">Sports Facilities Booking \u9ad4\u80b2\u8a2d\u65bd\u9810\u7d04<\/font><\/a><\/td>\n<td><font size=\"-1\"><a href=\"https:\/\/isw.um.edu.mo\/umresource\/\">Venue Booking \u501f\u7528\u5834\u5730<\/a><\/font><\/td>\n<td><a href=\"https:\/\/isw.um.edu.mo\/csweb\/faces\/app\/browse.jspx\"><font size=\"-1\">Stationery Request \u6587\u5177\u7533\u9818<\/font><\/a><\/td><\/tr>\n<tr>\n<td><br \/><\/td><td><font size=\"-1\"><\/font><\/td><\/tr><\/tbody><\/table>\n<p><span style=\"font-family: Times New Roman,Times,serif;font-style: italic\">&quot;UM Today\u201d<\/span><span style=\"font-family: Times New Roman,Times,serif\"> is a daily internal e-newsletter released by the Communications Office, which aims to provide UM members with the up-to-date information about events, seminars, news, internal notices and student activities.<\/span>To review the previous issues of <i>UM Today<\/i>, please access the <a href=\"https:\/\/www.um.edu.mo\/staff\/university-almanac-information\/um-today.html\"><i>UM Today<\/i> Database<\/a>. Should you have any enquiries about <i>UM Today<\/i>, please feel free to contact the Communications Office at&nbsp;88224012 or <a href=\"mailto:co@um.edu.mo\">co@um.edu.mo. <br \/><\/a><\/p>\n<p><span style=\"font-family: Times New Roman,Times,serif\">\u300a\u4eca\u65e5\u6fb3\u5927\u300b\u662f\u7531\u50b3\u8a0a\u90e8\u767c\u4f48\u7684\u6821\u5167\u96fb\u5b50\u901a\u8a0a\uff0c\u65e8\u5728\u70ba\u6fb3\u5927\u4eba\u63d0\u4f9b\u662f\u65e5\u6700\u65b0\u6d3b\u52d5\u3001\u7814\u8a0e\u6703\u3001\u65b0\u805e\u3001\u5167\u90e8\u901a\u8a0a\u53ca\u5b78\u751f\u6d3b\u52d5\u7b49\u8cc7\u8a0a\u3002<\/span>\u5982\u6b32\u700f\u89bd\u5df2\u51fa\u7248\u7684\u300a\u4eca\u65e5\u6fb3\u5927\u300b\uff0c\u8acb\u767b\u5165\u300a\u4eca\u65e5\u6fb3\u5927\u300b<a href=\"https:\/\/www.um.edu.mo\/zh-hant\/staff\/university-almanac-information\/um-today.html\">\u8cc7\u6599\u5eab<\/a>\u3002\u5982\u5c0d\u300a\u4eca\u65e5\u6fb3\u5927\u300b\u6709\u4efb\u4f55\u67e5\u8a62\uff0c\u8acb\u81f4\u96fb88224012\u6216\u96fb\u90f5\u81f3<a href=\"mailto:co@um.edu.mo\">co@um.edu.mo<\/a>\u806f\u7d61\u50b3\u8a0a\u90e8\u3002<\/p>\n          <p>First Released time \u9996\u6b21\u767c\u4f48\u6642\u9593: 15\/02\/2019 09:00<\/p><\/font><\/td><\/tr><\/table>\n                    \n                ","protected":false},"excerpt":{"rendered":"<p>Web version \u7db2\u9801\u7248 \u60f3\u77e5\u9053\u66f4\u591a\u7cbe\u5f69\u8cc7\u8a0a\uff0c\u8acb\u700f\u89bd\u6fb3\u5927\u5fae\u4fe1\u53ca\u81c9\u66f8\u3002For more information, please follow us on WeChat or Facebook. Time \u6642\u9593 Today\u2019s Events \u4eca\u65e5\u6d3b\u52d5 Venue \u5730\u9ede 09:00 Bank of China Trophy One Million Dollar Macao Regional&#8230;<\/p>\n","protected":false},"author":1,"featured_media":0,"comment_status":"closed","ping_status":"open","sticky":false,"template":"single-umtoday.php","format":"standard","meta":{"_acf_changed":false,"footnotes":""},"categories":[84],"tags":[],"class_list":["post-162252","post","type-post","status-publish","format-standard","hentry","category-um-today"],"acf":[],"yoast_head":"<!-- This site is optimized with the Yoast SEO plugin v24.5 - https:\/\/yoast.com\/wordpress\/plugins\/seo\/ -->\n<title>2019-02-15 | Universidade de Macau<\/title>\n<meta name=\"description\" content=\"Universidade de Macau: Uma universidade abrangente p\u00fablica de n\u00edvel internacional fundada em 1981\" \/>\n<meta name=\"robots\" content=\"index, follow, max-snippet:-1, max-image-preview:large, max-video-preview:-1\" \/>\n<link rel=\"canonical\" href=\"https:\/\/www.um.edu.mo\/pt-pt\/um-today\/detail\/20190215\/\" \/>\n<meta property=\"og:locale\" content=\"pt_PT\" \/>\n<meta property=\"og:type\" content=\"article\" \/>\n<meta property=\"og:title\" content=\"2019-02-15 | Universidade de Macau\" \/>\n<meta property=\"og:description\" content=\"Universidade de Macau: Uma universidade abrangente p\u00fablica de n\u00edvel internacional fundada em 1981\" \/>\n<meta property=\"og:url\" content=\"https:\/\/www.um.edu.mo\/pt-pt\/um-today\/detail\/20190215\/\" \/>\n<meta property=\"og:site_name\" content=\"Universidade de Macau\" \/>\n<meta property=\"article:publisher\" content=\"https:\/\/www.facebook.com\/universityofmacau\" \/>\n<meta property=\"article:published_time\" content=\"2019-02-14T19:41:45+00:00\" \/>\n<meta property=\"og:image\" content=\"http:\/\/www.um.edu.mo\/co\/images\/um_today_banner.jpg\" \/>\n<meta name=\"author\" content=\"web_admin\" \/>\n<meta name=\"twitter:card\" content=\"summary_large_image\" \/>\n<meta name=\"twitter:creator\" content=\"@UM_1981\" \/>\n<meta name=\"twitter:site\" content=\"@UM_1981\" \/>\n<meta name=\"twitter:label1\" content=\"Escrito por\" \/>\n\t<meta name=\"twitter:data1\" content=\"web_admin\" \/>\n\t<meta name=\"twitter:label2\" content=\"Tempo estimado de leitura\" \/>\n\t<meta name=\"twitter:data2\" content=\"3 minutos\" \/>\n<script type=\"application\/ld+json\" class=\"yoast-schema-graph\">{\"@context\":\"https:\/\/schema.org\",\"@graph\":[{\"@type\":\"Article\",\"@id\":\"https:\/\/www.um.edu.mo\/pt-pt\/um-today\/detail\/20190215\/#article\",\"isPartOf\":{\"@id\":\"https:\/\/www.um.edu.mo\/pt-pt\/um-today\/detail\/20190215\/\"},\"author\":{\"name\":\"web_admin\",\"@id\":\"https:\/\/www.um.edu.mo\/pt-pt\/#\/schema\/person\/bfdcd3a75d1b778a93663e5dee2e33bb\"},\"headline\":\"2019-02-15\",\"datePublished\":\"2019-02-14T19:41:45+00:00\",\"mainEntityOfPage\":{\"@id\":\"https:\/\/www.um.edu.mo\/pt-pt\/um-today\/detail\/20190215\/\"},\"wordCount\":604,\"publisher\":{\"@id\":\"https:\/\/www.um.edu.mo\/pt-pt\/#organization\"},\"image\":{\"@id\":\"https:\/\/www.um.edu.mo\/pt-pt\/um-today\/detail\/20190215\/#primaryimage\"},\"thumbnailUrl\":\"http:\/\/www.um.edu.mo\/co\/images\/um_today_banner.jpg\",\"articleSection\":[\"UM Today\"],\"inLanguage\":\"pt-PT\"},{\"@type\":\"WebPage\",\"@id\":\"https:\/\/www.um.edu.mo\/pt-pt\/um-today\/detail\/20190215\/\",\"url\":\"https:\/\/www.um.edu.mo\/pt-pt\/um-today\/detail\/20190215\/\",\"name\":\"2019-02-15 | Universidade de Macau\",\"isPartOf\":{\"@id\":\"https:\/\/www.um.edu.mo\/pt-pt\/#website\"},\"primaryImageOfPage\":{\"@id\":\"https:\/\/www.um.edu.mo\/pt-pt\/um-today\/detail\/20190215\/#primaryimage\"},\"image\":{\"@id\":\"https:\/\/www.um.edu.mo\/pt-pt\/um-today\/detail\/20190215\/#primaryimage\"},\"thumbnailUrl\":\"http:\/\/www.um.edu.mo\/co\/images\/um_today_banner.jpg\",\"datePublished\":\"2019-02-14T19:41:45+00:00\",\"description\":\"Universidade de Macau: Uma universidade abrangente p\u00fablica de n\u00edvel internacional fundada em 1981\",\"breadcrumb\":{\"@id\":\"https:\/\/www.um.edu.mo\/pt-pt\/um-today\/detail\/20190215\/#breadcrumb\"},\"inLanguage\":\"pt-PT\",\"potentialAction\":[{\"@type\":\"ReadAction\",\"target\":[\"https:\/\/www.um.edu.mo\/pt-pt\/um-today\/detail\/20190215\/\"]}]},{\"@type\":\"ImageObject\",\"inLanguage\":\"pt-PT\",\"@id\":\"https:\/\/www.um.edu.mo\/pt-pt\/um-today\/detail\/20190215\/#primaryimage\",\"url\":\"http:\/\/www.um.edu.mo\/co\/images\/um_today_banner.jpg\",\"contentUrl\":\"http:\/\/www.um.edu.mo\/co\/images\/um_today_banner.jpg\"},{\"@type\":\"BreadcrumbList\",\"@id\":\"https:\/\/www.um.edu.mo\/pt-pt\/um-today\/detail\/20190215\/#breadcrumb\",\"itemListElement\":[{\"@type\":\"ListItem\",\"position\":1,\"name\":\"P\u00e1gina inicial\",\"item\":\"https:\/\/www.um.edu.mo\/pt-pt\/\"},{\"@type\":\"ListItem\",\"position\":2,\"name\":\"UM Today\",\"item\":\"https:\/\/www.um.edu.mo\/pt-pt\/category\/um-today\/\"},{\"@type\":\"ListItem\",\"position\":3,\"name\":\"2019-02-15\"}]},{\"@type\":\"WebSite\",\"@id\":\"https:\/\/www.um.edu.mo\/pt-pt\/#website\",\"url\":\"https:\/\/www.um.edu.mo\/pt-pt\/\",\"name\":\"Universidade de Macau\",\"description\":\"\",\"publisher\":{\"@id\":\"https:\/\/www.um.edu.mo\/pt-pt\/#organization\"},\"potentialAction\":[{\"@type\":\"SearchAction\",\"target\":{\"@type\":\"EntryPoint\",\"urlTemplate\":\"https:\/\/www.um.edu.mo\/pt-pt\/?s={search_term_string}\"},\"query-input\":{\"@type\":\"PropertyValueSpecification\",\"valueRequired\":true,\"valueName\":\"search_term_string\"}}],\"inLanguage\":\"pt-PT\"},{\"@type\":\"Organization\",\"@id\":\"https:\/\/www.um.edu.mo\/pt-pt\/#organization\",\"name\":\"University of Macau\",\"url\":\"https:\/\/www.um.edu.mo\/pt-pt\/\",\"logo\":{\"@type\":\"ImageObject\",\"inLanguage\":\"pt-PT\",\"@id\":\"https:\/\/www.um.edu.mo\/pt-pt\/#\/schema\/logo\/image\/\",\"url\":\"https:\/\/www.um.edu.mo\/wp-content\/uploads\/2020\/09\/UM-Logo_V-Black.png\",\"contentUrl\":\"https:\/\/www.um.edu.mo\/wp-content\/uploads\/2020\/09\/UM-Logo_V-Black.png\",\"width\":3508,\"height\":2785,\"caption\":\"University of Macau\"},\"image\":{\"@id\":\"https:\/\/www.um.edu.mo\/pt-pt\/#\/schema\/logo\/image\/\"},\"sameAs\":[\"https:\/\/www.facebook.com\/universityofmacau\",\"https:\/\/x.com\/UM_1981\"]},{\"@type\":\"Person\",\"@id\":\"https:\/\/www.um.edu.mo\/pt-pt\/#\/schema\/person\/bfdcd3a75d1b778a93663e5dee2e33bb\",\"name\":\"web_admin\",\"image\":{\"@type\":\"ImageObject\",\"inLanguage\":\"pt-PT\",\"@id\":\"https:\/\/www.um.edu.mo\/pt-pt\/#\/schema\/person\/image\/\",\"url\":\"https:\/\/secure.gravatar.com\/avatar\/e230ccd9ba8eb5ce94ecf306e4a35399?s=96&d=mm&r=g\",\"contentUrl\":\"https:\/\/secure.gravatar.com\/avatar\/e230ccd9ba8eb5ce94ecf306e4a35399?s=96&d=mm&r=g\",\"caption\":\"web_admin\"}}]}<\/script>\n<!-- \/ Yoast SEO plugin. -->","yoast_head_json":{"title":"2019-02-15 | Universidade de Macau","description":"Universidade de Macau: Uma universidade abrangente p\u00fablica de n\u00edvel internacional fundada em 1981","robots":{"index":"index","follow":"follow","max-snippet":"max-snippet:-1","max-image-preview":"max-image-preview:large","max-video-preview":"max-video-preview:-1"},"canonical":"https:\/\/www.um.edu.mo\/pt-pt\/um-today\/detail\/20190215\/","og_locale":"pt_PT","og_type":"article","og_title":"2019-02-15 | Universidade de Macau","og_description":"Universidade de Macau: Uma universidade abrangente p\u00fablica de n\u00edvel internacional fundada em 1981","og_url":"https:\/\/www.um.edu.mo\/pt-pt\/um-today\/detail\/20190215\/","og_site_name":"Universidade de Macau","article_publisher":"https:\/\/www.facebook.com\/universityofmacau","article_published_time":"2019-02-14T19:41:45+00:00","og_image":[{"url":"http:\/\/www.um.edu.mo\/co\/images\/um_today_banner.jpg","type":"","width":"","height":""}],"author":"web_admin","twitter_card":"summary_large_image","twitter_creator":"@UM_1981","twitter_site":"@UM_1981","twitter_misc":{"Escrito por":"web_admin","Tempo estimado de leitura":"3 minutos"},"schema":{"@context":"https:\/\/schema.org","@graph":[{"@type":"Article","@id":"https:\/\/www.um.edu.mo\/pt-pt\/um-today\/detail\/20190215\/#article","isPartOf":{"@id":"https:\/\/www.um.edu.mo\/pt-pt\/um-today\/detail\/20190215\/"},"author":{"name":"web_admin","@id":"https:\/\/www.um.edu.mo\/pt-pt\/#\/schema\/person\/bfdcd3a75d1b778a93663e5dee2e33bb"},"headline":"2019-02-15","datePublished":"2019-02-14T19:41:45+00:00","mainEntityOfPage":{"@id":"https:\/\/www.um.edu.mo\/pt-pt\/um-today\/detail\/20190215\/"},"wordCount":604,"publisher":{"@id":"https:\/\/www.um.edu.mo\/pt-pt\/#organization"},"image":{"@id":"https:\/\/www.um.edu.mo\/pt-pt\/um-today\/detail\/20190215\/#primaryimage"},"thumbnailUrl":"http:\/\/www.um.edu.mo\/co\/images\/um_today_banner.jpg","articleSection":["UM Today"],"inLanguage":"pt-PT"},{"@type":"WebPage","@id":"https:\/\/www.um.edu.mo\/pt-pt\/um-today\/detail\/20190215\/","url":"https:\/\/www.um.edu.mo\/pt-pt\/um-today\/detail\/20190215\/","name":"2019-02-15 | Universidade de Macau","isPartOf":{"@id":"https:\/\/www.um.edu.mo\/pt-pt\/#website"},"primaryImageOfPage":{"@id":"https:\/\/www.um.edu.mo\/pt-pt\/um-today\/detail\/20190215\/#primaryimage"},"image":{"@id":"https:\/\/www.um.edu.mo\/pt-pt\/um-today\/detail\/20190215\/#primaryimage"},"thumbnailUrl":"http:\/\/www.um.edu.mo\/co\/images\/um_today_banner.jpg","datePublished":"2019-02-14T19:41:45+00:00","description":"Universidade de Macau: Uma universidade abrangente p\u00fablica de n\u00edvel internacional fundada em 1981","breadcrumb":{"@id":"https:\/\/www.um.edu.mo\/pt-pt\/um-today\/detail\/20190215\/#breadcrumb"},"inLanguage":"pt-PT","potentialAction":[{"@type":"ReadAction","target":["https:\/\/www.um.edu.mo\/pt-pt\/um-today\/detail\/20190215\/"]}]},{"@type":"ImageObject","inLanguage":"pt-PT","@id":"https:\/\/www.um.edu.mo\/pt-pt\/um-today\/detail\/20190215\/#primaryimage","url":"http:\/\/www.um.edu.mo\/co\/images\/um_today_banner.jpg","contentUrl":"http:\/\/www.um.edu.mo\/co\/images\/um_today_banner.jpg"},{"@type":"BreadcrumbList","@id":"https:\/\/www.um.edu.mo\/pt-pt\/um-today\/detail\/20190215\/#breadcrumb","itemListElement":[{"@type":"ListItem","position":1,"name":"P\u00e1gina inicial","item":"https:\/\/www.um.edu.mo\/pt-pt\/"},{"@type":"ListItem","position":2,"name":"UM Today","item":"https:\/\/www.um.edu.mo\/pt-pt\/category\/um-today\/"},{"@type":"ListItem","position":3,"name":"2019-02-15"}]},{"@type":"WebSite","@id":"https:\/\/www.um.edu.mo\/pt-pt\/#website","url":"https:\/\/www.um.edu.mo\/pt-pt\/","name":"Universidade de Macau","description":"","publisher":{"@id":"https:\/\/www.um.edu.mo\/pt-pt\/#organization"},"potentialAction":[{"@type":"SearchAction","target":{"@type":"EntryPoint","urlTemplate":"https:\/\/www.um.edu.mo\/pt-pt\/?s={search_term_string}"},"query-input":{"@type":"PropertyValueSpecification","valueRequired":true,"valueName":"search_term_string"}}],"inLanguage":"pt-PT"},{"@type":"Organization","@id":"https:\/\/www.um.edu.mo\/pt-pt\/#organization","name":"University of Macau","url":"https:\/\/www.um.edu.mo\/pt-pt\/","logo":{"@type":"ImageObject","inLanguage":"pt-PT","@id":"https:\/\/www.um.edu.mo\/pt-pt\/#\/schema\/logo\/image\/","url":"https:\/\/www.um.edu.mo\/wp-content\/uploads\/2020\/09\/UM-Logo_V-Black.png","contentUrl":"https:\/\/www.um.edu.mo\/wp-content\/uploads\/2020\/09\/UM-Logo_V-Black.png","width":3508,"height":2785,"caption":"University of Macau"},"image":{"@id":"https:\/\/www.um.edu.mo\/pt-pt\/#\/schema\/logo\/image\/"},"sameAs":["https:\/\/www.facebook.com\/universityofmacau","https:\/\/x.com\/UM_1981"]},{"@type":"Person","@id":"https:\/\/www.um.edu.mo\/pt-pt\/#\/schema\/person\/bfdcd3a75d1b778a93663e5dee2e33bb","name":"web_admin","image":{"@type":"ImageObject","inLanguage":"pt-PT","@id":"https:\/\/www.um.edu.mo\/pt-pt\/#\/schema\/person\/image\/","url":"https:\/\/secure.gravatar.com\/avatar\/e230ccd9ba8eb5ce94ecf306e4a35399?s=96&d=mm&r=g","contentUrl":"https:\/\/secure.gravatar.com\/avatar\/e230ccd9ba8eb5ce94ecf306e4a35399?s=96&d=mm&r=g","caption":"web_admin"}}]}},"_links":{"self":[{"href":"https:\/\/www.um.edu.mo\/pt-pt\/wp-json\/wp\/v2\/posts\/162252","targetHints":{"allow":["GET"]}}],"collection":[{"href":"https:\/\/www.um.edu.mo\/pt-pt\/wp-json\/wp\/v2\/posts"}],"about":[{"href":"https:\/\/www.um.edu.mo\/pt-pt\/wp-json\/wp\/v2\/types\/post"}],"author":[{"embeddable":true,"href":"https:\/\/www.um.edu.mo\/pt-pt\/wp-json\/wp\/v2\/users\/1"}],"replies":[{"embeddable":true,"href":"https:\/\/www.um.edu.mo\/pt-pt\/wp-json\/wp\/v2\/comments?post=162252"}],"version-history":[{"count":0,"href":"https:\/\/www.um.edu.mo\/pt-pt\/wp-json\/wp\/v2\/posts\/162252\/revisions"}],"wp:attachment":[{"href":"https:\/\/www.um.edu.mo\/pt-pt\/wp-json\/wp\/v2\/media?parent=162252"}],"wp:term":[{"taxonomy":"category","embeddable":true,"href":"https:\/\/www.um.edu.mo\/pt-pt\/wp-json\/wp\/v2\/categories?post=162252"},{"taxonomy":"post_tag","embeddable":true,"href":"https:\/\/www.um.edu.mo\/pt-pt\/wp-json\/wp\/v2\/tags?post=162252"}],"curies":[{"name":"wp","href":"https:\/\/api.w.org\/{rel}","templated":true}]}}