{"id":162237,"date":"2019-03-08T03:41:39","date_gmt":"2019-03-07T19:41:39","guid":{"rendered":"https:\/\/www.um.edu.mo\/um-today\/2019\/03\/2019-03-08-pt_pt\/"},"modified":"2019-03-08T03:41:39","modified_gmt":"2019-03-07T19:41:39","slug":"20190308","status":"publish","type":"post","link":"https:\/\/www.um.edu.mo\/pt-pt\/um-today\/detail\/20190308\/","title":{"rendered":"2019-03-08"},"content":{"rendered":"\n                    \n                    <table width=\"737\" border=\"0\" cellpadding=\"0\" cellspacing=\"0\"><tr><td>\n            <img decoding=\"async\" src=\"http:\/\/www.um.edu.mo\/co\/images\/um_today_banner.jpg\" height=\"123\" width=\"737\" \/>\n        <\/td><\/tr><tr><td><table><tr><td width=\"380\" align=\"left\"><a href=\"https:\/\/www.um.edu.mo\/news-centre\/news-and-events\/um-today\/detail\/20190308\/\">Web version \u7db2\u9801\u7248<\/a><\/td><td>\n                        <p align=\"right\"><font size=\"2\">\u60f3\u77e5\u9053\u66f4\u591a\u7cbe\u5f69\u8cc7\u8a0a\uff0c\u8acb\u700f\u89bd\u6fb3\u5927\u5fae\u4fe1\u53ca\u81c9\u66f8\u3002<\/font><br \/><font size=\"2\">For more information, please follow us on WeChat or Facebook.<\/font><\/p>\n                    <\/td><\/tr><\/table><\/td><\/tr><tr><td><font size=\"-1\">\n            <div style=\"font-size: small\"><br \/><\/div>\n          <\/font><table width=\"100%\" border=\"0\" cellpadding=\"5\" cellspacing=\"0\"><tr><th bgcolor=\"#69B3E7\" width=\"110\" style=\"border-bottom: 2px dotted black;border-right: 2px dotted black\"><font color=\"black\" size=\"4\">Time <\/font><font color=\"black\" size=\"3\">\u6642\u9593<\/font><\/th><th bgcolor=\"#69B3E7\" style=\"border-bottom: 2px dotted black;border-right: 2px dotted black\"><font color=\"black\" size=\"4\">\n                    Today\u2019s Events \u4eca\u65e5\u6d3b\u52d5\n                  <\/font><\/th><th bgcolor=\"#69B3E7\" width=\"165\" valign=\"top\" style=\"border-bottom: 2px dotted black\"><font color=\"black\" size=\"4\">Venue <\/font><font color=\"black\" size=\"3\">\u5730\u9ede<\/font><\/th><\/tr><tr><td align=\"center\" style=\"border-right: 2px dotted black\" valign=\"top\"><font size=\"-1\">\n                        09:00\n                        \n                          &#8211; 20:00<\/font><\/td><td style=\"border-right: 2px dotted black\" valign=\"top\"><a href=\"http:\/\/www.um.edu.mo\/news-centre\/news-and-events\/event-calendar\/20190308\/#47353\"><font size=\"-1\" color=\"purple\">Honours College Exhibition<\/font><\/a><font size=\"-1\"> (cont)<\/font><br \/><a href=\"http:\/\/www.um.edu.mo\/zh-hant\/news-centre\/news-and-events\/event-calendar\/20190308\/#47353\"><font size=\"-1\" color=\"purple\">\u69ae\u8b7d\u5b78\u9662\u5c55\u89bd<\/font><\/a><\/td><td align=\"center\" valign=\"top\" width=\"165\"><font size=\"-1\">\n                        E6-G\/F, Central Teaching Buildling \n                      <\/font><\/td><\/tr><tr><td align=\"center\" style=\"border-right: 2px dotted black\" valign=\"top\"><font size=\"-1\">\n                        09:00\n                        \n                          &#8211; 18:00<\/font><\/td><td style=\"border-right: 2px dotted black\" valign=\"top\"><a href=\"http:\/\/www.um.edu.mo\/news-centre\/news-and-events\/event-calendar\/20190308\/#47349\"><font size=\"-1\" color=\"purple\">Open Application for Honours Programme 2019\/2020<\/font><\/a><font size=\"-1\"> (cont)<\/font><br \/><a href=\"http:\/\/www.um.edu.mo\/zh-hant\/news-centre\/news-and-events\/event-calendar\/20190308\/#47349\"><font size=\"-1\" color=\"purple\">2019\/2020\u5b78\u5e74\u69ae\u8b7d\u8ab2\u7a0b\u516c\u958b\u62db\u751f<\/font><\/a><\/td><td align=\"center\" valign=\"top\" width=\"165\"><font size=\"-1\">\n                        E12-G025, G\/F, Honours College\n                      <\/font><\/td><\/tr><tr><td align=\"center\" style=\"border-right: 2px dotted black\" valign=\"top\"><font size=\"-1\">\n                        09:30\n                        <\/font><\/td><td style=\"border-right: 2px dotted black\" valign=\"top\"><a href=\"http:\/\/www.um.edu.mo\/news-centre\/news-and-events\/event-calendar\/20190308\/#46788\"><font size=\"-1\" color=\"purple\">Admission to Bachelor\u2019s Degree Programmes 2019\/2020 by Direct Admission (Application Period: 03\/12\/2018 \u2013 18\/04\/2019)<\/font><\/a><font size=\"-1\"> (cont)<\/font><br \/><a href=\"http:\/\/www.um.edu.mo\/zh-hant\/news-centre\/news-and-events\/event-calendar\/20190308\/#46788\"><font size=\"-1\" color=\"purple\">2019\/2020\u5b78\u5e74\u5b78\u58eb\u5b78\u4f4d\u8ab2\u7a0b\u62db\u751f\u5831\u540d\uff1a\u76f4\u63a5\u5165\u5b78\uff08\u5831\u540d\u65e5\u671f\uff1a03\/12\/2018 \u2013 18\/04\/2019\uff09<\/font><\/a><\/td><td align=\"center\" valign=\"top\" width=\"165\"><font size=\"-1\">\n                        Online Application: https:\/\/reg.um.edu.mo\/admission\/\n                      <\/font><\/td><\/tr><tr><td align=\"center\" style=\"border-right: 2px dotted black\" valign=\"top\"><font size=\"-1\">\n                        10:00\n                        \n                          &#8211; 11:00<\/font><\/td><td style=\"border-right: 2px dotted black\" valign=\"top\"><a href=\"http:\/\/www.um.edu.mo\/news-centre\/news-and-events\/event-calendar\/20190308\/#47456\"><font size=\"-1\" color=\"blue\">FAH-ELC: Effective Reading Workshop <\/font><\/a><font size=\"-1\"><\/font><br \/><a href=\"http:\/\/www.um.edu.mo\/zh-hant\/news-centre\/news-and-events\/event-calendar\/20190308\/#47456\"><font size=\"-1\" color=\"blue\">\u4eba\u6c11\u5b78\u9662\u82f1\u8a9e\u4e2d\u5fc3\u6d3b\u52d5: \u82f1\u8a9e\u5b78\u8853\u5beb\u4f5c\u5de5\u4f5c\u574a<\/font><\/a><\/td><td align=\"center\" valign=\"top\" width=\"165\"><font size=\"-1\">\n                        E3-3033, BOC Centennial Building\n                      <\/font><\/td><\/tr><tr><td align=\"center\" style=\"border-right: 2px dotted black\" valign=\"top\"><font size=\"-1\">\n                        10:30\n                        <\/font><\/td><td style=\"border-right: 2px dotted black\" valign=\"top\"><a href=\"http:\/\/www.um.edu.mo\/news-centre\/news-and-events\/event-calendar\/20190308\/#47471\"><font size=\"-1\" color=\"blue\">FAH-DENG Guest Lecture: &#8216;Pragmatic strategies in Chinese speakers\u2019 emails in English as a lingua franca communication\u2019 by Prof. Ren Wei<\/font><\/a><font size=\"-1\"><\/font><br \/><a href=\"http:\/\/www.um.edu.mo\/zh-hant\/news-centre\/news-and-events\/event-calendar\/20190308\/#47471\"><font size=\"-1\" color=\"blue\">\u4eba\u6587\u5b78\u9662\u82f1\u6587\u7cfb\u8b1b\u5ea7: &#8216;Pragmatic strategies in Chinese speakers\u2019 emails in English as a lingua franca communication\u2019 &#8211; \u4efb\u5049\u6559\u6388<\/font><\/a><\/td><td align=\"center\" valign=\"top\" width=\"165\"><font size=\"-1\">\n                        E21-3118, Humanities and Social Sciences Building\n                      <\/font><\/td><\/tr><tr><td align=\"center\" style=\"border-right: 2px dotted black\" valign=\"top\"><font size=\"-1\">\n                        13:00\n                        \n                          &#8211; 14:00<\/font><\/td><td style=\"border-right: 2px dotted black\" valign=\"top\"><a href=\"http:\/\/www.um.edu.mo\/news-centre\/news-and-events\/event-calendar\/20190308\/#47443\"><font size=\"-1\" color=\"blue\">Seminar on Fashion and Styling<\/font><\/a><font size=\"-1\"><\/font><br \/><a href=\"http:\/\/www.um.edu.mo\/zh-hant\/news-centre\/news-and-events\/event-calendar\/20190308\/#47443\"><font size=\"-1\" color=\"blue\">\u300a\u7a7f\u8863\u4e4b\u9053\u300b\u8b1b\u5ea7<\/font><\/a><\/td><td align=\"center\" valign=\"top\" width=\"165\"><font size=\"-1\">\n                        E4-G051, Anthony Lau Building \n                      <\/font><\/td><\/tr><tr><td align=\"center\" style=\"border-right: 2px dotted black\" valign=\"top\"><font size=\"-1\">\n                        13:00\n                        \n                          &#8211; 14:00<\/font><\/td><td style=\"border-right: 2px dotted black\" valign=\"top\"><a href=\"http:\/\/www.um.edu.mo\/news-centre\/news-and-events\/event-calendar\/20190308\/#47150\"><font size=\"-1\" color=\"purple\">Honours College Tutor Programme<\/font><\/a><font size=\"-1\"> (cont)<\/font><br \/><a href=\"http:\/\/www.um.edu.mo\/zh-hant\/news-centre\/news-and-events\/event-calendar\/20190308\/#47150\"><font size=\"-1\" color=\"purple\">\u69ae\u8b7d\u5b78\u9662\u5b78\u7fd2\u6307\u5c0e\u8a08\u5283 <\/font><\/a><\/td><td align=\"center\" valign=\"top\" width=\"165\"><font size=\"-1\">\n                        E12, G\/F Learning Common\n                      <\/font><\/td><\/tr><tr><td align=\"center\" style=\"border-right: 2px dotted black\" valign=\"top\"><font size=\"-1\">\n                        14:30\n                        \n                          &#8211; 17:00<\/font><\/td><td style=\"border-right: 2px dotted black\" valign=\"top\"><a href=\"http:\/\/www.um.edu.mo\/news-centre\/news-and-events\/event-calendar\/20190308\/#47044\"><font size=\"-1\" color=\"blue\">Student Activity: Resume Clinic<\/font><\/a><font size=\"-1\"><\/font><br \/><a href=\"http:\/\/www.um.edu.mo\/zh-hant\/news-centre\/news-and-events\/event-calendar\/20190308\/#47044\"><font size=\"-1\" color=\"blue\">\u5b78\u751f\u6d3b\u52d5: \u5c65\u6b77\u8a3a\u7642\u5ba4<\/font><\/a><\/td><td align=\"center\" valign=\"top\" width=\"165\"><font size=\"-1\">\n                        E31-Room 2004, 2\/F, Student Activity Centre \n                      <\/font><\/td><\/tr><tr><td align=\"center\" style=\"border-right: 2px dotted black\" valign=\"top\"><font size=\"-1\">\n                        15:00\n                        <\/font><\/td><td style=\"border-right: 2px dotted black\" valign=\"top\"><a href=\"http:\/\/www.um.edu.mo\/news-centre\/news-and-events\/event-calendar\/20190308\/#47478\"><font size=\"-1\" color=\"blue\">FBA Visiting Scholar&#8217;s Seminar: Portfolio Optimization Using Distortion Risk Measures<\/font><\/a><font size=\"-1\"><\/font><br \/><a href=\"http:\/\/www.um.edu.mo\/zh-hant\/news-centre\/news-and-events\/event-calendar\/20190308\/#47478\"><font size=\"-1\" color=\"blue\">\u5de5\u5546\u7ba1\u7406\u5b78\u9662\u8a2a\u554f\u5b78\u8005\u8b1b\u5ea7: Portfolio Optimization Using Distortion Risk Measures<\/font><\/a><\/td><td align=\"center\" valign=\"top\" width=\"165\"><font size=\"-1\">\n                        E22-2013, Faculty of Business Administration\n                      <\/font><\/td><\/tr><tr><td align=\"center\" style=\"border-right: 2px dotted black\" valign=\"top\"><font size=\"-1\">\n                        17:30\n                        \n                          &#8211; 18:30<\/font><\/td><td style=\"border-right: 2px dotted black\" valign=\"top\"><a href=\"http:\/\/www.um.edu.mo\/news-centre\/news-and-events\/event-calendar\/20190308\/#47448\"><font size=\"-1\" color=\"blue\">FAH-DPORT-CIELA: Portuguese corner guest lecture boya talk of the UM library: Cam\u00f5es and the world<\/font><\/a><font size=\"-1\"><\/font><br \/><a href=\"http:\/\/www.um.edu.mo\/zh-hant\/news-centre\/news-and-events\/event-calendar\/20190308\/#47448\"><font size=\"-1\" color=\"blue\">\u4eba\u6587\u5b78\u9662\u8461\u6587\u7cfb\u8461\u4e9e\u7814\u7a76\u4e2d\u5fc3\u8b1b\u5ea7: \u6fb3\u5927\u5716\u66f8\u9928\u8461\u6587\u5929\u5730\u535a\u96c5\u8b1b\u5ea7: \u8cc8\u6885\u58eb\u8207\u4e16\u754c<\/font><\/a><\/td><td align=\"center\" valign=\"top\" width=\"165\"><font size=\"-1\">\n                        E2, UM Library &#8211; Sky Garden, 2nd Floor\n                      <\/font><\/td><\/tr><tr><td align=\"center\" style=\"border-right: 2px dotted black\" valign=\"top\"><font size=\"-1\">\n                        19:00\n                        \n                          &#8211; 22:00<\/font><\/td><td style=\"border-right: 2px dotted black\" valign=\"top\"><a href=\"http:\/\/www.um.edu.mo\/news-centre\/news-and-events\/event-calendar\/20190308\/#47308\"><font size=\"-1\" color=\"purple\">FAH-CPC: Chinese-Portuguese Legal Translation Workshop II<\/font><\/a><font size=\"-1\"> (cont)<\/font><br \/><a href=\"http:\/\/www.um.edu.mo\/zh-hant\/news-centre\/news-and-events\/event-calendar\/20190308\/#47308\"><font size=\"-1\" color=\"purple\">\u4e2d\u8461\u6cd5\u5f8b\u7ffb\u8b6f\u5de5\u4f5c\u574a II<\/font><\/a><\/td><td align=\"center\" valign=\"top\" width=\"165\"><font size=\"-1\">\n                        E21-1043, Humanities and Social Sciences Building\n                      <\/font><\/td><\/tr><tr><td align=\"center\" style=\"border-right: 2px dotted black\" valign=\"top\"><font size=\"-1\">\n                        &#8211;\n                      <\/font><\/td><td style=\"border-right: 2px dotted black\" valign=\"top\"><a href=\"http:\/\/www.um.edu.mo\/news-centre\/news-and-events\/event-calendar\/20190308\/#47470\"><font size=\"-1\" color=\"purple\">FAH-DPORT: 33rd Portuguese Language Summer Course is Open for Application (Deadline application : April 19, 2019)<\/font><\/a><font size=\"-1\"> (cont)<\/font><br \/><a href=\"http:\/\/www.um.edu.mo\/zh-hant\/news-centre\/news-and-events\/event-calendar\/20190308\/#47470\"><font size=\"-1\" color=\"purple\">\u4eba\u6587\u5b78\u9662\u8461\u6587\u7cfb: \u7b2c33\u5c46\u8461\u8404\u7259\u8a9e\u6691\u671f\u8ab2\u7a0b\u73fe\u6b63\u63a5\u53d7\u5831\u540d(\u5831\u540d\u622a\u6b62\u65e5\u671f\u70ba2019\u5e744\u670819\u65e5)<\/font><\/a><\/td><td align=\"center\" valign=\"top\" width=\"165\"><font size=\"-1\">\n                        UM Campus\n                      <\/font><\/td><\/tr><tr><td colspan=\"3\" align=\"right\" style=\"border-top: 1px dashed black\"><font size=\"-1\" color=\"#202020\"><a href='http:\/\/www.um.edu.mo\/news-centre\/news-and-events\/event-calendar\/201903'>All events this month<\/a> <a href='http:\/\/www.um.edu.mo\/zh-hant\/news-centre\/news-and-events\/event-calendar\/201903'>\u672c\u6708\u6d3b\u52d5<\/a> \/ <a href='https:\/\/isw.um.edu.mo\/nrsadmin\/faces\/createEvent'>Add events \u4e0a\u8f09\u6d3b\u52d5<\/a><\/font><\/td><\/tr><\/table><br \/><table width=\"100%\" border=\"0\" cellpadding=\"5\" cellspacing=\"0\"><tr><th bgcolor=\"#69B3E7\" style=\"border-bottom: 2px dotted black;border-right: 2px dotted black\"><font color=\"black\" size=\"4\">\n                    News &amp; Upcoming Activities \u65b0\u805e\u53ca\u6d3b\u52d5\u9810\u544a\n                    <\/font><\/th><th bgcolor=\"#69B3E7\" width=\"140\" style=\"border-bottom: 2px dotted black\"><font color=\"black\" size=\"4\">Dept. <\/font><font color=\"black\" size=\"3\">\u90e8\u9580<\/font><\/th><\/tr><tr><td style=\"border-right: 2px dotted black\"><a href=\"http:\/\/www.um.edu.mo\/news-centre\/news-and-events\/news-and-press-releases\/detail\/47497\/\"><font size=\"-1\" color=\"#202020\">Zhuhai Vice Mayor Yan Wu visits UM for collaboration in science and technology<\/font><\/a><br \/><a href=\"http:\/\/www.um.edu.mo\/zh-hant\/news-centre\/news-and-events\/news-and-press-releases\/detail\/47497\/\"><font size=\"-1\" color=\"#202020\">\u73e0\u6d77\u5e02\u526f\u5e02\u9577\u95bb\u6b66\u8a2a\u6fb3\u5927\u4fc3\u79d1\u6280\u5408\u4f5c<\/font><\/a><\/td><td align=\"center\" valign=\"top\" width=\"140\"><font size=\"-1\">CO<\/font><\/td><\/tr><tr><td style=\"border-right: 2px dotted black\"><a href=\"http:\/\/www.um.edu.mo\/news-centre\/news-and-events\/news-and-press-releases\/detail\/47493\/\"><font size=\"-1\" color=\"#202020\">Registration now open for UM\u2019s photo competition <\/font><\/a><br \/><a href=\"http:\/\/www.um.edu.mo\/zh-hant\/news-centre\/news-and-events\/news-and-press-releases\/detail\/47493\/\"><font size=\"-1\" color=\"#202020\">\u6fb3\u5927\u651d\u5f71\u6bd4\u8cfd\u73fe\u6b63\u63a5\u53d7\u5831\u540d<\/font><\/a><\/td><td align=\"center\" valign=\"top\" width=\"140\"><font size=\"-1\">CO<\/font><\/td><\/tr><tr><td style=\"border-right: 2px dotted black\"><a href=\"http:\/\/um2.um.edu.mo\/apps\/com\/bulletin.nsf\/nrsview\/8278CD7CBF39F7C6482583B6000F44D6\"><font size=\"-1\" color=\"#202020\">\u7d39\u90a6\u66f8\u9662\u4e2d\u570b\u50b3\u7d71\u6587\u5316\u8b1b\u5ea7\u7cfb\u5217\u2014\u300a\u8a69\u7d93\u300b\u4e2d\u7684\u5a5a\u59fb\u89c0\u8207\u6c34\u6587\u5316<\/font><\/a><br \/><a href=\"http:\/\/um2.um.edu.mo\/apps\/com\/bulletin.nsf\/nrsview\/8278CD7CBF39F7C6482583B6000F44D6\"><font size=\"-1\" color=\"#202020\"><\/font><\/a><\/td><td align=\"center\" valign=\"top\" width=\"140\"><font size=\"-1\">SPC<\/font><\/td><\/tr><tr><td style=\"border-right: 2px dotted black\"><a href=\"http:\/\/um2.um.edu.mo\/apps\/com\/bulletin.nsf\/nrsview\/569D97EA078014B7482583B60010C96C\"><font size=\"-1\" color=\"#202020\">Shiu Pong College Organized &#8220;Xinhui Tour&#8221;<\/font><\/a><br \/><a href=\"http:\/\/um2.um.edu.mo\/apps\/com\/bulletin.nsf\/nrsview\/569D97EA078014B7482583B60010C96C\"><font size=\"-1\" color=\"#202020\">\u7d39\u90a6\u66f8\u9662\u7d44\u7e54\u65b0\u6703\u4e4b\u65c5<\/font><\/a><\/td><td align=\"center\" valign=\"top\" width=\"140\"><font size=\"-1\">SPC<\/font><\/td><\/tr><tr><td style=\"border-right: 2px dotted black\"><a href=\"http:\/\/um2.um.edu.mo\/apps\/com\/bulletin.nsf\/nrsview\/E86A64B993DB7061482583B6001311E6\"><font size=\"-1\" color=\"#202020\">FAH &#8211; DHIST Guest Lecture: &#8220;The Continuity and Discontinuity of Twentieth Century Chinese Art\uff0dThe Case Study of Feng Zikai&#8221; by Prof. Su-hsing Lin, 11\/3\/2019, 16:00 @ E21-G002<\/font><\/a><br \/><a href=\"http:\/\/um2.um.edu.mo\/apps\/com\/bulletin.nsf\/nrsview\/E86A64B993DB7061482583B6001311E6\"><font size=\"-1\" color=\"#202020\">\u4eba\u6587\u5b78\u9662 &#8211; \u6b77\u53f2\u7cfb\u5ba2\u5e2d\u8b1b\u5ea7: &#8220;20 \u4e16\u7d00\u4e2d\u570b\u7e6a\u756b\u7684\u627f\u8207\u8b8a\uff0d\u4ee5\u8c50\u5b50\u6137\u70ba\u4f8b&#8221;, \u6797\u7d20\u5e78\u6559\u6388, 11\/3\/2019, 16:00 @ E21-G002<\/font><\/a><\/td><td align=\"center\" valign=\"top\" width=\"140\"><font size=\"-1\">FAH<\/font><\/td><\/tr><tr><td style=\"border-right: 2px dotted black\"><a href=\"http:\/\/um2.um.edu.mo\/apps\/com\/bulletin.nsf\/nrsview\/F8E8A3B2F8AF3CD2482583B60025BD50\"><font size=\"-1\" color=\"#202020\">MLC Lunch Seminar: \u6b77\u53f2\u4e0a\u7684\u5316\u5b78&#8211;\u5f9e\u53e4\u4ee3\u7149\u91d1\u8853\u5230\u73fe\u4ee3\u5316\u5b78\u7406\u8ad6\u7684\u5efa\u7acb (13\/03\/2019 Wed 13:00; 1 SP and 15 CS)<\/font><\/a><br \/><a href=\"http:\/\/um2.um.edu.mo\/apps\/com\/bulletin.nsf\/nrsview\/F8E8A3B2F8AF3CD2482583B60025BD50\"><font size=\"-1\" color=\"#202020\">\u99ac\u842c\u797a\u7f85\u67cf\u5fc3\u5348\u9910\u8b1b\u5ea7\uff1a\u6b77\u53f2\u4e0a\u7684\u5316\u5b78&#8211;\u5f9e\u53e4\u4ee3\u7149\u91d1\u8853\u5230\u73fe\u4ee3\u5316\u5b78\u7406\u8ad6\u7684\u5efa\u7acb (13\/03\/2019 \u9031\u4e0913:00; 1\u7c92\u81f3\u53fb\u661f\u53ca15CS)<\/font><\/a><\/td><td align=\"center\" valign=\"top\" width=\"140\"><font size=\"-1\">MLC<\/font><\/td><\/tr><tr><td style=\"border-right: 2px dotted black\"><a href=\"http:\/\/um2.um.edu.mo\/apps\/com\/bulletin.nsf\/nrsview\/78473DEDA3E752AF482583B6000BEE6F\"><font size=\"-1\" color=\"#202020\">\u66f9\u5149\u5f6a\u66f8\u9662\u555f\u767c\u8b1b\u5ea7\u7cfb\u5217: \u5f90\u79ae\u864e\u6559\u6388\u4e4b\u7d0d\u4ec0\u5747\u8861 &#8211; \u5f9e\u80af\u5fb7\u57fa\u548c\u9ea5\u7576\u52de\u8aaa\u958b\u53bb<\/font><\/a><br \/><a href=\"http:\/\/um2.um.edu.mo\/apps\/com\/bulletin.nsf\/nrsview\/78473DEDA3E752AF482583B6000BEE6F\"><font size=\"-1\" color=\"#202020\">CKPC Inspiring Seminar Series: Nash Equilibrium: from an example of KFC and McDonald. by Prof. Xu LiHu<\/font><\/a><\/td><td align=\"center\" valign=\"top\" width=\"140\"><font size=\"-1\">CKPC<\/font><\/td><\/tr><tr><td style=\"border-right: 2px dotted black\"><a href=\"http:\/\/um2.um.edu.mo\/apps\/com\/bulletin.nsf\/nrsview\/6A628DEFF3A4B37E482583B6000BBB90\"><font size=\"-1\" color=\"#202020\">CKLC Arts and Culture Series: Workshops of Hand Drawn Map for UM Campus (3 Sessions, Mar 2\/9\/16, 12:30-19:00; 3 SPs and 195 CS)<\/font><\/a><br \/><a href=\"http:\/\/um2.um.edu.mo\/apps\/com\/bulletin.nsf\/nrsview\/6A628DEFF3A4B37E482583B6000BBB90\"><font size=\"-1\" color=\"#202020\">\u5f35\u5d11\u5d19\u66f8\u9662\u85dd\u8853\u6587\u5316\u7cfb\u5217\uff1a\u624b\u7e6a\u6fb3\u5927\u6821\u5712\u5730\u5716(3\u67082\/9\/16\u65e5, 12:30-19:00\uff0c3\u7c92\u81f3\u53fb\u661f\u53ca195 CS)<\/font><\/a><\/td><td align=\"center\" valign=\"top\" width=\"140\"><font size=\"-1\">CKLC<\/font><\/td><\/tr><tr><td style=\"border-right: 2px dotted black\"><a href=\"http:\/\/um2.um.edu.mo\/apps\/com\/bulletin.nsf\/nrsview\/EC128C31900F944F482583B6000C5A5E\"><font size=\"-1\" color=\"#202020\">CKYC 5th Anniversary Master Lecture Series (8 Mar 2019): 1SP &amp; 15CS<\/font><\/a><br \/><a href=\"http:\/\/um2.um.edu.mo\/apps\/com\/bulletin.nsf\/nrsview\/EC128C31900F944F482583B6000C5A5E\"><font size=\"-1\" color=\"#202020\">\u8521\u7e7c\u6709\u66f8\u9662\u4e94\u9031\u5e74\u5927\u5e2b\u8b1b\u5ea7\u7cfb\u5217\uff1a\u4e2d\u570b\u53e4\u4ee3\u7389\u5668\u88fd\u4f5c\u5de5\u85dd (1\u7c92\u81f3\u53fb\u661f\u53ca15 CS)<\/font><\/a><\/td><td align=\"center\" valign=\"top\" width=\"140\"><font size=\"-1\">CKYC<\/font><\/td><\/tr><tr><td style=\"border-right: 2px dotted black\"><a href=\"http:\/\/um2.um.edu.mo\/apps\/com\/bulletin.nsf\/nrsview\/9316F6B28B5A62C5482583B500395068\"><font size=\"-1\" color=\"#202020\">FAH-DENG Guest Lecture: &#8216;Leukocentric Hollywood: Whitewashing, Alohagate and the Dawn of Hollywood with Chinese Characteristics&#8217; by Dr. Aaron Magnan-Park, University of Hong Kong<\/font><\/a><br \/><a href=\"http:\/\/um2.um.edu.mo\/apps\/com\/bulletin.nsf\/nrsview\/9316F6B28B5A62C5482583B500395068\"><font size=\"-1\" color=\"#202020\"><\/font><\/a><\/td><td align=\"center\" valign=\"top\" width=\"140\"><font size=\"-1\">FAH<\/font><\/td><\/tr><tr><td style=\"border-right: 2px dotted black\"><a href=\"http:\/\/um2.um.edu.mo\/apps\/com\/bulletin.nsf\/nrsview\/47D917362B8584E7482583B60033E342\"><font size=\"-1\" color=\"#202020\">2019 Green Week Activity: Happy Farm &#8211; Organic Farming Experience (1 Smart Point and 20 &#8220;CS&#8221;)<\/font><\/a><br \/><a href=\"http:\/\/um2.um.edu.mo\/apps\/com\/bulletin.nsf\/nrsview\/47D917362B8584E7482583B60033E342\"><font size=\"-1\" color=\"#202020\">2019 \u7da0\u5316\u9031\u6d3b\u52d5\uff1a\u300c\u958b\u5fc3\u8fb2\u8015\u5834 &#8211; \u9ad4\u9a57\u6709\u6a5f\u8fb2\u8015\u82e6\u8207\u6a02\u300d(1\u7c92\u81f3\u53fb\u661f\u53ca20\u500bCS)<\/font><\/a><\/td><td align=\"center\" valign=\"top\" width=\"140\"><font size=\"-1\">HSEO<\/font><\/td><\/tr><tr><td colspan=\"2\" align=\"right\" style=\"border-top: 1px dashed black\"><font size=\"-1\" color=\"#202020\"><a href='https:\/\/www.um.edu.mo\/news-centre\/news-and-events\/news-and-press-releases.html'>More news<\/a> <a href='http:\/\/www.um.edu.mo\/zh-hant\/news-centre\/news-and-events\/news-and-press-releases.html'>\u66f4\u591a\u65b0\u805e<\/a><\/font> \/\n                  <font size=\"-1\" color=\"#202020\"><a href=\"http:\/\/isw.um.edu.mo\/nsp\">Add news \u4e0a\u8f09\u65b0\u805e<\/a><\/font><\/td><\/tr><\/table><br \/><table width=\"100%\" border=\"0\" cellpadding=\"5\" cellspacing=\"0\"><tr><th bgcolor=\"#69B3E7\" style=\"border-bottom: 2px dotted black;border-right: 2px dotted black\"><font color=\"black\" size=\"4\">\n                    Internal Notice \u6821\u5167\u901a\u544a\n                    <\/font><\/th><th bgcolor=\"#69B3E7\" width=\"100\" style=\"border-bottom: 2px dotted black\"><font color=\"black\" size=\"4\">Dept. <\/font><font color=\"black\" size=\"3\">\u90e8\u9580<\/font><\/th><\/tr><tr><td style=\"border-right: 2px dotted black\"><a href=\"http:\/\/um2.um.edu.mo\/apps\/com\/bulletin.nsf\/nrsview\/3FF9547BAEC914A3482583B60035AF37\"><font size=\"-1\" color=\"#202020\">Application for Minor Programme and Transfer of Programme in Second Semester of Academic Year 2018\/2019 (Application Period: 11-17\/03\/2019)<\/font><\/a><br \/><a href=\"http:\/\/um2.um.edu.mo\/apps\/com\/bulletin.nsf\/nrsview\/3FF9547BAEC914A3482583B60035AF37\"><font size=\"-1\" color=\"#202020\">2018\/2019\u5b78\u5e74\u7b2c\u4e8c\u5b78\u671f\u526f\u4fee\u8a08\u5283\u53ca\u8f49\u4fee\u8ab2\u7a0b\u7533\u8acb\uff08\u7533\u8acb\u65e5\u671f\uff1a11-17\/03\/2019\uff09<\/font><\/a><\/td><td align=\"center\" valign=\"top\" width=\"140\"><font size=\"-1\">REG<\/font><\/td><\/tr><tr><td style=\"border-right: 2px dotted black\"><a href=\"http:\/\/um2.um.edu.mo\/apps\/com\/bulletin.nsf\/nrsview\/294E5EF648B5C7F8482583B60030E04F\"><font size=\"-1\" color=\"#202020\">Centro de Forma\u00e7\u00e3o Jur\u00eddica e Judici\u00e1ria (CFJJ): Acquisition of Goods and Provision of Services &#8211; Basic Level (in Cantonese)<\/font><\/a><br \/><a href=\"http:\/\/um2.um.edu.mo\/apps\/com\/bulletin.nsf\/nrsview\/294E5EF648B5C7F8482583B60030E04F\"><font size=\"-1\" color=\"#202020\">\u6cd5\u5f8b\u53ca\u53f8\u6cd5\u57f9\u8a13\u4e2d\u5fc3: \u53d6\u5f97\u8ca1\u8ca8\u53ca\u63d0\u4f9b\u52de\u52d9\u5236\u5ea6\u5165\u9580\u8ab2\u7a0b (\u5ee3\u6771\u8a71\u6388\u8ab2)<\/font><\/a><\/td><td align=\"center\" valign=\"top\" width=\"140\"><font size=\"-1\">ADMO-HRS<\/font><\/td><\/tr><tr><td style=\"border-right: 2px dotted black\"><a href=\"http:\/\/um2.um.edu.mo\/apps\/com\/bulletin.nsf\/nrsview\/06575B42CB1B6963482583B6002E540E\"><font size=\"-1\" color=\"#202020\">2 bus stops are added to Route 71 on 9 March<\/font><\/a><br \/><a href=\"http:\/\/um2.um.edu.mo\/apps\/com\/bulletin.nsf\/nrsview\/06575B42CB1B6963482583B6002E540E\"><font size=\"-1\" color=\"#202020\">3\u67089\u65e5\u8d77\u516c\u5171\u5df4\u58eb71\u8def\u7dda\u589e\u5169\u500b\u7ad9\u9ede<\/font><\/a><\/td><td align=\"center\" valign=\"top\" width=\"140\"><font size=\"-1\">CMDO-STS<\/font><\/td><\/tr><tr><td style=\"border-right: 2px dotted black\"><a href=\"http:\/\/um2.um.edu.mo\/apps\/com\/bulletin.nsf\/nrsview\/558A230323F9345E482583B6002F47B0\"><font size=\"-1\" color=\"#202020\">ADO will set up a souvenir booth on Graduation Photo Taking Day 2019<\/font><\/a><br \/><a href=\"http:\/\/um2.um.edu.mo\/apps\/com\/bulletin.nsf\/nrsview\/558A230323F9345E482583B6002F47B0\"><font size=\"-1\" color=\"#202020\">\u6821\u53cb\u53ca\u767c\u5c55\u8fa6\u516c\u5ba4\u5c07\u65bc2019\u5e74\u7562\u696d\u751f\u62cd\u7167\u65e5\u7576\u5929\u64fa\u8a2d\u7d00\u5ff5\u54c1\u6524\u4f4d<\/font><\/a><\/td><td align=\"center\" valign=\"top\" width=\"140\"><font size=\"-1\">ADO<\/font><\/td><\/tr><tr><td style=\"border-right: 2px dotted black\"><a href=\"http:\/\/um2.um.edu.mo\/apps\/com\/bulletin.nsf\/nrsview\/0F8CB3F39C0E4683482583AD002C96A4\"><font size=\"-1\" color=\"#202020\">Sports: American Pool Tables and Dart Machine are open for use at the 1st Floor Common Area in the UM Sports Complex (N8)<\/font><\/a><br \/><a href=\"http:\/\/um2.um.edu.mo\/apps\/com\/bulletin.nsf\/nrsview\/0F8CB3F39C0E4683482583AD002C96A4\"><font size=\"-1\" color=\"#202020\">\u9ad4\u80b2\uff1a\u7f8e\u5f0f\u684c\u7403\u67b1\u53ca\u98db\u93e2\u6a5f\u73fe\u5df2\u958b\u653e\u4f7f\u7528 (\u6fb3\u5927\u7d9c\u5408\u9ad4\u80b2\u9928  \u4e00\u6a13\u516c\u5171\u7a7a\u9593) !<\/font><\/a><\/td><td align=\"center\" valign=\"top\" width=\"140\"><font size=\"-1\">OSA<\/font><\/td><\/tr><tr><td style=\"border-right: 2px dotted black\"><a href=\"http:\/\/um2.um.edu.mo\/apps\/com\/bulletin.nsf\/nrsview\/974A29B4406472AC482583B60008F8DA?open&amp;login\"><font size=\"-1\" color=\"#202020\">Vacancy for Internal Transfer to the Finance Office<\/font><\/a><br \/><a href=\"http:\/\/um2.um.edu.mo\/apps\/com\/bulletin.nsf\/nrsview\/974A29B4406472AC482583B60008F8DA?open&amp;login\"><font size=\"-1\" color=\"#202020\"><\/font><\/a><\/td><td align=\"center\" valign=\"top\" width=\"140\"><font size=\"-1\">ADMO-HRS<\/font><\/td><\/tr><tr><td colspan=\"2\" align=\"right\" style=\"border-top: 1px dashed black\"><font size=\"-1\" color=\"#202020\"><a href='https:\/\/www.um.edu.mo\/staff\/university-almanac-information\/e-bulletin-board-for-staff.html'>All active notices<\/a> <a href='http:\/\/www.um.edu.mo\/zh-hant\/staff\/university-almanac-information\/e-bulletin-board-for-staff.html'>\u6240\u6709\u5167\u90e8\u901a\u544a<\/a><\/font><\/td><\/tr><\/table><br \/><table width=\"100%\" border=\"0\" cellpadding=\"5\" cellspacing=\"0\"><tr><th bgcolor=\"#69B3E7\" style=\"border-bottom: 2px dotted black;border-right: 2px dotted black\"><font color=\"black\" size=\"4\">\n                    Student Notice \u5b78\u751f\u901a\u544a\n                    <\/font><\/th><th bgcolor=\"#69B3E7\" width=\"100\" style=\"border-bottom: 2px dotted black\"><font color=\"black\" size=\"4\">Dept. <\/font><font color=\"black\" size=\"3\">\u90e8\u9580<\/font><\/th><\/tr><tr><td style=\"border-right: 2px dotted black\"><a href=\"http:\/\/um2.um.edu.mo\/apps\/com\/bulletin.nsf\/nrsview\/C1ED210791721160482583B6002D6D89\"><font size=\"-1\" color=\"#202020\">News Express: Zhuhai Vice Mayor Yan Wu visits UM for collaboration in science and technology<\/font><\/a><br \/><a href=\"http:\/\/um2.um.edu.mo\/apps\/com\/bulletin.nsf\/nrsview\/C1ED210791721160482583B6002D6D89\"><font size=\"-1\" color=\"#202020\">\u65b0\u805e\u5feb\u8a0a\uff1a\u73e0\u6d77\u5e02\u526f\u5e02\u9577\u95bb\u6b66\u8a2a\u6fb3\u5927\u4fc3\u79d1\u6280\u5408\u4f5c<\/font><\/a><\/td><td align=\"center\" valign=\"top\" width=\"140\"><font size=\"-1\">CO-PRS<\/font><\/td><\/tr><tr><td style=\"border-right: 2px dotted black\"><a href=\"http:\/\/um2.um.edu.mo\/apps\/com\/bulletin.nsf\/nrsview\/D2618539B78D808B482583B60029A84B\"><font size=\"-1\" color=\"#202020\">News Express: Registration now open for UM\u2019s photo competition<\/font><\/a><br \/><a href=\"http:\/\/um2.um.edu.mo\/apps\/com\/bulletin.nsf\/nrsview\/D2618539B78D808B482583B60029A84B\"><font size=\"-1\" color=\"#202020\">\u65b0\u805e\u5feb\u8a0a\uff1a\u6fb3\u5927\u651d\u5f71\u6bd4\u8cfd\u73fe\u6b63\u63a5\u53d7\u5831\u540d<\/font><\/a><\/td><td align=\"center\" valign=\"top\" width=\"140\"><font size=\"-1\">CO-PRS<\/font><\/td><\/tr><tr><td style=\"border-right: 2px dotted black\"><a href=\"http:\/\/um2.um.edu.mo\/apps\/com\/bulletin.nsf\/nrsview\/83FBC1ED78BD8C56482583B600245648\"><font size=\"-1\" color=\"#202020\">Accounting Society, UMSU: CPA Australia Cup- Rui Suan Accounting Knowledge Competition (Application Deadline: 20 March)<\/font><\/a><br \/><a href=\"http:\/\/um2.um.edu.mo\/apps\/com\/bulletin.nsf\/nrsview\/83FBC1ED78BD8C56482583B600245648\"><font size=\"-1\" color=\"#202020\">\u6fb3\u9580\u5927\u5b78\u5b78\u751f\u6703\u6703\u8a08\u5b78\u6703\uff1a\u6fb3\u6d32\u6703\u8a08\u5e2b\u516c\u6703\u676f \u2014 \u777f\u7b97\u6703\u8a08\u77e5\u8b58\u806f\u8cfd\uff08\u622a\u6b62\u5831\u540d\uff1a3\u670820\u65e5\uff09<\/font><\/a><\/td><td align=\"center\" valign=\"top\" width=\"140\"><font size=\"-1\">SAO-SDS<\/font><\/td><\/tr><tr><td style=\"border-right: 2px dotted black\"><a href=\"http:\/\/um2.um.edu.mo\/apps\/com\/bulletin.nsf\/nrsview\/DBFDD6C136E6B44F482583B6000A3E10\"><font size=\"-1\" color=\"#202020\">UM Dance Troupe won gold medals in the Dance World Cup \u2013 Macao Qualifying Match<\/font><\/a><br \/><a href=\"http:\/\/um2.um.edu.mo\/apps\/com\/bulletin.nsf\/nrsview\/DBFDD6C136E6B44F482583B6000A3E10\"><font size=\"-1\" color=\"#202020\">\u6fb3\u5927\u821e\u8e48\u968a\u7372\u821e\u8e48\u4e16\u754c\u76c3\u6fb3\u9580\u5340\u5916\u570d\u8cfd\u91d1\u734e<\/font><\/a><\/td><td align=\"center\" valign=\"top\" width=\"140\"><font size=\"-1\">SAO-SRS<\/font><\/td><\/tr><tr><td style=\"border-right: 2px dotted black\"><a href=\"http:\/\/um2.um.edu.mo\/apps\/com\/bulletin.nsf\/nrsview\/B027B2A6A4A79019482583B5000C5ABA\"><font size=\"-1\" color=\"#202020\">Global Summer Internship Program: Summer Internship Program in Beijing and Nanjing 2019 (Deadline: 26 Mar)<\/font><\/a><br \/><a href=\"http:\/\/um2.um.edu.mo\/apps\/com\/bulletin.nsf\/nrsview\/B027B2A6A4A79019482583B5000C5ABA\"><font size=\"-1\" color=\"#202020\">\u74b0\u7403\u6691\u671f\u5be6\u7fd2\u8a08\u5283 :  2019\u4e2d\u570b\u79d1\u5354\u6e2f\u6fb3\u81fa\u5927\u5b78\u751f\u6691\u671f\u5be6\u7fd2\u6d3b\u52d5  (\u622a\u6b62\u5831\u540d\u65e5\u671f:3\u670826\u65e5)<\/font><\/a><\/td><td align=\"center\" valign=\"top\" width=\"140\"><font size=\"-1\">SAO-SCS-CDC<\/font><\/td><\/tr><tr><td style=\"border-right: 2px dotted black\"><a href=\"http:\/\/um2.um.edu.mo\/apps\/com\/bulletin.nsf\/nrsview\/3E67D502079E9B50482583B6000B96E4\"><font size=\"-1\" color=\"#202020\">Morning Express: UM Today \u300a\u4eca\u65e5\u6fb3\u5927\u300b(for students), 07\/03\/2019<\/font><\/a><br \/><a href=\"http:\/\/um2.um.edu.mo\/apps\/com\/bulletin.nsf\/nrsview\/3E67D502079E9B50482583B6000B96E4\"><font size=\"-1\" color=\"#202020\"><\/font><\/a><\/td><td align=\"center\" valign=\"top\" width=\"140\"><font size=\"-1\">CO<\/font><\/td><\/tr><tr><td colspan=\"2\" align=\"right\" style=\"border-top: 1px dashed black\"><font size=\"-1\" color=\"#202020\"><a href='https:\/\/www.um.edu.mo\/students\/university-almanac-information\/e-bulletin-for-students.html'>All active student notice<\/a> <a href='http:\/\/www.um.edu.mo\/zh-hant\/student\/university-almanac-information\/e-bulletin-for-students.html'>\u6240\u6709\u5b78\u751f\u901a\u544a<\/a><\/font><\/td><\/tr><\/table><br \/><font size=\"-1\">\n          <table width=\"100%\" cellspacing=\"0\" cellpadding=\"5\">\n<tbody>\n<tr>\n<td width=\"33%\"><font size=\"-1\"><a href=\"https:\/\/isw.um.edu.mo\/umresource\/\">Banner Booking \u501f\u7528\u6a6b\u984d<\/a><\/font><\/td>\n<td width=\"33%\"><font size=\"-1\"><a href=\"https:\/\/isw.um.edu.mo\/nsp\">Add News and Events \u4e0a\u8f09\u65b0\u805e\u53ca\u6d3b\u52d5<\/a><\/font><\/td>\n<td width=\"33%\"><font size=\"-1\"><a href=\"https:\/\/fmm.cmdo.um.edu.mo\/wp-content\/uploads\/2016\/12\/unclaimed-mail-2018-9.pdf\">List for Undeliverable Mail \u5f85\u9818\u90f5\u4ef6\u8868<\/a><\/font><\/td><\/tr>\n<tr>\n<td><font size=\"-1\"><a href=\"https:\/\/isw.um.edu.mo\/umresource\/\">Equipment Booking \u501f\u7528\u7269\u54c1<\/a><\/font><\/td>\n<td><a href=\"https:\/\/isw.um.edu.mo\/eleave\/\"><font size=\"-1\">Leave Application System \u4f11\u5047\u7533\u8acb<\/font><\/a><\/td>\n<td><a href=\"https:\/\/um2.um.edu.mo\/apps\/com\/umlostfound.nsf\/eng\"><font size=\"-1\">Lost and Found \u5931\u7269\u8a8d\u9818<\/font><\/a><\/td><\/tr>\n<tr>\n<td><a href=\"https:\/\/isw.um.edu.mo\/cdweb\/\"><font size=\"-1\">Sports Facilities Booking \u9ad4\u80b2\u8a2d\u65bd\u9810\u7d04<\/font><\/a><\/td>\n<td><font size=\"-1\"><a href=\"https:\/\/isw.um.edu.mo\/umresource\/\">Venue Booking \u501f\u7528\u5834\u5730<\/a><\/font><\/td>\n<td><a href=\"https:\/\/isw.um.edu.mo\/csweb\/faces\/app\/browse.jspx\"><font size=\"-1\">Stationery Request \u6587\u5177\u7533\u9818<\/font><\/a><\/td><\/tr>\n<tr>\n<td><br \/><\/td><td><font size=\"-1\"><\/font><\/td><\/tr><\/tbody><\/table>\n<p><span style=\"font-family: Times New Roman,Times,serif;font-style: italic\">&quot;UM Today\u201d<\/span><span style=\"font-family: Times New Roman,Times,serif\"> is a daily internal e-newsletter released by the Communications Office, which aims to provide UM members with the up-to-date information about events, seminars, news, internal notices and student activities.<\/span>To review the previous issues of <i>UM Today<\/i>, please access the <a href=\"https:\/\/www.um.edu.mo\/staff\/university-almanac-information\/um-today.html\"><i>UM Today<\/i> Database<\/a>. Should you have any enquiries about <i>UM Today<\/i>, please feel free to contact the Communications Office at&nbsp;88224012 or <a href=\"mailto:co@um.edu.mo\">co@um.edu.mo. <br \/><\/a><\/p>\n<p><span style=\"font-family: Times New Roman,Times,serif\">\u300a\u4eca\u65e5\u6fb3\u5927\u300b\u662f\u7531\u50b3\u8a0a\u90e8\u767c\u4f48\u7684\u6821\u5167\u96fb\u5b50\u901a\u8a0a\uff0c\u65e8\u5728\u70ba\u6fb3\u5927\u4eba\u63d0\u4f9b\u662f\u65e5\u6700\u65b0\u6d3b\u52d5\u3001\u7814\u8a0e\u6703\u3001\u65b0\u805e\u3001\u5167\u90e8\u901a\u8a0a\u53ca\u5b78\u751f\u6d3b\u52d5\u7b49\u8cc7\u8a0a\u3002<\/span>\u5982\u6b32\u700f\u89bd\u5df2\u51fa\u7248\u7684\u300a\u4eca\u65e5\u6fb3\u5927\u300b\uff0c\u8acb\u767b\u5165\u300a\u4eca\u65e5\u6fb3\u5927\u300b<a href=\"https:\/\/www.um.edu.mo\/zh-hant\/staff\/university-almanac-information\/um-today.html\">\u8cc7\u6599\u5eab<\/a>\u3002\u5982\u5c0d\u300a\u4eca\u65e5\u6fb3\u5927\u300b\u6709\u4efb\u4f55\u67e5\u8a62\uff0c\u8acb\u81f4\u96fb88224012\u6216\u96fb\u90f5\u81f3<a href=\"mailto:co@um.edu.mo\">co@um.edu.mo<\/a>\u806f\u7d61\u50b3\u8a0a\u90e8\u3002<\/p>\n          <p>First Released time \u9996\u6b21\u767c\u4f48\u6642\u9593: 08\/03\/2019 09:00<\/p><\/font><\/td><\/tr><\/table>\n                    \n                ","protected":false},"excerpt":{"rendered":"<p>Web version \u7db2\u9801\u7248 \u60f3\u77e5\u9053\u66f4\u591a\u7cbe\u5f69\u8cc7\u8a0a\uff0c\u8acb\u700f\u89bd\u6fb3\u5927\u5fae\u4fe1\u53ca\u81c9\u66f8\u3002For more information, please follow us on WeChat or Facebook. Time \u6642\u9593 Today\u2019s Events \u4eca\u65e5\u6d3b\u52d5 Venue \u5730\u9ede 09:00 &#8211; 20:00Honours College Exhibition (cont)\u69ae\u8b7d\u5b78\u9662\u5c55\u89bd E6-G\/F, Central Teaching Buildling&#8230;<\/p>\n","protected":false},"author":1,"featured_media":0,"comment_status":"closed","ping_status":"open","sticky":false,"template":"single-umtoday.php","format":"standard","meta":{"_acf_changed":false,"footnotes":""},"categories":[84],"tags":[],"class_list":["post-162237","post","type-post","status-publish","format-standard","hentry","category-um-today"],"acf":[],"yoast_head":"<!-- This site is optimized with the Yoast SEO plugin v24.5 - https:\/\/yoast.com\/wordpress\/plugins\/seo\/ -->\n<title>2019-03-08 | Universidade de Macau<\/title>\n<meta name=\"description\" content=\"Universidade de Macau: Uma universidade abrangente p\u00fablica de n\u00edvel internacional fundada em 1981\" \/>\n<meta name=\"robots\" content=\"index, follow, max-snippet:-1, max-image-preview:large, max-video-preview:-1\" \/>\n<link rel=\"canonical\" href=\"https:\/\/www.um.edu.mo\/pt-pt\/um-today\/detail\/20190308\/\" \/>\n<meta property=\"og:locale\" content=\"pt_PT\" \/>\n<meta property=\"og:type\" content=\"article\" \/>\n<meta property=\"og:title\" content=\"2019-03-08 | Universidade de Macau\" \/>\n<meta property=\"og:description\" content=\"Universidade de Macau: Uma universidade abrangente p\u00fablica de n\u00edvel internacional fundada em 1981\" \/>\n<meta property=\"og:url\" content=\"https:\/\/www.um.edu.mo\/pt-pt\/um-today\/detail\/20190308\/\" \/>\n<meta property=\"og:site_name\" content=\"Universidade de Macau\" \/>\n<meta property=\"article:publisher\" content=\"https:\/\/www.facebook.com\/universityofmacau\" \/>\n<meta property=\"article:published_time\" content=\"2019-03-07T19:41:39+00:00\" \/>\n<meta property=\"og:image\" content=\"http:\/\/www.um.edu.mo\/co\/images\/um_today_banner.jpg\" \/>\n<meta name=\"author\" content=\"web_admin\" \/>\n<meta name=\"twitter:card\" content=\"summary_large_image\" \/>\n<meta name=\"twitter:creator\" content=\"@UM_1981\" \/>\n<meta name=\"twitter:site\" content=\"@UM_1981\" \/>\n<meta name=\"twitter:label1\" content=\"Escrito por\" \/>\n\t<meta name=\"twitter:data1\" content=\"web_admin\" \/>\n\t<meta name=\"twitter:label2\" content=\"Tempo estimado de leitura\" \/>\n\t<meta name=\"twitter:data2\" content=\"3 minutos\" \/>\n<script type=\"application\/ld+json\" class=\"yoast-schema-graph\">{\"@context\":\"https:\/\/schema.org\",\"@graph\":[{\"@type\":\"Article\",\"@id\":\"https:\/\/www.um.edu.mo\/pt-pt\/um-today\/detail\/20190308\/#article\",\"isPartOf\":{\"@id\":\"https:\/\/www.um.edu.mo\/pt-pt\/um-today\/detail\/20190308\/\"},\"author\":{\"name\":\"web_admin\",\"@id\":\"https:\/\/www.um.edu.mo\/pt-pt\/#\/schema\/person\/bfdcd3a75d1b778a93663e5dee2e33bb\"},\"headline\":\"2019-03-08\",\"datePublished\":\"2019-03-07T19:41:39+00:00\",\"mainEntityOfPage\":{\"@id\":\"https:\/\/www.um.edu.mo\/pt-pt\/um-today\/detail\/20190308\/\"},\"wordCount\":696,\"publisher\":{\"@id\":\"https:\/\/www.um.edu.mo\/pt-pt\/#organization\"},\"image\":{\"@id\":\"https:\/\/www.um.edu.mo\/pt-pt\/um-today\/detail\/20190308\/#primaryimage\"},\"thumbnailUrl\":\"http:\/\/www.um.edu.mo\/co\/images\/um_today_banner.jpg\",\"articleSection\":[\"UM Today\"],\"inLanguage\":\"pt-PT\"},{\"@type\":\"WebPage\",\"@id\":\"https:\/\/www.um.edu.mo\/pt-pt\/um-today\/detail\/20190308\/\",\"url\":\"https:\/\/www.um.edu.mo\/pt-pt\/um-today\/detail\/20190308\/\",\"name\":\"2019-03-08 | Universidade de Macau\",\"isPartOf\":{\"@id\":\"https:\/\/www.um.edu.mo\/pt-pt\/#website\"},\"primaryImageOfPage\":{\"@id\":\"https:\/\/www.um.edu.mo\/pt-pt\/um-today\/detail\/20190308\/#primaryimage\"},\"image\":{\"@id\":\"https:\/\/www.um.edu.mo\/pt-pt\/um-today\/detail\/20190308\/#primaryimage\"},\"thumbnailUrl\":\"http:\/\/www.um.edu.mo\/co\/images\/um_today_banner.jpg\",\"datePublished\":\"2019-03-07T19:41:39+00:00\",\"description\":\"Universidade de Macau: Uma universidade abrangente p\u00fablica de n\u00edvel internacional fundada em 1981\",\"breadcrumb\":{\"@id\":\"https:\/\/www.um.edu.mo\/pt-pt\/um-today\/detail\/20190308\/#breadcrumb\"},\"inLanguage\":\"pt-PT\",\"potentialAction\":[{\"@type\":\"ReadAction\",\"target\":[\"https:\/\/www.um.edu.mo\/pt-pt\/um-today\/detail\/20190308\/\"]}]},{\"@type\":\"ImageObject\",\"inLanguage\":\"pt-PT\",\"@id\":\"https:\/\/www.um.edu.mo\/pt-pt\/um-today\/detail\/20190308\/#primaryimage\",\"url\":\"http:\/\/www.um.edu.mo\/co\/images\/um_today_banner.jpg\",\"contentUrl\":\"http:\/\/www.um.edu.mo\/co\/images\/um_today_banner.jpg\"},{\"@type\":\"BreadcrumbList\",\"@id\":\"https:\/\/www.um.edu.mo\/pt-pt\/um-today\/detail\/20190308\/#breadcrumb\",\"itemListElement\":[{\"@type\":\"ListItem\",\"position\":1,\"name\":\"P\u00e1gina inicial\",\"item\":\"https:\/\/www.um.edu.mo\/pt-pt\/\"},{\"@type\":\"ListItem\",\"position\":2,\"name\":\"UM Today\",\"item\":\"https:\/\/www.um.edu.mo\/pt-pt\/category\/um-today\/\"},{\"@type\":\"ListItem\",\"position\":3,\"name\":\"2019-03-08\"}]},{\"@type\":\"WebSite\",\"@id\":\"https:\/\/www.um.edu.mo\/pt-pt\/#website\",\"url\":\"https:\/\/www.um.edu.mo\/pt-pt\/\",\"name\":\"Universidade de Macau\",\"description\":\"\",\"publisher\":{\"@id\":\"https:\/\/www.um.edu.mo\/pt-pt\/#organization\"},\"potentialAction\":[{\"@type\":\"SearchAction\",\"target\":{\"@type\":\"EntryPoint\",\"urlTemplate\":\"https:\/\/www.um.edu.mo\/pt-pt\/?s={search_term_string}\"},\"query-input\":{\"@type\":\"PropertyValueSpecification\",\"valueRequired\":true,\"valueName\":\"search_term_string\"}}],\"inLanguage\":\"pt-PT\"},{\"@type\":\"Organization\",\"@id\":\"https:\/\/www.um.edu.mo\/pt-pt\/#organization\",\"name\":\"University of Macau\",\"url\":\"https:\/\/www.um.edu.mo\/pt-pt\/\",\"logo\":{\"@type\":\"ImageObject\",\"inLanguage\":\"pt-PT\",\"@id\":\"https:\/\/www.um.edu.mo\/pt-pt\/#\/schema\/logo\/image\/\",\"url\":\"https:\/\/www.um.edu.mo\/wp-content\/uploads\/2020\/09\/UM-Logo_V-Black.png\",\"contentUrl\":\"https:\/\/www.um.edu.mo\/wp-content\/uploads\/2020\/09\/UM-Logo_V-Black.png\",\"width\":3508,\"height\":2785,\"caption\":\"University of Macau\"},\"image\":{\"@id\":\"https:\/\/www.um.edu.mo\/pt-pt\/#\/schema\/logo\/image\/\"},\"sameAs\":[\"https:\/\/www.facebook.com\/universityofmacau\",\"https:\/\/x.com\/UM_1981\"]},{\"@type\":\"Person\",\"@id\":\"https:\/\/www.um.edu.mo\/pt-pt\/#\/schema\/person\/bfdcd3a75d1b778a93663e5dee2e33bb\",\"name\":\"web_admin\",\"image\":{\"@type\":\"ImageObject\",\"inLanguage\":\"pt-PT\",\"@id\":\"https:\/\/www.um.edu.mo\/pt-pt\/#\/schema\/person\/image\/\",\"url\":\"https:\/\/secure.gravatar.com\/avatar\/e230ccd9ba8eb5ce94ecf306e4a35399?s=96&d=mm&r=g\",\"contentUrl\":\"https:\/\/secure.gravatar.com\/avatar\/e230ccd9ba8eb5ce94ecf306e4a35399?s=96&d=mm&r=g\",\"caption\":\"web_admin\"}}]}<\/script>\n<!-- \/ Yoast SEO plugin. -->","yoast_head_json":{"title":"2019-03-08 | Universidade de Macau","description":"Universidade de Macau: Uma universidade abrangente p\u00fablica de n\u00edvel internacional fundada em 1981","robots":{"index":"index","follow":"follow","max-snippet":"max-snippet:-1","max-image-preview":"max-image-preview:large","max-video-preview":"max-video-preview:-1"},"canonical":"https:\/\/www.um.edu.mo\/pt-pt\/um-today\/detail\/20190308\/","og_locale":"pt_PT","og_type":"article","og_title":"2019-03-08 | Universidade de Macau","og_description":"Universidade de Macau: Uma universidade abrangente p\u00fablica de n\u00edvel internacional fundada em 1981","og_url":"https:\/\/www.um.edu.mo\/pt-pt\/um-today\/detail\/20190308\/","og_site_name":"Universidade de Macau","article_publisher":"https:\/\/www.facebook.com\/universityofmacau","article_published_time":"2019-03-07T19:41:39+00:00","og_image":[{"url":"http:\/\/www.um.edu.mo\/co\/images\/um_today_banner.jpg","type":"","width":"","height":""}],"author":"web_admin","twitter_card":"summary_large_image","twitter_creator":"@UM_1981","twitter_site":"@UM_1981","twitter_misc":{"Escrito por":"web_admin","Tempo estimado de leitura":"3 minutos"},"schema":{"@context":"https:\/\/schema.org","@graph":[{"@type":"Article","@id":"https:\/\/www.um.edu.mo\/pt-pt\/um-today\/detail\/20190308\/#article","isPartOf":{"@id":"https:\/\/www.um.edu.mo\/pt-pt\/um-today\/detail\/20190308\/"},"author":{"name":"web_admin","@id":"https:\/\/www.um.edu.mo\/pt-pt\/#\/schema\/person\/bfdcd3a75d1b778a93663e5dee2e33bb"},"headline":"2019-03-08","datePublished":"2019-03-07T19:41:39+00:00","mainEntityOfPage":{"@id":"https:\/\/www.um.edu.mo\/pt-pt\/um-today\/detail\/20190308\/"},"wordCount":696,"publisher":{"@id":"https:\/\/www.um.edu.mo\/pt-pt\/#organization"},"image":{"@id":"https:\/\/www.um.edu.mo\/pt-pt\/um-today\/detail\/20190308\/#primaryimage"},"thumbnailUrl":"http:\/\/www.um.edu.mo\/co\/images\/um_today_banner.jpg","articleSection":["UM Today"],"inLanguage":"pt-PT"},{"@type":"WebPage","@id":"https:\/\/www.um.edu.mo\/pt-pt\/um-today\/detail\/20190308\/","url":"https:\/\/www.um.edu.mo\/pt-pt\/um-today\/detail\/20190308\/","name":"2019-03-08 | Universidade de Macau","isPartOf":{"@id":"https:\/\/www.um.edu.mo\/pt-pt\/#website"},"primaryImageOfPage":{"@id":"https:\/\/www.um.edu.mo\/pt-pt\/um-today\/detail\/20190308\/#primaryimage"},"image":{"@id":"https:\/\/www.um.edu.mo\/pt-pt\/um-today\/detail\/20190308\/#primaryimage"},"thumbnailUrl":"http:\/\/www.um.edu.mo\/co\/images\/um_today_banner.jpg","datePublished":"2019-03-07T19:41:39+00:00","description":"Universidade de Macau: Uma universidade abrangente p\u00fablica de n\u00edvel internacional fundada em 1981","breadcrumb":{"@id":"https:\/\/www.um.edu.mo\/pt-pt\/um-today\/detail\/20190308\/#breadcrumb"},"inLanguage":"pt-PT","potentialAction":[{"@type":"ReadAction","target":["https:\/\/www.um.edu.mo\/pt-pt\/um-today\/detail\/20190308\/"]}]},{"@type":"ImageObject","inLanguage":"pt-PT","@id":"https:\/\/www.um.edu.mo\/pt-pt\/um-today\/detail\/20190308\/#primaryimage","url":"http:\/\/www.um.edu.mo\/co\/images\/um_today_banner.jpg","contentUrl":"http:\/\/www.um.edu.mo\/co\/images\/um_today_banner.jpg"},{"@type":"BreadcrumbList","@id":"https:\/\/www.um.edu.mo\/pt-pt\/um-today\/detail\/20190308\/#breadcrumb","itemListElement":[{"@type":"ListItem","position":1,"name":"P\u00e1gina inicial","item":"https:\/\/www.um.edu.mo\/pt-pt\/"},{"@type":"ListItem","position":2,"name":"UM Today","item":"https:\/\/www.um.edu.mo\/pt-pt\/category\/um-today\/"},{"@type":"ListItem","position":3,"name":"2019-03-08"}]},{"@type":"WebSite","@id":"https:\/\/www.um.edu.mo\/pt-pt\/#website","url":"https:\/\/www.um.edu.mo\/pt-pt\/","name":"Universidade de Macau","description":"","publisher":{"@id":"https:\/\/www.um.edu.mo\/pt-pt\/#organization"},"potentialAction":[{"@type":"SearchAction","target":{"@type":"EntryPoint","urlTemplate":"https:\/\/www.um.edu.mo\/pt-pt\/?s={search_term_string}"},"query-input":{"@type":"PropertyValueSpecification","valueRequired":true,"valueName":"search_term_string"}}],"inLanguage":"pt-PT"},{"@type":"Organization","@id":"https:\/\/www.um.edu.mo\/pt-pt\/#organization","name":"University of Macau","url":"https:\/\/www.um.edu.mo\/pt-pt\/","logo":{"@type":"ImageObject","inLanguage":"pt-PT","@id":"https:\/\/www.um.edu.mo\/pt-pt\/#\/schema\/logo\/image\/","url":"https:\/\/www.um.edu.mo\/wp-content\/uploads\/2020\/09\/UM-Logo_V-Black.png","contentUrl":"https:\/\/www.um.edu.mo\/wp-content\/uploads\/2020\/09\/UM-Logo_V-Black.png","width":3508,"height":2785,"caption":"University of Macau"},"image":{"@id":"https:\/\/www.um.edu.mo\/pt-pt\/#\/schema\/logo\/image\/"},"sameAs":["https:\/\/www.facebook.com\/universityofmacau","https:\/\/x.com\/UM_1981"]},{"@type":"Person","@id":"https:\/\/www.um.edu.mo\/pt-pt\/#\/schema\/person\/bfdcd3a75d1b778a93663e5dee2e33bb","name":"web_admin","image":{"@type":"ImageObject","inLanguage":"pt-PT","@id":"https:\/\/www.um.edu.mo\/pt-pt\/#\/schema\/person\/image\/","url":"https:\/\/secure.gravatar.com\/avatar\/e230ccd9ba8eb5ce94ecf306e4a35399?s=96&d=mm&r=g","contentUrl":"https:\/\/secure.gravatar.com\/avatar\/e230ccd9ba8eb5ce94ecf306e4a35399?s=96&d=mm&r=g","caption":"web_admin"}}]}},"_links":{"self":[{"href":"https:\/\/www.um.edu.mo\/pt-pt\/wp-json\/wp\/v2\/posts\/162237","targetHints":{"allow":["GET"]}}],"collection":[{"href":"https:\/\/www.um.edu.mo\/pt-pt\/wp-json\/wp\/v2\/posts"}],"about":[{"href":"https:\/\/www.um.edu.mo\/pt-pt\/wp-json\/wp\/v2\/types\/post"}],"author":[{"embeddable":true,"href":"https:\/\/www.um.edu.mo\/pt-pt\/wp-json\/wp\/v2\/users\/1"}],"replies":[{"embeddable":true,"href":"https:\/\/www.um.edu.mo\/pt-pt\/wp-json\/wp\/v2\/comments?post=162237"}],"version-history":[{"count":0,"href":"https:\/\/www.um.edu.mo\/pt-pt\/wp-json\/wp\/v2\/posts\/162237\/revisions"}],"wp:attachment":[{"href":"https:\/\/www.um.edu.mo\/pt-pt\/wp-json\/wp\/v2\/media?parent=162237"}],"wp:term":[{"taxonomy":"category","embeddable":true,"href":"https:\/\/www.um.edu.mo\/pt-pt\/wp-json\/wp\/v2\/categories?post=162237"},{"taxonomy":"post_tag","embeddable":true,"href":"https:\/\/www.um.edu.mo\/pt-pt\/wp-json\/wp\/v2\/tags?post=162237"}],"curies":[{"name":"wp","href":"https:\/\/api.w.org\/{rel}","templated":true}]}}