{"id":162168,"date":"2019-06-21T03:41:08","date_gmt":"2019-06-20T19:41:08","guid":{"rendered":"https:\/\/www.um.edu.mo\/um-today\/2019\/06\/2019-06-21-pt_pt\/"},"modified":"2019-06-21T03:41:08","modified_gmt":"2019-06-20T19:41:08","slug":"20190621","status":"publish","type":"post","link":"https:\/\/www.um.edu.mo\/pt-pt\/um-today\/detail\/20190621\/","title":{"rendered":"2019-06-21"},"content":{"rendered":"\n                    \n                    <table width=\"737\" border=\"0\" cellpadding=\"0\" cellspacing=\"0\"><tr><td>\n            <img decoding=\"async\" src=\"http:\/\/www.um.edu.mo\/co\/images\/um_today_banner.jpg\" height=\"123\" width=\"737\" \/>\n        <\/td><\/tr><tr><td><table><tr><td width=\"380\" align=\"left\"><a href=\"https:\/\/www.um.edu.mo\/news-centre\/news-and-events\/um-today\/detail\/20190621\/\">Web version \u7db2\u9801\u7248<\/a><\/td><td>\n                        <p align=\"right\"><font size=\"2\">\u60f3\u77e5\u9053\u66f4\u591a\u7cbe\u5f69\u8cc7\u8a0a\uff0c\u8acb\u700f\u89bd\u6fb3\u5927\u5fae\u4fe1\u53ca\u81c9\u66f8\u3002<\/font><br \/><font size=\"2\">For more information, please follow us on WeChat or Facebook.<\/font><\/p>\n                    <\/td><\/tr><\/table><\/td><\/tr><tr><td><font size=\"-1\">\n            <div style=\"font-size: small\"><br \/><\/div>\n          <\/font><table width=\"100%\" border=\"0\" cellpadding=\"5\" cellspacing=\"0\"><tr><th bgcolor=\"#69B3E7\" width=\"110\" style=\"border-bottom: 2px dotted black;border-right: 2px dotted black\"><font color=\"black\" size=\"4\">Time <\/font><font color=\"black\" size=\"3\">\u6642\u9593<\/font><\/th><th bgcolor=\"#69B3E7\" style=\"border-bottom: 2px dotted black;border-right: 2px dotted black\"><font color=\"black\" size=\"4\">\n                    Today\u2019s Events \u4eca\u65e5\u6d3b\u52d5\n                  <\/font><\/th><th bgcolor=\"#69B3E7\" width=\"165\" valign=\"top\" style=\"border-bottom: 2px dotted black\"><font color=\"black\" size=\"4\">Venue <\/font><font color=\"black\" size=\"3\">\u5730\u9ede<\/font><\/th><\/tr><tr><td align=\"center\" style=\"border-right: 2px dotted black\" valign=\"top\"><font size=\"-1\">\n                        09:00\n                        \n                          &#8211; 17:45<\/font><\/td><td style=\"border-right: 2px dotted black\" valign=\"top\"><a href=\"http:\/\/www.um.edu.mo\/news-centre\/news-and-events\/event-calendar\/20190621\/#48185\"><font size=\"-1\" color=\"purple\">Exhibition of Artworks by Faculty and Students of the University of Macau<\/font><\/a><font size=\"-1\"> (cont)<\/font><br \/><a href=\"http:\/\/www.um.edu.mo\/zh-hant\/news-centre\/news-and-events\/event-calendar\/20190621\/#48185\"><font size=\"-1\" color=\"purple\">\u6fb3\u9580\u5927\u5b78\u5e2b\u751f\u85dd\u8853\u5c55\u89bd<\/font><\/a><\/td><td align=\"center\" valign=\"top\" width=\"165\"><font size=\"-1\">\n                        E34, Exhibition and Multifunction Hall of Cultural Building\n                      <\/font><\/td><\/tr><tr><td align=\"center\" style=\"border-right: 2px dotted black\" valign=\"top\"><font size=\"-1\">\n                        10:00\n                        \n                          &#8211; 17:00<\/font><\/td><td style=\"border-right: 2px dotted black\" valign=\"top\"><a href=\"http:\/\/www.um.edu.mo\/news-centre\/news-and-events\/event-calendar\/20190621\/#48204\"><font size=\"-1\" color=\"purple\">Library Exhibition &#8212; Chinese Calligraphy Exhibition by Renowned Academicians and Scholars<\/font><\/a><font size=\"-1\"> (cont)<\/font><br \/><a href=\"http:\/\/www.um.edu.mo\/zh-hant\/news-centre\/news-and-events\/event-calendar\/20190621\/#48204\"><font size=\"-1\" color=\"purple\">\u5716\u66f8\u9928\u5c55\u89bd: \u79d1\u5b78\u5927\u5e2b\u4eba\u6587\u66f8\u85dd\u5091\u51fa\u9662\u58eb\u5b78\u8005\u66f8\u6cd5\u5c55<\/font><\/a><\/td><td align=\"center\" valign=\"top\" width=\"165\"><font size=\"-1\">\n                        E2, UM Wu Yee Sun Library, 5\/F, Exhibition Hall II\n                      <\/font><\/td><\/tr><tr><td align=\"center\" style=\"border-right: 2px dotted black\" valign=\"top\"><font size=\"-1\">\n                        10:30\n                        \n                          &#8211; 11:30<\/font><\/td><td style=\"border-right: 2px dotted black\" valign=\"top\"><a href=\"http:\/\/www.um.edu.mo\/news-centre\/news-and-events\/event-calendar\/20190621\/#48198\"><font size=\"-1\" color=\"blue\">Campus Visit by delegation from Pak Kau College, HK<\/font><\/a><font size=\"-1\"><\/font><br \/><a href=\"http:\/\/www.um.edu.mo\/zh-hant\/news-centre\/news-and-events\/event-calendar\/20190621\/#48198\"><font size=\"-1\" color=\"blue\">\u9999\u6e2f\u4f2f\u88d8\u66f8\u9662\u53c3\u89c0\u6fb3\u5927<\/font><\/a><\/td><td align=\"center\" valign=\"top\" width=\"165\"><font size=\"-1\">\n                        UM Campus\n                      <\/font><\/td><\/tr><tr><td align=\"center\" style=\"border-right: 2px dotted black\" valign=\"top\"><font size=\"-1\">\n                        11:00\n                        \n                          &#8211; 12:00<\/font><\/td><td style=\"border-right: 2px dotted black\" valign=\"top\"><a href=\"http:\/\/www.um.edu.mo\/news-centre\/news-and-events\/event-calendar\/20190621\/#48209\"><font size=\"-1\" color=\"blue\">FST-CIS Seminar : &#8220;Learning from Blockchain&#8221; by Prof. Jeff SANDERS<\/font><\/a><font size=\"-1\"><\/font><br \/><a href=\"http:\/\/www.um.edu.mo\/zh-hant\/news-centre\/news-and-events\/event-calendar\/20190621\/#48209\"><font size=\"-1\" color=\"blue\">\u79d1\u6280\u5b78\u9662\u96fb\u8166\u53ca\u8cc7\u8a0a\u79d1\u5b78\u7cfb\u8b1b\u5ea7 &#8211; Jeff SANDERS \u6559\u6388<\/font><\/a><\/td><td align=\"center\" valign=\"top\" width=\"165\"><font size=\"-1\">\n                        E11-4045, Faculty of Science and Technology\n                      <\/font><\/td><\/tr><tr><td align=\"center\" style=\"border-right: 2px dotted black\" valign=\"top\"><font size=\"-1\">\n                        15:00\n                        \n                          &#8211; 16:00<\/font><\/td><td style=\"border-right: 2px dotted black\" valign=\"top\"><a href=\"http:\/\/www.um.edu.mo\/news-centre\/news-and-events\/event-calendar\/20190621\/#48199\"><font size=\"-1\" color=\"blue\">Campus Visit by Computer Academy of Guangdong, China<\/font><\/a><font size=\"-1\"><\/font><br \/><a href=\"http:\/\/www.um.edu.mo\/zh-hant\/news-centre\/news-and-events\/event-calendar\/20190621\/#48199\"><font size=\"-1\" color=\"blue\">\u5ee3\u6771\u7701\u8a08\u7b97\u6a5f\u5b78\u6703\u53c3\u89c0\u6fb3\u5927<\/font><\/a><\/td><td align=\"center\" valign=\"top\" width=\"165\"><font size=\"-1\">\n                        UM Campus\n                      <\/font><\/td><\/tr><tr><td align=\"center\" style=\"border-right: 2px dotted black\" valign=\"top\"><font size=\"-1\">\n                        18:30\n                        \n                          &#8211; 20:30<\/font><\/td><td style=\"border-right: 2px dotted black\" valign=\"top\"><a href=\"http:\/\/www.um.edu.mo\/news-centre\/news-and-events\/event-calendar\/20190621\/#47965\"><font size=\"-1\" color=\"purple\">FAH-CPC-IPOR: A1 Level Portuguese Program for Health Care Professionals<\/font><\/a><font size=\"-1\"> (cont)<\/font><br \/><a href=\"http:\/\/www.um.edu.mo\/zh-hant\/news-centre\/news-and-events\/event-calendar\/20190621\/#47965\"><font size=\"-1\" color=\"purple\">\u8461\u8404\u7259\u8a9e\u4f5c\u70ba\u5916\u8a9eAl\u7d1a\u885b\u751f\u9818\u57df\u5c08\u696d\u4eba\u54e1\u8ab2\u7a0b<\/font><\/a><\/td><td align=\"center\" valign=\"top\" width=\"165\"><font size=\"-1\">\n                        Instituto Portugu\u00eas do Oriente (IPOR), Rua Pedro Nolasco da Silva, n.\u00ba 45-1.\u00ba\n                      <\/font><\/td><\/tr><tr><td align=\"center\" style=\"border-right: 2px dotted black\" valign=\"top\"><font size=\"-1\">\n                        &#8211;\n                      <\/font><\/td><td style=\"border-right: 2px dotted black\" valign=\"top\"><a href=\"http:\/\/www.um.edu.mo\/news-centre\/news-and-events\/event-calendar\/20190621\/#47960\"><font size=\"-1\" color=\"purple\">2019\/2020 Admission to Bachelor&#8217;s Degree Programmes for Mainland China Students (Application period: 02\/05\/2019-27\/06\/2019)<\/font><\/a><font size=\"-1\"> (cont)<\/font><br \/><a href=\"http:\/\/www.um.edu.mo\/zh-hant\/news-centre\/news-and-events\/event-calendar\/20190621\/#47960\"><font size=\"-1\" color=\"purple\">2019\/2020 \u5b78\u5e74\u5b78\u58eb\u5b78\u4f4d\u8ab2\u7a0b\u62db\u751f\uff1a\u5167\u5730\u5b78\u751f\uff08\u5831\u540d\u65e5\u671f\uff1a02\/05\/2019-27\/06\/2019\uff09<\/font><\/a><\/td><td align=\"center\" valign=\"top\" width=\"165\"><font size=\"-1\">\n                        Online Application: https:\/\/reg.um.edu.mo\/admission\/nonlocal\/mainland\/news\/?lang=zh-hant\n                      <\/font><\/td><\/tr><tr><td colspan=\"3\" align=\"right\" style=\"border-top: 1px dashed black\"><font size=\"-1\" color=\"#202020\"><a href='http:\/\/www.um.edu.mo\/news-centre\/news-and-events\/event-calendar\/201906'>More events<\/a> <a href='http:\/\/www.um.edu.mo\/zh-hant\/news-centre\/news-and-events\/event-calendar\/201906'>\u66f4\u591a\u6d3b\u52d5<\/a> \/ <a href='https:\/\/isw.um.edu.mo\/nrsadmin\/faces\/createEvent'>Post an event \u767c\u4f48\u6d3b\u52d5<\/a><\/font><\/td><\/tr><\/table><br \/><table width=\"100%\" border=\"0\" cellpadding=\"5\" cellspacing=\"0\"><tr><th bgcolor=\"#69B3E7\" style=\"border-bottom: 2px dotted black;border-right: 2px dotted black\"><font color=\"black\" size=\"4\">\n                    News &amp; Upcoming Activities \u65b0\u805e\u53ca\u6d3b\u52d5\u9810\u544a\n                    <\/font><\/th><th bgcolor=\"#69B3E7\" width=\"140\" style=\"border-bottom: 2px dotted black\"><font color=\"black\" size=\"4\">Dept. <\/font><font color=\"black\" size=\"3\">\u90e8\u9580<\/font><\/th><\/tr><tr><td style=\"border-right: 2px dotted black\"><a href=\"http:\/\/www.um.edu.mo\/news-centre\/news-and-events\/news-and-press-releases\/detail\/48214\/\"><font size=\"-1\" color=\"#202020\">Computer scientist Pan Yunhe gives talk at UM on AI 2.0<\/font><\/a><br \/><a href=\"http:\/\/www.um.edu.mo\/zh-hant\/news-centre\/news-and-events\/news-and-press-releases\/detail\/48214\/\"><font size=\"-1\" color=\"#202020\">\u8a08\u7b97\u6a5f\u61c9\u7528\u5c08\u5bb6\u6f58\u96f2\u9db4\u6fb3\u5927\u8ac7\u65b0\u4e00\u4ee3\u4eba\u5de5\u667a\u80fd<\/font><\/a><\/td><td align=\"center\" valign=\"top\" width=\"140\"><font size=\"-1\">CO<\/font><\/td><\/tr><tr><td style=\"border-right: 2px dotted black\"><a href=\"http:\/\/www.um.edu.mo\/news-centre\/news-and-events\/news-and-press-releases\/detail\/48210\/\"><font size=\"-1\" color=\"#202020\">UM holds roundtable discussion on the future of EU and Asia Pacific<\/font><\/a><br \/><a href=\"http:\/\/www.um.edu.mo\/zh-hant\/news-centre\/news-and-events\/news-and-press-releases\/detail\/48210\/\"><font size=\"-1\" color=\"#202020\">\u6fb3\u5927\u5713\u684c\u6703\u8b70\u63a2\u8a0e\u6b50\u76df\u8207\u4e9e\u592a\u5730\u5340\u672a\u4f86<\/font><\/a><\/td><td align=\"center\" valign=\"top\" width=\"140\"><font size=\"-1\">CO<\/font><\/td><\/tr><tr><td style=\"border-right: 2px dotted black\"><a href=\"http:\/\/www.um.edu.mo\/news-centre\/news-and-events\/news-and-press-releases\/detail\/48208\/\"><font size=\"-1\" color=\"#202020\">UM holds UAUC joint meeting; Chui Sai On: UM gives new impetus to Macao\u2019s economic diversification and sustainable development<\/font><\/a><br \/><a href=\"http:\/\/www.um.edu.mo\/zh-hant\/news-centre\/news-and-events\/news-and-press-releases\/detail\/48208\/\"><font size=\"-1\" color=\"#202020\">\u6fb3\u5927\u8209\u884c\u5927\u5b78\u8b70\u5ead\u53ca\u6821\u8463\u6703\u806f\u5e2d\u6703\u8b70  \u5d14\u4e16\u5b89\uff1a\u6fb3\u5927\u70ba\u6fb3\u9580\u7d93\u6fdf\u9069\u5ea6\u591a\u5143\u53ef\u6301\u7e8c\u767c\u5c55\u6ce8\u5165\u65b0\u52d5\u529b<\/font><\/a><\/td><td align=\"center\" valign=\"top\" width=\"140\"><font size=\"-1\">CO<\/font><\/td><\/tr><tr><td style=\"border-right: 2px dotted black\"><a href=\"http:\/\/um2.um.edu.mo\/apps\/com\/bulletin.nsf\/nrsview\/3461B01B9F2EE7BA4825841F002941AA\"><font size=\"-1\" color=\"#202020\">Teachers and students of MLC went to the rural area of Cambodia for volunteer work and teaching<\/font><\/a><br \/><a href=\"http:\/\/um2.um.edu.mo\/apps\/com\/bulletin.nsf\/nrsview\/3461B01B9F2EE7BA4825841F002941AA\"><font size=\"-1\" color=\"#202020\">\u99ac\u842c\u797a\u7f85\u67cf\u5fc3\u66f8\u9662\u5e2b\u751f\u524d\u5f80\u67ec\u57d4\u5be8\u5c71\u5340\u9032\u884c\u7fa9\u5de5\u7fa9\u6559<\/font><\/a><\/td><td align=\"center\" valign=\"top\" width=\"140\"><font size=\"-1\">MLC<\/font><\/td><\/tr><tr><td style=\"border-right: 2px dotted black\"><a href=\"http:\/\/um2.um.edu.mo\/apps\/com\/bulletin.nsf\/nrsview\/0DB7745A1C16E07F4825841D0016243D\"><font size=\"-1\" color=\"#202020\">Snapshots of Daily Campus Tours<\/font><\/a><br \/><a href=\"http:\/\/um2.um.edu.mo\/apps\/com\/bulletin.nsf\/nrsview\/0DB7745A1C16E07F4825841D0016243D\"><font size=\"-1\" color=\"#202020\">\u6821\u5712\u5c0e\u8cde\u82b1\u7d6e<\/font><\/a><\/td><td align=\"center\" valign=\"top\" width=\"140\"><font size=\"-1\">CO-PRS<\/font><\/td><\/tr><tr><td colspan=\"2\" align=\"right\" style=\"border-top: 1px dashed black\"><font size=\"-1\" color=\"#202020\"><a href='https:\/\/www.um.edu.mo\/news-centre\/news-and-events\/news-and-press-releases.html'>More news<\/a> <a href='http:\/\/www.um.edu.mo\/zh-hant\/news-centre\/news-and-events\/news-and-press-releases.html'>\u66f4\u591a\u65b0\u805e<\/a><\/font> \/\n                  <font size=\"-1\" color=\"#202020\"><a href=\"http:\/\/isw.um.edu.mo\/nsp\">Submit news \u767c\u4f48\u65b0\u805e<\/a><\/font><\/td><\/tr><\/table><br \/><table width=\"100%\" border=\"0\" cellpadding=\"5\" cellspacing=\"0\"><tr><th bgcolor=\"#69B3E7\" style=\"border-bottom: 2px dotted black;border-right: 2px dotted black\"><font color=\"black\" size=\"4\">\n                    Internal Notice \u6821\u5167\u901a\u544a\n                    <\/font><\/th><th bgcolor=\"#69B3E7\" width=\"100\" style=\"border-bottom: 2px dotted black\"><font color=\"black\" size=\"4\">Dept. <\/font><font color=\"black\" size=\"3\">\u90e8\u9580<\/font><\/th><\/tr><tr><td style=\"border-right: 2px dotted black\"><a href=\"http:\/\/um2.um.edu.mo\/apps\/com\/bulletin.nsf\/nrsview\/703225258EB0D9EE4825841F00405F02\"><font size=\"-1\" color=\"#202020\">Time to enjoy Lotus<\/font><\/a><br \/><a href=\"http:\/\/um2.um.edu.mo\/apps\/com\/bulletin.nsf\/nrsview\/703225258EB0D9EE4825841F00405F02\"><font size=\"-1\" color=\"#202020\">\u708e\u708e\u590f\u65e5\uff0c\u6b63\u662f\u8cde\u8377\u597d\u65e5\u5b50<\/font><\/a><\/td><td align=\"center\" valign=\"top\" width=\"140\"><font size=\"-1\">CMDO-FDS<\/font><\/td><\/tr><tr><td style=\"border-right: 2px dotted black\"><a href=\"http:\/\/um2.um.edu.mo\/apps\/com\/bulletin.nsf\/nrsview\/8FACECAFAE239B314825841F0032A005\"><font size=\"-1\" color=\"#202020\">Reminder: Temporary Suspension of Power Supply and Network Services at E22 on 22 June 2019<\/font><\/a><br \/><a href=\"http:\/\/um2.um.edu.mo\/apps\/com\/bulletin.nsf\/nrsview\/8FACECAFAE239B314825841F0032A005\"><font size=\"-1\" color=\"#202020\">\u63d0\u63d0\u4f60: E22\u4e4b\u96fb\u529b\u4f9b\u61c9\u53ca\u7db2\u7d61\u670d\u52d9\u5c07\u65bc2019\u5e746\u670822\u65e5\u66ab\u505c<\/font><\/a><\/td><td align=\"center\" valign=\"top\" width=\"140\"><font size=\"-1\">CMDO-FMM<\/font><\/td><\/tr><tr><td style=\"border-right: 2px dotted black\"><a href=\"http:\/\/um2.um.edu.mo\/apps\/com\/bulletin.nsf\/nrsview\/5E97E90DC27CBDE34825841F003308AD\"><font size=\"-1\" color=\"#202020\">Temporary Suspension of Power Supply and Network Services at N1, N2 &amp; P3 on 29 June 2019<\/font><\/a><br \/><a href=\"http:\/\/um2.um.edu.mo\/apps\/com\/bulletin.nsf\/nrsview\/5E97E90DC27CBDE34825841F003308AD\"><font size=\"-1\" color=\"#202020\">N1, N2\u53caP3\u4e4b\u96fb\u529b\u4f9b\u61c9\u53ca\u7db2\u7d61\u670d\u52d9\u5c07\u65bc2019\u5e746\u670829\u65e5\u66ab\u505c<\/font><\/a><\/td><td align=\"center\" valign=\"top\" width=\"140\"><font size=\"-1\">CMDO-FMM<\/font><\/td><\/tr><tr><td style=\"border-right: 2px dotted black\"><a href=\"http:\/\/um2.um.edu.mo\/apps\/com\/bulletin.nsf\/nrsview\/3501FF725F9C8DAB4825841F00346ABD\"><font size=\"-1\" color=\"#202020\">ATM service located at Research Building (N21) will be suspended on 22 June 2019<\/font><\/a><br \/><a href=\"http:\/\/um2.um.edu.mo\/apps\/com\/bulletin.nsf\/nrsview\/3501FF725F9C8DAB4825841F00346ABD\"><font size=\"-1\" color=\"#202020\">\u4f4d\u65bc\u79d1\u7814\u5927\u6a13(N21)\u7684\u81ea\u52d5\u6ac3\u54e1\u6a5f\u5c07\u65bc2019\u5e746\u670822\u65e5\u66ab\u505c\u904b\u4f5c<\/font><\/a><\/td><td align=\"center\" valign=\"top\" width=\"140\"><font size=\"-1\">FO<\/font><\/td><\/tr><tr><td style=\"border-right: 2px dotted black\"><a href=\"http:\/\/um2.um.edu.mo\/apps\/com\/bulletin.nsf\/nrsview\/487C2834A85125174825841F002CEDB9\"><font size=\"-1\" color=\"#202020\">Centro de Forma\u00e7\u00e3o Jur\u00eddica e Judici\u00e1ria (CFJJ): Public Administration Legislation &#8211;  Personnel Management &#8211;  Advanced Level  (in Cantonese)<\/font><\/a><br \/><a href=\"http:\/\/um2.um.edu.mo\/apps\/com\/bulletin.nsf\/nrsview\/487C2834A85125174825841F002CEDB9\"><font size=\"-1\" color=\"#202020\">\u6cd5\u5f8b\u53ca\u53f8\u6cd5\u57f9\u8a13\u4e2d\u5fc3: \u516c\u8077\u6cd5\u5f8b\u5236\u5ea6\u8ab2\u7a0b &#8211; \u4eba\u4e8b\u7ba1\u7406\u7bc4\u7587\u9032\u968e\u8ab2\u7a0b (\u5ee3\u6771\u8a71\u6388\u8ab2)<\/font><\/a><\/td><td align=\"center\" valign=\"top\" width=\"140\"><font size=\"-1\">ADMO-HRS<\/font><\/td><\/tr><tr><td style=\"border-right: 2px dotted black\"><a href=\"http:\/\/um2.um.edu.mo\/apps\/com\/bulletin.nsf\/nrsview\/1106740C755C30BC4825841F0008E540\"><font size=\"-1\" color=\"#202020\">New in-house training course: &#8220;Barrier-free facilities and architecture design&#8221; &amp; &#8220;Problem Solving Skills&#8221;<\/font><\/a><br \/><a href=\"http:\/\/um2.um.edu.mo\/apps\/com\/bulletin.nsf\/nrsview\/1106740C755C30BC4825841F0008E540\"><font size=\"-1\" color=\"#202020\">\u65b0\u4e00\u671f\u5167\u90e8\u57f9\u8a13\u8ab2\u7a0b:\u300c\u7121\u969c\u7919\u8a2d\u65bd\u53ca\u5efa\u7bc9\u8a2d\u8a08\u300d\u53ca\u300c\u554f\u984c\u6280\u5de7\u8ab2\u7a0b\u300d<\/font><\/a><\/td><td align=\"center\" valign=\"top\" width=\"140\"><font size=\"-1\">ADMO-HRS<\/font><\/td><\/tr><tr><td style=\"border-right: 2px dotted black\"><a href=\"http:\/\/um2.um.edu.mo\/apps\/com\/bulletin.nsf\/nrsview\/31674B2098CD1FAF4825841F002C4C3F\"><font size=\"-1\" color=\"#202020\">PhD Oral Defence in the Institute of Chinese Medical Sciences, by Mr LIU Xin, on 24 June 2019<\/font><\/a><br \/><a href=\"http:\/\/um2.um.edu.mo\/apps\/com\/bulletin.nsf\/nrsview\/31674B2098CD1FAF4825841F002C4C3F\"><font size=\"-1\" color=\"#202020\"><\/font><\/a><\/td><td align=\"center\" valign=\"top\" width=\"140\"><font size=\"-1\">ICMS<\/font><\/td><\/tr><tr><td style=\"border-right: 2px dotted black\"><a href=\"http:\/\/um2.um.edu.mo\/apps\/com\/bulletin.nsf\/nrsview\/83EA8608897C9E654825841F002D54DD\"><font size=\"-1\" color=\"#202020\">PhD Oral Defence in the Institute of Chinese Medical Sciences, by Ms PAN Tingting, on 25 June 2019<\/font><\/a><br \/><a href=\"http:\/\/um2.um.edu.mo\/apps\/com\/bulletin.nsf\/nrsview\/83EA8608897C9E654825841F002D54DD\"><font size=\"-1\" color=\"#202020\"><\/font><\/a><\/td><td align=\"center\" valign=\"top\" width=\"140\"><font size=\"-1\">ICMS<\/font><\/td><\/tr><tr><td style=\"border-right: 2px dotted black\"><a href=\"http:\/\/um2.um.edu.mo\/apps\/com\/bulletin.nsf\/nrsview\/F90F2CE66D7A9BBA4825841F001946BB\"><font size=\"-1\" color=\"#202020\">Public Administration and Civil Service Bureau (SAFP): Training Courses (1st Series of Jun 2019)<\/font><\/a><br \/><a href=\"http:\/\/um2.um.edu.mo\/apps\/com\/bulletin.nsf\/nrsview\/F90F2CE66D7A9BBA4825841F001946BB\"><font size=\"-1\" color=\"#202020\">\u884c\u653f\u516c\u8077\u5c40\uff1a\u57f9\u8a13\u8ab2\u7a0b (2019\u5e746\u6708\u4efd\u7b2c1\u671f)<\/font><\/a><\/td><td align=\"center\" valign=\"top\" width=\"140\"><font size=\"-1\">ADMO-HRS<\/font><\/td><\/tr><tr><td style=\"border-right: 2px dotted black\"><a href=\"http:\/\/um2.um.edu.mo\/apps\/com\/bulletin.nsf\/nrsview\/AC08DE04D0B0D0994825841F00266018\"><font size=\"-1\" color=\"#202020\">Friendly Reminder: Centralized Procurement \u96c6\u4e2d\u63a1\u8cfc 2019 &#8211; 2nd call for Furniture (Deadline: 30 Jun 2019, 5:30 pm)<\/font><\/a><br \/><a href=\"http:\/\/um2.um.edu.mo\/apps\/com\/bulletin.nsf\/nrsview\/AC08DE04D0B0D0994825841F00266018\"><font size=\"-1\" color=\"#202020\"><\/font><\/a><\/td><td align=\"center\" valign=\"top\" width=\"140\"><font size=\"-1\">ADMO-PCT<\/font><\/td><\/tr><tr><td style=\"border-right: 2px dotted black\"><a href=\"http:\/\/um2.um.edu.mo\/apps\/com\/bulletin.nsf\/nrsview\/4044912B74E3743F4825841E003A33D0\"><font size=\"-1\" color=\"#202020\">PhD Oral Defense in Faculty of Science and Technology, by Mr. Fuming LIU, on 26 June 2019<\/font><\/a><br \/><a href=\"http:\/\/um2.um.edu.mo\/apps\/com\/bulletin.nsf\/nrsview\/4044912B74E3743F4825841E003A33D0\"><font size=\"-1\" color=\"#202020\"><\/font><\/a><\/td><td align=\"center\" valign=\"top\" width=\"140\"><font size=\"-1\">FST<\/font><\/td><\/tr><tr><td style=\"border-right: 2px dotted black\"><a href=\"http:\/\/um2.um.edu.mo\/apps\/com\/bulletin.nsf\/nrsview\/75972E42696A8DE24825841E0039FBC2\"><font size=\"-1\" color=\"#202020\">PhD Oral Defense in Faculty of Science and Technology, by Mr. Yang KUANG, on 26 June 2019<\/font><\/a><br \/><a href=\"http:\/\/um2.um.edu.mo\/apps\/com\/bulletin.nsf\/nrsview\/75972E42696A8DE24825841E0039FBC2\"><font size=\"-1\" color=\"#202020\"><\/font><\/a><\/td><td align=\"center\" valign=\"top\" width=\"140\"><font size=\"-1\">FST<\/font><\/td><\/tr><tr><td colspan=\"2\" align=\"right\" style=\"border-top: 1px dashed black\"><font size=\"-1\" color=\"#202020\"><a href='https:\/\/www.um.edu.mo\/staff\/university-almanac-information\/e-bulletin-board-for-staff.html'>All active notices<\/a> <a href='http:\/\/www.um.edu.mo\/zh-hant\/staff\/university-almanac-information\/e-bulletin-board-for-staff.html'>\u6240\u6709\u5167\u90e8\u901a\u544a<\/a><\/font><\/td><\/tr><\/table><br \/><table width=\"100%\" border=\"0\" cellpadding=\"5\" cellspacing=\"0\"><tr><th bgcolor=\"#69B3E7\" style=\"border-bottom: 2px dotted black;border-right: 2px dotted black\"><font color=\"black\" size=\"4\">\n                    Student Notice \u5b78\u751f\u901a\u544a\n                    <\/font><\/th><th bgcolor=\"#69B3E7\" width=\"100\" style=\"border-bottom: 2px dotted black\"><font color=\"black\" size=\"4\">Dept. <\/font><font color=\"black\" size=\"3\">\u90e8\u9580<\/font><\/th><\/tr><tr><td style=\"border-right: 2px dotted black\"><a href=\"http:\/\/um2.um.edu.mo\/apps\/com\/bulletin.nsf\/nrsview\/DEF5FE7EE39E80764825841F00377BFE\"><font size=\"-1\" color=\"#202020\">News Express: UM holds UAUC joint meeting;\nChui Sai On: UM gives new impetus to Macao\u2019s economic diversification and sustainable development<\/font><\/a><br \/><a href=\"http:\/\/um2.um.edu.mo\/apps\/com\/bulletin.nsf\/nrsview\/DEF5FE7EE39E80764825841F00377BFE\"><font size=\"-1\" color=\"#202020\">\u65b0\u805e\u5feb\u8a0a\uff1a\u6fb3\u5927\u8209\u884c\u5927\u5b78\u8b70\u5ead\u53ca\u6821\u8463\u6703\u806f\u5e2d\u6703\u8b70\n\u5d14\u4e16\u5b89\uff1a\u6fb3\u5927\u70ba\u6fb3\u9580\u7d93\u6fdf\u9069\u5ea6\u591a\u5143\u53ef\u6301\u7e8c\u767c\u5c55\u6ce8\u5165\u65b0\u52d5\u529b<\/font><\/a><\/td><td align=\"center\" valign=\"top\" width=\"140\"><font size=\"-1\">CO-PRS<\/font><\/td><\/tr><tr><td style=\"border-right: 2px dotted black\"><a href=\"http:\/\/um2.um.edu.mo\/apps\/com\/bulletin.nsf\/nrsview\/988F982897AF068D4825841F0037EB99\"><font size=\"-1\" color=\"#202020\">News Express: Computer scientist Pan Yunhe gives talk at UM on AI 2.0<\/font><\/a><br \/><a href=\"http:\/\/um2.um.edu.mo\/apps\/com\/bulletin.nsf\/nrsview\/988F982897AF068D4825841F0037EB99\"><font size=\"-1\" color=\"#202020\">\u65b0\u805e\u5feb\u8a0a\uff1a\u8a08\u7b97\u6a5f\u61c9\u7528\u5c08\u5bb6\u6f58\u96f2\u9db4\u6fb3\u5927\u8ac7\u65b0\u4e00\u4ee3\u4eba\u5de5\u667a\u80fd<\/font><\/a><\/td><td align=\"center\" valign=\"top\" width=\"140\"><font size=\"-1\">CO-PRS<\/font><\/td><\/tr><tr><td style=\"border-right: 2px dotted black\"><a href=\"http:\/\/um2.um.edu.mo\/apps\/com\/bulletin.nsf\/nrsview\/730F01CA2E7E46ED4825841F00084A4B\"><font size=\"-1\" color=\"#202020\">UM Mandarin Debating Team entered the Quarter Final in the 2019 Chinese Debate World Cup at Beijing, China<\/font><\/a><br \/><a href=\"http:\/\/um2.um.edu.mo\/apps\/com\/bulletin.nsf\/nrsview\/730F01CA2E7E46ED4825841F00084A4B\"><font size=\"-1\" color=\"#202020\">\u6fb3\u5927\u666e\u901a\u8a71\u8faf\u8ad6\u968a\u8d74\u4eac\u53c3\u8cfd\uff0c\u8e8b\u8eab2019\u83ef\u8a9e\u8faf\u8ad6\u4e16\u754c\u76c3\u516b\u5f37<\/font><\/a><\/td><td align=\"center\" valign=\"top\" width=\"140\"><font size=\"-1\">SAO-SRS<\/font><\/td><\/tr><tr><td style=\"border-right: 2px dotted black\"><a href=\"http:\/\/um2.um.edu.mo\/apps\/com\/bulletin.nsf\/nrsview\/C42F24AFB702BDF54825841F000DDAFD\"><font size=\"-1\" color=\"#202020\">Morning Express: UM Today \u300a\u4eca\u65e5\u6fb3\u5927\u300b(for students), 20\/06\/2019<\/font><\/a><br \/><a href=\"http:\/\/um2.um.edu.mo\/apps\/com\/bulletin.nsf\/nrsview\/C42F24AFB702BDF54825841F000DDAFD\"><font size=\"-1\" color=\"#202020\"><\/font><\/a><\/td><td align=\"center\" valign=\"top\" width=\"140\"><font size=\"-1\">CO<\/font><\/td><\/tr><tr><td colspan=\"2\" align=\"right\" style=\"border-top: 1px dashed black\"><font size=\"-1\" color=\"#202020\"><a href='https:\/\/www.um.edu.mo\/students\/university-almanac-information\/e-bulletin-for-students.html'>All active student notice<\/a> <a href='http:\/\/www.um.edu.mo\/zh-hant\/student\/university-almanac-information\/e-bulletin-for-students.html'>\u6240\u6709\u5b78\u751f\u901a\u544a<\/a><\/font><\/td><\/tr><\/table><br \/><font size=\"-1\">\n          <table width=\"100%\" cellspacing=\"0\" cellpadding=\"5\">\n<tbody>\n<tr>\n<td width=\"33%\"><font size=\"-1\"><a href=\"https:\/\/isw.um.edu.mo\/umresource\/\">Banner Booking \u501f\u7528\u6a6b\u984d<\/a><\/font><\/td>\n<td width=\"33%\"><font size=\"-1\"><a href=\"https:\/\/isw.um.edu.mo\/nsp\">Add News and Events \u4e0a\u8f09\u65b0\u805e\u53ca\u6d3b\u52d5<\/a><\/font><\/td>\n<td width=\"33%\"><font size=\"-1\"><a href=\"https:\/\/fmm.cmdo.um.edu.mo\/wp-content\/uploads\/2016\/12\/unclaimed-mail-2018-9.pdf\">List for Undeliverable Mail \u5f85\u9818\u90f5\u4ef6\u8868<\/a><\/font><\/td><\/tr>\n<tr>\n<td><font size=\"-1\"><a href=\"https:\/\/isw.um.edu.mo\/umresource\/\">Equipment Booking \u501f\u7528\u7269\u54c1<\/a><\/font><\/td>\n<td><a href=\"https:\/\/isw.um.edu.mo\/eleave\/\"><font size=\"-1\">Leave Application System \u4f11\u5047\u7533\u8acb<\/font><\/a><\/td>\n<td><a href=\"https:\/\/um2.um.edu.mo\/apps\/com\/umlostfound.nsf\/eng\"><font size=\"-1\">Lost and Found \u5931\u7269\u8a8d\u9818<\/font><\/a><\/td><\/tr>\n<tr>\n<td><a href=\"https:\/\/isw.um.edu.mo\/cdweb\/\"><font size=\"-1\">Sports Facilities Booking \u9ad4\u80b2\u8a2d\u65bd\u9810\u7d04<\/font><\/a><\/td>\n<td><font size=\"-1\"><a href=\"https:\/\/isw.um.edu.mo\/umresource\/\">Venue Booking \u501f\u7528\u5834\u5730<\/a><\/font><\/td>\n<td><font size=\"-1\"><a href=\"https:\/\/reg.um.edu.mo\/admission\/generalinfo\/university-almanac\/\">University Almanac&nbsp;\u6821\u66c6<\/a><\/font><\/td><\/tr>\n<tr>\n<td><br \/><\/td><td><font size=\"-1\"><\/font><\/td><\/tr><\/tbody><\/table>\n<p><span style=\"font-family: Times New Roman,Times,serif;font-style: italic\">&quot;UM Today\u201d<\/span><span style=\"font-family: Times New Roman,Times,serif\"> is a daily internal e-newsletter released by the Communications Office, which aims to provide UM members with the up-to-date information about events, seminars, news, internal notices and student activities.<\/span>To review the previous issues of <i>UM Today<\/i>, please access the <a href=\"https:\/\/www.um.edu.mo\/staff\/university-almanac-information\/um-today.html\"><i>UM Today<\/i> Database<\/a>. Should you have any enquiries about <i>UM Today<\/i>, please feel free to contact the Communications Office at&nbsp;88224012 or <a href=\"mailto:co@um.edu.mo\">co@um.edu.mo. <br \/><\/a><\/p>\n<p><span style=\"font-family: Times New Roman,Times,serif\">\u300a\u4eca\u65e5\u6fb3\u5927\u300b\u662f\u7531\u50b3\u8a0a\u90e8\u767c\u4f48\u7684\u6821\u5167\u96fb\u5b50\u901a\u8a0a\uff0c\u65e8\u5728\u70ba\u6fb3\u5927\u4eba\u63d0\u4f9b\u662f\u65e5\u6700\u65b0\u6d3b\u52d5\u3001\u7814\u8a0e\u6703\u3001\u65b0\u805e\u3001\u5167\u90e8\u901a\u8a0a\u53ca\u5b78\u751f\u6d3b\u52d5\u7b49\u8cc7\u8a0a\u3002<\/span>\u5982\u6b32\u700f\u89bd\u5df2\u51fa\u7248\u7684\u300a\u4eca\u65e5\u6fb3\u5927\u300b\uff0c\u8acb\u767b\u5165\u300a\u4eca\u65e5\u6fb3\u5927\u300b<a href=\"https:\/\/www.um.edu.mo\/zh-hant\/staff\/university-almanac-information\/um-today.html\">\u8cc7\u6599\u5eab<\/a>\u3002\u5982\u5c0d\u300a\u4eca\u65e5\u6fb3\u5927\u300b\u6709\u4efb\u4f55\u67e5\u8a62\uff0c\u8acb\u81f4\u96fb88224012\u6216\u96fb\u90f5\u81f3<a href=\"mailto:co@um.edu.mo\">co@um.edu.mo<\/a>\u806f\u7d61\u50b3\u8a0a\u90e8\u3002<\/p>\n          <p>First Released time \u9996\u6b21\u767c\u4f48\u6642\u9593: 21\/06\/2019 09:00<\/p><\/font><\/td><\/tr><\/table>\n                    \n                ","protected":false},"excerpt":{"rendered":"<p>Web version \u7db2\u9801\u7248 \u60f3\u77e5\u9053\u66f4\u591a\u7cbe\u5f69\u8cc7\u8a0a\uff0c\u8acb\u700f\u89bd\u6fb3\u5927\u5fae\u4fe1\u53ca\u81c9\u66f8\u3002For more information, please follow us on WeChat or Facebook. Time \u6642\u9593 Today\u2019s Events \u4eca\u65e5\u6d3b\u52d5 Venue \u5730\u9ede 09:00 &#8211; 17:45Exhibition of Artworks by Faculty and Students of&#8230;<\/p>\n","protected":false},"author":1,"featured_media":0,"comment_status":"closed","ping_status":"open","sticky":false,"template":"single-umtoday.php","format":"standard","meta":{"_acf_changed":false,"footnotes":""},"categories":[84],"tags":[],"class_list":["post-162168","post","type-post","status-publish","format-standard","hentry","category-um-today"],"acf":[],"yoast_head":"<!-- This site is optimized with the Yoast SEO plugin v24.5 - https:\/\/yoast.com\/wordpress\/plugins\/seo\/ -->\n<title>2019-06-21 | Universidade de Macau<\/title>\n<meta name=\"description\" content=\"Universidade de Macau: Uma universidade abrangente p\u00fablica de n\u00edvel internacional fundada em 1981\" \/>\n<meta name=\"robots\" content=\"index, follow, max-snippet:-1, max-image-preview:large, max-video-preview:-1\" \/>\n<link rel=\"canonical\" href=\"https:\/\/www.um.edu.mo\/pt-pt\/um-today\/detail\/20190621\/\" \/>\n<meta property=\"og:locale\" content=\"pt_PT\" \/>\n<meta property=\"og:type\" content=\"article\" \/>\n<meta property=\"og:title\" content=\"2019-06-21 | Universidade de Macau\" \/>\n<meta property=\"og:description\" content=\"Universidade de Macau: Uma universidade abrangente p\u00fablica de n\u00edvel internacional fundada em 1981\" \/>\n<meta property=\"og:url\" content=\"https:\/\/www.um.edu.mo\/pt-pt\/um-today\/detail\/20190621\/\" \/>\n<meta property=\"og:site_name\" content=\"Universidade de Macau\" \/>\n<meta property=\"article:publisher\" content=\"https:\/\/www.facebook.com\/universityofmacau\" \/>\n<meta property=\"article:published_time\" content=\"2019-06-20T19:41:08+00:00\" \/>\n<meta property=\"og:image\" content=\"http:\/\/www.um.edu.mo\/co\/images\/um_today_banner.jpg\" \/>\n<meta name=\"author\" content=\"web_admin\" \/>\n<meta name=\"twitter:card\" content=\"summary_large_image\" \/>\n<meta name=\"twitter:creator\" content=\"@UM_1981\" \/>\n<meta name=\"twitter:site\" content=\"@UM_1981\" \/>\n<meta name=\"twitter:label1\" content=\"Escrito por\" \/>\n\t<meta name=\"twitter:data1\" content=\"web_admin\" \/>\n\t<meta name=\"twitter:label2\" content=\"Tempo estimado de leitura\" \/>\n\t<meta name=\"twitter:data2\" content=\"3 minutos\" \/>\n<script type=\"application\/ld+json\" class=\"yoast-schema-graph\">{\"@context\":\"https:\/\/schema.org\",\"@graph\":[{\"@type\":\"Article\",\"@id\":\"https:\/\/www.um.edu.mo\/pt-pt\/um-today\/detail\/20190621\/#article\",\"isPartOf\":{\"@id\":\"https:\/\/www.um.edu.mo\/pt-pt\/um-today\/detail\/20190621\/\"},\"author\":{\"name\":\"web_admin\",\"@id\":\"https:\/\/www.um.edu.mo\/pt-pt\/#\/schema\/person\/bfdcd3a75d1b778a93663e5dee2e33bb\"},\"headline\":\"2019-06-21\",\"datePublished\":\"2019-06-20T19:41:08+00:00\",\"mainEntityOfPage\":{\"@id\":\"https:\/\/www.um.edu.mo\/pt-pt\/um-today\/detail\/20190621\/\"},\"wordCount\":602,\"publisher\":{\"@id\":\"https:\/\/www.um.edu.mo\/pt-pt\/#organization\"},\"image\":{\"@id\":\"https:\/\/www.um.edu.mo\/pt-pt\/um-today\/detail\/20190621\/#primaryimage\"},\"thumbnailUrl\":\"http:\/\/www.um.edu.mo\/co\/images\/um_today_banner.jpg\",\"articleSection\":[\"UM Today\"],\"inLanguage\":\"pt-PT\"},{\"@type\":\"WebPage\",\"@id\":\"https:\/\/www.um.edu.mo\/pt-pt\/um-today\/detail\/20190621\/\",\"url\":\"https:\/\/www.um.edu.mo\/pt-pt\/um-today\/detail\/20190621\/\",\"name\":\"2019-06-21 | Universidade de Macau\",\"isPartOf\":{\"@id\":\"https:\/\/www.um.edu.mo\/pt-pt\/#website\"},\"primaryImageOfPage\":{\"@id\":\"https:\/\/www.um.edu.mo\/pt-pt\/um-today\/detail\/20190621\/#primaryimage\"},\"image\":{\"@id\":\"https:\/\/www.um.edu.mo\/pt-pt\/um-today\/detail\/20190621\/#primaryimage\"},\"thumbnailUrl\":\"http:\/\/www.um.edu.mo\/co\/images\/um_today_banner.jpg\",\"datePublished\":\"2019-06-20T19:41:08+00:00\",\"description\":\"Universidade de Macau: Uma universidade abrangente p\u00fablica de n\u00edvel internacional fundada em 1981\",\"breadcrumb\":{\"@id\":\"https:\/\/www.um.edu.mo\/pt-pt\/um-today\/detail\/20190621\/#breadcrumb\"},\"inLanguage\":\"pt-PT\",\"potentialAction\":[{\"@type\":\"ReadAction\",\"target\":[\"https:\/\/www.um.edu.mo\/pt-pt\/um-today\/detail\/20190621\/\"]}]},{\"@type\":\"ImageObject\",\"inLanguage\":\"pt-PT\",\"@id\":\"https:\/\/www.um.edu.mo\/pt-pt\/um-today\/detail\/20190621\/#primaryimage\",\"url\":\"http:\/\/www.um.edu.mo\/co\/images\/um_today_banner.jpg\",\"contentUrl\":\"http:\/\/www.um.edu.mo\/co\/images\/um_today_banner.jpg\"},{\"@type\":\"BreadcrumbList\",\"@id\":\"https:\/\/www.um.edu.mo\/pt-pt\/um-today\/detail\/20190621\/#breadcrumb\",\"itemListElement\":[{\"@type\":\"ListItem\",\"position\":1,\"name\":\"P\u00e1gina inicial\",\"item\":\"https:\/\/www.um.edu.mo\/pt-pt\/\"},{\"@type\":\"ListItem\",\"position\":2,\"name\":\"UM Today\",\"item\":\"https:\/\/www.um.edu.mo\/pt-pt\/category\/um-today\/\"},{\"@type\":\"ListItem\",\"position\":3,\"name\":\"2019-06-21\"}]},{\"@type\":\"WebSite\",\"@id\":\"https:\/\/www.um.edu.mo\/pt-pt\/#website\",\"url\":\"https:\/\/www.um.edu.mo\/pt-pt\/\",\"name\":\"Universidade de Macau\",\"description\":\"\",\"publisher\":{\"@id\":\"https:\/\/www.um.edu.mo\/pt-pt\/#organization\"},\"potentialAction\":[{\"@type\":\"SearchAction\",\"target\":{\"@type\":\"EntryPoint\",\"urlTemplate\":\"https:\/\/www.um.edu.mo\/pt-pt\/?s={search_term_string}\"},\"query-input\":{\"@type\":\"PropertyValueSpecification\",\"valueRequired\":true,\"valueName\":\"search_term_string\"}}],\"inLanguage\":\"pt-PT\"},{\"@type\":\"Organization\",\"@id\":\"https:\/\/www.um.edu.mo\/pt-pt\/#organization\",\"name\":\"University of Macau\",\"url\":\"https:\/\/www.um.edu.mo\/pt-pt\/\",\"logo\":{\"@type\":\"ImageObject\",\"inLanguage\":\"pt-PT\",\"@id\":\"https:\/\/www.um.edu.mo\/pt-pt\/#\/schema\/logo\/image\/\",\"url\":\"https:\/\/www.um.edu.mo\/wp-content\/uploads\/2020\/09\/UM-Logo_V-Black.png\",\"contentUrl\":\"https:\/\/www.um.edu.mo\/wp-content\/uploads\/2020\/09\/UM-Logo_V-Black.png\",\"width\":3508,\"height\":2785,\"caption\":\"University of Macau\"},\"image\":{\"@id\":\"https:\/\/www.um.edu.mo\/pt-pt\/#\/schema\/logo\/image\/\"},\"sameAs\":[\"https:\/\/www.facebook.com\/universityofmacau\",\"https:\/\/x.com\/UM_1981\"]},{\"@type\":\"Person\",\"@id\":\"https:\/\/www.um.edu.mo\/pt-pt\/#\/schema\/person\/bfdcd3a75d1b778a93663e5dee2e33bb\",\"name\":\"web_admin\",\"image\":{\"@type\":\"ImageObject\",\"inLanguage\":\"pt-PT\",\"@id\":\"https:\/\/www.um.edu.mo\/pt-pt\/#\/schema\/person\/image\/\",\"url\":\"https:\/\/secure.gravatar.com\/avatar\/e230ccd9ba8eb5ce94ecf306e4a35399?s=96&d=mm&r=g\",\"contentUrl\":\"https:\/\/secure.gravatar.com\/avatar\/e230ccd9ba8eb5ce94ecf306e4a35399?s=96&d=mm&r=g\",\"caption\":\"web_admin\"}}]}<\/script>\n<!-- \/ Yoast SEO plugin. -->","yoast_head_json":{"title":"2019-06-21 | Universidade de Macau","description":"Universidade de Macau: Uma universidade abrangente p\u00fablica de n\u00edvel internacional fundada em 1981","robots":{"index":"index","follow":"follow","max-snippet":"max-snippet:-1","max-image-preview":"max-image-preview:large","max-video-preview":"max-video-preview:-1"},"canonical":"https:\/\/www.um.edu.mo\/pt-pt\/um-today\/detail\/20190621\/","og_locale":"pt_PT","og_type":"article","og_title":"2019-06-21 | Universidade de Macau","og_description":"Universidade de Macau: Uma universidade abrangente p\u00fablica de n\u00edvel internacional fundada em 1981","og_url":"https:\/\/www.um.edu.mo\/pt-pt\/um-today\/detail\/20190621\/","og_site_name":"Universidade de Macau","article_publisher":"https:\/\/www.facebook.com\/universityofmacau","article_published_time":"2019-06-20T19:41:08+00:00","og_image":[{"url":"http:\/\/www.um.edu.mo\/co\/images\/um_today_banner.jpg","type":"","width":"","height":""}],"author":"web_admin","twitter_card":"summary_large_image","twitter_creator":"@UM_1981","twitter_site":"@UM_1981","twitter_misc":{"Escrito por":"web_admin","Tempo estimado de leitura":"3 minutos"},"schema":{"@context":"https:\/\/schema.org","@graph":[{"@type":"Article","@id":"https:\/\/www.um.edu.mo\/pt-pt\/um-today\/detail\/20190621\/#article","isPartOf":{"@id":"https:\/\/www.um.edu.mo\/pt-pt\/um-today\/detail\/20190621\/"},"author":{"name":"web_admin","@id":"https:\/\/www.um.edu.mo\/pt-pt\/#\/schema\/person\/bfdcd3a75d1b778a93663e5dee2e33bb"},"headline":"2019-06-21","datePublished":"2019-06-20T19:41:08+00:00","mainEntityOfPage":{"@id":"https:\/\/www.um.edu.mo\/pt-pt\/um-today\/detail\/20190621\/"},"wordCount":602,"publisher":{"@id":"https:\/\/www.um.edu.mo\/pt-pt\/#organization"},"image":{"@id":"https:\/\/www.um.edu.mo\/pt-pt\/um-today\/detail\/20190621\/#primaryimage"},"thumbnailUrl":"http:\/\/www.um.edu.mo\/co\/images\/um_today_banner.jpg","articleSection":["UM Today"],"inLanguage":"pt-PT"},{"@type":"WebPage","@id":"https:\/\/www.um.edu.mo\/pt-pt\/um-today\/detail\/20190621\/","url":"https:\/\/www.um.edu.mo\/pt-pt\/um-today\/detail\/20190621\/","name":"2019-06-21 | Universidade de Macau","isPartOf":{"@id":"https:\/\/www.um.edu.mo\/pt-pt\/#website"},"primaryImageOfPage":{"@id":"https:\/\/www.um.edu.mo\/pt-pt\/um-today\/detail\/20190621\/#primaryimage"},"image":{"@id":"https:\/\/www.um.edu.mo\/pt-pt\/um-today\/detail\/20190621\/#primaryimage"},"thumbnailUrl":"http:\/\/www.um.edu.mo\/co\/images\/um_today_banner.jpg","datePublished":"2019-06-20T19:41:08+00:00","description":"Universidade de Macau: Uma universidade abrangente p\u00fablica de n\u00edvel internacional fundada em 1981","breadcrumb":{"@id":"https:\/\/www.um.edu.mo\/pt-pt\/um-today\/detail\/20190621\/#breadcrumb"},"inLanguage":"pt-PT","potentialAction":[{"@type":"ReadAction","target":["https:\/\/www.um.edu.mo\/pt-pt\/um-today\/detail\/20190621\/"]}]},{"@type":"ImageObject","inLanguage":"pt-PT","@id":"https:\/\/www.um.edu.mo\/pt-pt\/um-today\/detail\/20190621\/#primaryimage","url":"http:\/\/www.um.edu.mo\/co\/images\/um_today_banner.jpg","contentUrl":"http:\/\/www.um.edu.mo\/co\/images\/um_today_banner.jpg"},{"@type":"BreadcrumbList","@id":"https:\/\/www.um.edu.mo\/pt-pt\/um-today\/detail\/20190621\/#breadcrumb","itemListElement":[{"@type":"ListItem","position":1,"name":"P\u00e1gina inicial","item":"https:\/\/www.um.edu.mo\/pt-pt\/"},{"@type":"ListItem","position":2,"name":"UM Today","item":"https:\/\/www.um.edu.mo\/pt-pt\/category\/um-today\/"},{"@type":"ListItem","position":3,"name":"2019-06-21"}]},{"@type":"WebSite","@id":"https:\/\/www.um.edu.mo\/pt-pt\/#website","url":"https:\/\/www.um.edu.mo\/pt-pt\/","name":"Universidade de Macau","description":"","publisher":{"@id":"https:\/\/www.um.edu.mo\/pt-pt\/#organization"},"potentialAction":[{"@type":"SearchAction","target":{"@type":"EntryPoint","urlTemplate":"https:\/\/www.um.edu.mo\/pt-pt\/?s={search_term_string}"},"query-input":{"@type":"PropertyValueSpecification","valueRequired":true,"valueName":"search_term_string"}}],"inLanguage":"pt-PT"},{"@type":"Organization","@id":"https:\/\/www.um.edu.mo\/pt-pt\/#organization","name":"University of Macau","url":"https:\/\/www.um.edu.mo\/pt-pt\/","logo":{"@type":"ImageObject","inLanguage":"pt-PT","@id":"https:\/\/www.um.edu.mo\/pt-pt\/#\/schema\/logo\/image\/","url":"https:\/\/www.um.edu.mo\/wp-content\/uploads\/2020\/09\/UM-Logo_V-Black.png","contentUrl":"https:\/\/www.um.edu.mo\/wp-content\/uploads\/2020\/09\/UM-Logo_V-Black.png","width":3508,"height":2785,"caption":"University of Macau"},"image":{"@id":"https:\/\/www.um.edu.mo\/pt-pt\/#\/schema\/logo\/image\/"},"sameAs":["https:\/\/www.facebook.com\/universityofmacau","https:\/\/x.com\/UM_1981"]},{"@type":"Person","@id":"https:\/\/www.um.edu.mo\/pt-pt\/#\/schema\/person\/bfdcd3a75d1b778a93663e5dee2e33bb","name":"web_admin","image":{"@type":"ImageObject","inLanguage":"pt-PT","@id":"https:\/\/www.um.edu.mo\/pt-pt\/#\/schema\/person\/image\/","url":"https:\/\/secure.gravatar.com\/avatar\/e230ccd9ba8eb5ce94ecf306e4a35399?s=96&d=mm&r=g","contentUrl":"https:\/\/secure.gravatar.com\/avatar\/e230ccd9ba8eb5ce94ecf306e4a35399?s=96&d=mm&r=g","caption":"web_admin"}}]}},"_links":{"self":[{"href":"https:\/\/www.um.edu.mo\/pt-pt\/wp-json\/wp\/v2\/posts\/162168","targetHints":{"allow":["GET"]}}],"collection":[{"href":"https:\/\/www.um.edu.mo\/pt-pt\/wp-json\/wp\/v2\/posts"}],"about":[{"href":"https:\/\/www.um.edu.mo\/pt-pt\/wp-json\/wp\/v2\/types\/post"}],"author":[{"embeddable":true,"href":"https:\/\/www.um.edu.mo\/pt-pt\/wp-json\/wp\/v2\/users\/1"}],"replies":[{"embeddable":true,"href":"https:\/\/www.um.edu.mo\/pt-pt\/wp-json\/wp\/v2\/comments?post=162168"}],"version-history":[{"count":0,"href":"https:\/\/www.um.edu.mo\/pt-pt\/wp-json\/wp\/v2\/posts\/162168\/revisions"}],"wp:attachment":[{"href":"https:\/\/www.um.edu.mo\/pt-pt\/wp-json\/wp\/v2\/media?parent=162168"}],"wp:term":[{"taxonomy":"category","embeddable":true,"href":"https:\/\/www.um.edu.mo\/pt-pt\/wp-json\/wp\/v2\/categories?post=162168"},{"taxonomy":"post_tag","embeddable":true,"href":"https:\/\/www.um.edu.mo\/pt-pt\/wp-json\/wp\/v2\/tags?post=162168"}],"curies":[{"name":"wp","href":"https:\/\/api.w.org\/{rel}","templated":true}]}}