{"id":161623,"date":"2019-11-13T03:31:43","date_gmt":"2019-11-12T19:31:43","guid":{"rendered":"https:\/\/www.um.edu.mo\/um-today\/2019\/11\/2019-11-13-pt_pt\/"},"modified":"2019-11-13T03:31:43","modified_gmt":"2019-11-12T19:31:43","slug":"20191113","status":"publish","type":"post","link":"https:\/\/www.um.edu.mo\/pt-pt\/um-today\/detail\/20191113\/","title":{"rendered":"2019-11-13"},"content":{"rendered":"\n                    \n                    <table width=\"737\" border=\"0\" cellpadding=\"0\" cellspacing=\"0\"><tr><td>\n            <img decoding=\"async\" src=\"https:\/\/co.um.edu.mo\/wp-content\/uploads\/2019\/09\/um_today_banner.jpg\" height=\"123\" width=\"737\" \/>\n        <\/td><\/tr><tr><td><table><tr><td width=\"380\" align=\"left\"><a href=\"https:\/\/www.um.edu.mo\/news-centre\/news-and-events\/um-today\/detail\/20191113\/\">Web version \u7db2\u9801\u7248<\/a><\/td><td>\n                        <p align=\"right\"><font size=\"2\">\u60f3\u77e5\u9053\u66f4\u591a\u7cbe\u5f69\u8cc7\u8a0a\uff0c\u8acb\u700f\u89bd\u6fb3\u5927\u5fae\u4fe1\u53ca\u81c9\u66f8\u3002<\/font><br \/><font size=\"2\">For more information, please follow us on WeChat or Facebook.<\/font><\/p>\n                    <\/td><\/tr><\/table><\/td><\/tr><tr><td><font size=\"-1\">\n            <div style=\"font-size: small\"><br \/><\/div>\n          <\/font><table width=\"100%\" border=\"0\" cellpadding=\"5\" cellspacing=\"0\"><tr><th bgcolor=\"#69B3E7\" width=\"110\" style=\"border-bottom: 2px dotted black;border-right: 2px dotted black\"><font color=\"black\" size=\"4\">Time <\/font><font color=\"black\" size=\"3\">\u6642\u9593<\/font><\/th><th bgcolor=\"#69B3E7\" style=\"border-bottom: 2px dotted black;border-right: 2px dotted black\"><font color=\"black\" size=\"4\">\n                    Today\u2019s Events \u4eca\u65e5\u6d3b\u52d5\n                  <\/font><\/th><th bgcolor=\"#69B3E7\" width=\"165\" valign=\"top\" style=\"border-bottom: 2px dotted black\"><font color=\"black\" size=\"4\">Venue <\/font><font color=\"black\" size=\"3\">\u5730\u9ede<\/font><\/th><\/tr><tr><td align=\"center\" style=\"border-right: 2px dotted black\" valign=\"top\"><font size=\"-1\">\n                        10:30\n                        \n                          &#8211; 11:30<\/font><\/td><td style=\"border-right: 2px dotted black\" valign=\"top\"><a href=\"http:\/\/www.um.edu.mo\/news-centre\/news-and-events\/event-calendar\/20191113\/#49251\"><font size=\"-1\" color=\"blue\">FST-MAT Seminar by Prof. Fawang LIU<\/font><\/a><font size=\"-1\"><\/font><br \/><a href=\"http:\/\/www.um.edu.mo\/zh-hant\/news-centre\/news-and-events\/event-calendar\/20191113\/#49251\"><font size=\"-1\" color=\"blue\">\u79d1\u6280\u5b78\u9662\u6578\u5b78\u7cfb\u8b1b\u5ea7: &#8220;\u6578\u503c\u6a21\u64ec\u8907\u96dc\u7684\u52d5\u529b\u7cfb\u7d71\u53ca\u5176\u61c9\u7528&#8221; &#8211; \u5289\u767c\u65fa\u6559\u6388<\/font><\/a><\/td><td align=\"center\" valign=\"top\" width=\"165\"><font size=\"-1\">\n                        E11-1015, Faculty of Science and Technology\n                      <\/font><\/td><\/tr><tr><td align=\"center\" style=\"border-right: 2px dotted black\" valign=\"top\"><font size=\"-1\">\n                        11:00\n                        \n                          &#8211; 16:00<\/font><\/td><td style=\"border-right: 2px dotted black\" valign=\"top\"><a href=\"http:\/\/www.um.edu.mo\/news-centre\/news-and-events\/event-calendar\/20191113\/#48598\"><font size=\"-1\" color=\"blue\">Library workshop: Oxford English Dictionary Online<\/font><\/a><font size=\"-1\"><\/font><br \/><a href=\"http:\/\/www.um.edu.mo\/zh-hant\/news-centre\/news-and-events\/event-calendar\/20191113\/#48598\"><font size=\"-1\" color=\"blue\">\u5716\u66f8\u9928\u5de5\u4f5c\u574a: Oxford English Dictionary Online<\/font><\/a><\/td><td align=\"center\" valign=\"top\" width=\"165\"><font size=\"-1\">\n                        E2-G019, UM Wu Yee Sun Library, G\/F, Bibliographic Instruction Room\n                      <\/font><\/td><\/tr><tr><td align=\"center\" style=\"border-right: 2px dotted black\" valign=\"top\"><font size=\"-1\">\n                        13:00\n                        \n                          &#8211; 14:00<\/font><\/td><td style=\"border-right: 2px dotted black\" valign=\"top\"><a href=\"http:\/\/www.um.edu.mo\/news-centre\/news-and-events\/event-calendar\/20191113\/#49367\"><font size=\"-1\" color=\"blue\">CKPC Inspiring Seminar Series: How to handle \u201cfake news\u201d and AI news anchor in this era?<\/font><\/a><font size=\"-1\"><\/font><br \/><a href=\"http:\/\/www.um.edu.mo\/zh-hant\/news-centre\/news-and-events\/event-calendar\/20191113\/#49367\"><font size=\"-1\" color=\"blue\">\u66f9\u5149\u5f6a\u66f8\u9662\u555f\u767c\u8b1b\u5ea7\u7cfb\u5217: \u5982\u4f55\u9762\u5c0d\u5047\u65b0\u805e\u548cAI\u65b0\u805e\u5831\u5c0e\u54e1\u7684\u5e74\u4ee3\uff1f<\/font><\/a><\/td><td align=\"center\" valign=\"top\" width=\"165\"><font size=\"-1\">\n                        W21-G015, Chao Kuang Piu College\n                      <\/font><\/td><\/tr><tr><td align=\"center\" style=\"border-right: 2px dotted black\" valign=\"top\"><font size=\"-1\">\n                        13:00\n                        \n                          &#8211; 14:15<\/font><\/td><td style=\"border-right: 2px dotted black\" valign=\"top\"><a href=\"http:\/\/www.um.edu.mo\/news-centre\/news-and-events\/event-calendar\/20191113\/#49362\"><font size=\"-1\" color=\"blue\">Faculty Lunchtime Conversation: Interactive Teaching with Video Recordings and Real-time Feedback<\/font><\/a><font size=\"-1\"><\/font><br \/><a href=\"http:\/\/www.um.edu.mo\/zh-hant\/news-centre\/news-and-events\/event-calendar\/20191113\/#49362\"><font size=\"-1\" color=\"blue\">\u95dc\u65bc\u6559\u5b78\u79d1\u6280\u7684\u5348\u9910\u5c0d\u8a71<\/font><\/a><\/td><td align=\"center\" valign=\"top\" width=\"165\"><font size=\"-1\">\n                        E3-G033, BOC Centennial Building\n                      <\/font><\/td><\/tr><tr><td align=\"center\" style=\"border-right: 2px dotted black\" valign=\"top\"><font size=\"-1\">\n                        13:00\n                        \n                          &#8211; 14:10<\/font><\/td><td style=\"border-right: 2px dotted black\" valign=\"top\"><a href=\"http:\/\/www.um.edu.mo\/news-centre\/news-and-events\/event-calendar\/20191113\/#49337\"><font size=\"-1\" color=\"blue\">MLC Lunch Seminar: Can you say &#8220;I have to present a project today&#8221; in pure Chinese? The story of language mixing and its social meaning. A documentary of film show and talk.<\/font><\/a><font size=\"-1\"><\/font><br \/><a href=\"http:\/\/www.um.edu.mo\/zh-hant\/news-centre\/news-and-events\/event-calendar\/20191113\/#49337\"><font size=\"-1\" color=\"blue\">\u99ac\u842c\u797a\u7f85\u67cf\u5fc3\u66f8\u9662\u5348\u9910\u8b1b\u5ea7: Can you say &#8220;I have to present a project today&#8221; in pure Chinese? The story of language mixing and its social meaning. A documentary of film show and talk.<\/font><\/a><\/td><td align=\"center\" valign=\"top\" width=\"165\"><font size=\"-1\">\n                        W33-G046, MLC Dining Hall \n                      <\/font><\/td><\/tr><tr><td align=\"center\" style=\"border-right: 2px dotted black\" valign=\"top\"><font size=\"-1\">\n                        13:00\n                        \n                          &#8211; 14:00<\/font><\/td><td style=\"border-right: 2px dotted black\" valign=\"top\"><a href=\"http:\/\/www.um.edu.mo\/news-centre\/news-and-events\/event-calendar\/20191113\/#49244\"><font size=\"-1\" color=\"blue\">Seminar on  \u201cTeacher, Reading is Boring!\u201d  How to Help Your Students Enter the Interesting Extensive Reading World <\/font><\/a><font size=\"-1\"><\/font><br \/><a href=\"http:\/\/www.um.edu.mo\/zh-hant\/news-centre\/news-and-events\/event-calendar\/20191113\/#49244\"><font size=\"-1\" color=\"blue\">\u300c \u201c\u8001\u5e2b\uff0c \u95b1\u8b80\u5f88\u7121\u804a\uff01\u201d \u5982\u4f55\u5e36\u9818\u5b78\u751f\u9032\u5165\u6709\u8da3\u7684\u5ee3\u6cdb\u95b1\u8b80\u4e16\u754c\u300d\u8b1b\u5ea7<\/font><\/a><\/td><td align=\"center\" valign=\"top\" width=\"165\"><font size=\"-1\">\n                        E33-2036, Faculty of Education\n                      <\/font><\/td><\/tr><tr><td align=\"center\" style=\"border-right: 2px dotted black\" valign=\"top\"><font size=\"-1\">\n                        14:30\n                        \n                          &#8211; 15:45<\/font><\/td><td style=\"border-right: 2px dotted black\" valign=\"top\"><a href=\"http:\/\/www.um.edu.mo\/news-centre\/news-and-events\/event-calendar\/20191113\/#49340\"><font size=\"-1\" color=\"blue\">IAPME Seminar: Advanced Device Technology for &amp;#x0B;Gallium Nitride Power Transistors <\/font><\/a><font size=\"-1\"><\/font><br \/><a href=\"http:\/\/www.um.edu.mo\/zh-hant\/news-centre\/news-and-events\/event-calendar\/20191113\/#49340\"><font size=\"-1\" color=\"blue\">\u61c9\u7528\u7269\u7406\u53ca\u6750\u6599\u5de5\u7a0b\u7814\u7a76\u9662\u8b1b\u5ea7: Advanced Device Technology for &amp;#x0B;Gallium Nitride Power Transistors <\/font><\/a><\/td><td align=\"center\" valign=\"top\" width=\"165\"><font size=\"-1\">\n                        E12-G003, Faculty of Health Sciences\n                      <\/font><\/td><\/tr><tr><td align=\"center\" style=\"border-right: 2px dotted black\" valign=\"top\"><font size=\"-1\">\n                        17:00\n                        \n                          &#8211; 18:30<\/font><\/td><td style=\"border-right: 2px dotted black\" valign=\"top\"><a href=\"http:\/\/www.um.edu.mo\/news-centre\/news-and-events\/event-calendar\/20191113\/#49336\"><font size=\"-1\" color=\"blue\">FAH\/PHIL Philosophy and Religious Studies Lecture Series &#8211; &#8220;The Conception of Time in Classical Confucianism: The Correspondence and Interaction between the Time of History and the Time of Ethics\u201d by Dr. Leung Yat Hung<\/font><\/a><font size=\"-1\"><\/font><br \/><a href=\"http:\/\/www.um.edu.mo\/zh-hant\/news-centre\/news-and-events\/event-calendar\/20191113\/#49336\"><font size=\"-1\" color=\"blue\">\u4eba\u6587\u5b78\u9662\u54f2\u5b78\u53ca\u5b97\u6559\u5b78\u8ab2\u7a0b\u8b1b\u5ea7\u7cfb\u5217\uff1a&#8221;The Conception of Time in Classical Confucianism: The Correspondence and Interaction between the Time of History and the Time of Ethics&#8221;\uff0c\u6881\u9038\u9d3b\u535a\u58eb<\/font><\/a><\/td><td align=\"center\" valign=\"top\" width=\"165\"><font size=\"-1\">\n                        E21-3118, Humanities and Social Sciences Building\n                      <\/font><\/td><\/tr><tr><td align=\"center\" style=\"border-right: 2px dotted black\" valign=\"top\"><font size=\"-1\">\n                        18:30\n                        \n                          &#8211; 20:30<\/font><\/td><td style=\"border-right: 2px dotted black\" valign=\"top\"><a href=\"http:\/\/www.um.edu.mo\/news-centre\/news-and-events\/event-calendar\/20191113\/#49210\"><font size=\"-1\" color=\"purple\">FAH-CPC: Portuguese Culture Course<\/font><\/a><font size=\"-1\"> (cont)<\/font><br \/><a href=\"http:\/\/www.um.edu.mo\/zh-hant\/news-centre\/news-and-events\/event-calendar\/20191113\/#49210\"><font size=\"-1\" color=\"purple\">FAH-CPC: \u8461\u8404\u7259\u6587\u5316\u8ab2\u7a0b<\/font><\/a><\/td><td align=\"center\" valign=\"top\" width=\"165\"><font size=\"-1\">\n                        Centro de Forma\u00e7\u00e3o dos Trabalhadores dos Servi\u00e7os P\u00fablicos Alameda Dr. Carlos D\u2019Assump\u00e7\u00e3o Nos. 336-342 Centro Comercial Cheng Feng 6\u00b0 Andar, Sala 609-611, Macao\n                      <\/font><\/td><\/tr><tr><td colspan=\"3\" align=\"right\" style=\"border-top: 1px dashed black\"><font size=\"-1\" color=\"#202020\"><a href='http:\/\/www.um.edu.mo\/news-centre\/news-and-events\/event-calendar\/201911'>More events<\/a> <a href='http:\/\/www.um.edu.mo\/zh-hant\/news-centre\/news-and-events\/event-calendar\/201911'>\u66f4\u591a\u6d3b\u52d5<\/a> \/ <a href='https:\/\/isw.um.edu.mo\/nrsadmin\/faces\/createEvent'>Post an event \u767c\u4f48\u6d3b\u52d5<\/a><\/font><\/td><\/tr><\/table><br \/><table width=\"100%\" border=\"0\" cellpadding=\"5\" cellspacing=\"0\"><tr><th bgcolor=\"#69B3E7\" style=\"border-bottom: 2px dotted black;border-right: 2px dotted black\"><font color=\"black\" size=\"4\">\n                    News &amp; Upcoming Activities \u65b0\u805e\u53ca\u6d3b\u52d5\u9810\u544a\n                    <\/font><\/th><th bgcolor=\"#69B3E7\" width=\"140\" style=\"border-bottom: 2px dotted black\"><font color=\"black\" size=\"4\">Dept. <\/font><font color=\"black\" size=\"3\">\u90e8\u9580<\/font><\/th><\/tr><tr><td style=\"border-right: 2px dotted black\"><a href=\"http:\/\/www.um.edu.mo\/news-centre\/news-and-events\/news-and-press-releases\/detail\/49390\/\"><font size=\"-1\" color=\"#202020\">UM hosts various activities to nurture young tech professionals<\/font><\/a><br \/><a href=\"http:\/\/www.um.edu.mo\/zh-hant\/news-centre\/news-and-events\/news-and-press-releases\/detail\/49390\/\"><font size=\"-1\" color=\"#202020\">\u6fb3\u5927\u591a\u9805\u5275\u65b0\u6d3b\u52d5\u57f9\u80b2\u79d1\u6280\u4eba\u624d<\/font><\/a><\/td><td align=\"center\" valign=\"top\" width=\"140\"><font size=\"-1\">CO<\/font><\/td><\/tr><tr><td style=\"border-right: 2px dotted black\"><a href=\"http:\/\/www.um.edu.mo\/news-centre\/news-and-events\/news-and-press-releases\/detail\/49389\/\"><font size=\"-1\" color=\"#202020\">UM and University of Lisbon to initiate collaboration in medical sciences<\/font><\/a><br \/><a href=\"http:\/\/www.um.edu.mo\/zh-hant\/news-centre\/news-and-events\/news-and-press-releases\/detail\/49389\/\"><font size=\"-1\" color=\"#202020\">\u6fb3\u5927\u8207\u91cc\u65af\u672c\u5927\u5b78\u5c07\u958b\u5c55\u91ab\u5b78\u5408\u4f5c<\/font><\/a><\/td><td align=\"center\" valign=\"top\" width=\"140\"><font size=\"-1\">CO<\/font><\/td><\/tr><tr><td style=\"border-right: 2px dotted black\"><a href=\"http:\/\/um2.um.edu.mo\/apps\/com\/bulletin.nsf\/nrsview\/125B7357023D395A482584AF0014486C\"><font size=\"-1\" color=\"#202020\">Sports: UM Participated in the &#8220;2nd Guangdong-Hong Kong-Macao Greater Bay Area Students Sports Festival&#8221;<\/font><\/a><br \/><a href=\"http:\/\/um2.um.edu.mo\/apps\/com\/bulletin.nsf\/nrsview\/125B7357023D395A482584AF0014486C\"><font size=\"-1\" color=\"#202020\">\u9ad4\u80b2: \u6fb3\u5927\u53c3\u52a0\u300c\u7b2c\u4e8c\u5c46\u7cb5\u6e2f\u6fb3\u5927\u7063\u5340\u5b78\u751f\u9ad4\u80b2\u7bc0\u300d<\/font><\/a><\/td><td align=\"center\" valign=\"top\" width=\"140\"><font size=\"-1\">OSA<\/font><\/td><\/tr><tr><td style=\"border-right: 2px dotted black\"><a href=\"http:\/\/um2.um.edu.mo\/apps\/com\/bulletin.nsf\/nrsview\/B82A031931584F94482584B0002526BE\"><font size=\"-1\" color=\"#202020\">FAH-DHIST Guest Lecture  &#8211; \u2018The Domestic Disciplines and Approaches of Scholarly Research: the Research about Sinologist Family in Qing Dynasty \u6cbb\u5b78\u7684\u5bb6\u6cd5\u8207\u9014\u5f91\u2014\u2014\u95dc\u65bc\u6e05\u4ee3\u6f22\u5b78\u5bb6\u65cf\u7814\u7a76\u2019 by Prof. Luo Jianqiu , 20 November, 2019, 15:00 at E21-3121<\/font><\/a><br \/><a href=\"http:\/\/um2.um.edu.mo\/apps\/com\/bulletin.nsf\/nrsview\/B82A031931584F94482584B0002526BE\"><font size=\"-1\" color=\"#202020\"><\/font><\/a><\/td><td align=\"center\" valign=\"top\" width=\"140\"><font size=\"-1\">FAH<\/font><\/td><\/tr><tr><td style=\"border-right: 2px dotted black\"><a href=\"http:\/\/um2.um.edu.mo\/apps\/com\/bulletin.nsf\/nrsview\/8528D3410CD43F74482584AF003352EB\"><font size=\"-1\" color=\"#202020\">MCMC: Cultural Exchanges between Lusophone-Countries across UM\u2019s College Community<\/font><\/a><br \/><a href=\"http:\/\/um2.um.edu.mo\/apps\/com\/bulletin.nsf\/nrsview\/8528D3410CD43F74482584AF003352EB\"><font size=\"-1\" color=\"#202020\"><\/font><\/a><\/td><td align=\"center\" valign=\"top\" width=\"140\"><font size=\"-1\">MCMC<\/font><\/td><\/tr><tr><td style=\"border-right: 2px dotted black\"><a href=\"http:\/\/um2.um.edu.mo\/apps\/com\/bulletin.nsf\/nrsview\/F77B398C4870E6D7482584AF0010DFAA\"><font size=\"-1\" color=\"#202020\">MCM College is delighted to host &#8216;An Audience with Endre Heged\u00fcs&#8217;11:30 am &#8211; 12:45 pm Friday 29 Nov 2019<\/font><\/a><br \/><a href=\"http:\/\/um2.um.edu.mo\/apps\/com\/bulletin.nsf\/nrsview\/F77B398C4870E6D7482584AF0010DFAA\"><font size=\"-1\" color=\"#202020\"><\/font><\/a><\/td><td align=\"center\" valign=\"top\" width=\"140\"><font size=\"-1\">MCMC<\/font><\/td><\/tr><tr><td style=\"border-right: 2px dotted black\"><a href=\"http:\/\/um2.um.edu.mo\/apps\/com\/bulletin.nsf\/nrsview\/26F6E7B346A767D8482584B00011EAF8\"><font size=\"-1\" color=\"#202020\">Photo Exhibition\u300c\u87f2\u65b0\u51fa\u767c\uff1a\u8a8d\u8b58\u6fb3\u9580\u7532\u87f2\u4e16\u754c\u7279\u5c55\uff0c\u88ab\u907a\u5fd8\u7684\u4e00\u89d2\u300d will be held on 2019\/11\/18<\/font><\/a><br \/><a href=\"http:\/\/um2.um.edu.mo\/apps\/com\/bulletin.nsf\/nrsview\/26F6E7B346A767D8482584B00011EAF8\"><font size=\"-1\" color=\"#202020\">\u300c\u87f2\u65b0\u51fa\u767c\uff1a\u8a8d\u8b58\u6fb3\u9580\u7532\u87f2\u4e16\u754c\u7279\u5c55\uff0c\u88ab\u907a\u5fd8\u7684\u4e00\u89d2\u300d\u7167\u7247\u5c55\u5c07\u65bc2019\u5e7411\u670818\u65e5\u8209\u884c<\/font><\/a><\/td><td align=\"center\" valign=\"top\" width=\"140\"><font size=\"-1\">CMS<\/font><\/td><\/tr><tr><td style=\"border-right: 2px dotted black\"><a href=\"http:\/\/um2.um.edu.mo\/apps\/com\/bulletin.nsf\/nrsview\/F8C0AA6979E68729482584B00018CA7B\"><font size=\"-1\" color=\"#202020\">SPC Activity Highlights: More Than One Hundred Students Played Renju Together<\/font><\/a><br \/><a href=\"http:\/\/um2.um.edu.mo\/apps\/com\/bulletin.nsf\/nrsview\/F8C0AA6979E68729482584B00018CA7B\"><font size=\"-1\" color=\"#202020\">\u7d39\u90a6\u66f8\u9662\u6d3b\u52d5\u56de\u9867\uff1a\u767e\u4eba\u5c0d\u5f08\u4e94\u5b50\u9023\u73e0<\/font><\/a><\/td><td align=\"center\" valign=\"top\" width=\"140\"><font size=\"-1\">SPC<\/font><\/td><\/tr><tr><td style=\"border-right: 2px dotted black\"><a href=\"http:\/\/um2.um.edu.mo\/apps\/com\/bulletin.nsf\/nrsview\/8DFF20A9FA7E29DD482584AF002999DF\"><font size=\"-1\" color=\"#202020\">Sports &#8211; Reminder: OSA Fitness Room Users Introductory Course (1 hour) in November 2019<\/font><\/a><br \/><a href=\"http:\/\/um2.um.edu.mo\/apps\/com\/bulletin.nsf\/nrsview\/8DFF20A9FA7E29DD482584AF002999DF\"><font size=\"-1\" color=\"#202020\">\u9ad4\u80b2 &#8211; \u63d0\u63d0\u4f60: 2019\u5e7411\u6708\u4efd\u9ad4\u80b2\u4e8b\u52d9\u90e8\u5065\u8eab\u5ba4\u4f7f\u7528\u8005\u7c21\u4ecb\u8ab2\u7a0b (1\u5c0f\u6642)<\/font><\/a><\/td><td align=\"center\" valign=\"top\" width=\"140\"><font size=\"-1\">OSA<\/font><\/td><\/tr><tr><td colspan=\"2\" align=\"right\" style=\"border-top: 1px dashed black\"><font size=\"-1\" color=\"#202020\"><a href='https:\/\/www.um.edu.mo\/news-centre\/news-and-events\/news-and-press-releases.html'>More news<\/a> <a href='http:\/\/www.um.edu.mo\/zh-hant\/news-centre\/news-and-events\/news-and-press-releases.html'>\u66f4\u591a\u65b0\u805e<\/a><\/font> \/\n                  <font size=\"-1\" color=\"#202020\"><a href=\"http:\/\/isw.um.edu.mo\/nsp\">Submit news \u767c\u4f48\u65b0\u805e<\/a><\/font><\/td><\/tr><\/table><br \/><table width=\"100%\" border=\"0\" cellpadding=\"5\" cellspacing=\"0\"><tr><th bgcolor=\"#69B3E7\" style=\"border-bottom: 2px dotted black;border-right: 2px dotted black\"><font color=\"black\" size=\"4\">\n                    Internal Notice \u6821\u5167\u901a\u544a\n                    <\/font><\/th><th bgcolor=\"#69B3E7\" width=\"100\" style=\"border-bottom: 2px dotted black\"><font color=\"black\" size=\"4\">Dept. <\/font><font color=\"black\" size=\"3\">\u90e8\u9580<\/font><\/th><\/tr><tr><td style=\"border-right: 2px dotted black\"><a href=\"http:\/\/um2.um.edu.mo\/apps\/com\/bulletin.nsf\/nrsview\/0B13C62644327263482584B00010BDAF\"><font size=\"-1\" color=\"#202020\">Seminar on &#8220;Portfolio Assessment in L2 Writing: Realizing Sustainability&#8221; by Prof. Pauline Wing Wah MAK, The Education University of Hong Kong &#8211; Thursday 21 November 2019<\/font><\/a><br \/><a href=\"http:\/\/um2.um.edu.mo\/apps\/com\/bulletin.nsf\/nrsview\/0B13C62644327263482584B00010BDAF\"><font size=\"-1\" color=\"#202020\">\u300c\u4e8c\u8a9e\u5beb\u4f5c\u4e2d\u7684\u6a94\u6848\u888b\u8a55\u50f9\uff1a\u5be6\u73fe\u53ef\u6301\u7e8c\u6027\u61c9\u7528\u300d\u8b1b\u5ea7\uff0c\u9999\u6e2f\u6559\u80b2\u5927\u5b78\u9ea5\u8a60\u83ef\u6559\u6388\u4e3b\u8b1b &#8211; 2019\u5e7411\u670821\u65e5(\u661f\u671f\u56db)<\/font><\/a><\/td><td align=\"center\" valign=\"top\" width=\"140\"><font size=\"-1\">FED<\/font><\/td><\/tr><tr><td style=\"border-right: 2px dotted black\"><a href=\"http:\/\/um2.um.edu.mo\/apps\/com\/bulletin.nsf\/nrsview\/3BFDBBAED3B93794482584B0000B5923\"><font size=\"-1\" color=\"#202020\">Route Diversion for Bus 73 during 14 \u2013 17 November 2019 for Macau Grand Prix<\/font><\/a><br \/><a href=\"http:\/\/um2.um.edu.mo\/apps\/com\/bulletin.nsf\/nrsview\/3BFDBBAED3B93794482584B0000B5923\"><font size=\"-1\" color=\"#202020\">73\u8def\u7dda\u65bc\u5927\u8cfd\u8eca\u671f\u9593(2019\u5e7411\u670814\u65e5\u81f317\u65e5)\u8abf\u6574\u884c\u7a0b<\/font><\/a><\/td><td align=\"center\" valign=\"top\" width=\"140\"><font size=\"-1\">CMDO-STS<\/font><\/td><\/tr><tr><td colspan=\"2\" align=\"right\" style=\"border-top: 1px dashed black\"><font size=\"-1\" color=\"#202020\"><a href='https:\/\/www.um.edu.mo\/staff\/university-almanac-information\/e-bulletin-board-for-staff.html'>All active notices<\/a> <a href='http:\/\/www.um.edu.mo\/zh-hant\/staff\/university-almanac-information\/e-bulletin-board-for-staff.html'>\u6240\u6709\u5167\u90e8\u901a\u544a<\/a><\/font><\/td><\/tr><\/table><br \/><table width=\"100%\" border=\"0\" cellpadding=\"5\" cellspacing=\"0\"><tr><th bgcolor=\"#69B3E7\" style=\"border-bottom: 2px dotted black;border-right: 2px dotted black\"><font color=\"black\" size=\"4\">\n                    Student Notice \u5b78\u751f\u901a\u544a\n                    <\/font><\/th><th bgcolor=\"#69B3E7\" width=\"100\" style=\"border-bottom: 2px dotted black\"><font color=\"black\" size=\"4\">Dept. <\/font><font color=\"black\" size=\"3\">\u90e8\u9580<\/font><\/th><\/tr><tr><td style=\"border-right: 2px dotted black\"><a href=\"http:\/\/um2.um.edu.mo\/apps\/com\/bulletin.nsf\/nrsview\/D5836C6FC8D2BFF0482584B0003AED67\"><font size=\"-1\" color=\"#202020\">News Express: UM and University of Lisbon to initiate collaboration in medical sciences<\/font><\/a><br \/><a href=\"http:\/\/um2.um.edu.mo\/apps\/com\/bulletin.nsf\/nrsview\/D5836C6FC8D2BFF0482584B0003AED67\"><font size=\"-1\" color=\"#202020\">\u65b0\u805e\u5feb\u8a0a\uff1a\u6fb3\u5927\u8207\u91cc\u65af\u672c\u5927\u5b78\u5c07\u958b\u5c55\u91ab\u5b78\u5408\u4f5c<\/font><\/a><\/td><td align=\"center\" valign=\"top\" width=\"140\"><font size=\"-1\">CO-PRS<\/font><\/td><\/tr><tr><td style=\"border-right: 2px dotted black\"><a href=\"http:\/\/um2.um.edu.mo\/apps\/com\/bulletin.nsf\/nrsview\/DDC869EB96BF5712482584B00016776C\"><font size=\"-1\" color=\"#202020\">Recruitment of Student Trainee(s) for the Human Resources Section of the Office of Administration (Application Deadline: 19 November 2019)<\/font><\/a><br \/><a href=\"http:\/\/um2.um.edu.mo\/apps\/com\/bulletin.nsf\/nrsview\/DDC869EB96BF5712482584B00016776C\"><font size=\"-1\" color=\"#202020\">\u884c\u653f\u90e8\u4eba\u529b\u8cc7\u6e90\u8655\u62db\u8058\u5b78\u751f\u52a9\u7406 (\u622a\u6b62\u65e5\u671f\uff1a2019\u5e7411\u670819\u65e5)<\/font><\/a><\/td><td align=\"center\" valign=\"top\" width=\"140\"><font size=\"-1\">ADMO-HRS<\/font><\/td><\/tr><tr><td style=\"border-right: 2px dotted black\"><a href=\"http:\/\/um2.um.edu.mo\/apps\/com\/bulletin.nsf\/nrsview\/595416A0E8110815482584B000160EE5\"><font size=\"-1\" color=\"#202020\">Career Development Centre of Student Affairs Office]  Career Insider (7)\uff1aHow to answer questions about current events<\/font><\/a><br \/><a href=\"http:\/\/um2.um.edu.mo\/apps\/com\/bulletin.nsf\/nrsview\/595416A0E8110815482584B000160EE5\"><font size=\"-1\" color=\"#202020\">[\u5b78\u751f\u4e8b\u52d9\u90e8 \u751f\u6daf\u767c\u5c55\u4e2d\u5fc3] \u5c31\u696d\u60c5\u5831 (\u4e03)\uff1a\u5982\u4f55\u56de\u7b54\u9762\u8a66\u4e2d\u7684\u6642\u4e8b\u554f\u984c<\/font><\/a><\/td><td align=\"center\" valign=\"top\" width=\"140\"><font size=\"-1\">SAO-SCS-CDC<\/font><\/td><\/tr><tr><td style=\"border-right: 2px dotted black\"><a href=\"http:\/\/um2.um.edu.mo\/apps\/com\/bulletin.nsf\/nrsview\/D611ADEEFDE1D6E8482584B0000BA8A8\"><font size=\"-1\" color=\"#202020\">Morning Express: UM Today \u300a\u4eca\u65e5\u6fb3\u5927\u300b, 12\/11\/2019<\/font><\/a><br \/><a href=\"http:\/\/um2.um.edu.mo\/apps\/com\/bulletin.nsf\/nrsview\/D611ADEEFDE1D6E8482584B0000BA8A8\"><font size=\"-1\" color=\"#202020\"><\/font><\/a><\/td><td align=\"center\" valign=\"top\" width=\"140\"><font size=\"-1\">CO<\/font><\/td><\/tr><tr><td style=\"border-right: 2px dotted black\"><a href=\"http:\/\/um2.um.edu.mo\/apps\/com\/bulletin.nsf\/nrsview\/ACCEC3A396A0610C482584AF000AB8B8\"><font size=\"-1\" color=\"#202020\">CMSA, UMSU: 2019 Karaoke Contest Preliminary Round (17 Nov, 20:00, E31-SAC Theatre)<\/font><\/a><br \/><a href=\"http:\/\/um2.um.edu.mo\/apps\/com\/bulletin.nsf\/nrsview\/ACCEC3A396A0610C482584AF000AB8B8\"><font size=\"-1\" color=\"#202020\">\u6fb3\u9580\u5927\u5b78\u5b78\u751f\u6703\u5167\u5730\u5b78\u751f\u6703:\u300c\u90fd\u807d\u6211\u7684\u300dK\u6b4c\u5927\u8cfd \u521d\u8cfd (11\u670817\u65e5, 20:00, E31-\u5b78\u751f\u6d3b\u52d5\u4e2d\u5fc3\u97f3\u6a02\u5287\u5834)<\/font><\/a><\/td><td align=\"center\" valign=\"top\" width=\"140\"><font size=\"-1\">SAO-SDS<\/font><\/td><\/tr><tr><td colspan=\"2\" align=\"right\" style=\"border-top: 1px dashed black\"><font size=\"-1\" color=\"#202020\"><a href='https:\/\/www.um.edu.mo\/students\/university-almanac-information\/e-bulletin-for-students.html'>All active student notice<\/a> <a href='http:\/\/www.um.edu.mo\/zh-hant\/student\/university-almanac-information\/e-bulletin-for-students.html'>\u6240\u6709\u5b78\u751f\u901a\u544a<\/a><\/font><\/td><\/tr><\/table><br \/><font size=\"-1\">\n          <table width=\"100%\" cellspacing=\"0\" cellpadding=\"5\">\n<tbody>\n<tr>\n<td width=\"33%\"><font size=\"-1\"><a href=\"https:\/\/isw.um.edu.mo\/umresource\/\">Banner Booking \u501f\u7528\u6a6b\u984d<\/a><\/font><\/td>\n<td width=\"33%\"><font size=\"-1\"><a href=\"https:\/\/isw.um.edu.mo\/nsp\">Add News and Events \u4e0a\u8f09\u65b0\u805e\u53ca\u6d3b\u52d5<\/a><\/font><\/td>\n<td width=\"33%\"><font size=\"-1\"><a href=\"https:\/\/fmm.cmdo.um.edu.mo\/wp-content\/uploads\/2016\/12\/unclaimed-mail-2018-9.pdf\">List for Undeliverable Mail \u5f85\u9818\u90f5\u4ef6\u8868<\/a><\/font><\/td><\/tr>\n<tr>\n<td><font size=\"-1\"><a href=\"https:\/\/isw.um.edu.mo\/umresource\/\">Equipment Booking \u501f\u7528\u7269\u54c1<\/a><\/font><\/td>\n<td><a href=\"https:\/\/isw.um.edu.mo\/eleave\/\"><font size=\"-1\">Leave Application System \u4f11\u5047\u7533\u8acb<\/font><\/a><\/td>\n<td><a href=\"https:\/\/um2.um.edu.mo\/apps\/com\/umlostfound.nsf\/eng\"><font size=\"-1\">Lost and Found \u5931\u7269\u8a8d\u9818<\/font><\/a><\/td><\/tr>\n<tr>\n<td><a href=\"https:\/\/isw.um.edu.mo\/cdweb\/\"><font size=\"-1\">Sports Facilities Booking \u9ad4\u80b2\u8a2d\u65bd\u9810\u7d04<\/font><\/a><\/td>\n<td><font size=\"-1\"><a href=\"https:\/\/isw.um.edu.mo\/umresource\/\">Venue Booking \u501f\u7528\u5834\u5730<\/a><\/font><\/td>\n<td><font size=\"-1\"><a href=\"https:\/\/reg.um.edu.mo\/admission\/generalinfo\/university-almanac\/\">University Almanac&nbsp;\u6821\u66c6<\/a><\/font><\/td><\/tr>\n<tr>\n<td><br \/><\/td><td><font size=\"-1\"><\/font><\/td><\/tr><\/tbody><\/table>\n<p><span style=\"font-family: Times New Roman,Times,serif;font-style: italic\">&quot;UM Today\u201d<\/span><span style=\"font-family: Times New Roman,Times,serif\"> is a daily internal e-newsletter released by the Communications Office, which aims to provide UM members with the up-to-date information about events, seminars, news, internal notices and student activities.<\/span>To review the previous issues of <i>UM Today<\/i>, please access the <a href=\"https:\/\/www.um.edu.mo\/staff\/university-almanac-information\/um-today.html\"><i>UM Today<\/i> Database<\/a>. Should you have any enquiries about <i>UM Today<\/i>, please feel free to contact the Communications Office at&nbsp;88224012 or <a href=\"mailto:co@um.edu.mo\">co@um.edu.mo. <br \/><\/a><\/p>\n<p><span style=\"font-family: Times New Roman,Times,serif\">\u300a\u4eca\u65e5\u6fb3\u5927\u300b\u662f\u7531\u50b3\u8a0a\u90e8\u767c\u4f48\u7684\u6821\u5167\u96fb\u5b50\u901a\u8a0a\uff0c\u65e8\u5728\u70ba\u6fb3\u5927\u4eba\u63d0\u4f9b\u662f\u65e5\u6700\u65b0\u6d3b\u52d5\u3001\u7814\u8a0e\u6703\u3001\u65b0\u805e\u3001\u5167\u90e8\u901a\u8a0a\u53ca\u5b78\u751f\u6d3b\u52d5\u7b49\u8cc7\u8a0a\u3002<\/span>\u5982\u6b32\u700f\u89bd\u5df2\u51fa\u7248\u7684\u300a\u4eca\u65e5\u6fb3\u5927\u300b\uff0c\u8acb\u767b\u5165\u300a\u4eca\u65e5\u6fb3\u5927\u300b<a href=\"https:\/\/www.um.edu.mo\/zh-hant\/staff\/university-almanac-information\/um-today.html\">\u8cc7\u6599\u5eab<\/a>\u3002\u5982\u5c0d\u300a\u4eca\u65e5\u6fb3\u5927\u300b\u6709\u4efb\u4f55\u67e5\u8a62\uff0c\u8acb\u81f4\u96fb88224012\u6216\u96fb\u90f5\u81f3<a href=\"mailto:co@um.edu.mo\">co@um.edu.mo<\/a>\u806f\u7d61\u50b3\u8a0a\u90e8\u3002<\/p>\n          <p>First Released time \u9996\u6b21\u767c\u4f48\u6642\u9593: 13\/11\/2019 09:00<\/p><\/font><\/td><\/tr><\/table>\n                    \n                ","protected":false},"excerpt":{"rendered":"<p>Web version \u7db2\u9801\u7248 \u60f3\u77e5\u9053\u66f4\u591a\u7cbe\u5f69\u8cc7\u8a0a\uff0c\u8acb\u700f\u89bd\u6fb3\u5927\u5fae\u4fe1\u53ca\u81c9\u66f8\u3002For more information, please follow us on WeChat or Facebook. Time \u6642\u9593 Today\u2019s Events \u4eca\u65e5\u6d3b\u52d5 Venue \u5730\u9ede 10:30 &#8211; 11:30FST-MAT Seminar by Prof. Fawang LIU\u79d1\u6280\u5b78\u9662\u6578\u5b78\u7cfb\u8b1b\u5ea7: &#8220;\u6578\u503c\u6a21\u64ec\u8907\u96dc\u7684\u52d5\u529b\u7cfb\u7d71\u53ca\u5176\u61c9\u7528&#8221; &#8211;&#8230;<\/p>\n","protected":false},"author":1,"featured_media":0,"comment_status":"closed","ping_status":"open","sticky":false,"template":"single-umtoday.php","format":"standard","meta":{"_acf_changed":false,"footnotes":""},"categories":[84],"tags":[],"class_list":["post-161623","post","type-post","status-publish","format-standard","hentry","category-um-today"],"acf":[],"yoast_head":"<!-- This site is optimized with the Yoast SEO plugin v24.5 - https:\/\/yoast.com\/wordpress\/plugins\/seo\/ -->\n<title>2019-11-13 | Universidade de Macau<\/title>\n<meta name=\"description\" content=\"Universidade de Macau: Uma universidade abrangente p\u00fablica de n\u00edvel internacional fundada em 1981\" \/>\n<meta name=\"robots\" content=\"index, follow, max-snippet:-1, max-image-preview:large, max-video-preview:-1\" \/>\n<link rel=\"canonical\" href=\"https:\/\/www.um.edu.mo\/pt-pt\/um-today\/detail\/20191113\/\" \/>\n<meta property=\"og:locale\" content=\"pt_PT\" \/>\n<meta property=\"og:type\" content=\"article\" \/>\n<meta property=\"og:title\" content=\"2019-11-13 | Universidade de Macau\" \/>\n<meta property=\"og:description\" content=\"Universidade de Macau: Uma universidade abrangente p\u00fablica de n\u00edvel internacional fundada em 1981\" \/>\n<meta property=\"og:url\" content=\"https:\/\/www.um.edu.mo\/pt-pt\/um-today\/detail\/20191113\/\" \/>\n<meta property=\"og:site_name\" content=\"Universidade de Macau\" \/>\n<meta property=\"article:publisher\" content=\"https:\/\/www.facebook.com\/universityofmacau\" \/>\n<meta property=\"article:published_time\" content=\"2019-11-12T19:31:43+00:00\" \/>\n<meta property=\"og:image\" content=\"https:\/\/co.um.edu.mo\/wp-content\/uploads\/2019\/09\/um_today_banner.jpg\" \/>\n<meta name=\"author\" content=\"web_admin\" \/>\n<meta name=\"twitter:card\" content=\"summary_large_image\" \/>\n<meta name=\"twitter:creator\" content=\"@UM_1981\" \/>\n<meta name=\"twitter:site\" content=\"@UM_1981\" \/>\n<meta name=\"twitter:label1\" content=\"Escrito por\" \/>\n\t<meta name=\"twitter:data1\" content=\"web_admin\" \/>\n\t<meta name=\"twitter:label2\" content=\"Tempo estimado de leitura\" \/>\n\t<meta name=\"twitter:data2\" content=\"3 minutos\" \/>\n<script type=\"application\/ld+json\" class=\"yoast-schema-graph\">{\"@context\":\"https:\/\/schema.org\",\"@graph\":[{\"@type\":\"Article\",\"@id\":\"https:\/\/www.um.edu.mo\/pt-pt\/um-today\/detail\/20191113\/#article\",\"isPartOf\":{\"@id\":\"https:\/\/www.um.edu.mo\/pt-pt\/um-today\/detail\/20191113\/\"},\"author\":{\"name\":\"web_admin\",\"@id\":\"https:\/\/www.um.edu.mo\/pt-pt\/#\/schema\/person\/bfdcd3a75d1b778a93663e5dee2e33bb\"},\"headline\":\"2019-11-13\",\"datePublished\":\"2019-11-12T19:31:43+00:00\",\"mainEntityOfPage\":{\"@id\":\"https:\/\/www.um.edu.mo\/pt-pt\/um-today\/detail\/20191113\/\"},\"wordCount\":680,\"publisher\":{\"@id\":\"https:\/\/www.um.edu.mo\/pt-pt\/#organization\"},\"image\":{\"@id\":\"https:\/\/www.um.edu.mo\/pt-pt\/um-today\/detail\/20191113\/#primaryimage\"},\"thumbnailUrl\":\"https:\/\/co.um.edu.mo\/wp-content\/uploads\/2019\/09\/um_today_banner.jpg\",\"articleSection\":[\"UM Today\"],\"inLanguage\":\"pt-PT\"},{\"@type\":\"WebPage\",\"@id\":\"https:\/\/www.um.edu.mo\/pt-pt\/um-today\/detail\/20191113\/\",\"url\":\"https:\/\/www.um.edu.mo\/pt-pt\/um-today\/detail\/20191113\/\",\"name\":\"2019-11-13 | Universidade de Macau\",\"isPartOf\":{\"@id\":\"https:\/\/www.um.edu.mo\/pt-pt\/#website\"},\"primaryImageOfPage\":{\"@id\":\"https:\/\/www.um.edu.mo\/pt-pt\/um-today\/detail\/20191113\/#primaryimage\"},\"image\":{\"@id\":\"https:\/\/www.um.edu.mo\/pt-pt\/um-today\/detail\/20191113\/#primaryimage\"},\"thumbnailUrl\":\"https:\/\/co.um.edu.mo\/wp-content\/uploads\/2019\/09\/um_today_banner.jpg\",\"datePublished\":\"2019-11-12T19:31:43+00:00\",\"description\":\"Universidade de Macau: Uma universidade abrangente p\u00fablica de n\u00edvel internacional fundada em 1981\",\"breadcrumb\":{\"@id\":\"https:\/\/www.um.edu.mo\/pt-pt\/um-today\/detail\/20191113\/#breadcrumb\"},\"inLanguage\":\"pt-PT\",\"potentialAction\":[{\"@type\":\"ReadAction\",\"target\":[\"https:\/\/www.um.edu.mo\/pt-pt\/um-today\/detail\/20191113\/\"]}]},{\"@type\":\"ImageObject\",\"inLanguage\":\"pt-PT\",\"@id\":\"https:\/\/www.um.edu.mo\/pt-pt\/um-today\/detail\/20191113\/#primaryimage\",\"url\":\"https:\/\/co.um.edu.mo\/wp-content\/uploads\/2019\/09\/um_today_banner.jpg\",\"contentUrl\":\"https:\/\/co.um.edu.mo\/wp-content\/uploads\/2019\/09\/um_today_banner.jpg\"},{\"@type\":\"BreadcrumbList\",\"@id\":\"https:\/\/www.um.edu.mo\/pt-pt\/um-today\/detail\/20191113\/#breadcrumb\",\"itemListElement\":[{\"@type\":\"ListItem\",\"position\":1,\"name\":\"P\u00e1gina inicial\",\"item\":\"https:\/\/www.um.edu.mo\/pt-pt\/\"},{\"@type\":\"ListItem\",\"position\":2,\"name\":\"UM Today\",\"item\":\"https:\/\/www.um.edu.mo\/pt-pt\/category\/um-today\/\"},{\"@type\":\"ListItem\",\"position\":3,\"name\":\"2019-11-13\"}]},{\"@type\":\"WebSite\",\"@id\":\"https:\/\/www.um.edu.mo\/pt-pt\/#website\",\"url\":\"https:\/\/www.um.edu.mo\/pt-pt\/\",\"name\":\"Universidade de Macau\",\"description\":\"\",\"publisher\":{\"@id\":\"https:\/\/www.um.edu.mo\/pt-pt\/#organization\"},\"potentialAction\":[{\"@type\":\"SearchAction\",\"target\":{\"@type\":\"EntryPoint\",\"urlTemplate\":\"https:\/\/www.um.edu.mo\/pt-pt\/?s={search_term_string}\"},\"query-input\":{\"@type\":\"PropertyValueSpecification\",\"valueRequired\":true,\"valueName\":\"search_term_string\"}}],\"inLanguage\":\"pt-PT\"},{\"@type\":\"Organization\",\"@id\":\"https:\/\/www.um.edu.mo\/pt-pt\/#organization\",\"name\":\"University of Macau\",\"url\":\"https:\/\/www.um.edu.mo\/pt-pt\/\",\"logo\":{\"@type\":\"ImageObject\",\"inLanguage\":\"pt-PT\",\"@id\":\"https:\/\/www.um.edu.mo\/pt-pt\/#\/schema\/logo\/image\/\",\"url\":\"https:\/\/www.um.edu.mo\/wp-content\/uploads\/2020\/09\/UM-Logo_V-Black.png\",\"contentUrl\":\"https:\/\/www.um.edu.mo\/wp-content\/uploads\/2020\/09\/UM-Logo_V-Black.png\",\"width\":3508,\"height\":2785,\"caption\":\"University of Macau\"},\"image\":{\"@id\":\"https:\/\/www.um.edu.mo\/pt-pt\/#\/schema\/logo\/image\/\"},\"sameAs\":[\"https:\/\/www.facebook.com\/universityofmacau\",\"https:\/\/x.com\/UM_1981\"]},{\"@type\":\"Person\",\"@id\":\"https:\/\/www.um.edu.mo\/pt-pt\/#\/schema\/person\/bfdcd3a75d1b778a93663e5dee2e33bb\",\"name\":\"web_admin\",\"image\":{\"@type\":\"ImageObject\",\"inLanguage\":\"pt-PT\",\"@id\":\"https:\/\/www.um.edu.mo\/pt-pt\/#\/schema\/person\/image\/\",\"url\":\"https:\/\/secure.gravatar.com\/avatar\/e230ccd9ba8eb5ce94ecf306e4a35399?s=96&d=mm&r=g\",\"contentUrl\":\"https:\/\/secure.gravatar.com\/avatar\/e230ccd9ba8eb5ce94ecf306e4a35399?s=96&d=mm&r=g\",\"caption\":\"web_admin\"}}]}<\/script>\n<!-- \/ Yoast SEO plugin. -->","yoast_head_json":{"title":"2019-11-13 | Universidade de Macau","description":"Universidade de Macau: Uma universidade abrangente p\u00fablica de n\u00edvel internacional fundada em 1981","robots":{"index":"index","follow":"follow","max-snippet":"max-snippet:-1","max-image-preview":"max-image-preview:large","max-video-preview":"max-video-preview:-1"},"canonical":"https:\/\/www.um.edu.mo\/pt-pt\/um-today\/detail\/20191113\/","og_locale":"pt_PT","og_type":"article","og_title":"2019-11-13 | Universidade de Macau","og_description":"Universidade de Macau: Uma universidade abrangente p\u00fablica de n\u00edvel internacional fundada em 1981","og_url":"https:\/\/www.um.edu.mo\/pt-pt\/um-today\/detail\/20191113\/","og_site_name":"Universidade de Macau","article_publisher":"https:\/\/www.facebook.com\/universityofmacau","article_published_time":"2019-11-12T19:31:43+00:00","og_image":[{"url":"https:\/\/co.um.edu.mo\/wp-content\/uploads\/2019\/09\/um_today_banner.jpg","type":"","width":"","height":""}],"author":"web_admin","twitter_card":"summary_large_image","twitter_creator":"@UM_1981","twitter_site":"@UM_1981","twitter_misc":{"Escrito por":"web_admin","Tempo estimado de leitura":"3 minutos"},"schema":{"@context":"https:\/\/schema.org","@graph":[{"@type":"Article","@id":"https:\/\/www.um.edu.mo\/pt-pt\/um-today\/detail\/20191113\/#article","isPartOf":{"@id":"https:\/\/www.um.edu.mo\/pt-pt\/um-today\/detail\/20191113\/"},"author":{"name":"web_admin","@id":"https:\/\/www.um.edu.mo\/pt-pt\/#\/schema\/person\/bfdcd3a75d1b778a93663e5dee2e33bb"},"headline":"2019-11-13","datePublished":"2019-11-12T19:31:43+00:00","mainEntityOfPage":{"@id":"https:\/\/www.um.edu.mo\/pt-pt\/um-today\/detail\/20191113\/"},"wordCount":680,"publisher":{"@id":"https:\/\/www.um.edu.mo\/pt-pt\/#organization"},"image":{"@id":"https:\/\/www.um.edu.mo\/pt-pt\/um-today\/detail\/20191113\/#primaryimage"},"thumbnailUrl":"https:\/\/co.um.edu.mo\/wp-content\/uploads\/2019\/09\/um_today_banner.jpg","articleSection":["UM Today"],"inLanguage":"pt-PT"},{"@type":"WebPage","@id":"https:\/\/www.um.edu.mo\/pt-pt\/um-today\/detail\/20191113\/","url":"https:\/\/www.um.edu.mo\/pt-pt\/um-today\/detail\/20191113\/","name":"2019-11-13 | Universidade de Macau","isPartOf":{"@id":"https:\/\/www.um.edu.mo\/pt-pt\/#website"},"primaryImageOfPage":{"@id":"https:\/\/www.um.edu.mo\/pt-pt\/um-today\/detail\/20191113\/#primaryimage"},"image":{"@id":"https:\/\/www.um.edu.mo\/pt-pt\/um-today\/detail\/20191113\/#primaryimage"},"thumbnailUrl":"https:\/\/co.um.edu.mo\/wp-content\/uploads\/2019\/09\/um_today_banner.jpg","datePublished":"2019-11-12T19:31:43+00:00","description":"Universidade de Macau: Uma universidade abrangente p\u00fablica de n\u00edvel internacional fundada em 1981","breadcrumb":{"@id":"https:\/\/www.um.edu.mo\/pt-pt\/um-today\/detail\/20191113\/#breadcrumb"},"inLanguage":"pt-PT","potentialAction":[{"@type":"ReadAction","target":["https:\/\/www.um.edu.mo\/pt-pt\/um-today\/detail\/20191113\/"]}]},{"@type":"ImageObject","inLanguage":"pt-PT","@id":"https:\/\/www.um.edu.mo\/pt-pt\/um-today\/detail\/20191113\/#primaryimage","url":"https:\/\/co.um.edu.mo\/wp-content\/uploads\/2019\/09\/um_today_banner.jpg","contentUrl":"https:\/\/co.um.edu.mo\/wp-content\/uploads\/2019\/09\/um_today_banner.jpg"},{"@type":"BreadcrumbList","@id":"https:\/\/www.um.edu.mo\/pt-pt\/um-today\/detail\/20191113\/#breadcrumb","itemListElement":[{"@type":"ListItem","position":1,"name":"P\u00e1gina inicial","item":"https:\/\/www.um.edu.mo\/pt-pt\/"},{"@type":"ListItem","position":2,"name":"UM Today","item":"https:\/\/www.um.edu.mo\/pt-pt\/category\/um-today\/"},{"@type":"ListItem","position":3,"name":"2019-11-13"}]},{"@type":"WebSite","@id":"https:\/\/www.um.edu.mo\/pt-pt\/#website","url":"https:\/\/www.um.edu.mo\/pt-pt\/","name":"Universidade de Macau","description":"","publisher":{"@id":"https:\/\/www.um.edu.mo\/pt-pt\/#organization"},"potentialAction":[{"@type":"SearchAction","target":{"@type":"EntryPoint","urlTemplate":"https:\/\/www.um.edu.mo\/pt-pt\/?s={search_term_string}"},"query-input":{"@type":"PropertyValueSpecification","valueRequired":true,"valueName":"search_term_string"}}],"inLanguage":"pt-PT"},{"@type":"Organization","@id":"https:\/\/www.um.edu.mo\/pt-pt\/#organization","name":"University of Macau","url":"https:\/\/www.um.edu.mo\/pt-pt\/","logo":{"@type":"ImageObject","inLanguage":"pt-PT","@id":"https:\/\/www.um.edu.mo\/pt-pt\/#\/schema\/logo\/image\/","url":"https:\/\/www.um.edu.mo\/wp-content\/uploads\/2020\/09\/UM-Logo_V-Black.png","contentUrl":"https:\/\/www.um.edu.mo\/wp-content\/uploads\/2020\/09\/UM-Logo_V-Black.png","width":3508,"height":2785,"caption":"University of Macau"},"image":{"@id":"https:\/\/www.um.edu.mo\/pt-pt\/#\/schema\/logo\/image\/"},"sameAs":["https:\/\/www.facebook.com\/universityofmacau","https:\/\/x.com\/UM_1981"]},{"@type":"Person","@id":"https:\/\/www.um.edu.mo\/pt-pt\/#\/schema\/person\/bfdcd3a75d1b778a93663e5dee2e33bb","name":"web_admin","image":{"@type":"ImageObject","inLanguage":"pt-PT","@id":"https:\/\/www.um.edu.mo\/pt-pt\/#\/schema\/person\/image\/","url":"https:\/\/secure.gravatar.com\/avatar\/e230ccd9ba8eb5ce94ecf306e4a35399?s=96&d=mm&r=g","contentUrl":"https:\/\/secure.gravatar.com\/avatar\/e230ccd9ba8eb5ce94ecf306e4a35399?s=96&d=mm&r=g","caption":"web_admin"}}]}},"_links":{"self":[{"href":"https:\/\/www.um.edu.mo\/pt-pt\/wp-json\/wp\/v2\/posts\/161623","targetHints":{"allow":["GET"]}}],"collection":[{"href":"https:\/\/www.um.edu.mo\/pt-pt\/wp-json\/wp\/v2\/posts"}],"about":[{"href":"https:\/\/www.um.edu.mo\/pt-pt\/wp-json\/wp\/v2\/types\/post"}],"author":[{"embeddable":true,"href":"https:\/\/www.um.edu.mo\/pt-pt\/wp-json\/wp\/v2\/users\/1"}],"replies":[{"embeddable":true,"href":"https:\/\/www.um.edu.mo\/pt-pt\/wp-json\/wp\/v2\/comments?post=161623"}],"version-history":[{"count":0,"href":"https:\/\/www.um.edu.mo\/pt-pt\/wp-json\/wp\/v2\/posts\/161623\/revisions"}],"wp:attachment":[{"href":"https:\/\/www.um.edu.mo\/pt-pt\/wp-json\/wp\/v2\/media?parent=161623"}],"wp:term":[{"taxonomy":"category","embeddable":true,"href":"https:\/\/www.um.edu.mo\/pt-pt\/wp-json\/wp\/v2\/categories?post=161623"},{"taxonomy":"post_tag","embeddable":true,"href":"https:\/\/www.um.edu.mo\/pt-pt\/wp-json\/wp\/v2\/tags?post=161623"}],"curies":[{"name":"wp","href":"https:\/\/api.w.org\/{rel}","templated":true}]}}