{"id":161619,"date":"2019-11-19T03:31:41","date_gmt":"2019-11-18T19:31:41","guid":{"rendered":"https:\/\/www.um.edu.mo\/um-today\/2019\/11\/2019-11-19-pt_pt\/"},"modified":"2019-11-19T03:31:41","modified_gmt":"2019-11-18T19:31:41","slug":"20191119","status":"publish","type":"post","link":"https:\/\/www.um.edu.mo\/pt-pt\/um-today\/detail\/20191119\/","title":{"rendered":"2019-11-19"},"content":{"rendered":"\n                    \n                    <table width=\"737\" border=\"0\" cellpadding=\"0\" cellspacing=\"0\"><tr><td>\n            <img decoding=\"async\" src=\"https:\/\/co.um.edu.mo\/wp-content\/uploads\/2019\/09\/um_today_banner.jpg\" height=\"123\" width=\"737\" \/>\n        <\/td><\/tr><tr><td><table><tr><td width=\"380\" align=\"left\"><a href=\"https:\/\/www.um.edu.mo\/news-centre\/news-and-events\/um-today\/detail\/20191119\/\">Web version \u7db2\u9801\u7248<\/a><\/td><td>\n                        <p align=\"right\"><font size=\"2\">\u60f3\u77e5\u9053\u66f4\u591a\u7cbe\u5f69\u8cc7\u8a0a\uff0c\u8acb\u700f\u89bd\u6fb3\u5927\u5fae\u4fe1\u53ca\u81c9\u66f8\u3002<\/font><br \/><font size=\"2\">For more information, please follow us on WeChat or Facebook.<\/font><\/p>\n                    <\/td><\/tr><\/table><\/td><\/tr><tr><td><font size=\"-1\">\n            <div style=\"font-size: small\"><br \/><\/div>\n          <\/font><table width=\"100%\" border=\"0\" cellpadding=\"5\" cellspacing=\"0\"><tr><th bgcolor=\"#69B3E7\" width=\"110\" style=\"border-bottom: 2px dotted black;border-right: 2px dotted black\"><font color=\"black\" size=\"4\">Time <\/font><font color=\"black\" size=\"3\">\u6642\u9593<\/font><\/th><th bgcolor=\"#69B3E7\" style=\"border-bottom: 2px dotted black;border-right: 2px dotted black\"><font color=\"black\" size=\"4\">\n                    Today\u2019s Events \u4eca\u65e5\u6d3b\u52d5\n                  <\/font><\/th><th bgcolor=\"#69B3E7\" width=\"165\" valign=\"top\" style=\"border-bottom: 2px dotted black\"><font color=\"black\" size=\"4\">Venue <\/font><font color=\"black\" size=\"3\">\u5730\u9ede<\/font><\/th><\/tr><tr><td align=\"center\" style=\"border-right: 2px dotted black\" valign=\"top\"><font size=\"-1\">\n                        10:30\n                        <\/font><\/td><td style=\"border-right: 2px dotted black\" valign=\"top\"><a href=\"http:\/\/www.um.edu.mo\/news-centre\/news-and-events\/event-calendar\/20191119\/#49231\"><font size=\"-1\" color=\"blue\">FBA Seminar Series by Prof. Ben NIU<\/font><\/a><font size=\"-1\"><\/font><br \/><a href=\"http:\/\/www.um.edu.mo\/zh-hant\/news-centre\/news-and-events\/event-calendar\/20191119\/#49231\"><font size=\"-1\" color=\"blue\">\u5de5\u5546\u7ba1\u7406\u5b78\u9662\u7814\u8a0e\u6703\u7cfb\u5217 &#8211; \u725b\u5954\u6559\u6388<\/font><\/a><\/td><td align=\"center\" valign=\"top\" width=\"165\"><font size=\"-1\">\n                        E22-G010, Faculty of Business Administration\n                      <\/font><\/td><\/tr><tr><td align=\"center\" style=\"border-right: 2px dotted black\" valign=\"top\"><font size=\"-1\">\n                        13:00\n                        \n                          &#8211; 14:00<\/font><\/td><td style=\"border-right: 2px dotted black\" valign=\"top\"><a href=\"http:\/\/www.um.edu.mo\/news-centre\/news-and-events\/event-calendar\/20191119\/#49400\"><font size=\"-1\" color=\"blue\">FSS-DSOC Luncheon Seminar Series: \u201cThe Constitutional Rights View of Wu Jingxiong during the Nanjing Governmental Period\u201d by Prof. Billy So<\/font><\/a><font size=\"-1\"><\/font><br \/><a href=\"http:\/\/www.um.edu.mo\/zh-hant\/news-centre\/news-and-events\/event-calendar\/20191119\/#49400\"><font size=\"-1\" color=\"blue\">\u793e\u6703\u79d1\u5b78\u5b78\u9662\u793e\u6703\u5b78\u7cfb\u5348\u9910\u8b1b\u5ea7\u7cfb\u5217 &#8211; &#8220;\u6709\u6cd5\u7121\u5929\uff1a\u5357\u4eac\u653f\u5e9c\u6642\u671f\u5433\u7d93\u718a\u7684\u61b2\u6cd5\u6b0a\u5229\u89c0&#8221; &#8211; \u8607\u57fa\u6717\u6559\u6388<\/font><\/a><\/td><td align=\"center\" valign=\"top\" width=\"165\"><font size=\"-1\">\n                        E21B-G002, Humanities and Social Sciences Building\n                      <\/font><\/td><\/tr><tr><td align=\"center\" style=\"border-right: 2px dotted black\" valign=\"top\"><font size=\"-1\">\n                        18:30\n                        \n                          &#8211; 20:30<\/font><\/td><td style=\"border-right: 2px dotted black\" valign=\"top\"><a href=\"http:\/\/www.um.edu.mo\/news-centre\/news-and-events\/event-calendar\/20191119\/#49210\"><font size=\"-1\" color=\"purple\">FAH-CPC: Portuguese Culture Course<\/font><\/a><font size=\"-1\"> (cont)<\/font><br \/><a href=\"http:\/\/www.um.edu.mo\/zh-hant\/news-centre\/news-and-events\/event-calendar\/20191119\/#49210\"><font size=\"-1\" color=\"purple\">FAH-CPC: \u8461\u8404\u7259\u6587\u5316\u8ab2\u7a0b<\/font><\/a><\/td><td align=\"center\" valign=\"top\" width=\"165\"><font size=\"-1\">\n                        Centro de Forma\u00e7\u00e3o dos Trabalhadores dos Servi\u00e7os P\u00fablicos Alameda Dr. Carlos D\u2019Assump\u00e7\u00e3o Nos. 336-342 Centro Comercial Cheng Feng 6\u00b0 Andar, Sala 609-611, Macao\n                      <\/font><\/td><\/tr><tr><td align=\"center\" style=\"border-right: 2px dotted black\" valign=\"top\"><font size=\"-1\">\n                        18:30\n                        \n                          &#8211; 21:00<\/font><\/td><td style=\"border-right: 2px dotted black\" valign=\"top\"><a href=\"http:\/\/www.um.edu.mo\/news-centre\/news-and-events\/event-calendar\/20191119\/#49166\"><font size=\"-1\" color=\"purple\">FAH-CPC-IPOR: A1 Level Portuguese Program for Legal Professionals<\/font><\/a><font size=\"-1\"> (cont)<\/font><br \/><a href=\"http:\/\/www.um.edu.mo\/zh-hant\/news-centre\/news-and-events\/event-calendar\/20191119\/#49166\"><font size=\"-1\" color=\"purple\">FAH-CPC-IPOR: \u8461\u8404\u7259\u8a9e\u4f5c\u70ba\u5916\u8a9eA1\u7d1a\u6cd5\u5f8b\u9818\u57df\u5c08\u696d\u4eba\u54e1\u8ab2\u7a0b<\/font><\/a><\/td><td align=\"center\" valign=\"top\" width=\"165\"><font size=\"-1\">\n                        Instituto Portugu\u00eas do Oriente (IPOR), Rua Pedro Nolasco da Silva, n.\u00ba 45-1.\u00ba\n                      <\/font><\/td><\/tr><tr><td align=\"center\" style=\"border-right: 2px dotted black\" valign=\"top\"><font size=\"-1\">\n                        19:30\n                        \n                          &#8211; 22:00<\/font><\/td><td style=\"border-right: 2px dotted black\" valign=\"top\"><a href=\"http:\/\/www.um.edu.mo\/news-centre\/news-and-events\/event-calendar\/20191119\/#49326\"><font size=\"-1\" color=\"blue\">UM Dance Troupe Showcase &#8220;Twins&#8221;<\/font><\/a><font size=\"-1\"><\/font><br \/><a href=\"http:\/\/www.um.edu.mo\/zh-hant\/news-centre\/news-and-events\/event-calendar\/20191119\/#49326\"><font size=\"-1\" color=\"blue\">\u6fb3\u5927\u821e\u8e48\u968a\u5c08\u5834\uff1a&#8221;\u96d9\u751f&#8221;<\/font><\/a><\/td><td align=\"center\" valign=\"top\" width=\"165\"><font size=\"-1\">\n                        N2, University Hall\n                      <\/font><\/td><\/tr><tr><td colspan=\"3\" align=\"right\" style=\"border-top: 1px dashed black\"><font size=\"-1\" color=\"#202020\"><a href='http:\/\/www.um.edu.mo\/news-centre\/news-and-events\/event-calendar\/201911'>More events<\/a> <a href='http:\/\/www.um.edu.mo\/zh-hant\/news-centre\/news-and-events\/event-calendar\/201911'>\u66f4\u591a\u6d3b\u52d5<\/a> \/ <a href='https:\/\/isw.um.edu.mo\/nrsadmin\/faces\/createEvent'>Post an event \u767c\u4f48\u6d3b\u52d5<\/a><\/font><\/td><\/tr><\/table><br \/><table width=\"100%\" border=\"0\" cellpadding=\"5\" cellspacing=\"0\"><tr><th bgcolor=\"#69B3E7\" style=\"border-bottom: 2px dotted black;border-right: 2px dotted black\"><font color=\"black\" size=\"4\">\n                    News &amp; Upcoming Activities \u65b0\u805e\u53ca\u6d3b\u52d5\u9810\u544a\n                    <\/font><\/th><th bgcolor=\"#69B3E7\" width=\"140\" style=\"border-bottom: 2px dotted black\"><font color=\"black\" size=\"4\">Dept. <\/font><font color=\"black\" size=\"3\">\u90e8\u9580<\/font><\/th><\/tr><tr><td style=\"border-right: 2px dotted black\"><a href=\"http:\/\/www.um.edu.mo\/news-centre\/news-and-events\/news-and-press-releases\/detail\/49459\/\"><font size=\"-1\" color=\"#202020\">International Students Choose UM for Studying Portuguese<\/font><\/a><br \/><a href=\"http:\/\/www.um.edu.mo\/zh-hant\/news-centre\/news-and-events\/news-and-press-releases\/detail\/49459\/\"><font size=\"-1\" color=\"#202020\">\u5916\u570b\u5b78\u751f\u5728\u6fb3\u5927\u5b78\u8461\u8a9e<\/font><\/a><\/td><td align=\"center\" valign=\"top\" width=\"140\"><font size=\"-1\">CO<\/font><\/td><\/tr><tr><td style=\"border-right: 2px dotted black\"><a href=\"http:\/\/www.um.edu.mo\/news-centre\/news-and-events\/news-and-press-releases\/detail\/49456\/\"><font size=\"-1\" color=\"#202020\">UM kicks off Healthy University Week<\/font><\/a><br \/><a href=\"http:\/\/www.um.edu.mo\/zh-hant\/news-centre\/news-and-events\/news-and-press-releases\/detail\/49456\/\"><font size=\"-1\" color=\"#202020\">\u6fb3\u5927\u5065\u5eb7\u5927\u5b78\u9031\u5021\u5065\u5eb7\u751f\u6d3b<\/font><\/a><\/td><td align=\"center\" valign=\"top\" width=\"140\"><font size=\"-1\">CO<\/font><\/td><\/tr><tr><td style=\"border-right: 2px dotted black\"><a href=\"http:\/\/www.um.edu.mo\/news-centre\/news-and-events\/news-and-press-releases\/detail\/49449\/\"><font size=\"-1\" color=\"#202020\">UM holds insect photo exhibition<\/font><\/a><br \/><a href=\"http:\/\/www.um.edu.mo\/zh-hant\/news-centre\/news-and-events\/news-and-press-releases\/detail\/49449\/\"><font size=\"-1\" color=\"#202020\">\u6fb3\u5927\u5c55\u51fa\u6fb3\u9580\u591a\u6a23\u7532\u87f2\u54c1\u7a2e<\/font><\/a><\/td><td align=\"center\" valign=\"top\" width=\"140\"><font size=\"-1\">CO<\/font><\/td><\/tr><tr><td style=\"border-right: 2px dotted black\"><a href=\"http:\/\/www.um.edu.mo\/news-centre\/news-and-events\/news-and-press-releases\/detail\/49445\/\"><font size=\"-1\" color=\"#202020\">UM FBA holds information seminar on accounting <\/font><\/a><br \/><a href=\"http:\/\/www.um.edu.mo\/zh-hant\/news-centre\/news-and-events\/news-and-press-releases\/detail\/49445\/\"><font size=\"-1\" color=\"#202020\">\u6fb3\u5927\u5de5\u5546\u7ba1\u7406\u5b78\u9662\u8fa6\u6703\u8a08\u8cc7\u8a0a\u8ad6\u58c7<\/font><\/a><\/td><td align=\"center\" valign=\"top\" width=\"140\"><font size=\"-1\">CO<\/font><\/td><\/tr><tr><td style=\"border-right: 2px dotted black\"><a href=\"http:\/\/um2.um.edu.mo\/apps\/com\/bulletin.nsf\/nrsview\/561FD61486C396FE482584B6002BA7D0\"><font size=\"-1\" color=\"#202020\">Sports: UM Men&#8217;s Basketball Team and Women&#8217;s Basketball Team won the Champions respectively in &#8220;2019-2020 Macau University Basketball Championship&#8221;<\/font><\/a><br \/><a href=\"http:\/\/um2.um.edu.mo\/apps\/com\/bulletin.nsf\/nrsview\/561FD61486C396FE482584B6002BA7D0\"><font size=\"-1\" color=\"#202020\">\u9ad4\u80b2: \u6fb3\u9580\u5927\u5b78\u7c43\u7403\u968a\u65bc\u300c2019-2020 \u5168\u6fb3\u5927\u5b78\u751f\u7c43\u7403\u9326\u6a19\u8cfd\u300d\u5305\u8fa6\u7537\u5973\u5b50\u51a0\u8ecd<\/font><\/a><\/td><td align=\"center\" valign=\"top\" width=\"140\"><font size=\"-1\">OSA<\/font><\/td><\/tr><tr><td style=\"border-right: 2px dotted black\"><a href=\"http:\/\/um2.um.edu.mo\/apps\/com\/bulletin.nsf\/nrsview\/5D85EE7A4D665BDC482584B20024DDE0\"><font size=\"-1\" color=\"#202020\">FAH-CPC-IPOR: Class 2 \u2013 A1 Level Portuguese Program for Legal Professionals<\/font><\/a><br \/><a href=\"http:\/\/um2.um.edu.mo\/apps\/com\/bulletin.nsf\/nrsview\/5D85EE7A4D665BDC482584B20024DDE0\"><font size=\"-1\" color=\"#202020\">FAH-CPC-IPOR: \u7b2c\u4e8c\u671f \u2013 \u8461\u8404\u7259\u8a9e\u4f5c\u70ba\u5916\u8a9eA1\u7d1a\u6cd5\u5f8b\u9818\u57df\u5c08\u696d\u4eba\u54e1\u8ab2\u7a0b<\/font><\/a><\/td><td align=\"center\" valign=\"top\" width=\"140\"><font size=\"-1\">FAH<\/font><\/td><\/tr><tr><td style=\"border-right: 2px dotted black\"><a href=\"http:\/\/um2.um.edu.mo\/apps\/com\/bulletin.nsf\/nrsview\/BC9EE3CBA6A293C4482584B600262FD3\"><font size=\"-1\" color=\"#202020\">Reminder: &#8220;Chamber Evening&#8221; Concert by UM String Orchestra &#8211; 1SP &amp; 20.0 &#8220;Cultural Engagement&#8221; (CS) (Date: 25 November 2019, 20:00, Student Activity Centre E31-Theatre)<\/font><\/a><br \/><a href=\"http:\/\/um2.um.edu.mo\/apps\/com\/bulletin.nsf\/nrsview\/BC9EE3CBA6A293C4482584B600262FD3\"><font size=\"-1\" color=\"#202020\">\u63d0\u63d0\u60a8: \u6fb3\u9580\u5927\u5b78\u5f26\u6a02\u5718\u5448\u737b\u300c\u66ae\u5149\u5f26\u8072\u30fb\u5ba4\u6a02\u591c\u300d\u97f3\u6a02\u6703 &#8211; 1\u7c92\u81f3\u53fb\u661f\u53ca20.0\u500b\u300cCultural Engagement\u300d\u7684\u5206\u6578 (2019\u5e7411\u670825\u65e5, 20:00, \u5b78\u751f\u6d3b\u52d5\u4e2d\u5fc3E31\u97f3\u6a02\u5287\u5834)<\/font><\/a><\/td><td align=\"center\" valign=\"top\" width=\"140\"><font size=\"-1\">SAO-SRS<\/font><\/td><\/tr><tr><td style=\"border-right: 2px dotted black\"><a href=\"http:\/\/um2.um.edu.mo\/apps\/com\/bulletin.nsf\/nrsview\/E3EBF9AB048876E1482584B6000A4657\"><font size=\"-1\" color=\"#202020\">MCM College is delighted to host &#8216;An Audience with Endre Heged\u00fcs&#8217; 11:30 am &#8211; 12:45 pm Friday 29 Nov 2019<\/font><\/a><br \/><a href=\"http:\/\/um2.um.edu.mo\/apps\/com\/bulletin.nsf\/nrsview\/E3EBF9AB048876E1482584B6000A4657\"><font size=\"-1\" color=\"#202020\"><\/font><\/a><\/td><td align=\"center\" valign=\"top\" width=\"140\"><font size=\"-1\">MCMC<\/font><\/td><\/tr><tr><td style=\"border-right: 2px dotted black\"><a href=\"http:\/\/um2.um.edu.mo\/apps\/com\/bulletin.nsf\/nrsview\/DD9B2491617B0EE8482584B6000E8622\"><font size=\"-1\" color=\"#202020\">Invitation: Teaching &amp; Learning Roundtable: Multi-Faceted Pedagogies @ UM with Prof. Chuang WANG, Prof. Rico LAM, Prof. Katrine WONG &amp; UM Faculty (Nov. 27, 10:30AM \u2013 14:30PM, E3-G034 &amp; E3-G033) (Registration Deadline: 25 November 2019)<\/font><\/a><br \/><a href=\"http:\/\/um2.um.edu.mo\/apps\/com\/bulletin.nsf\/nrsview\/DD9B2491617B0EE8482584B6000E8622\"><font size=\"-1\" color=\"#202020\">\u8aa0\u9080\u51fa\u5e2d\u6559\u8207\u5b78\u5713\u684c\u8a0e\u8ad6\uff1a\u6fb3\u5927\u6559\u5b78\u591a\u9762\u7747 (\u6d3b\u52d5\u5831\u540d\u622a\u6b62\u65e5\u671f\uff1a11\u670825\u65e5)<\/font><\/a><\/td><td align=\"center\" valign=\"top\" width=\"140\"><font size=\"-1\">CTLE<\/font><\/td><\/tr><tr><td style=\"border-right: 2px dotted black\"><a href=\"http:\/\/um2.um.edu.mo\/apps\/com\/bulletin.nsf\/nrsview\/F5038DCA57912D26482584B60019EF54\"><font size=\"-1\" color=\"#202020\">News Clipping: UM won the champion and best debater of preliminary at the 10th Portuguese Debate Competition for Higher Education Institutions in China and Asia<\/font><\/a><br \/><a href=\"http:\/\/um2.um.edu.mo\/apps\/com\/bulletin.nsf\/nrsview\/F5038DCA57912D26482584B60019EF54\"><font size=\"-1\" color=\"#202020\">\u65b0\u805e\u5206\u4eab\uff1a\u8461\u8a9e\u8faf\u8ad6\u968a\u96f6\u7684\u7a81\u7834\uff0e\u6fb3\u5927\u5b8c\u6210\u6fb3\u9580\u8faf\u8ad6\u9996\u500b\u5927\u6eff\u8cab<\/font><\/a><\/td><td align=\"center\" valign=\"top\" width=\"140\"><font size=\"-1\">SAO-SRS<\/font><\/td><\/tr><tr><td style=\"border-right: 2px dotted black\"><a href=\"http:\/\/um2.um.edu.mo\/apps\/com\/bulletin.nsf\/nrsview\/95A01519EC0525A5482584B6000E6B2C\"><font size=\"-1\" color=\"#202020\">MLC Lunch Seminar: Linguistic Landscape (20\/11\/2019 Wed 13:00; 1 SP and 15 CS)<\/font><\/a><br \/><a href=\"http:\/\/um2.um.edu.mo\/apps\/com\/bulletin.nsf\/nrsview\/95A01519EC0525A5482584B6000E6B2C\"><font size=\"-1\" color=\"#202020\">\u99ac\u842c\u797a\u7f85\u67cf\u5fc3\u66f8\u9662\u5348\u9910\u8b1b\u5ea7: \u8a9e\u8a00\u666f\u89c0 (20\/11\/2019 \u9031\u4e0913:00; 1\u7c92\u81f3\u53fb\u661f\u53ca15CS)<\/font><\/a><\/td><td align=\"center\" valign=\"top\" width=\"140\"><font size=\"-1\">MLC<\/font><\/td><\/tr><tr><td colspan=\"2\" align=\"right\" style=\"border-top: 1px dashed black\"><font size=\"-1\" color=\"#202020\"><a href='https:\/\/www.um.edu.mo\/news-centre\/news-and-events\/news-and-press-releases.html'>More news<\/a> <a href='http:\/\/www.um.edu.mo\/zh-hant\/news-centre\/news-and-events\/news-and-press-releases.html'>\u66f4\u591a\u65b0\u805e<\/a><\/font> \/\n                  <font size=\"-1\" color=\"#202020\"><a href=\"http:\/\/isw.um.edu.mo\/nsp\">Submit news \u767c\u4f48\u65b0\u805e<\/a><\/font><\/td><\/tr><\/table><br \/><table width=\"100%\" border=\"0\" cellpadding=\"5\" cellspacing=\"0\"><tr><th bgcolor=\"#69B3E7\" style=\"border-bottom: 2px dotted black;border-right: 2px dotted black\"><font color=\"black\" size=\"4\">\n                    Internal Notice \u6821\u5167\u901a\u544a\n                    <\/font><\/th><th bgcolor=\"#69B3E7\" width=\"100\" style=\"border-bottom: 2px dotted black\"><font color=\"black\" size=\"4\">Dept. <\/font><font color=\"black\" size=\"3\">\u90e8\u9580<\/font><\/th><\/tr><tr><td style=\"border-right: 2px dotted black\"><a href=\"http:\/\/um2.um.edu.mo\/apps\/com\/bulletin.nsf\/nrsview\/7F48ED1CAA6F7C5A482584B6003355D3\"><font size=\"-1\" color=\"#202020\">Work Notification :  Illuminated Directional Exit Sign and Emergency Light Installation Work at E3-E7 from 21 November to 31 December 2019<\/font><\/a><br \/><a href=\"http:\/\/um2.um.edu.mo\/apps\/com\/bulletin.nsf\/nrsview\/7F48ED1CAA6F7C5A482584B6003355D3\"><font size=\"-1\" color=\"#202020\">\u65bd\u5de5\u901a\u77e5: E3-E7\u51fa\u8def\u6307\u793a\u71c8\u724c\u53ca\u7dca\u6025\u71c8\u5b89\u88dd\u5de5\u7a0b\u5c07\u65bc2019\u5e7411\u670821\u65e5 &#8211; 12\u670831\u65e5\u9032\u884c<\/font><\/a><\/td><td align=\"center\" valign=\"top\" width=\"140\"><font size=\"-1\">CMDO-FMM<\/font><\/td><\/tr><tr><td style=\"border-right: 2px dotted black\"><a href=\"http:\/\/um2.um.edu.mo\/apps\/com\/bulletin.nsf\/nrsview\/C48FD1DD4524859B482584B60032ADE3\"><font size=\"-1\" color=\"#202020\">Reminder &#8211; QEMS Express: Electronic Products Recycling Activity (18 November to 21 November 2019)<\/font><\/a><br \/><a href=\"http:\/\/um2.um.edu.mo\/apps\/com\/bulletin.nsf\/nrsview\/C48FD1DD4524859B482584B60032ADE3\"><font size=\"-1\" color=\"#202020\">\u63d0\u63d0\u60a8 &#8211; QEMS \u5feb\u8a0a: \u96fb\u5b50\u7522\u54c1\u56de\u6536\u6d3b\u52d5 (2019\u5e7411\u670818\u65e5\u81f311\u670821\u65e5)<\/font><\/a><\/td><td align=\"center\" valign=\"top\" width=\"140\"><font size=\"-1\">CMDO-FMM<\/font><\/td><\/tr><tr><td style=\"border-right: 2px dotted black\"><a href=\"http:\/\/um2.um.edu.mo\/apps\/com\/bulletin.nsf\/nrsview\/D1E68D44A92C7252482584B6000B7950?open&amp;login\"><font size=\"-1\" color=\"#202020\">Vacancy for Internal Transfer to the Institute of Collaborative Innovation<\/font><\/a><br \/><a href=\"http:\/\/um2.um.edu.mo\/apps\/com\/bulletin.nsf\/nrsview\/D1E68D44A92C7252482584B6000B7950?open&amp;login\"><font size=\"-1\" color=\"#202020\"><\/font><\/a><\/td><td align=\"center\" valign=\"top\" width=\"140\"><font size=\"-1\">ADMO-HRS<\/font><\/td><\/tr><tr><td style=\"border-right: 2px dotted black\"><a href=\"http:\/\/um2.um.edu.mo\/apps\/com\/bulletin.nsf\/nrsview\/C6D06509B4826FFB482584B100182000\"><font size=\"-1\" color=\"#202020\">Seminar on &#8220;Using Students\u2019 Frequently Asked Questions to Promote Mathematics Teachers Professional Development&#8221; by Prof Qiaoping ZHANG, The Education University of Hong Kong &#8211; Saturday 23 November 2019<\/font><\/a><br \/><a href=\"http:\/\/um2.um.edu.mo\/apps\/com\/bulletin.nsf\/nrsview\/C6D06509B4826FFB482584B100182000\"><font size=\"-1\" color=\"#202020\">\u300c\u900f\u904e\u5b78\u751f\u7684\u7591\u554f\u4fc3\u9032\u6578\u5b78\u6559\u5e2b\u5c08\u696d\u767c\u5c55\u300d\u8b1b\u5ea7\uff0c\u9999\u6e2f\u6559\u80b2\u5927\u5b78\u5f35\u6a4b\u5e73\u6559\u6388\u4e3b\u8b1b &#8211; 2019\u5e7411\u670823\u65e5(\u661f\u671f\u516d)<\/font><\/a><\/td><td align=\"center\" valign=\"top\" width=\"140\"><font size=\"-1\">FED<\/font><\/td><\/tr><tr><td style=\"border-right: 2px dotted black\"><a href=\"http:\/\/um2.um.edu.mo\/apps\/com\/bulletin.nsf\/nrsview\/CC9F769DA7392736482584B600085AFD\"><font size=\"-1\" color=\"#202020\">PhD Oral Defense in Faculty of Health Sciences, by Miss Nana AI on 19 November 2019 (Tuesday)<\/font><\/a><br \/><a href=\"http:\/\/um2.um.edu.mo\/apps\/com\/bulletin.nsf\/nrsview\/CC9F769DA7392736482584B600085AFD\"><font size=\"-1\" color=\"#202020\"><\/font><\/a><\/td><td align=\"center\" valign=\"top\" width=\"140\"><font size=\"-1\">FHS<\/font><\/td><\/tr><tr><td style=\"border-right: 2px dotted black\"><a href=\"http:\/\/um2.um.edu.mo\/apps\/com\/bulletin.nsf\/nrsview\/ACC542BE8B4113FD482584B6000545DE\"><font size=\"-1\" color=\"#202020\">PhD Oral Defense in Faculty of Health Sciences, by Miss Jie LIU on 19 November 2019 (Tuesday)<\/font><\/a><br \/><a href=\"http:\/\/um2.um.edu.mo\/apps\/com\/bulletin.nsf\/nrsview\/ACC542BE8B4113FD482584B6000545DE\"><font size=\"-1\" color=\"#202020\"><\/font><\/a><\/td><td align=\"center\" valign=\"top\" width=\"140\"><font size=\"-1\">FHS<\/font><\/td><\/tr><tr><td colspan=\"2\" align=\"right\" style=\"border-top: 1px dashed black\"><font size=\"-1\" color=\"#202020\"><a href='https:\/\/www.um.edu.mo\/staff\/university-almanac-information\/e-bulletin-board-for-staff.html'>All active notices<\/a> <a href='http:\/\/www.um.edu.mo\/zh-hant\/staff\/university-almanac-information\/e-bulletin-board-for-staff.html'>\u6240\u6709\u5167\u90e8\u901a\u544a<\/a><\/font><\/td><\/tr><\/table><br \/><table width=\"100%\" border=\"0\" cellpadding=\"5\" cellspacing=\"0\"><tr><th bgcolor=\"#69B3E7\" style=\"border-bottom: 2px dotted black;border-right: 2px dotted black\"><font color=\"black\" size=\"4\">\n                    Student Notice \u5b78\u751f\u901a\u544a\n                    <\/font><\/th><th bgcolor=\"#69B3E7\" width=\"100\" style=\"border-bottom: 2px dotted black\"><font color=\"black\" size=\"4\">Dept. <\/font><font color=\"black\" size=\"3\">\u90e8\u9580<\/font><\/th><\/tr><tr><td style=\"border-right: 2px dotted black\"><a href=\"http:\/\/um2.um.edu.mo\/apps\/com\/bulletin.nsf\/nrsview\/113F6516BC4D9B8A482584B600304C8A\"><font size=\"-1\" color=\"#202020\">News Express: UM holds insect photo exhibition<\/font><\/a><br \/><a href=\"http:\/\/um2.um.edu.mo\/apps\/com\/bulletin.nsf\/nrsview\/113F6516BC4D9B8A482584B600304C8A\"><font size=\"-1\" color=\"#202020\">\u65b0\u805e\u5feb\u8a0a\uff1a\u6fb3\u5927\u5c55\u51fa\u6fb3\u9580\u591a\u6a23\u7532\u87f2\u54c1\u7a2e<\/font><\/a><\/td><td align=\"center\" valign=\"top\" width=\"140\"><font size=\"-1\">CO-PRS<\/font><\/td><\/tr><tr><td style=\"border-right: 2px dotted black\"><a href=\"http:\/\/um2.um.edu.mo\/apps\/com\/bulletin.nsf\/nrsview\/28CB226D62B40616482584B6002FDDEA\"><font size=\"-1\" color=\"#202020\">News Express: UM kicks off Healthy University Week<\/font><\/a><br \/><a href=\"http:\/\/um2.um.edu.mo\/apps\/com\/bulletin.nsf\/nrsview\/28CB226D62B40616482584B6002FDDEA\"><font size=\"-1\" color=\"#202020\">\u65b0\u805e\u5feb\u8a0a\uff1a\u6fb3\u5927\u5065\u5eb7\u5927\u5b78\u9031\u5021\u5065\u5eb7\u751f\u6d3b<\/font><\/a><\/td><td align=\"center\" valign=\"top\" width=\"140\"><font size=\"-1\">CO-PRS<\/font><\/td><\/tr><tr><td style=\"border-right: 2px dotted black\"><a href=\"http:\/\/um2.um.edu.mo\/apps\/com\/bulletin.nsf\/nrsview\/045C4D0023FCFDE3482584B6002F3955\"><font size=\"-1\" color=\"#202020\">News Express: UM FBA holds information seminar on accounting<\/font><\/a><br \/><a href=\"http:\/\/um2.um.edu.mo\/apps\/com\/bulletin.nsf\/nrsview\/045C4D0023FCFDE3482584B6002F3955\"><font size=\"-1\" color=\"#202020\">\u65b0\u805e\u5feb\u8a0a\uff1a\u6fb3\u5927\u5de5\u5546\u7ba1\u7406\u5b78\u9662\u8fa6\u6703\u8a08\u8cc7\u8a0a\u8ad6<\/font><\/a><\/td><td align=\"center\" valign=\"top\" width=\"140\"><font size=\"-1\">CO-PRS<\/font><\/td><\/tr><tr><td style=\"border-right: 2px dotted black\"><a href=\"http:\/\/um2.um.edu.mo\/apps\/com\/bulletin.nsf\/nrsview\/4FF0038518FA3836482584B6000E593D\"><font size=\"-1\" color=\"#202020\">External Activity: China Custom (Zhuhai) Visit (Application deadline: 21 Nov 2019, 13:00)<\/font><\/a><br \/><a href=\"http:\/\/um2.um.edu.mo\/apps\/com\/bulletin.nsf\/nrsview\/4FF0038518FA3836482584B6000E593D\"><font size=\"-1\" color=\"#202020\">\u6821\u5916\u6d3b\u52d5\uff1a\u6176\u795d\u6fb3\u9580\u56de\u6b7820\u5468\u5e74\u4ea4\u6d41\u53c3\u89c0\u6d3b\u52d5\uff1a\u63a2\u79d8\u9598\u53e3\u6d77\u95dc(\u73e0\u6d77)(\u5831\u540d\u622a\u6b62\u65e5\uff1a2019\u5e7411\u670821\u65e5, 13:00)<\/font><\/a><\/td><td align=\"center\" valign=\"top\" width=\"140\"><font size=\"-1\">SAO-SRS<\/font><\/td><\/tr><tr><td style=\"border-right: 2px dotted black\"><a href=\"http:\/\/um2.um.edu.mo\/apps\/com\/bulletin.nsf\/nrsview\/BD3B087F43ED5797482584B60010A09C\"><font size=\"-1\" color=\"#202020\">Career Advising Service: Mock Interview Session (21 Nov, 3-5pm, E31-2004)<\/font><\/a><br \/><a href=\"http:\/\/um2.um.edu.mo\/apps\/com\/bulletin.nsf\/nrsview\/BD3B087F43ED5797482584B60010A09C\"><font size=\"-1\" color=\"#202020\">\u5c31\u696d\u8aee\u8a62\u670d\u52d9\uff1a\u6a21\u64ec\u9762\u8a66\u5c08\u5834 (11\u670821\u65e5, \u4e0b\u53483:00\u81f35:00, E31-2004)<\/font><\/a><\/td><td align=\"center\" valign=\"top\" width=\"140\"><font size=\"-1\">SAO-SCS-CDC<\/font><\/td><\/tr><tr><td style=\"border-right: 2px dotted black\"><a href=\"http:\/\/um2.um.edu.mo\/apps\/com\/bulletin.nsf\/nrsview\/8A4ADD073B9B07FE482584B600104263\"><font size=\"-1\" color=\"#202020\">Career and Graduate Study Advising: Resume Clinic (22 Nov, 2:30-5:00 PM, E31-2004)<\/font><\/a><br \/><a href=\"http:\/\/um2.um.edu.mo\/apps\/com\/bulletin.nsf\/nrsview\/8A4ADD073B9B07FE482584B600104263\"><font size=\"-1\" color=\"#202020\">\u5c31\u696d\u53ca\u5347\u5b78\u8aee\u8a62 : \u5c65\u6b77\u8a3a\u7642\u5ba4\uff0811\u670822\u65e5\uff0c\u4e0b\u53482:30-5:00\uff0cE31-2004)<\/font><\/a><\/td><td align=\"center\" valign=\"top\" width=\"140\"><font size=\"-1\">SAO-SCS-CDC<\/font><\/td><\/tr><tr><td style=\"border-right: 2px dotted black\"><a href=\"http:\/\/um2.um.edu.mo\/apps\/com\/bulletin.nsf\/nrsview\/D52A705A50FFD9A7482584B6000C6148\"><font size=\"-1\" color=\"#202020\">Morning Express: UM Today \u300a\u4eca\u65e5\u6fb3\u5927\u300b(for students), 15\/11\/2019-18\/11\/2019<\/font><\/a><br \/><a href=\"http:\/\/um2.um.edu.mo\/apps\/com\/bulletin.nsf\/nrsview\/D52A705A50FFD9A7482584B6000C6148\"><font size=\"-1\" color=\"#202020\"><\/font><\/a><\/td><td align=\"center\" valign=\"top\" width=\"140\"><font size=\"-1\">CO<\/font><\/td><\/tr><tr><td colspan=\"2\" align=\"right\" style=\"border-top: 1px dashed black\"><font size=\"-1\" color=\"#202020\"><a href='https:\/\/www.um.edu.mo\/students\/university-almanac-information\/e-bulletin-for-students.html'>All active student notice<\/a> <a href='http:\/\/www.um.edu.mo\/zh-hant\/student\/university-almanac-information\/e-bulletin-for-students.html'>\u6240\u6709\u5b78\u751f\u901a\u544a<\/a><\/font><\/td><\/tr><\/table><br \/><font size=\"-1\">\n          <table width=\"100%\" cellspacing=\"0\" cellpadding=\"5\">\n<tbody>\n<tr>\n<td width=\"33%\"><font size=\"-1\"><a href=\"https:\/\/isw.um.edu.mo\/umresource\/\">Banner Booking \u501f\u7528\u6a6b\u984d<\/a><\/font><\/td>\n<td width=\"33%\"><font size=\"-1\"><a href=\"https:\/\/isw.um.edu.mo\/nsp\">Add News and Events \u4e0a\u8f09\u65b0\u805e\u53ca\u6d3b\u52d5<\/a><\/font><\/td>\n<td width=\"33%\"><font size=\"-1\"><a href=\"https:\/\/fmm.cmdo.um.edu.mo\/wp-content\/uploads\/2016\/12\/unclaimed-mail-2018-9.pdf\">List for Undeliverable Mail \u5f85\u9818\u90f5\u4ef6\u8868<\/a><\/font><\/td><\/tr>\n<tr>\n<td><font size=\"-1\"><a href=\"https:\/\/isw.um.edu.mo\/umresource\/\">Equipment Booking \u501f\u7528\u7269\u54c1<\/a><\/font><\/td>\n<td><a href=\"https:\/\/isw.um.edu.mo\/eleave\/\"><font size=\"-1\">Leave Application System \u4f11\u5047\u7533\u8acb<\/font><\/a><\/td>\n<td><a href=\"https:\/\/um2.um.edu.mo\/apps\/com\/umlostfound.nsf\/eng\"><font size=\"-1\">Lost and Found \u5931\u7269\u8a8d\u9818<\/font><\/a><\/td><\/tr>\n<tr>\n<td><a href=\"https:\/\/isw.um.edu.mo\/cdweb\/\"><font size=\"-1\">Sports Facilities Booking \u9ad4\u80b2\u8a2d\u65bd\u9810\u7d04<\/font><\/a><\/td>\n<td><font size=\"-1\"><a href=\"https:\/\/isw.um.edu.mo\/umresource\/\">Venue Booking \u501f\u7528\u5834\u5730<\/a><\/font><\/td>\n<td><font size=\"-1\"><a href=\"https:\/\/reg.um.edu.mo\/admission\/generalinfo\/university-almanac\/\">University Almanac&nbsp;\u6821\u66c6<\/a><\/font><\/td><\/tr>\n<tr>\n<td><br \/><\/td><td><font size=\"-1\"><\/font><\/td><\/tr><\/tbody><\/table>\n<p><span style=\"font-family: Times New Roman,Times,serif;font-style: italic\">&quot;UM Today\u201d<\/span><span style=\"font-family: Times New Roman,Times,serif\"> is a daily internal e-newsletter released by the Communications Office, which aims to provide UM members with the up-to-date information about events, seminars, news, internal notices and student activities.<\/span>To review the previous issues of <i>UM Today<\/i>, please access the <a href=\"https:\/\/www.um.edu.mo\/staff\/university-almanac-information\/um-today.html\"><i>UM Today<\/i> Database<\/a>. Should you have any enquiries about <i>UM Today<\/i>, please feel free to contact the Communications Office at&nbsp;88224012 or <a href=\"mailto:co@um.edu.mo\">co@um.edu.mo. <br \/><\/a><\/p>\n<p><span style=\"font-family: Times New Roman,Times,serif\">\u300a\u4eca\u65e5\u6fb3\u5927\u300b\u662f\u7531\u50b3\u8a0a\u90e8\u767c\u4f48\u7684\u6821\u5167\u96fb\u5b50\u901a\u8a0a\uff0c\u65e8\u5728\u70ba\u6fb3\u5927\u4eba\u63d0\u4f9b\u662f\u65e5\u6700\u65b0\u6d3b\u52d5\u3001\u7814\u8a0e\u6703\u3001\u65b0\u805e\u3001\u5167\u90e8\u901a\u8a0a\u53ca\u5b78\u751f\u6d3b\u52d5\u7b49\u8cc7\u8a0a\u3002<\/span>\u5982\u6b32\u700f\u89bd\u5df2\u51fa\u7248\u7684\u300a\u4eca\u65e5\u6fb3\u5927\u300b\uff0c\u8acb\u767b\u5165\u300a\u4eca\u65e5\u6fb3\u5927\u300b<a href=\"https:\/\/www.um.edu.mo\/zh-hant\/staff\/university-almanac-information\/um-today.html\">\u8cc7\u6599\u5eab<\/a>\u3002\u5982\u5c0d\u300a\u4eca\u65e5\u6fb3\u5927\u300b\u6709\u4efb\u4f55\u67e5\u8a62\uff0c\u8acb\u81f4\u96fb88224012\u6216\u96fb\u90f5\u81f3<a href=\"mailto:co@um.edu.mo\">co@um.edu.mo<\/a>\u806f\u7d61\u50b3\u8a0a\u90e8\u3002<\/p>\n          <p>First Released time \u9996\u6b21\u767c\u4f48\u6642\u9593: 19\/11\/2019 09:00<\/p><\/font><\/td><\/tr><\/table>\n                    \n                ","protected":false},"excerpt":{"rendered":"<p>Web version \u7db2\u9801\u7248 \u60f3\u77e5\u9053\u66f4\u591a\u7cbe\u5f69\u8cc7\u8a0a\uff0c\u8acb\u700f\u89bd\u6fb3\u5927\u5fae\u4fe1\u53ca\u81c9\u66f8\u3002For more information, please follow us on WeChat or Facebook. Time \u6642\u9593 Today\u2019s Events \u4eca\u65e5\u6d3b\u52d5 Venue \u5730\u9ede 10:30 FBA Seminar Series by Prof. Ben NIU\u5de5\u5546\u7ba1\u7406\u5b78\u9662\u7814\u8a0e\u6703\u7cfb\u5217 &#8211; \u725b\u5954\u6559\u6388&#8230;<\/p>\n","protected":false},"author":1,"featured_media":0,"comment_status":"closed","ping_status":"open","sticky":false,"template":"single-umtoday.php","format":"standard","meta":{"_acf_changed":false,"footnotes":""},"categories":[84],"tags":[],"class_list":["post-161619","post","type-post","status-publish","format-standard","hentry","category-um-today"],"acf":[],"yoast_head":"<!-- This site is optimized with the Yoast SEO plugin v24.5 - https:\/\/yoast.com\/wordpress\/plugins\/seo\/ -->\n<title>2019-11-19 | Universidade de Macau<\/title>\n<meta name=\"description\" content=\"Universidade de Macau: Uma universidade abrangente p\u00fablica de n\u00edvel internacional fundada em 1981\" \/>\n<meta name=\"robots\" content=\"index, follow, max-snippet:-1, max-image-preview:large, max-video-preview:-1\" \/>\n<link rel=\"canonical\" href=\"https:\/\/www.um.edu.mo\/pt-pt\/um-today\/detail\/20191119\/\" \/>\n<meta property=\"og:locale\" content=\"pt_PT\" \/>\n<meta property=\"og:type\" content=\"article\" \/>\n<meta property=\"og:title\" content=\"2019-11-19 | Universidade de Macau\" \/>\n<meta property=\"og:description\" content=\"Universidade de Macau: Uma universidade abrangente p\u00fablica de n\u00edvel internacional fundada em 1981\" \/>\n<meta property=\"og:url\" content=\"https:\/\/www.um.edu.mo\/pt-pt\/um-today\/detail\/20191119\/\" \/>\n<meta property=\"og:site_name\" content=\"Universidade de Macau\" \/>\n<meta property=\"article:publisher\" content=\"https:\/\/www.facebook.com\/universityofmacau\" \/>\n<meta property=\"article:published_time\" content=\"2019-11-18T19:31:41+00:00\" \/>\n<meta property=\"og:image\" content=\"https:\/\/co.um.edu.mo\/wp-content\/uploads\/2019\/09\/um_today_banner.jpg\" \/>\n<meta name=\"author\" content=\"web_admin\" \/>\n<meta name=\"twitter:card\" content=\"summary_large_image\" \/>\n<meta name=\"twitter:creator\" content=\"@UM_1981\" \/>\n<meta name=\"twitter:site\" content=\"@UM_1981\" \/>\n<meta name=\"twitter:label1\" content=\"Escrito por\" \/>\n\t<meta name=\"twitter:data1\" content=\"web_admin\" \/>\n\t<meta name=\"twitter:label2\" content=\"Tempo estimado de leitura\" \/>\n\t<meta name=\"twitter:data2\" content=\"3 minutos\" \/>\n<script type=\"application\/ld+json\" class=\"yoast-schema-graph\">{\"@context\":\"https:\/\/schema.org\",\"@graph\":[{\"@type\":\"Article\",\"@id\":\"https:\/\/www.um.edu.mo\/pt-pt\/um-today\/detail\/20191119\/#article\",\"isPartOf\":{\"@id\":\"https:\/\/www.um.edu.mo\/pt-pt\/um-today\/detail\/20191119\/\"},\"author\":{\"name\":\"web_admin\",\"@id\":\"https:\/\/www.um.edu.mo\/pt-pt\/#\/schema\/person\/bfdcd3a75d1b778a93663e5dee2e33bb\"},\"headline\":\"2019-11-19\",\"datePublished\":\"2019-11-18T19:31:41+00:00\",\"mainEntityOfPage\":{\"@id\":\"https:\/\/www.um.edu.mo\/pt-pt\/um-today\/detail\/20191119\/\"},\"wordCount\":618,\"publisher\":{\"@id\":\"https:\/\/www.um.edu.mo\/pt-pt\/#organization\"},\"image\":{\"@id\":\"https:\/\/www.um.edu.mo\/pt-pt\/um-today\/detail\/20191119\/#primaryimage\"},\"thumbnailUrl\":\"https:\/\/co.um.edu.mo\/wp-content\/uploads\/2019\/09\/um_today_banner.jpg\",\"articleSection\":[\"UM Today\"],\"inLanguage\":\"pt-PT\"},{\"@type\":\"WebPage\",\"@id\":\"https:\/\/www.um.edu.mo\/pt-pt\/um-today\/detail\/20191119\/\",\"url\":\"https:\/\/www.um.edu.mo\/pt-pt\/um-today\/detail\/20191119\/\",\"name\":\"2019-11-19 | Universidade de Macau\",\"isPartOf\":{\"@id\":\"https:\/\/www.um.edu.mo\/pt-pt\/#website\"},\"primaryImageOfPage\":{\"@id\":\"https:\/\/www.um.edu.mo\/pt-pt\/um-today\/detail\/20191119\/#primaryimage\"},\"image\":{\"@id\":\"https:\/\/www.um.edu.mo\/pt-pt\/um-today\/detail\/20191119\/#primaryimage\"},\"thumbnailUrl\":\"https:\/\/co.um.edu.mo\/wp-content\/uploads\/2019\/09\/um_today_banner.jpg\",\"datePublished\":\"2019-11-18T19:31:41+00:00\",\"description\":\"Universidade de Macau: Uma universidade abrangente p\u00fablica de n\u00edvel internacional fundada em 1981\",\"breadcrumb\":{\"@id\":\"https:\/\/www.um.edu.mo\/pt-pt\/um-today\/detail\/20191119\/#breadcrumb\"},\"inLanguage\":\"pt-PT\",\"potentialAction\":[{\"@type\":\"ReadAction\",\"target\":[\"https:\/\/www.um.edu.mo\/pt-pt\/um-today\/detail\/20191119\/\"]}]},{\"@type\":\"ImageObject\",\"inLanguage\":\"pt-PT\",\"@id\":\"https:\/\/www.um.edu.mo\/pt-pt\/um-today\/detail\/20191119\/#primaryimage\",\"url\":\"https:\/\/co.um.edu.mo\/wp-content\/uploads\/2019\/09\/um_today_banner.jpg\",\"contentUrl\":\"https:\/\/co.um.edu.mo\/wp-content\/uploads\/2019\/09\/um_today_banner.jpg\"},{\"@type\":\"BreadcrumbList\",\"@id\":\"https:\/\/www.um.edu.mo\/pt-pt\/um-today\/detail\/20191119\/#breadcrumb\",\"itemListElement\":[{\"@type\":\"ListItem\",\"position\":1,\"name\":\"P\u00e1gina inicial\",\"item\":\"https:\/\/www.um.edu.mo\/pt-pt\/\"},{\"@type\":\"ListItem\",\"position\":2,\"name\":\"UM Today\",\"item\":\"https:\/\/www.um.edu.mo\/pt-pt\/category\/um-today\/\"},{\"@type\":\"ListItem\",\"position\":3,\"name\":\"2019-11-19\"}]},{\"@type\":\"WebSite\",\"@id\":\"https:\/\/www.um.edu.mo\/pt-pt\/#website\",\"url\":\"https:\/\/www.um.edu.mo\/pt-pt\/\",\"name\":\"Universidade de Macau\",\"description\":\"\",\"publisher\":{\"@id\":\"https:\/\/www.um.edu.mo\/pt-pt\/#organization\"},\"potentialAction\":[{\"@type\":\"SearchAction\",\"target\":{\"@type\":\"EntryPoint\",\"urlTemplate\":\"https:\/\/www.um.edu.mo\/pt-pt\/?s={search_term_string}\"},\"query-input\":{\"@type\":\"PropertyValueSpecification\",\"valueRequired\":true,\"valueName\":\"search_term_string\"}}],\"inLanguage\":\"pt-PT\"},{\"@type\":\"Organization\",\"@id\":\"https:\/\/www.um.edu.mo\/pt-pt\/#organization\",\"name\":\"University of Macau\",\"url\":\"https:\/\/www.um.edu.mo\/pt-pt\/\",\"logo\":{\"@type\":\"ImageObject\",\"inLanguage\":\"pt-PT\",\"@id\":\"https:\/\/www.um.edu.mo\/pt-pt\/#\/schema\/logo\/image\/\",\"url\":\"https:\/\/www.um.edu.mo\/wp-content\/uploads\/2020\/09\/UM-Logo_V-Black.png\",\"contentUrl\":\"https:\/\/www.um.edu.mo\/wp-content\/uploads\/2020\/09\/UM-Logo_V-Black.png\",\"width\":3508,\"height\":2785,\"caption\":\"University of Macau\"},\"image\":{\"@id\":\"https:\/\/www.um.edu.mo\/pt-pt\/#\/schema\/logo\/image\/\"},\"sameAs\":[\"https:\/\/www.facebook.com\/universityofmacau\",\"https:\/\/x.com\/UM_1981\"]},{\"@type\":\"Person\",\"@id\":\"https:\/\/www.um.edu.mo\/pt-pt\/#\/schema\/person\/bfdcd3a75d1b778a93663e5dee2e33bb\",\"name\":\"web_admin\",\"image\":{\"@type\":\"ImageObject\",\"inLanguage\":\"pt-PT\",\"@id\":\"https:\/\/www.um.edu.mo\/pt-pt\/#\/schema\/person\/image\/\",\"url\":\"https:\/\/secure.gravatar.com\/avatar\/e230ccd9ba8eb5ce94ecf306e4a35399?s=96&d=mm&r=g\",\"contentUrl\":\"https:\/\/secure.gravatar.com\/avatar\/e230ccd9ba8eb5ce94ecf306e4a35399?s=96&d=mm&r=g\",\"caption\":\"web_admin\"}}]}<\/script>\n<!-- \/ Yoast SEO plugin. -->","yoast_head_json":{"title":"2019-11-19 | Universidade de Macau","description":"Universidade de Macau: Uma universidade abrangente p\u00fablica de n\u00edvel internacional fundada em 1981","robots":{"index":"index","follow":"follow","max-snippet":"max-snippet:-1","max-image-preview":"max-image-preview:large","max-video-preview":"max-video-preview:-1"},"canonical":"https:\/\/www.um.edu.mo\/pt-pt\/um-today\/detail\/20191119\/","og_locale":"pt_PT","og_type":"article","og_title":"2019-11-19 | Universidade de Macau","og_description":"Universidade de Macau: Uma universidade abrangente p\u00fablica de n\u00edvel internacional fundada em 1981","og_url":"https:\/\/www.um.edu.mo\/pt-pt\/um-today\/detail\/20191119\/","og_site_name":"Universidade de Macau","article_publisher":"https:\/\/www.facebook.com\/universityofmacau","article_published_time":"2019-11-18T19:31:41+00:00","og_image":[{"url":"https:\/\/co.um.edu.mo\/wp-content\/uploads\/2019\/09\/um_today_banner.jpg","type":"","width":"","height":""}],"author":"web_admin","twitter_card":"summary_large_image","twitter_creator":"@UM_1981","twitter_site":"@UM_1981","twitter_misc":{"Escrito por":"web_admin","Tempo estimado de leitura":"3 minutos"},"schema":{"@context":"https:\/\/schema.org","@graph":[{"@type":"Article","@id":"https:\/\/www.um.edu.mo\/pt-pt\/um-today\/detail\/20191119\/#article","isPartOf":{"@id":"https:\/\/www.um.edu.mo\/pt-pt\/um-today\/detail\/20191119\/"},"author":{"name":"web_admin","@id":"https:\/\/www.um.edu.mo\/pt-pt\/#\/schema\/person\/bfdcd3a75d1b778a93663e5dee2e33bb"},"headline":"2019-11-19","datePublished":"2019-11-18T19:31:41+00:00","mainEntityOfPage":{"@id":"https:\/\/www.um.edu.mo\/pt-pt\/um-today\/detail\/20191119\/"},"wordCount":618,"publisher":{"@id":"https:\/\/www.um.edu.mo\/pt-pt\/#organization"},"image":{"@id":"https:\/\/www.um.edu.mo\/pt-pt\/um-today\/detail\/20191119\/#primaryimage"},"thumbnailUrl":"https:\/\/co.um.edu.mo\/wp-content\/uploads\/2019\/09\/um_today_banner.jpg","articleSection":["UM Today"],"inLanguage":"pt-PT"},{"@type":"WebPage","@id":"https:\/\/www.um.edu.mo\/pt-pt\/um-today\/detail\/20191119\/","url":"https:\/\/www.um.edu.mo\/pt-pt\/um-today\/detail\/20191119\/","name":"2019-11-19 | Universidade de Macau","isPartOf":{"@id":"https:\/\/www.um.edu.mo\/pt-pt\/#website"},"primaryImageOfPage":{"@id":"https:\/\/www.um.edu.mo\/pt-pt\/um-today\/detail\/20191119\/#primaryimage"},"image":{"@id":"https:\/\/www.um.edu.mo\/pt-pt\/um-today\/detail\/20191119\/#primaryimage"},"thumbnailUrl":"https:\/\/co.um.edu.mo\/wp-content\/uploads\/2019\/09\/um_today_banner.jpg","datePublished":"2019-11-18T19:31:41+00:00","description":"Universidade de Macau: Uma universidade abrangente p\u00fablica de n\u00edvel internacional fundada em 1981","breadcrumb":{"@id":"https:\/\/www.um.edu.mo\/pt-pt\/um-today\/detail\/20191119\/#breadcrumb"},"inLanguage":"pt-PT","potentialAction":[{"@type":"ReadAction","target":["https:\/\/www.um.edu.mo\/pt-pt\/um-today\/detail\/20191119\/"]}]},{"@type":"ImageObject","inLanguage":"pt-PT","@id":"https:\/\/www.um.edu.mo\/pt-pt\/um-today\/detail\/20191119\/#primaryimage","url":"https:\/\/co.um.edu.mo\/wp-content\/uploads\/2019\/09\/um_today_banner.jpg","contentUrl":"https:\/\/co.um.edu.mo\/wp-content\/uploads\/2019\/09\/um_today_banner.jpg"},{"@type":"BreadcrumbList","@id":"https:\/\/www.um.edu.mo\/pt-pt\/um-today\/detail\/20191119\/#breadcrumb","itemListElement":[{"@type":"ListItem","position":1,"name":"P\u00e1gina inicial","item":"https:\/\/www.um.edu.mo\/pt-pt\/"},{"@type":"ListItem","position":2,"name":"UM Today","item":"https:\/\/www.um.edu.mo\/pt-pt\/category\/um-today\/"},{"@type":"ListItem","position":3,"name":"2019-11-19"}]},{"@type":"WebSite","@id":"https:\/\/www.um.edu.mo\/pt-pt\/#website","url":"https:\/\/www.um.edu.mo\/pt-pt\/","name":"Universidade de Macau","description":"","publisher":{"@id":"https:\/\/www.um.edu.mo\/pt-pt\/#organization"},"potentialAction":[{"@type":"SearchAction","target":{"@type":"EntryPoint","urlTemplate":"https:\/\/www.um.edu.mo\/pt-pt\/?s={search_term_string}"},"query-input":{"@type":"PropertyValueSpecification","valueRequired":true,"valueName":"search_term_string"}}],"inLanguage":"pt-PT"},{"@type":"Organization","@id":"https:\/\/www.um.edu.mo\/pt-pt\/#organization","name":"University of Macau","url":"https:\/\/www.um.edu.mo\/pt-pt\/","logo":{"@type":"ImageObject","inLanguage":"pt-PT","@id":"https:\/\/www.um.edu.mo\/pt-pt\/#\/schema\/logo\/image\/","url":"https:\/\/www.um.edu.mo\/wp-content\/uploads\/2020\/09\/UM-Logo_V-Black.png","contentUrl":"https:\/\/www.um.edu.mo\/wp-content\/uploads\/2020\/09\/UM-Logo_V-Black.png","width":3508,"height":2785,"caption":"University of Macau"},"image":{"@id":"https:\/\/www.um.edu.mo\/pt-pt\/#\/schema\/logo\/image\/"},"sameAs":["https:\/\/www.facebook.com\/universityofmacau","https:\/\/x.com\/UM_1981"]},{"@type":"Person","@id":"https:\/\/www.um.edu.mo\/pt-pt\/#\/schema\/person\/bfdcd3a75d1b778a93663e5dee2e33bb","name":"web_admin","image":{"@type":"ImageObject","inLanguage":"pt-PT","@id":"https:\/\/www.um.edu.mo\/pt-pt\/#\/schema\/person\/image\/","url":"https:\/\/secure.gravatar.com\/avatar\/e230ccd9ba8eb5ce94ecf306e4a35399?s=96&d=mm&r=g","contentUrl":"https:\/\/secure.gravatar.com\/avatar\/e230ccd9ba8eb5ce94ecf306e4a35399?s=96&d=mm&r=g","caption":"web_admin"}}]}},"_links":{"self":[{"href":"https:\/\/www.um.edu.mo\/pt-pt\/wp-json\/wp\/v2\/posts\/161619","targetHints":{"allow":["GET"]}}],"collection":[{"href":"https:\/\/www.um.edu.mo\/pt-pt\/wp-json\/wp\/v2\/posts"}],"about":[{"href":"https:\/\/www.um.edu.mo\/pt-pt\/wp-json\/wp\/v2\/types\/post"}],"author":[{"embeddable":true,"href":"https:\/\/www.um.edu.mo\/pt-pt\/wp-json\/wp\/v2\/users\/1"}],"replies":[{"embeddable":true,"href":"https:\/\/www.um.edu.mo\/pt-pt\/wp-json\/wp\/v2\/comments?post=161619"}],"version-history":[{"count":0,"href":"https:\/\/www.um.edu.mo\/pt-pt\/wp-json\/wp\/v2\/posts\/161619\/revisions"}],"wp:attachment":[{"href":"https:\/\/www.um.edu.mo\/pt-pt\/wp-json\/wp\/v2\/media?parent=161619"}],"wp:term":[{"taxonomy":"category","embeddable":true,"href":"https:\/\/www.um.edu.mo\/pt-pt\/wp-json\/wp\/v2\/categories?post=161619"},{"taxonomy":"post_tag","embeddable":true,"href":"https:\/\/www.um.edu.mo\/pt-pt\/wp-json\/wp\/v2\/tags?post=161619"}],"curies":[{"name":"wp","href":"https:\/\/api.w.org\/{rel}","templated":true}]}}