{"id":161618,"date":"2019-11-20T03:31:41","date_gmt":"2019-11-19T19:31:41","guid":{"rendered":"https:\/\/www.um.edu.mo\/um-today\/2019\/11\/2019-11-20-pt_pt\/"},"modified":"2019-11-20T03:31:41","modified_gmt":"2019-11-19T19:31:41","slug":"20191120","status":"publish","type":"post","link":"https:\/\/www.um.edu.mo\/pt-pt\/um-today\/detail\/20191120\/","title":{"rendered":"2019-11-20"},"content":{"rendered":"\n                    \n                    <table width=\"737\" border=\"0\" cellpadding=\"0\" cellspacing=\"0\"><tr><td>\n            <img decoding=\"async\" src=\"https:\/\/co.um.edu.mo\/wp-content\/uploads\/2019\/09\/um_today_banner.jpg\" height=\"123\" width=\"737\" \/>\n        <\/td><\/tr><tr><td><table><tr><td width=\"380\" align=\"left\"><a href=\"https:\/\/www.um.edu.mo\/news-centre\/news-and-events\/um-today\/detail\/20191120\/\">Web version \u7db2\u9801\u7248<\/a><\/td><td>\n                        <p align=\"right\"><font size=\"2\">\u60f3\u77e5\u9053\u66f4\u591a\u7cbe\u5f69\u8cc7\u8a0a\uff0c\u8acb\u700f\u89bd\u6fb3\u5927\u5fae\u4fe1\u53ca\u81c9\u66f8\u3002<\/font><br \/><font size=\"2\">For more information, please follow us on WeChat or Facebook.<\/font><\/p>\n                    <\/td><\/tr><\/table><\/td><\/tr><tr><td><font size=\"-1\">\n            <div style=\"font-size: small\"><br \/><\/div>\n          <\/font><table width=\"100%\" border=\"0\" cellpadding=\"5\" cellspacing=\"0\"><tr><th bgcolor=\"#69B3E7\" width=\"110\" style=\"border-bottom: 2px dotted black;border-right: 2px dotted black\"><font color=\"black\" size=\"4\">Time <\/font><font color=\"black\" size=\"3\">\u6642\u9593<\/font><\/th><th bgcolor=\"#69B3E7\" style=\"border-bottom: 2px dotted black;border-right: 2px dotted black\"><font color=\"black\" size=\"4\">\n                    Today\u2019s Events \u4eca\u65e5\u6d3b\u52d5\n                  <\/font><\/th><th bgcolor=\"#69B3E7\" width=\"165\" valign=\"top\" style=\"border-bottom: 2px dotted black\"><font color=\"black\" size=\"4\">Venue <\/font><font color=\"black\" size=\"3\">\u5730\u9ede<\/font><\/th><\/tr><tr><td align=\"center\" style=\"border-right: 2px dotted black\" valign=\"top\"><font size=\"-1\">\n                        10:00\n                        <\/font><\/td><td style=\"border-right: 2px dotted black\" valign=\"top\"><a href=\"http:\/\/www.um.edu.mo\/news-centre\/news-and-events\/event-calendar\/20191120\/#49402\"><font size=\"-1\" color=\"blue\">FAH-DCLL Academic Seminar: \u201cSemantic Research and Dictionary Definitions\u201d by Prof. Tan Jingchun<\/font><\/a><font size=\"-1\"><\/font><br \/><a href=\"http:\/\/www.um.edu.mo\/zh-hant\/news-centre\/news-and-events\/event-calendar\/20191120\/#49402\"><font size=\"-1\" color=\"blue\">\u4eba\u6587\u5b78\u9662\u4e2d\u570b\u8a9e\u8a00\u6587\u5b78\u7cfb\u5b78\u8853\u8b1b\u5ea7\uff1a\u201c\u8a9e\u7fa9\u7814\u7a76\u8207\u8a5e\u5178\u91cb\u7fa9\u201d- \u8b5a\u666f\u6625\u6559\u6388<\/font><\/a><\/td><td align=\"center\" valign=\"top\" width=\"165\"><font size=\"-1\">\n                        E21A-3118\n                      <\/font><\/td><\/tr><tr><td align=\"center\" style=\"border-right: 2px dotted black\" valign=\"top\"><font size=\"-1\">\n                        13:00\n                        \n                          &#8211; 14:10<\/font><\/td><td style=\"border-right: 2px dotted black\" valign=\"top\"><a href=\"http:\/\/www.um.edu.mo\/news-centre\/news-and-events\/event-calendar\/20191120\/#49428\"><font size=\"-1\" color=\"blue\">MLC Lunch Seminar: Linguistic Lanscape<\/font><\/a><font size=\"-1\"><\/font><br \/><a href=\"http:\/\/www.um.edu.mo\/zh-hant\/news-centre\/news-and-events\/event-calendar\/20191120\/#49428\"><font size=\"-1\" color=\"blue\">\u99ac\u842c\u797a\u7f85\u67cf\u5fc3\u66f8\u9662\u5348\u9910\u8b1b\u5ea7: \u8a9e\u8a00\u666f\u89c0<\/font><\/a><\/td><td align=\"center\" valign=\"top\" width=\"165\"><font size=\"-1\">\n                        W33-G046, MLC Dining Hall \n                      <\/font><\/td><\/tr><tr><td align=\"center\" style=\"border-right: 2px dotted black\" valign=\"top\"><font size=\"-1\">\n                        14:30\n                        \n                          &#8211; 16:00<\/font><\/td><td style=\"border-right: 2px dotted black\" valign=\"top\"><a href=\"http:\/\/www.um.edu.mo\/news-centre\/news-and-events\/event-calendar\/20191120\/#49410\"><font size=\"-1\" color=\"blue\">FSS-DEC Seminar on Economics: &#8220;In \u2018Memory\u2019: How Do Long-memory Shocks Determine Housing Prices and Macroeconomic Interactions? Evidence from the US&#8221; <\/font><\/a><font size=\"-1\"><\/font><br \/><a href=\"http:\/\/www.um.edu.mo\/zh-hant\/news-centre\/news-and-events\/event-calendar\/20191120\/#49410\"><font size=\"-1\" color=\"blue\">\u793e\u6703\u79d1\u5b78\u5b78\u9662\u7d93\u6fdf\u5b78\u7cfb\u8b1b\u5ea7: &#8220;In \u2018Memory\u2019: How Do Long-memory Shocks Determine Housing Prices and Macroeconomic Interactions? Evidence from the US&#8221; <\/font><\/a><\/td><td align=\"center\" valign=\"top\" width=\"165\"><font size=\"-1\">\n                        E21-G002\n                      <\/font><\/td><\/tr><tr><td align=\"center\" style=\"border-right: 2px dotted black\" valign=\"top\"><font size=\"-1\">\n                        15:00\n                        \n                          &#8211; 17:30<\/font><\/td><td style=\"border-right: 2px dotted black\" valign=\"top\"><a href=\"http:\/\/www.um.edu.mo\/news-centre\/news-and-events\/event-calendar\/20191120\/#49416\"><font size=\"-1\" color=\"blue\">2nd Senate Meeting 2019\/2020<\/font><\/a><font size=\"-1\"><\/font><br \/><a href=\"http:\/\/www.um.edu.mo\/zh-hant\/news-centre\/news-and-events\/event-calendar\/20191120\/#49416\"><font size=\"-1\" color=\"blue\">2019\/2020\u5b78\u5e74\u7b2c\u4e8c\u6b21\u6559\u52d9\u59d4\u54e1\u6703\u6703\u8b70<\/font><\/a><\/td><td align=\"center\" valign=\"top\" width=\"165\"><font size=\"-1\">\n                        N6-G010, Administration Building, Ho Yin Conference Hall \n                      <\/font><\/td><\/tr><tr><td align=\"center\" style=\"border-right: 2px dotted black\" valign=\"top\"><font size=\"-1\">\n                        17:00\n                        \n                          &#8211; 18:30<\/font><\/td><td style=\"border-right: 2px dotted black\" valign=\"top\"><a href=\"http:\/\/www.um.edu.mo\/news-centre\/news-and-events\/event-calendar\/20191120\/#49417\"><font size=\"-1\" color=\"blue\">Leadership Seminar &#8211; Prof. Jerome YEN<\/font><\/a><font size=\"-1\"><\/font><br \/><a href=\"http:\/\/www.um.edu.mo\/zh-hant\/news-centre\/news-and-events\/event-calendar\/20191120\/#49417\"><font size=\"-1\" color=\"blue\">\u9818\u5c0e\u8b1b\u5ea7<\/font><\/a><\/td><td align=\"center\" valign=\"top\" width=\"165\"><font size=\"-1\">\n                        E12-G025, Honours College G\/FL\n                      <\/font><\/td><\/tr><tr><td align=\"center\" style=\"border-right: 2px dotted black\" valign=\"top\"><font size=\"-1\">\n                        18:30\n                        \n                          &#8211; 21:00<\/font><\/td><td style=\"border-right: 2px dotted black\" valign=\"top\"><a href=\"http:\/\/www.um.edu.mo\/news-centre\/news-and-events\/event-calendar\/20191120\/#49421\"><font size=\"-1\" color=\"blue\">FAH-CPC-IPOR: Class 2 &#8211; A1 Level Portuguese Program for Legal Professionals<\/font><\/a><font size=\"-1\"><\/font><br \/><a href=\"http:\/\/www.um.edu.mo\/zh-hant\/news-centre\/news-and-events\/event-calendar\/20191120\/#49421\"><font size=\"-1\" color=\"blue\">FAH-CPC-IPOR: \u7b2c\u4e8c\u671f \u2013 \u8461\u8404\u7259\u8a9e\u4f5c\u70ba\u5916\u8a9eA1\u7d1a\u6cd5\u5f8b\u9818\u57df\u5c08\u696d\u4eba\u54e1\u8ab2\u7a0b<\/font><\/a><\/td><td align=\"center\" valign=\"top\" width=\"165\"><font size=\"-1\">\n                        Instituto Portugu\u00eas do Oriente (IPOR), Rua Pedro Nolasco da Silva, n.\u00ba 45-1.\u00ba\n                      <\/font><\/td><\/tr><tr><td align=\"center\" style=\"border-right: 2px dotted black\" valign=\"top\"><font size=\"-1\">\n                        18:30\n                        \n                          &#8211; 20:30<\/font><\/td><td style=\"border-right: 2px dotted black\" valign=\"top\"><a href=\"http:\/\/www.um.edu.mo\/news-centre\/news-and-events\/event-calendar\/20191120\/#49210\"><font size=\"-1\" color=\"purple\">FAH-CPC: Portuguese Culture Course<\/font><\/a><font size=\"-1\"> (cont)<\/font><br \/><a href=\"http:\/\/www.um.edu.mo\/zh-hant\/news-centre\/news-and-events\/event-calendar\/20191120\/#49210\"><font size=\"-1\" color=\"purple\">FAH-CPC: \u8461\u8404\u7259\u6587\u5316\u8ab2\u7a0b<\/font><\/a><\/td><td align=\"center\" valign=\"top\" width=\"165\"><font size=\"-1\">\n                        Centro de Forma\u00e7\u00e3o dos Trabalhadores dos Servi\u00e7os P\u00fablicos Alameda Dr. Carlos D\u2019Assump\u00e7\u00e3o Nos. 336-342 Centro Comercial Cheng Feng 6\u00b0 Andar, Sala 609-611, Macao\n                      <\/font><\/td><\/tr><tr><td colspan=\"3\" align=\"right\" style=\"border-top: 1px dashed black\"><font size=\"-1\" color=\"#202020\"><a href='http:\/\/www.um.edu.mo\/news-centre\/news-and-events\/event-calendar\/201911'>More events<\/a> <a href='http:\/\/www.um.edu.mo\/zh-hant\/news-centre\/news-and-events\/event-calendar\/201911'>\u66f4\u591a\u6d3b\u52d5<\/a> \/ <a href='https:\/\/isw.um.edu.mo\/nrsadmin\/faces\/createEvent'>Post an event \u767c\u4f48\u6d3b\u52d5<\/a><\/font><\/td><\/tr><\/table><br \/><table width=\"100%\" border=\"0\" cellpadding=\"5\" cellspacing=\"0\"><tr><th bgcolor=\"#69B3E7\" style=\"border-bottom: 2px dotted black;border-right: 2px dotted black\"><font color=\"black\" size=\"4\">\n                    News &amp; Upcoming Activities \u65b0\u805e\u53ca\u6d3b\u52d5\u9810\u544a\n                    <\/font><\/th><th bgcolor=\"#69B3E7\" width=\"140\" style=\"border-bottom: 2px dotted black\"><font color=\"black\" size=\"4\">Dept. <\/font><font color=\"black\" size=\"3\">\u90e8\u9580<\/font><\/th><\/tr><tr><td style=\"border-right: 2px dotted black\"><a href=\"http:\/\/www.um.edu.mo\/news-centre\/news-and-events\/news-and-press-releases\/detail\/49468\/\"><font size=\"-1\" color=\"#202020\">UM provides assistance to forum on smart hotel technology to promote collaboration in industry<\/font><\/a><br \/><a href=\"http:\/\/www.um.edu.mo\/zh-hant\/news-centre\/news-and-events\/news-and-press-releases\/detail\/49468\/\"><font size=\"-1\" color=\"#202020\">\u6fb3\u5927\u8fa6\u667a\u6167\u9152\u5e97\u8ad6\u58c7\u52a0\u5f37\u696d\u754c\u5408\u4f5c<\/font><\/a><\/td><td align=\"center\" valign=\"top\" width=\"140\"><font size=\"-1\">CO<\/font><\/td><\/tr><tr><td style=\"border-right: 2px dotted black\"><a href=\"http:\/\/www.um.edu.mo\/news-centre\/news-and-events\/news-and-press-releases\/detail\/49461\/\"><font size=\"-1\" color=\"#202020\">Peking University\u2019s former president Lin Jianhua to give talk at UM on education reform next week<\/font><\/a><br \/><a href=\"http:\/\/www.um.edu.mo\/zh-hant\/news-centre\/news-and-events\/news-and-press-releases\/detail\/49461\/\"><font size=\"-1\" color=\"#202020\">\u539f\u5317\u5927\u6821\u9577\u6797\u5efa\u83ef\u4e0b\u5468\u6fb3\u5927\u8ac7\u6559\u80b2\u6539\u9769<\/font><\/a><\/td><td align=\"center\" valign=\"top\" width=\"140\"><font size=\"-1\">CO<\/font><\/td><\/tr><tr><td style=\"border-right: 2px dotted black\"><a href=\"http:\/\/www.um.edu.mo\/news-centre\/news-and-events\/news-and-press-releases\/detail\/49460\/\"><font size=\"-1\" color=\"#202020\">UM becomes first in Macao to win inter-varsity debate competitions in four languages after Portuguese win<\/font><\/a><br \/><a href=\"http:\/\/www.um.edu.mo\/zh-hant\/news-centre\/news-and-events\/news-and-press-releases\/detail\/49460\/\"><font size=\"-1\" color=\"#202020\">\u6fb3\u5927\u8461\u8a9e\u8faf\u8ad6\u8cfd\u596a\u51a0  \u5be6\u73fe\u6fb3\u9580\u9996\u500b\u56db\u8a9e\u5927\u6eff\u8cab<\/font><\/a><\/td><td align=\"center\" valign=\"top\" width=\"140\"><font size=\"-1\">CO<\/font><\/td><\/tr><tr><td style=\"border-right: 2px dotted black\"><a href=\"http:\/\/um2.um.edu.mo\/apps\/com\/bulletin.nsf\/nrsview\/B5D54762C9D3A697482584B7002C7CBD\"><font size=\"-1\" color=\"#202020\">Sports: UM Table Tennis Team won 3 Golds, 1 Silver and 5 Bronzes in &#8220;2019-2020 Macau University Table Tennis Championship&#8221;<\/font><\/a><br \/><a href=\"http:\/\/um2.um.edu.mo\/apps\/com\/bulletin.nsf\/nrsview\/B5D54762C9D3A697482584B7002C7CBD\"><font size=\"-1\" color=\"#202020\">\u9ad4\u80b2\uff1a\u6fb3\u5927\u4e52\u4e53\u7403\u968a\u65bc\u300c2019-2020 \u5168\u6fb3\u5927\u5b78\u751f\u4e52\u4e53\u7403\u9326\u6a19\u8cfd\u300d\u4e2d\u7372\u5f973\u91d11\u92805\u9285<\/font><\/a><\/td><td align=\"center\" valign=\"top\" width=\"140\"><font size=\"-1\">OSA<\/font><\/td><\/tr><tr><td style=\"border-right: 2px dotted black\"><a href=\"http:\/\/um2.um.edu.mo\/apps\/com\/bulletin.nsf\/nrsview\/8CDC0BA45561036B482584B7002B71A1\"><font size=\"-1\" color=\"#202020\">FBA Visiting Scholar Seminar: Managerial Multi-tasking, Team Diversity, and Mutual Fund Performance<\/font><\/a><br \/><a href=\"http:\/\/um2.um.edu.mo\/apps\/com\/bulletin.nsf\/nrsview\/8CDC0BA45561036B482584B7002B71A1\"><font size=\"-1\" color=\"#202020\"><\/font><\/a><\/td><td align=\"center\" valign=\"top\" width=\"140\"><font size=\"-1\">FBA<\/font><\/td><\/tr><tr><td style=\"border-right: 2px dotted black\"><a href=\"http:\/\/um2.um.edu.mo\/apps\/com\/bulletin.nsf\/nrsview\/1106DBFB58BEBF10482584B7003246E5\"><font size=\"-1\" color=\"#202020\">Friendly Reminder: (25 November, 4:30pm, N21-G013) Invitation to University Lecture Series: &#8220;Education Reform for the Future&#8221; by Professor Jianhua Lin, Director of Centre for Future Education Management Research, Peking University and Former President of Peking University[1 Smart Point &amp; 15 CS]<\/font><\/a><br \/><a href=\"http:\/\/um2.um.edu.mo\/apps\/com\/bulletin.nsf\/nrsview\/1106DBFB58BEBF10482584B7003246E5\"><font size=\"-1\" color=\"#202020\">\u63d0\u63d0\u4f60: (11\u670825\u65e5\u4e0b\u53484\u664230\u5206N21-G013) \u8aa0\u9080\u51fa\u5e2d &#8220;\u5927\u5b78\u8b1b\u58c7&#8221;\uff1a \u7531\u5317\u4eac\u5927\u5b78\u672a\u4f86\u6559\u80b2\u7ba1\u7406\u7814\u7a76\u4e2d\u5fc3\u9996\u5275\u4e3b\u4efb\u3001\u539f\u5317\u4eac\u5927\u5b78\u6821\u9577\u6797\u5efa\u83ef\u6559\u6388\u4e3b\u8b1b&#8221;\u56db\u5341\u800c\u4e0d\u60d1&#8211;\u9762\u5411\u672a\u4f86\u7684\u6559\u80b2\u6539\u9769&#8221; [1\u7c92\u81f3\u53fb\u661f\u53ca15\u500bCS]<\/font><\/a><\/td><td align=\"center\" valign=\"top\" width=\"140\"><font size=\"-1\">RTO<\/font><\/td><\/tr><tr><td style=\"border-right: 2px dotted black\"><a href=\"http:\/\/um2.um.edu.mo\/apps\/com\/bulletin.nsf\/nrsview\/DDA3DF1842300EFE482584B6000A6BAA\"><font size=\"-1\" color=\"#202020\">MCM College is delighted to host &#8216;An Audience with Endre Heged\u00fcs&#8217; 11:30 am &#8211; 12:45 pm Friday 29 Nov 2019<\/font><\/a><br \/><a href=\"http:\/\/um2.um.edu.mo\/apps\/com\/bulletin.nsf\/nrsview\/DDA3DF1842300EFE482584B6000A6BAA\"><font size=\"-1\" color=\"#202020\"><\/font><\/a><\/td><td align=\"center\" valign=\"top\" width=\"140\"><font size=\"-1\">MCMC<\/font><\/td><\/tr><tr><td colspan=\"2\" align=\"right\" style=\"border-top: 1px dashed black\"><font size=\"-1\" color=\"#202020\"><a href='https:\/\/www.um.edu.mo\/news-centre\/news-and-events\/news-and-press-releases.html'>More news<\/a> <a href='http:\/\/www.um.edu.mo\/zh-hant\/news-centre\/news-and-events\/news-and-press-releases.html'>\u66f4\u591a\u65b0\u805e<\/a><\/font> \/\n                  <font size=\"-1\" color=\"#202020\"><a href=\"http:\/\/isw.um.edu.mo\/nsp\">Submit news \u767c\u4f48\u65b0\u805e<\/a><\/font><\/td><\/tr><\/table><br \/><table width=\"100%\" border=\"0\" cellpadding=\"5\" cellspacing=\"0\"><tr><th bgcolor=\"#69B3E7\" style=\"border-bottom: 2px dotted black;border-right: 2px dotted black\"><font color=\"black\" size=\"4\">\n                    Internal Notice \u6821\u5167\u901a\u544a\n                    <\/font><\/th><th bgcolor=\"#69B3E7\" width=\"100\" style=\"border-bottom: 2px dotted black\"><font color=\"black\" size=\"4\">Dept. <\/font><font color=\"black\" size=\"3\">\u90e8\u9580<\/font><\/th><\/tr><tr><td style=\"border-right: 2px dotted black\"><a href=\"http:\/\/um2.um.edu.mo\/apps\/com\/bulletin.nsf\/nrsview\/C621632EFA20C500482584B700238A66\"><font size=\"-1\" color=\"#202020\">ShareDM domain migration and upgrade from 22 November, 2019 (Friday) 7:00 p.m. to 24 November, 2019 (Sunday)<\/font><\/a><br \/><a href=\"http:\/\/um2.um.edu.mo\/apps\/com\/bulletin.nsf\/nrsview\/C621632EFA20C500482584B700238A66\"><font size=\"-1\" color=\"#202020\">ShareDM \u57df\u540d\u9077\u79fb\u53ca\u5347\u7d1a\u5c07\u65bc2019\u5e7411\u670822\u65e5(\u661f\u671f\u4e94)\u4e0b\u53487\u6642\u81f311\u670824\u65e5(\u661f\u671f\u65e5)\u671f\u9593\u9032\u884c<\/font><\/a><\/td><td align=\"center\" valign=\"top\" width=\"140\"><font size=\"-1\">ICTO-IMS<\/font><\/td><\/tr><tr><td style=\"border-right: 2px dotted black\"><a href=\"http:\/\/um2.um.edu.mo\/apps\/com\/bulletin.nsf\/nrsview\/51A8C6751317B2D8482584B7001936EB\"><font size=\"-1\" color=\"#202020\">PhD Oral Defense in Faculty of Science and Technology, by Mr. Chuangquan CHEN, on 25 November 2019<\/font><\/a><br \/><a href=\"http:\/\/um2.um.edu.mo\/apps\/com\/bulletin.nsf\/nrsview\/51A8C6751317B2D8482584B7001936EB\"><font size=\"-1\" color=\"#202020\"><\/font><\/a><\/td><td align=\"center\" valign=\"top\" width=\"140\"><font size=\"-1\">FST<\/font><\/td><\/tr><tr><td style=\"border-right: 2px dotted black\"><a href=\"http:\/\/um2.um.edu.mo\/apps\/com\/bulletin.nsf\/nrsview\/B64A5848041148CD482584B20014A28C\"><font size=\"-1\" color=\"#202020\">UM Identity (VII) : Promotional Publications &amp; Info Kit<\/font><\/a><br \/><a href=\"http:\/\/um2.um.edu.mo\/apps\/com\/bulletin.nsf\/nrsview\/B64A5848041148CD482584B20014A28C\"><font size=\"-1\" color=\"#202020\">\u6fb3\u5927\u5f62\u8c61\u6a19\u8b58\u7cfb\u5217 (VII)\uff1a\u5ba3\u50b3\u520a\u7269\u3001\u8cc7\u6599\u593e<\/font><\/a><\/td><td align=\"center\" valign=\"top\" width=\"140\"><font size=\"-1\">CO<\/font><\/td><\/tr><tr><td style=\"border-right: 2px dotted black\"><a href=\"http:\/\/um2.um.edu.mo\/apps\/com\/bulletin.nsf\/nrsview\/71BC2B17E663705F482584B600253552\"><font size=\"-1\" color=\"#202020\">Traffic Diversion: College 5th Lane and part of the Pine-Cypress Street are closed until 2020\/06\/30<\/font><\/a><br \/><a href=\"http:\/\/um2.um.edu.mo\/apps\/com\/bulletin.nsf\/nrsview\/71BC2B17E663705F482584B600253552\"><font size=\"-1\" color=\"#202020\">\u4ea4\u901a\u6539\u9053\uff1a\u66f8\u9662\u4e94\u5f91\u5168\u7dda\u53ca\u677e\u67cf\u8857\u90e8\u4efd\u8def\u6bb5\u73fe\u5df2\u5c01\u9589\u81f32020\u5e746\u670830\u65e5<\/font><\/a><\/td><td align=\"center\" valign=\"top\" width=\"140\"><font size=\"-1\">CMDO-STS<\/font><\/td><\/tr><tr><td colspan=\"2\" align=\"right\" style=\"border-top: 1px dashed black\"><font size=\"-1\" color=\"#202020\"><a href='https:\/\/www.um.edu.mo\/staff\/university-almanac-information\/e-bulletin-board-for-staff.html'>All active notices<\/a> <a href='http:\/\/www.um.edu.mo\/zh-hant\/staff\/university-almanac-information\/e-bulletin-board-for-staff.html'>\u6240\u6709\u5167\u90e8\u901a\u544a<\/a><\/font><\/td><\/tr><\/table><br \/><table width=\"100%\" border=\"0\" cellpadding=\"5\" cellspacing=\"0\"><tr><th bgcolor=\"#69B3E7\" style=\"border-bottom: 2px dotted black;border-right: 2px dotted black\"><font color=\"black\" size=\"4\">\n                    Student Notice \u5b78\u751f\u901a\u544a\n                    <\/font><\/th><th bgcolor=\"#69B3E7\" width=\"100\" style=\"border-bottom: 2px dotted black\"><font color=\"black\" size=\"4\">Dept. <\/font><font color=\"black\" size=\"3\">\u90e8\u9580<\/font><\/th><\/tr><tr><td style=\"border-right: 2px dotted black\"><a href=\"http:\/\/um2.um.edu.mo\/apps\/com\/bulletin.nsf\/nrsview\/81A8A42BB1CB97FB482584B70034D1DC\"><font size=\"-1\" color=\"#202020\">\u6fb3\u9580\u7814\u7a76\u4e2d\u5fc3\u62db\u8058\u96fb\u8a71\u554f\u5377\u8abf\u67e5\u54e1<\/font><\/a><br \/><a href=\"http:\/\/um2.um.edu.mo\/apps\/com\/bulletin.nsf\/nrsview\/81A8A42BB1CB97FB482584B70034D1DC\"><font size=\"-1\" color=\"#202020\"><\/font><\/a><\/td><td align=\"center\" valign=\"top\" width=\"140\"><font size=\"-1\">CMS<\/font><\/td><\/tr><tr><td style=\"border-right: 2px dotted black\"><a href=\"http:\/\/um2.um.edu.mo\/apps\/com\/bulletin.nsf\/nrsview\/25B32169F311354C482584B70031D136\"><font size=\"-1\" color=\"#202020\">External Activity: Premiere of Local Movie &#8220;Nobody Nose&#8221; (Deadline for Registration: 12n.n. on 22 Nov)<\/font><\/a><br \/><a href=\"http:\/\/um2.um.edu.mo\/apps\/com\/bulletin.nsf\/nrsview\/25B32169F311354C482584B70031D136\"><font size=\"-1\" color=\"#202020\">\u6821\u5916\u6d3b\u52d5: \u6fb3\u9580\u96fb\u5f71\u300a\u8ff7\u5c40\u4f0f\u9999\u300b\u767c\u4f48\u6703\u66a8\u9996\u6620\u79ae(\u622a\u6b62\u5831\u540d\u65e5\u671f:11\u670822\u65e5, \u4e2d\u534812\u6642 )<\/font><\/a><\/td><td align=\"center\" valign=\"top\" width=\"140\"><font size=\"-1\">sao@umac.mo<\/font><\/td><\/tr><tr><td style=\"border-right: 2px dotted black\"><a href=\"http:\/\/um2.um.edu.mo\/apps\/com\/bulletin.nsf\/nrsview\/A093484B9B219E29482584B7002E904C\"><font size=\"-1\" color=\"#202020\">Student Development Workshop Series: Media Training 2019 by Dr. Chan Wing Li (3 Dec, E31-1002, 9:30-17:30)<\/font><\/a><br \/><a href=\"http:\/\/um2.um.edu.mo\/apps\/com\/bulletin.nsf\/nrsview\/A093484B9B219E29482584B7002E904C\"><font size=\"-1\" color=\"#202020\">\u5b78\u751f\u767c\u5c55\u5de5\u4f5c\u574a\u7cfb\u5217\uff1a\u5b78\u751f\u50b3\u5a92\u6280\u5de7\u57f9\u8a13 2019 , \u4e3b\u8b1b\uff1a\u674e\u71e6\u69ae\u535a\u58eb (12\u67083\u65e5, E31-1002, 9:30 &#8211; 17:30)<\/font><\/a><\/td><td align=\"center\" valign=\"top\" width=\"140\"><font size=\"-1\">SAO-SDS<\/font><\/td><\/tr><tr><td style=\"border-right: 2px dotted black\"><a href=\"http:\/\/um2.um.edu.mo\/apps\/com\/bulletin.nsf\/nrsview\/59FA2264BF9B4C61482584B7002CA0C9\"><font size=\"-1\" color=\"#202020\">[Career Development Centre of Student Affairs Office] Further Study Insider (7): How Graduate School Officials Evaluate International Applicants<\/font><\/a><br \/><a href=\"http:\/\/um2.um.edu.mo\/apps\/com\/bulletin.nsf\/nrsview\/59FA2264BF9B4C61482584B7002CA0C9\"><font size=\"-1\" color=\"#202020\">[\u5b78\u751f\u4e8b\u52d9\u90e8 \u751f\u6daf\u767c\u5c55\u4e2d\u5fc3] \u5347\u5b78\u60c5\u5831\uff08\u4e03\uff09\uff1a\u7814\u7a76\u751f\u9662\u5982\u4f55\u8a55\u4f30\u6d77\u5916\u7533\u8acb\u8005<\/font><\/a><\/td><td align=\"center\" valign=\"top\" width=\"140\"><font size=\"-1\">SAO-SCS-CDC<\/font><\/td><\/tr><tr><td style=\"border-right: 2px dotted black\"><a href=\"http:\/\/um2.um.edu.mo\/apps\/com\/bulletin.nsf\/nrsview\/579B0F4524F3163D482584B7002AEDE5\"><font size=\"-1\" color=\"#202020\">News Express: Peking University\u2019s former president Lin Jianhua to give talk at UM on education reform next week<\/font><\/a><br \/><a href=\"http:\/\/um2.um.edu.mo\/apps\/com\/bulletin.nsf\/nrsview\/579B0F4524F3163D482584B7002AEDE5\"><font size=\"-1\" color=\"#202020\">\u65b0\u805e\u5feb\u8a0a\uff1a\u539f\u5317\u5927\u6821\u9577\u6797\u5efa\u83ef\u4e0b\u5468\u6fb3\u5927\u8ac7\u6559\u80b2\u6539\u9769<\/font><\/a><\/td><td align=\"center\" valign=\"top\" width=\"140\"><font size=\"-1\">CO-PRS<\/font><\/td><\/tr><tr><td style=\"border-right: 2px dotted black\"><a href=\"http:\/\/um2.um.edu.mo\/apps\/com\/bulletin.nsf\/nrsview\/F49C7303FD3ADDB6482584B7002401AC\"><font size=\"-1\" color=\"#202020\">News Express: UM becomes first in Macao to win inter-varsity debate competitions in four languages after Portuguese win<\/font><\/a><br \/><a href=\"http:\/\/um2.um.edu.mo\/apps\/com\/bulletin.nsf\/nrsview\/F49C7303FD3ADDB6482584B7002401AC\"><font size=\"-1\" color=\"#202020\">\u65b0\u805e\u5feb\u8a0a\uff1a\u6fb3\u5927\u8461\u8a9e\u8faf\u8ad6\u8cfd\u596a\u51a0    \u5be6\u73fe\u6fb3\u9580\u9996\u500b\u56db\u8a9e\u5927\u6eff\u8cab<\/font><\/a><\/td><td align=\"center\" valign=\"top\" width=\"140\"><font size=\"-1\">CO-PRS<\/font><\/td><\/tr><tr><td style=\"border-right: 2px dotted black\"><a href=\"http:\/\/um2.um.edu.mo\/apps\/com\/bulletin.nsf\/nrsview\/DFC051F22DCCC08E482584B7000B0F9C\"><font size=\"-1\" color=\"#202020\">Morning Express: UM Today \u300a\u4eca\u65e5\u6fb3\u5927\u300b, 19\/11\/2019<\/font><\/a><br \/><a href=\"http:\/\/um2.um.edu.mo\/apps\/com\/bulletin.nsf\/nrsview\/DFC051F22DCCC08E482584B7000B0F9C\"><font size=\"-1\" color=\"#202020\"><\/font><\/a><\/td><td align=\"center\" valign=\"top\" width=\"140\"><font size=\"-1\">CO<\/font><\/td><\/tr><tr><td colspan=\"2\" align=\"right\" style=\"border-top: 1px dashed black\"><font size=\"-1\" color=\"#202020\"><a href='https:\/\/www.um.edu.mo\/students\/university-almanac-information\/e-bulletin-for-students.html'>All active student notice<\/a> <a href='http:\/\/www.um.edu.mo\/zh-hant\/student\/university-almanac-information\/e-bulletin-for-students.html'>\u6240\u6709\u5b78\u751f\u901a\u544a<\/a><\/font><\/td><\/tr><\/table><br \/><font size=\"-1\">\n          <table width=\"100%\" cellspacing=\"0\" cellpadding=\"5\">\n<tbody>\n<tr>\n<td width=\"33%\"><font size=\"-1\"><a href=\"https:\/\/isw.um.edu.mo\/umresource\/\">Banner Booking \u501f\u7528\u6a6b\u984d<\/a><\/font><\/td>\n<td width=\"33%\"><font size=\"-1\"><a href=\"https:\/\/isw.um.edu.mo\/nsp\">Add News and Events \u4e0a\u8f09\u65b0\u805e\u53ca\u6d3b\u52d5<\/a><\/font><\/td>\n<td width=\"33%\"><font size=\"-1\"><a href=\"https:\/\/fmm.cmdo.um.edu.mo\/wp-content\/uploads\/2016\/12\/unclaimed-mail-2018-9.pdf\">List for Undeliverable Mail \u5f85\u9818\u90f5\u4ef6\u8868<\/a><\/font><\/td><\/tr>\n<tr>\n<td><font size=\"-1\"><a href=\"https:\/\/isw.um.edu.mo\/umresource\/\">Equipment Booking \u501f\u7528\u7269\u54c1<\/a><\/font><\/td>\n<td><a href=\"https:\/\/isw.um.edu.mo\/eleave\/\"><font size=\"-1\">Leave Application System \u4f11\u5047\u7533\u8acb<\/font><\/a><\/td>\n<td><a href=\"https:\/\/um2.um.edu.mo\/apps\/com\/umlostfound.nsf\/eng\"><font size=\"-1\">Lost and Found \u5931\u7269\u8a8d\u9818<\/font><\/a><\/td><\/tr>\n<tr>\n<td><a href=\"https:\/\/isw.um.edu.mo\/cdweb\/\"><font size=\"-1\">Sports Facilities Booking \u9ad4\u80b2\u8a2d\u65bd\u9810\u7d04<\/font><\/a><\/td>\n<td><font size=\"-1\"><a href=\"https:\/\/isw.um.edu.mo\/umresource\/\">Venue Booking \u501f\u7528\u5834\u5730<\/a><\/font><\/td>\n<td><font size=\"-1\"><a href=\"https:\/\/reg.um.edu.mo\/admission\/generalinfo\/university-almanac\/\">University Almanac&nbsp;\u6821\u66c6<\/a><\/font><\/td><\/tr>\n<tr>\n<td><br \/><\/td><td><font size=\"-1\"><\/font><\/td><\/tr><\/tbody><\/table>\n<p><span style=\"font-family: Times New Roman,Times,serif;font-style: italic\">&quot;UM Today\u201d<\/span><span style=\"font-family: Times New Roman,Times,serif\"> is a daily internal e-newsletter released by the Communications Office, which aims to provide UM members with the up-to-date information about events, seminars, news, internal notices and student activities.<\/span>To review the previous issues of <i>UM Today<\/i>, please access the <a href=\"https:\/\/www.um.edu.mo\/staff\/university-almanac-information\/um-today.html\"><i>UM Today<\/i> Database<\/a>. Should you have any enquiries about <i>UM Today<\/i>, please feel free to contact the Communications Office at&nbsp;88224012 or <a href=\"mailto:co@um.edu.mo\">co@um.edu.mo. <br \/><\/a><\/p>\n<p><span style=\"font-family: Times New Roman,Times,serif\">\u300a\u4eca\u65e5\u6fb3\u5927\u300b\u662f\u7531\u50b3\u8a0a\u90e8\u767c\u4f48\u7684\u6821\u5167\u96fb\u5b50\u901a\u8a0a\uff0c\u65e8\u5728\u70ba\u6fb3\u5927\u4eba\u63d0\u4f9b\u662f\u65e5\u6700\u65b0\u6d3b\u52d5\u3001\u7814\u8a0e\u6703\u3001\u65b0\u805e\u3001\u5167\u90e8\u901a\u8a0a\u53ca\u5b78\u751f\u6d3b\u52d5\u7b49\u8cc7\u8a0a\u3002<\/span>\u5982\u6b32\u700f\u89bd\u5df2\u51fa\u7248\u7684\u300a\u4eca\u65e5\u6fb3\u5927\u300b\uff0c\u8acb\u767b\u5165\u300a\u4eca\u65e5\u6fb3\u5927\u300b<a href=\"https:\/\/www.um.edu.mo\/zh-hant\/staff\/university-almanac-information\/um-today.html\">\u8cc7\u6599\u5eab<\/a>\u3002\u5982\u5c0d\u300a\u4eca\u65e5\u6fb3\u5927\u300b\u6709\u4efb\u4f55\u67e5\u8a62\uff0c\u8acb\u81f4\u96fb88224012\u6216\u96fb\u90f5\u81f3<a href=\"mailto:co@um.edu.mo\">co@um.edu.mo<\/a>\u806f\u7d61\u50b3\u8a0a\u90e8\u3002<\/p>\n          <p>First Released time \u9996\u6b21\u767c\u4f48\u6642\u9593: 20\/11\/2019 09:00<\/p><\/font><\/td><\/tr><\/table>\n                    \n                ","protected":false},"excerpt":{"rendered":"<p>Web version \u7db2\u9801\u7248 \u60f3\u77e5\u9053\u66f4\u591a\u7cbe\u5f69\u8cc7\u8a0a\uff0c\u8acb\u700f\u89bd\u6fb3\u5927\u5fae\u4fe1\u53ca\u81c9\u66f8\u3002For more information, please follow us on WeChat or Facebook. Time \u6642\u9593 Today\u2019s Events \u4eca\u65e5\u6d3b\u52d5 Venue \u5730\u9ede 10:00 FAH-DCLL Academic Seminar: \u201cSemantic Research and Dictionary Definitions\u201d by&#8230;<\/p>\n","protected":false},"author":1,"featured_media":0,"comment_status":"closed","ping_status":"open","sticky":false,"template":"single-umtoday.php","format":"standard","meta":{"_acf_changed":false,"footnotes":""},"categories":[84],"tags":[],"class_list":["post-161618","post","type-post","status-publish","format-standard","hentry","category-um-today"],"acf":[],"yoast_head":"<!-- This site is optimized with the Yoast SEO plugin v24.5 - https:\/\/yoast.com\/wordpress\/plugins\/seo\/ -->\n<title>2019-11-20 | Universidade de Macau<\/title>\n<meta name=\"description\" content=\"Universidade de Macau: Uma universidade abrangente p\u00fablica de n\u00edvel internacional fundada em 1981\" \/>\n<meta name=\"robots\" content=\"index, follow, max-snippet:-1, max-image-preview:large, max-video-preview:-1\" \/>\n<link rel=\"canonical\" href=\"https:\/\/www.um.edu.mo\/pt-pt\/um-today\/detail\/20191120\/\" \/>\n<meta property=\"og:locale\" content=\"pt_PT\" \/>\n<meta property=\"og:type\" content=\"article\" \/>\n<meta property=\"og:title\" content=\"2019-11-20 | Universidade de Macau\" \/>\n<meta property=\"og:description\" content=\"Universidade de Macau: Uma universidade abrangente p\u00fablica de n\u00edvel internacional fundada em 1981\" \/>\n<meta property=\"og:url\" content=\"https:\/\/www.um.edu.mo\/pt-pt\/um-today\/detail\/20191120\/\" \/>\n<meta property=\"og:site_name\" content=\"Universidade de Macau\" \/>\n<meta property=\"article:publisher\" content=\"https:\/\/www.facebook.com\/universityofmacau\" \/>\n<meta property=\"article:published_time\" content=\"2019-11-19T19:31:41+00:00\" \/>\n<meta property=\"og:image\" content=\"https:\/\/co.um.edu.mo\/wp-content\/uploads\/2019\/09\/um_today_banner.jpg\" \/>\n<meta name=\"author\" content=\"web_admin\" \/>\n<meta name=\"twitter:card\" content=\"summary_large_image\" \/>\n<meta name=\"twitter:creator\" content=\"@UM_1981\" \/>\n<meta name=\"twitter:site\" content=\"@UM_1981\" \/>\n<meta name=\"twitter:label1\" content=\"Escrito por\" \/>\n\t<meta name=\"twitter:data1\" content=\"web_admin\" \/>\n\t<meta name=\"twitter:label2\" content=\"Tempo estimado de leitura\" \/>\n\t<meta name=\"twitter:data2\" content=\"3 minutos\" \/>\n<script type=\"application\/ld+json\" class=\"yoast-schema-graph\">{\"@context\":\"https:\/\/schema.org\",\"@graph\":[{\"@type\":\"Article\",\"@id\":\"https:\/\/www.um.edu.mo\/pt-pt\/um-today\/detail\/20191120\/#article\",\"isPartOf\":{\"@id\":\"https:\/\/www.um.edu.mo\/pt-pt\/um-today\/detail\/20191120\/\"},\"author\":{\"name\":\"web_admin\",\"@id\":\"https:\/\/www.um.edu.mo\/pt-pt\/#\/schema\/person\/bfdcd3a75d1b778a93663e5dee2e33bb\"},\"headline\":\"2019-11-20\",\"datePublished\":\"2019-11-19T19:31:41+00:00\",\"mainEntityOfPage\":{\"@id\":\"https:\/\/www.um.edu.mo\/pt-pt\/um-today\/detail\/20191120\/\"},\"wordCount\":599,\"publisher\":{\"@id\":\"https:\/\/www.um.edu.mo\/pt-pt\/#organization\"},\"image\":{\"@id\":\"https:\/\/www.um.edu.mo\/pt-pt\/um-today\/detail\/20191120\/#primaryimage\"},\"thumbnailUrl\":\"https:\/\/co.um.edu.mo\/wp-content\/uploads\/2019\/09\/um_today_banner.jpg\",\"articleSection\":[\"UM Today\"],\"inLanguage\":\"pt-PT\"},{\"@type\":\"WebPage\",\"@id\":\"https:\/\/www.um.edu.mo\/pt-pt\/um-today\/detail\/20191120\/\",\"url\":\"https:\/\/www.um.edu.mo\/pt-pt\/um-today\/detail\/20191120\/\",\"name\":\"2019-11-20 | Universidade de Macau\",\"isPartOf\":{\"@id\":\"https:\/\/www.um.edu.mo\/pt-pt\/#website\"},\"primaryImageOfPage\":{\"@id\":\"https:\/\/www.um.edu.mo\/pt-pt\/um-today\/detail\/20191120\/#primaryimage\"},\"image\":{\"@id\":\"https:\/\/www.um.edu.mo\/pt-pt\/um-today\/detail\/20191120\/#primaryimage\"},\"thumbnailUrl\":\"https:\/\/co.um.edu.mo\/wp-content\/uploads\/2019\/09\/um_today_banner.jpg\",\"datePublished\":\"2019-11-19T19:31:41+00:00\",\"description\":\"Universidade de Macau: Uma universidade abrangente p\u00fablica de n\u00edvel internacional fundada em 1981\",\"breadcrumb\":{\"@id\":\"https:\/\/www.um.edu.mo\/pt-pt\/um-today\/detail\/20191120\/#breadcrumb\"},\"inLanguage\":\"pt-PT\",\"potentialAction\":[{\"@type\":\"ReadAction\",\"target\":[\"https:\/\/www.um.edu.mo\/pt-pt\/um-today\/detail\/20191120\/\"]}]},{\"@type\":\"ImageObject\",\"inLanguage\":\"pt-PT\",\"@id\":\"https:\/\/www.um.edu.mo\/pt-pt\/um-today\/detail\/20191120\/#primaryimage\",\"url\":\"https:\/\/co.um.edu.mo\/wp-content\/uploads\/2019\/09\/um_today_banner.jpg\",\"contentUrl\":\"https:\/\/co.um.edu.mo\/wp-content\/uploads\/2019\/09\/um_today_banner.jpg\"},{\"@type\":\"BreadcrumbList\",\"@id\":\"https:\/\/www.um.edu.mo\/pt-pt\/um-today\/detail\/20191120\/#breadcrumb\",\"itemListElement\":[{\"@type\":\"ListItem\",\"position\":1,\"name\":\"P\u00e1gina inicial\",\"item\":\"https:\/\/www.um.edu.mo\/pt-pt\/\"},{\"@type\":\"ListItem\",\"position\":2,\"name\":\"UM Today\",\"item\":\"https:\/\/www.um.edu.mo\/pt-pt\/category\/um-today\/\"},{\"@type\":\"ListItem\",\"position\":3,\"name\":\"2019-11-20\"}]},{\"@type\":\"WebSite\",\"@id\":\"https:\/\/www.um.edu.mo\/pt-pt\/#website\",\"url\":\"https:\/\/www.um.edu.mo\/pt-pt\/\",\"name\":\"Universidade de Macau\",\"description\":\"\",\"publisher\":{\"@id\":\"https:\/\/www.um.edu.mo\/pt-pt\/#organization\"},\"potentialAction\":[{\"@type\":\"SearchAction\",\"target\":{\"@type\":\"EntryPoint\",\"urlTemplate\":\"https:\/\/www.um.edu.mo\/pt-pt\/?s={search_term_string}\"},\"query-input\":{\"@type\":\"PropertyValueSpecification\",\"valueRequired\":true,\"valueName\":\"search_term_string\"}}],\"inLanguage\":\"pt-PT\"},{\"@type\":\"Organization\",\"@id\":\"https:\/\/www.um.edu.mo\/pt-pt\/#organization\",\"name\":\"University of Macau\",\"url\":\"https:\/\/www.um.edu.mo\/pt-pt\/\",\"logo\":{\"@type\":\"ImageObject\",\"inLanguage\":\"pt-PT\",\"@id\":\"https:\/\/www.um.edu.mo\/pt-pt\/#\/schema\/logo\/image\/\",\"url\":\"https:\/\/www.um.edu.mo\/wp-content\/uploads\/2020\/09\/UM-Logo_V-Black.png\",\"contentUrl\":\"https:\/\/www.um.edu.mo\/wp-content\/uploads\/2020\/09\/UM-Logo_V-Black.png\",\"width\":3508,\"height\":2785,\"caption\":\"University of Macau\"},\"image\":{\"@id\":\"https:\/\/www.um.edu.mo\/pt-pt\/#\/schema\/logo\/image\/\"},\"sameAs\":[\"https:\/\/www.facebook.com\/universityofmacau\",\"https:\/\/x.com\/UM_1981\"]},{\"@type\":\"Person\",\"@id\":\"https:\/\/www.um.edu.mo\/pt-pt\/#\/schema\/person\/bfdcd3a75d1b778a93663e5dee2e33bb\",\"name\":\"web_admin\",\"image\":{\"@type\":\"ImageObject\",\"inLanguage\":\"pt-PT\",\"@id\":\"https:\/\/www.um.edu.mo\/pt-pt\/#\/schema\/person\/image\/\",\"url\":\"https:\/\/secure.gravatar.com\/avatar\/e230ccd9ba8eb5ce94ecf306e4a35399?s=96&d=mm&r=g\",\"contentUrl\":\"https:\/\/secure.gravatar.com\/avatar\/e230ccd9ba8eb5ce94ecf306e4a35399?s=96&d=mm&r=g\",\"caption\":\"web_admin\"}}]}<\/script>\n<!-- \/ Yoast SEO plugin. -->","yoast_head_json":{"title":"2019-11-20 | Universidade de Macau","description":"Universidade de Macau: Uma universidade abrangente p\u00fablica de n\u00edvel internacional fundada em 1981","robots":{"index":"index","follow":"follow","max-snippet":"max-snippet:-1","max-image-preview":"max-image-preview:large","max-video-preview":"max-video-preview:-1"},"canonical":"https:\/\/www.um.edu.mo\/pt-pt\/um-today\/detail\/20191120\/","og_locale":"pt_PT","og_type":"article","og_title":"2019-11-20 | Universidade de Macau","og_description":"Universidade de Macau: Uma universidade abrangente p\u00fablica de n\u00edvel internacional fundada em 1981","og_url":"https:\/\/www.um.edu.mo\/pt-pt\/um-today\/detail\/20191120\/","og_site_name":"Universidade de Macau","article_publisher":"https:\/\/www.facebook.com\/universityofmacau","article_published_time":"2019-11-19T19:31:41+00:00","og_image":[{"url":"https:\/\/co.um.edu.mo\/wp-content\/uploads\/2019\/09\/um_today_banner.jpg","type":"","width":"","height":""}],"author":"web_admin","twitter_card":"summary_large_image","twitter_creator":"@UM_1981","twitter_site":"@UM_1981","twitter_misc":{"Escrito por":"web_admin","Tempo estimado de leitura":"3 minutos"},"schema":{"@context":"https:\/\/schema.org","@graph":[{"@type":"Article","@id":"https:\/\/www.um.edu.mo\/pt-pt\/um-today\/detail\/20191120\/#article","isPartOf":{"@id":"https:\/\/www.um.edu.mo\/pt-pt\/um-today\/detail\/20191120\/"},"author":{"name":"web_admin","@id":"https:\/\/www.um.edu.mo\/pt-pt\/#\/schema\/person\/bfdcd3a75d1b778a93663e5dee2e33bb"},"headline":"2019-11-20","datePublished":"2019-11-19T19:31:41+00:00","mainEntityOfPage":{"@id":"https:\/\/www.um.edu.mo\/pt-pt\/um-today\/detail\/20191120\/"},"wordCount":599,"publisher":{"@id":"https:\/\/www.um.edu.mo\/pt-pt\/#organization"},"image":{"@id":"https:\/\/www.um.edu.mo\/pt-pt\/um-today\/detail\/20191120\/#primaryimage"},"thumbnailUrl":"https:\/\/co.um.edu.mo\/wp-content\/uploads\/2019\/09\/um_today_banner.jpg","articleSection":["UM Today"],"inLanguage":"pt-PT"},{"@type":"WebPage","@id":"https:\/\/www.um.edu.mo\/pt-pt\/um-today\/detail\/20191120\/","url":"https:\/\/www.um.edu.mo\/pt-pt\/um-today\/detail\/20191120\/","name":"2019-11-20 | Universidade de Macau","isPartOf":{"@id":"https:\/\/www.um.edu.mo\/pt-pt\/#website"},"primaryImageOfPage":{"@id":"https:\/\/www.um.edu.mo\/pt-pt\/um-today\/detail\/20191120\/#primaryimage"},"image":{"@id":"https:\/\/www.um.edu.mo\/pt-pt\/um-today\/detail\/20191120\/#primaryimage"},"thumbnailUrl":"https:\/\/co.um.edu.mo\/wp-content\/uploads\/2019\/09\/um_today_banner.jpg","datePublished":"2019-11-19T19:31:41+00:00","description":"Universidade de Macau: Uma universidade abrangente p\u00fablica de n\u00edvel internacional fundada em 1981","breadcrumb":{"@id":"https:\/\/www.um.edu.mo\/pt-pt\/um-today\/detail\/20191120\/#breadcrumb"},"inLanguage":"pt-PT","potentialAction":[{"@type":"ReadAction","target":["https:\/\/www.um.edu.mo\/pt-pt\/um-today\/detail\/20191120\/"]}]},{"@type":"ImageObject","inLanguage":"pt-PT","@id":"https:\/\/www.um.edu.mo\/pt-pt\/um-today\/detail\/20191120\/#primaryimage","url":"https:\/\/co.um.edu.mo\/wp-content\/uploads\/2019\/09\/um_today_banner.jpg","contentUrl":"https:\/\/co.um.edu.mo\/wp-content\/uploads\/2019\/09\/um_today_banner.jpg"},{"@type":"BreadcrumbList","@id":"https:\/\/www.um.edu.mo\/pt-pt\/um-today\/detail\/20191120\/#breadcrumb","itemListElement":[{"@type":"ListItem","position":1,"name":"P\u00e1gina inicial","item":"https:\/\/www.um.edu.mo\/pt-pt\/"},{"@type":"ListItem","position":2,"name":"UM Today","item":"https:\/\/www.um.edu.mo\/pt-pt\/category\/um-today\/"},{"@type":"ListItem","position":3,"name":"2019-11-20"}]},{"@type":"WebSite","@id":"https:\/\/www.um.edu.mo\/pt-pt\/#website","url":"https:\/\/www.um.edu.mo\/pt-pt\/","name":"Universidade de Macau","description":"","publisher":{"@id":"https:\/\/www.um.edu.mo\/pt-pt\/#organization"},"potentialAction":[{"@type":"SearchAction","target":{"@type":"EntryPoint","urlTemplate":"https:\/\/www.um.edu.mo\/pt-pt\/?s={search_term_string}"},"query-input":{"@type":"PropertyValueSpecification","valueRequired":true,"valueName":"search_term_string"}}],"inLanguage":"pt-PT"},{"@type":"Organization","@id":"https:\/\/www.um.edu.mo\/pt-pt\/#organization","name":"University of Macau","url":"https:\/\/www.um.edu.mo\/pt-pt\/","logo":{"@type":"ImageObject","inLanguage":"pt-PT","@id":"https:\/\/www.um.edu.mo\/pt-pt\/#\/schema\/logo\/image\/","url":"https:\/\/www.um.edu.mo\/wp-content\/uploads\/2020\/09\/UM-Logo_V-Black.png","contentUrl":"https:\/\/www.um.edu.mo\/wp-content\/uploads\/2020\/09\/UM-Logo_V-Black.png","width":3508,"height":2785,"caption":"University of Macau"},"image":{"@id":"https:\/\/www.um.edu.mo\/pt-pt\/#\/schema\/logo\/image\/"},"sameAs":["https:\/\/www.facebook.com\/universityofmacau","https:\/\/x.com\/UM_1981"]},{"@type":"Person","@id":"https:\/\/www.um.edu.mo\/pt-pt\/#\/schema\/person\/bfdcd3a75d1b778a93663e5dee2e33bb","name":"web_admin","image":{"@type":"ImageObject","inLanguage":"pt-PT","@id":"https:\/\/www.um.edu.mo\/pt-pt\/#\/schema\/person\/image\/","url":"https:\/\/secure.gravatar.com\/avatar\/e230ccd9ba8eb5ce94ecf306e4a35399?s=96&d=mm&r=g","contentUrl":"https:\/\/secure.gravatar.com\/avatar\/e230ccd9ba8eb5ce94ecf306e4a35399?s=96&d=mm&r=g","caption":"web_admin"}}]}},"_links":{"self":[{"href":"https:\/\/www.um.edu.mo\/pt-pt\/wp-json\/wp\/v2\/posts\/161618","targetHints":{"allow":["GET"]}}],"collection":[{"href":"https:\/\/www.um.edu.mo\/pt-pt\/wp-json\/wp\/v2\/posts"}],"about":[{"href":"https:\/\/www.um.edu.mo\/pt-pt\/wp-json\/wp\/v2\/types\/post"}],"author":[{"embeddable":true,"href":"https:\/\/www.um.edu.mo\/pt-pt\/wp-json\/wp\/v2\/users\/1"}],"replies":[{"embeddable":true,"href":"https:\/\/www.um.edu.mo\/pt-pt\/wp-json\/wp\/v2\/comments?post=161618"}],"version-history":[{"count":0,"href":"https:\/\/www.um.edu.mo\/pt-pt\/wp-json\/wp\/v2\/posts\/161618\/revisions"}],"wp:attachment":[{"href":"https:\/\/www.um.edu.mo\/pt-pt\/wp-json\/wp\/v2\/media?parent=161618"}],"wp:term":[{"taxonomy":"category","embeddable":true,"href":"https:\/\/www.um.edu.mo\/pt-pt\/wp-json\/wp\/v2\/categories?post=161618"},{"taxonomy":"post_tag","embeddable":true,"href":"https:\/\/www.um.edu.mo\/pt-pt\/wp-json\/wp\/v2\/tags?post=161618"}],"curies":[{"name":"wp","href":"https:\/\/api.w.org\/{rel}","templated":true}]}}